{"id":1041,"date":"2009-10-20T00:32:15","date_gmt":"2009-10-19T22:32:15","guid":{"rendered":"http:\/\/minval.org\/svm\/?p=1041"},"modified":"2009-10-20T00:32:15","modified_gmt":"2009-10-19T22:32:15","slug":"ramon-adan-de-yarza","status":"publish","type":"post","link":"http:\/\/minval.org\/svm\/?p=1041","title":{"rendered":"Ram\u00f3n Ad\u00e1n de Yarza"},"content":{"rendered":"<p><!--:es--><\/p>\n<table border=\"0\" width=\"650\">\n<tbody>\n<tr>\n<td style=\"width: 150px;\">\u00a0\t<div class=\"ngg-gallery-singlepic-image ngg-center\" style=\"max-width: 100px\">\n\t\t\t\t<a href=\"http:\/\/minval.org\/svm\/wp-content\/gallery\/calvo-rebollar-miguel\/id252.jpg\"\n\t\t\ttitle=\"\"\n\t\t\tdata-src=\"http:\/\/minval.org\/svm\/wp-content\/gallery\/calvo-rebollar-miguel\/id252.jpg\"\n\t\t\tdata-thumbnail=\"http:\/\/minval.org\/svm\/wp-content\/gallery\/calvo-rebollar-miguel\/thumbs\/thumbs_id252.jpg\"\n\t\t\tdata-image-id=\"431\"\n\t\t\tdata-title=\"id252\"\n\t\t\tdata-description=\"\"\n\t\t\ttarget='_self'\n\t\t\tclass=\"ngg-simplelightbox\" rel=\"25e9513644d454d2a0e0136f7c4b35d1\">\n\t\t\t<img class=\"ngg-singlepic\"\n\t\t\t\tsrc=\"http:\/\/minval.org\/svm\/wp-content\/gallery\/calvo-rebollar-miguel\/cache\/id252.jpg-nggid03431-ngg0dyn-100x0x100-00f0w010c010r110f110r010t010.jpg\"\n\t\t\t\talt=\"id252\"\n\t\t\t\ttitle=\"id252\"\n\t\t\t\t\t\t\t\t\twidth=\"100\" \t\t\t\t\t\t\t\/>\n\t\t<\/a>\n\t\t\t<\/div>\n\t\t<\/td>\n<td>\n<h3>Descripci\u00f3n f\u00edsica y geol\u00f3gica de la provincia de Guip\u00fazcoa<\/h3>\n<address>Ad\u00e1n de Yarza, Ram\u00f3n .<\/address>\n<address>[S.l.] : [s.n.], 1884<\/address>\n<address>175., 7 h. de l\u00e1m., 4 h. pleg. de mapas 27 cm\u00a0<\/address>\n<address>\n<address>Memorias de la Comisi\u00f3n del Mapa Geol\u00f3gico de Espa\u00f1a\u00a0<\/address>\n<\/address>\n<\/td>\n<\/tr>\n<tr>\n<td colspan=\"2\">\n<address style=\"TEXT-ALIGN: center\">La obra puede descargarse en la\u00a0<a href=\"http:\/\/bibliotecadigitalhispanica.bne.es:80\/webclient\/DeliveryManager?application=DIGITOOL-3&amp;owner=resourcediscovery&amp;custom_att_2=simple_viewer&amp;pid=1703454\" target=\"_blank\" rel=\"noopener noreferrer\">Biblioteca Digital Hisp\u00e1nica<\/a><\/address>\n<address style=\"TEXT-ALIGN: center\">\u00a0<\/address>\n<\/td>\n<\/tr>\n<tr>\n<td>\u00a0\t<div class=\"ngg-gallery-singlepic-image ngg-center\" style=\"max-width: 100px\">\n\t\t\t\t<a href=\"http:\/\/minval.org\/svm\/wp-content\/gallery\/calvo-rebollar-miguel\/id161.jpg\"\n\t\t\ttitle=\"\"\n\t\t\tdata-src=\"http:\/\/minval.org\/svm\/wp-content\/gallery\/calvo-rebollar-miguel\/id161.jpg\"\n\t\t\tdata-thumbnail=\"http:\/\/minval.org\/svm\/wp-content\/gallery\/calvo-rebollar-miguel\/thumbs\/thumbs_id161.jpg\"\n\t\t\tdata-image-id=\"331\"\n\t\t\tdata-title=\"id161\"\n\t\t\tdata-description=\"\"\n\t\t\ttarget='_self'\n\t\t\tclass=\"ngg-simplelightbox\" rel=\"6ebf341e2574416efaa9508d134a0f55\">\n\t\t\t<img class=\"ngg-singlepic\"\n\t\t\t\tsrc=\"http:\/\/minval.org\/svm\/wp-content\/gallery\/calvo-rebollar-miguel\/cache\/id161.jpg-nggid03331-ngg0dyn-100x0x100-00f0w010c010r110f110r010t010.jpg\"\n\t\t\t\talt=\"id161\"\n\t\t\t\ttitle=\"id161\"\n\t\t\t\t\t\t\t\t\twidth=\"100\" \t\t\t\t\t\t\t\/>\n\t\t<\/a>\n\t\t\t<\/div>\n\t\t<\/td>\n<td>\n<h3>Descripci\u00f3n f\u00edsica y geol\u00f3gica de la provincia de \u00c1lava<\/h3>\n<address>Ad\u00e1n de Yarza, Ram\u00f3n<\/address>\n<address>[S.l.] : [s.n.], 1885<\/address>\n<address>175 p., 1 h. de l\u00e1m., 2 h. pleg. de mapas 28 cm\u00a0<\/address>\n<address>\n<address>Memorias de la Comisi\u00f3n del Mapa Geol\u00f3gico de Espa\u00f1a\u00a0<\/address>\n<\/address>\n<\/td>\n<\/tr>\n<tr>\n<td colspan=\"2\">\n<address style=\"TEXT-ALIGN: center\">\u00a0\u00a0La obra puede descargarse en la\u00a0<a href=\"http:\/\/bibliotecadigitalhispanica.bne.es:80\/webclient\/DeliveryManager?application=DIGITOOL-3&amp;owner=resourcediscovery&amp;custom_att_2=simple_viewer&amp;pid=1679697\" target=\"_blank\" rel=\"noopener noreferrer\">Biblioteca Digital Hisp\u00e1nica<\/a><\/address>\n<address style=\"TEXT-ALIGN: center\">\u00a0<\/address>\n<\/td>\n<\/tr>\n<tr>\n<td>\u00a0\t<div class=\"ngg-gallery-singlepic-image ngg-center\" style=\"max-width: 100px\">\n\t\t\t\t<a href=\"http:\/\/minval.org\/svm\/wp-content\/gallery\/calvo-rebollar-miguel\/id160.jpg\"\n\t\t\ttitle=\"\"\n\t\t\tdata-src=\"http:\/\/minval.org\/svm\/wp-content\/gallery\/calvo-rebollar-miguel\/id160.jpg\"\n\t\t\tdata-thumbnail=\"http:\/\/minval.org\/svm\/wp-content\/gallery\/calvo-rebollar-miguel\/thumbs\/thumbs_id160.jpg\"\n\t\t\tdata-image-id=\"330\"\n\t\t\tdata-title=\"id160\"\n\t\t\tdata-description=\"\"\n\t\t\ttarget='_self'\n\t\t\tclass=\"ngg-simplelightbox\" rel=\"fafbf1a66ba63ecb28b15f4e9fdadb6c\">\n\t\t\t<img class=\"ngg-singlepic\"\n\t\t\t\tsrc=\"http:\/\/minval.org\/svm\/wp-content\/gallery\/calvo-rebollar-miguel\/cache\/id160.jpg-nggid03330-ngg0dyn-100x0x100-00f0w010c010r110f110r010t010.jpg\"\n\t\t\t\talt=\"id160\"\n\t\t\t\ttitle=\"id160\"\n\t\t\t\t\t\t\t\t\twidth=\"100\" \t\t\t\t\t\t\t\/>\n\t\t<\/a>\n\t\t\t<\/div>\n\t\t<\/td>\n<td>\n<h3>Descripci\u00f3n f\u00edsica y geol\u00f3gica de la provincia de Vizcaya<\/h3>\n<address>Ad\u00e1n de Yarza, Ram\u00f3n<\/address>\n<address>Madrid : [s.n.], 1892(Imp. y fund. de Manuel Tello)<\/address>\n<address>192 p., [6] h. de l\u00e1m.(algunas pleg.), [2] h. pleg. de mapas ; 27 cm<\/address>\n<address>Memorias de la Comisi\u00f3n del Mapa Geol\u00f3gico de Espa\u00f1a\u00a0<\/address>\n<\/td>\n<\/tr>\n<tr>\n<td colspan=\"2\">\n<address style=\"TEXT-ALIGN: center\">\u00a0\u00a0La obra puede descargarse en la\u00a0<a href=\"http:\/\/bibliotecadigitalhispanica.bne.es:1801\/webclient\/DeliveryManager?pid=1679143&amp;custom_att_2=simple_viewer\" target=\"_blank\" rel=\"noopener noreferrer\">Biblioteca Digital Hisp\u00e1nica<\/a><\/address>\n<address style=\"TEXT-ALIGN: center\">\u00a0<\/address>\n<\/td>\n<\/tr>\n<tr>\n<td>\n<address>\u00a0<\/address>\n<\/td>\n<td>\n<h3>Yacimientos metal\u00edferos<\/h3>\n<address>Ad\u00e1n de Yarza, Ram\u00f3n<\/address>\n<address>[S.l.] : [s.n.], [s.a.](Madrid) : Litogr. Juan Bravo, 3<\/address>\n<address>265 p. : il.; 22 cm<\/address>\n<address style=\"TEXT-ALIGN: justify\">Cuaderno 1. Yacimientos en general (195 p.) -\u00ad Cuaderno 2\u00ba. Yacimientos en Espa\u00f1a (70 p.)<\/address>\n<address>Texto manuscrito<\/address>\n<address>En la cubierta: Escuela Especial de Ingenieros de Minas<\/address>\n<\/td>\n<\/tr>\n<tr>\n<td>\n<address>\u00a0<\/address>\n<\/td>\n<td>\n<address style=\"TEXT-ALIGN: right\">\u00a0 <a href=\"http:\/\/minval.org\/svm\/?p=293 \">volver &gt;&gt;<\/a><\/address>\n<\/td>\n<\/tr>\n<\/tbody>\n<\/table>\n<p><!--:--><\/p>\n","protected":false},"excerpt":{"rendered":"<p>\u00a0 Descripci\u00f3n f\u00edsica y geol\u00f3gica de la provincia de Guip\u00fazcoa Ad\u00e1n de Yarza, Ram\u00f3n . [S.l.] : [s.n.], 1884 175., 7 h. de l\u00e1m., 4 h. pleg. de mapas 27 cm\u00a0 Memorias de la Comisi\u00f3n del Mapa Geol\u00f3gico de Espa\u00f1a\u00a0&#8230;<\/p>\n","protected":false},"author":3,"featured_media":0,"comment_status":"closed","ping_status":"closed","sticky":false,"template":"","format":"standard","meta":{"ngg_post_thumbnail":0,"footnotes":""},"categories":[5],"tags":[9],"_links":{"self":[{"href":"http:\/\/minval.org\/svm\/index.php?rest_route=\/wp\/v2\/posts\/1041"}],"collection":[{"href":"http:\/\/minval.org\/svm\/index.php?rest_route=\/wp\/v2\/posts"}],"about":[{"href":"http:\/\/minval.org\/svm\/index.php?rest_route=\/wp\/v2\/types\/post"}],"author":[{"embeddable":true,"href":"http:\/\/minval.org\/svm\/index.php?rest_route=\/wp\/v2\/users\/3"}],"replies":[{"embeddable":true,"href":"http:\/\/minval.org\/svm\/index.php?rest_route=%2Fwp%2Fv2%2Fcomments&post=1041"}],"version-history":[{"count":0,"href":"http:\/\/minval.org\/svm\/index.php?rest_route=\/wp\/v2\/posts\/1041\/revisions"}],"wp:attachment":[{"href":"http:\/\/minval.org\/svm\/index.php?rest_route=%2Fwp%2Fv2%2Fmedia&parent=1041"}],"wp:term":[{"taxonomy":"category","embeddable":true,"href":"http:\/\/minval.org\/svm\/index.php?rest_route=%2Fwp%2Fv2%2Fcategories&post=1041"},{"taxonomy":"post_tag","embeddable":true,"href":"http:\/\/minval.org\/svm\/index.php?rest_route=%2Fwp%2Fv2%2Ftags&post=1041"}],"curies":[{"name":"wp","href":"https:\/\/api.w.org\/{rel}","templated":true}]}}