{"id":1074,"date":"2009-10-20T21:56:14","date_gmt":"2009-10-20T19:56:14","guid":{"rendered":"http:\/\/minval.org\/svm\/?p=1074"},"modified":"2009-10-20T21:56:14","modified_gmt":"2009-10-20T19:56:14","slug":"alfonso-piquet","status":"publish","type":"post","link":"http:\/\/minval.org\/svm\/?p=1074","title":{"rendered":"Alfonso Piquet"},"content":{"rendered":"<p><!--:es--><\/p>\n<table border=\"0\" width=\"650\">\n<tbody>\n<tr>\n<td style=\"width: 150px;\">\u00a0<\/td>\n<td>\n<h3>Descripci\u00f3n de las minas del Horcajo<\/h3>\n<address>Piquet, Alfonso<\/address>\n<address>\u00a0[S.l.] : [s.n.], 1873(Madrid : Imp. de Pascual Conesa)<\/address>\n<address>7 p. ; 25 cm<\/address>\n<address>\u00a0<\/address>\n<\/td>\n<\/tr>\n<tr>\n<td style=\"width: 150px;\">\n<address>\u00a0\t<div class=\"ngg-gallery-singlepic-image ngg-center\" style=\"max-width: 100px\">\n\t\t\t\t<a href=\"http:\/\/minval.org\/svm\/wp-content\/gallery\/calvo-rebollar-miguel\/id146_1.jpg\"\n\t\t\ttitle=\"\"\n\t\t\tdata-src=\"http:\/\/minval.org\/svm\/wp-content\/gallery\/calvo-rebollar-miguel\/id146_1.jpg\"\n\t\t\tdata-thumbnail=\"http:\/\/minval.org\/svm\/wp-content\/gallery\/calvo-rebollar-miguel\/thumbs\/thumbs_id146_1.jpg\"\n\t\t\tdata-image-id=\"323\"\n\t\t\tdata-title=\"id146_1\"\n\t\t\tdata-description=\"\"\n\t\t\ttarget='_self'\n\t\t\tclass=\"ngg-simplelightbox\" rel=\"375920b05b0304b6b8cd15151361da32\">\n\t\t\t<img class=\"ngg-singlepic\"\n\t\t\t\tsrc=\"http:\/\/minval.org\/svm\/wp-content\/gallery\/calvo-rebollar-miguel\/cache\/id146_1.jpg-nggid03323-ngg0dyn-100x0x100-00f0w010c010r110f110r010t010.jpg\"\n\t\t\t\talt=\"id146_1\"\n\t\t\t\ttitle=\"id146_1\"\n\t\t\t\t\t\t\t\t\twidth=\"100\" \t\t\t\t\t\t\t\/>\n\t\t<\/a>\n\t\t\t<\/div>\n\t\t<\/address>\n<\/td>\n<td>\n<h3>Descripci\u00f3n geogn\u00f3stica de las minas del Horcajo<\/h3>\n<address>Piquet, Alfonso<\/address>\n<address>Madrid : J.A. Garc\u00eda, 1876<\/address>\n<address>10 p. ; 23 cm<\/address>\n<address><\/address>\n<\/td>\n<\/tr>\n<tr>\n<td style=\"TEXT-ALIGN: center\" colspan=\"2\">La obra puede descargarse en la <a href=\"http:\/\/bibliotecadigitalhispanica.bne.es:1801\/webclient\/DeliveryManager?pid=1678704&amp;custom_att_2=simple_viewer\" target=\"_blank\" rel=\"noopener noreferrer\">Biblioteca Digital Hisp\u00e1nica<\/a><\/td>\n<\/tr>\n<tr>\n<td>\u00a0<\/td>\n<td style=\"TEXT-ALIGN: right\">\u00a0\u00a0<a href=\"http:\/\/minval.org\/svm\/?p=334\">volver &gt;&gt;<\/a><\/td>\n<\/tr>\n<\/tbody>\n<\/table>\n<p><!--:--><\/p>\n","protected":false},"excerpt":{"rendered":"<p>\u00a0 Descripci\u00f3n de las minas del Horcajo Piquet, Alfonso \u00a0[S.l.] : [s.n.], 1873(Madrid : Imp. de Pascual Conesa) 7 p. ; 25 cm \u00a0 \u00a0 Descripci\u00f3n geogn\u00f3stica de las minas del Horcajo Piquet, Alfonso Madrid : J.A. Garc\u00eda, 1876 10&#8230;<\/p>\n","protected":false},"author":3,"featured_media":0,"comment_status":"closed","ping_status":"closed","sticky":false,"template":"","format":"standard","meta":{"ngg_post_thumbnail":0,"footnotes":""},"categories":[5],"tags":[9],"_links":{"self":[{"href":"http:\/\/minval.org\/svm\/index.php?rest_route=\/wp\/v2\/posts\/1074"}],"collection":[{"href":"http:\/\/minval.org\/svm\/index.php?rest_route=\/wp\/v2\/posts"}],"about":[{"href":"http:\/\/minval.org\/svm\/index.php?rest_route=\/wp\/v2\/types\/post"}],"author":[{"embeddable":true,"href":"http:\/\/minval.org\/svm\/index.php?rest_route=\/wp\/v2\/users\/3"}],"replies":[{"embeddable":true,"href":"http:\/\/minval.org\/svm\/index.php?rest_route=%2Fwp%2Fv2%2Fcomments&post=1074"}],"version-history":[{"count":0,"href":"http:\/\/minval.org\/svm\/index.php?rest_route=\/wp\/v2\/posts\/1074\/revisions"}],"wp:attachment":[{"href":"http:\/\/minval.org\/svm\/index.php?rest_route=%2Fwp%2Fv2%2Fmedia&parent=1074"}],"wp:term":[{"taxonomy":"category","embeddable":true,"href":"http:\/\/minval.org\/svm\/index.php?rest_route=%2Fwp%2Fv2%2Fcategories&post=1074"},{"taxonomy":"post_tag","embeddable":true,"href":"http:\/\/minval.org\/svm\/index.php?rest_route=%2Fwp%2Fv2%2Ftags&post=1074"}],"curies":[{"name":"wp","href":"https:\/\/api.w.org\/{rel}","templated":true}]}}