{"id":1083,"date":"2009-10-20T23:13:25","date_gmt":"2009-10-20T21:13:25","guid":{"rendered":"http:\/\/minval.org\/svm\/?p=1083"},"modified":"2009-10-20T23:13:25","modified_gmt":"2009-10-20T21:13:25","slug":"fernando-bernaldez","status":"publish","type":"post","link":"http:\/\/minval.org\/svm\/?p=1083","title":{"rendered":"Fernando Bern\u00e1ldez"},"content":{"rendered":"<p><!--:es--><\/p>\n<table border=\"0\" width=\"650\">\n<tbody>\n<tr>\n<td style=\"width: 150px;\">\n<address>\u00a0\t<div class=\"ngg-gallery-singlepic-image ngg-center\" style=\"max-width: 100px\">\n\t\t\t\t<a href=\"http:\/\/minval.org\/svm\/wp-content\/gallery\/calvo-rebollar-miguel\/id179_3.jpg\"\n\t\t\ttitle=\"\"\n\t\t\tdata-src=\"http:\/\/minval.org\/svm\/wp-content\/gallery\/calvo-rebollar-miguel\/id179_3.jpg\"\n\t\t\tdata-thumbnail=\"http:\/\/minval.org\/svm\/wp-content\/gallery\/calvo-rebollar-miguel\/thumbs\/thumbs_id179_3.jpg\"\n\t\t\tdata-image-id=\"359\"\n\t\t\tdata-title=\"id179_3\"\n\t\t\tdata-description=\"\"\n\t\t\ttarget='_self'\n\t\t\tclass=\"ngg-simplelightbox\" rel=\"e363b5415bd8654ecd55eb5ae0fcade1\">\n\t\t\t<img class=\"ngg-singlepic\"\n\t\t\t\tsrc=\"http:\/\/minval.org\/svm\/wp-content\/gallery\/calvo-rebollar-miguel\/cache\/id179_3.jpg-nggid03359-ngg0dyn-100x0x100-00f0w010c010r110f110r010t010.jpg\"\n\t\t\t\talt=\"id179_3\"\n\t\t\t\ttitle=\"id179_3\"\n\t\t\t\t\t\t\t\t\twidth=\"100\" \t\t\t\t\t\t\t\/>\n\t\t<\/a>\n\t\t\t<\/div>\n\t\t<\/address>\n<\/td>\n<td>\n<h3>Memoria sobre las minas de Almaden y Almadenejos<\/h3>\n<address>Bern\u00e1ldez, Fernando<\/address>\n<address>Rua Figueroa, Ram\u00f3n<\/address>\n<address>Madrid : Imprenta Nacional, 1861<\/address>\n<address>324 p., [27] h. pleg. de l\u00e1m. 28 cm<\/address>\n<\/td>\n<\/tr>\n<tr>\n<td style=\"TEXT-ALIGN: center\" colspan=\"2\">\n<address>La obra puede descragarse en la <a href=\"http:\/\/bibliotecadigitalhispanica.bne.es\/webclient\/DeliveryManager?application=DIGITOOL-3&amp;owner=resourcediscovery&amp;custom_att_2=simple_viewer&amp;pid=1679138\" target=\"_blank\" rel=\"noopener noreferrer\">Biblioteca Digital Hisp\u00e1nica<\/a><\/address>\n<address>\u00a0<\/address>\n<\/td>\n<\/tr>\n<tr>\n<td>\n<address>\u00a0<\/address>\n<\/td>\n<td>\n<h3 style=\"TEXT-ALIGN: justify\">Rese\u00f1a sobre la historia, la administracion y la produccion de las minas de Almad\u00e9n y Almad\u00e9nejos<\/h3>\n<address>Bern\u00e1ldez, Fernando<\/address>\n<address>Rua Figueroa, Ram\u00f3n<\/address>\n<address>[S.l.] : [s.n.], 1862(Madrid : Imp. de la Viuda de Antonio Yenes)<\/address>\n<address>VII, 151 p., [1] h. pleg. ; 21 cm<\/address>\n<\/td>\n<\/tr>\n<tr>\n<td>\n<address>\u00a0<\/address>\n<\/td>\n<td style=\"TEXT-ALIGN: right\">\u00a0<a href=\"http:\/\/minval.org\/svm\/?p=299 \">volver &gt;&gt;<\/a><\/td>\n<\/tr>\n<\/tbody>\n<\/table>\n<p><!--:--><\/p>\n","protected":false},"excerpt":{"rendered":"<p>\u00a0 Memoria sobre las minas de Almaden y Almadenejos Bern\u00e1ldez, Fernando Rua Figueroa, Ram\u00f3n Madrid : Imprenta Nacional, 1861 324 p., [27] h. pleg. de l\u00e1m. 28 cm La obra puede descragarse en la Biblioteca Digital Hisp\u00e1nica \u00a0 \u00a0 Rese\u00f1a&#8230;<\/p>\n","protected":false},"author":3,"featured_media":0,"comment_status":"closed","ping_status":"closed","sticky":false,"template":"","format":"standard","meta":{"ngg_post_thumbnail":0,"footnotes":""},"categories":[5],"tags":[9],"_links":{"self":[{"href":"http:\/\/minval.org\/svm\/index.php?rest_route=\/wp\/v2\/posts\/1083"}],"collection":[{"href":"http:\/\/minval.org\/svm\/index.php?rest_route=\/wp\/v2\/posts"}],"about":[{"href":"http:\/\/minval.org\/svm\/index.php?rest_route=\/wp\/v2\/types\/post"}],"author":[{"embeddable":true,"href":"http:\/\/minval.org\/svm\/index.php?rest_route=\/wp\/v2\/users\/3"}],"replies":[{"embeddable":true,"href":"http:\/\/minval.org\/svm\/index.php?rest_route=%2Fwp%2Fv2%2Fcomments&post=1083"}],"version-history":[{"count":0,"href":"http:\/\/minval.org\/svm\/index.php?rest_route=\/wp\/v2\/posts\/1083\/revisions"}],"wp:attachment":[{"href":"http:\/\/minval.org\/svm\/index.php?rest_route=%2Fwp%2Fv2%2Fmedia&parent=1083"}],"wp:term":[{"taxonomy":"category","embeddable":true,"href":"http:\/\/minval.org\/svm\/index.php?rest_route=%2Fwp%2Fv2%2Fcategories&post=1083"},{"taxonomy":"post_tag","embeddable":true,"href":"http:\/\/minval.org\/svm\/index.php?rest_route=%2Fwp%2Fv2%2Ftags&post=1083"}],"curies":[{"name":"wp","href":"https:\/\/api.w.org\/{rel}","templated":true}]}}