{"id":1274,"date":"2009-10-23T17:41:39","date_gmt":"2009-10-23T15:41:39","guid":{"rendered":"http:\/\/minval.org\/svm\/?p=1274"},"modified":"2009-10-23T17:41:39","modified_gmt":"2009-10-23T15:41:39","slug":"juan-carlos-tarin-bacas","status":"publish","type":"post","link":"http:\/\/minval.org\/svm\/?p=1274","title":{"rendered":"Juan Carlos Tar\u00edn Bacas"},"content":{"rendered":"<p><!--:es--><\/p>\n<p style=\"text-align: justify;\"><img loading=\"lazy\" decoding=\"async\" class=\"alignleft\" title=\"Juan Carlos junto a su colecci\u00f3n\" src=\"http:\/\/minval.org\/svm\/wp-content\/uploads\/2009\/10\/2007_0224laescuris\u00f3nTermel0075-150x150.jpg\" alt=\"Juan Carlos junto a su colecci\u00f3n\" width=\"150\" height=\"150\" \/>Soy\u00a0un coleccionista de minerales de Castell\u00f3n, empec\u00e9 de muy peque\u00f1o con esta afici\u00f3n. Tengo una bonita colecci\u00f3n de la que estoy muy orgulloso. La mineralog\u00eda me ha permitido conocer a excelentes personas con las que he compartido experiencias, ideas\u00a0y momentos inolvidables y si se ha terciado, hasta hemos intercambiado ejemplares.<\/p>\n<p style=\"text-align: justify;\">Si quer\u00e9is contactar conmigo escribirme\u00a0a <a href=\"mailto:jc_tarin@hotmail.com\">jc_tarin@hotmail.com<\/a><\/p>\n<p><!-- default-view.php -->\n<div\n\tclass=\"ngg-galleryoverview default-view \n\t\t\"\n\tid=\"ngg-gallery-56de71ddf906dcd30a1c1147036385b8-1\">\n\n\t\t<!-- Thumbnails -->\n\t\t\t\t<div id=\"ngg-image-0\" class=\"ngg-gallery-thumbnail-box \n\t\t\t\t\t\t\t\t\t\t\t\" \n\t\t\t>\n\t\t\t\t\t\t<div class=\"ngg-gallery-thumbnail\">\n\t\t\t<a href=\"http:\/\/minval.org\/svm\/wp-content\/gallery\/carlos\/anglesita-marruecos-147.jpg\"\n\t\t\t\ttitle=\"Anglesita. Marruecos. Cristal de 3,3x4,2 cm\r\n\"\n\t\t\t\tdata-src=\"http:\/\/minval.org\/svm\/wp-content\/gallery\/carlos\/anglesita-marruecos-147.jpg\"\n\t\t\t\tdata-thumbnail=\"http:\/\/minval.org\/svm\/wp-content\/gallery\/carlos\/thumbs\/thumbs_anglesita-marruecos-147.jpg\"\n\t\t\t\tdata-image-id=\"135\"\n\t\t\t\tdata-title=\"anglesita\"\n\t\t\t\tdata-description=\"Anglesita. Marruecos. Cristal de 3,3x4,2 cm\r\n\"\n\t\t\t\tdata-image-slug=\"\"\n\t\t\t\tclass=\"ngg-simplelightbox\" rel=\"56de71ddf906dcd30a1c1147036385b8\">\n\t\t\t\t<img\n\t\t\t\t\ttitle=\"anglesita\"\n\t\t\t\t\talt=\"anglesita\"\n\t\t\t\t\tsrc=\"http:\/\/minval.org\/svm\/wp-content\/gallery\/carlos\/thumbs\/thumbs_anglesita-marruecos-147.jpg\"\n\t\t\t\t\twidth=\"100\"\n\t\t\t\t\theight=\"75\"\n\t\t\t\t\tstyle=\"max-width:100%;\"\n\t\t\t\t\/>\n\t\t\t<\/a>\n\t\t<\/div>\n\t\t\t\t\t\t\t<\/div> \n\t\t\t\n\t\t\t\t<div id=\"ngg-image-1\" class=\"ngg-gallery-thumbnail-box \n\t\t\t\t\t\t\t\t\t\t\t\" \n\t\t\t>\n\t\t\t\t\t\t<div class=\"ngg-gallery-thumbnail\">\n\t\t\t<a href=\"http:\/\/minval.org\/svm\/wp-content\/gallery\/carlos\/ankerita-linares-775.jpg\"\n\t\t\t\ttitle=\"Ankerita. Pozo n\u00ba 3, Linares. Ja\u00e9n. Pieza 7,5x9,2 cm\"\n\t\t\t\tdata-src=\"http:\/\/minval.org\/svm\/wp-content\/gallery\/carlos\/ankerita-linares-775.jpg\"\n\t\t\t\tdata-thumbnail=\"http:\/\/minval.org\/svm\/wp-content\/gallery\/carlos\/thumbs\/thumbs_ankerita-linares-775.jpg\"\n\t\t\t\tdata-image-id=\"136\"\n\t\t\t\tdata-title=\"ankerita\"\n\t\t\t\tdata-description=\"Ankerita. Pozo n\u00ba 3, Linares. Ja\u00e9n. Pieza 7,5x9,2 cm\"\n\t\t\t\tdata-image-slug=\"\"\n\t\t\t\tclass=\"ngg-simplelightbox\" rel=\"56de71ddf906dcd30a1c1147036385b8\">\n\t\t\t\t<img\n\t\t\t\t\ttitle=\"ankerita\"\n\t\t\t\t\talt=\"ankerita\"\n\t\t\t\t\tsrc=\"http:\/\/minval.org\/svm\/wp-content\/gallery\/carlos\/thumbs\/thumbs_ankerita-linares-775.jpg\"\n\t\t\t\t\twidth=\"100\"\n\t\t\t\t\theight=\"75\"\n\t\t\t\t\tstyle=\"max-width:100%;\"\n\t\t\t\t\/>\n\t\t\t<\/a>\n\t\t<\/div>\n\t\t\t\t\t\t\t<\/div> \n\t\t\t\n\t\t\t\t<div id=\"ngg-image-2\" class=\"ngg-gallery-thumbnail-box \n\t\t\t\t\t\t\t\t\t\t\t\" \n\t\t\t>\n\t\t\t\t\t\t<div class=\"ngg-gallery-thumbnail\">\n\t\t\t<a href=\"http:\/\/minval.org\/svm\/wp-content\/gallery\/carlos\/antimonita-caunic-rumania-137.jpg\"\n\t\t\t\ttitle=\"Antimonita. Caunic, Maramures. \r\nRuman\u00eda. \u00c1rea 4,2x6,5 cm\r\n\"\n\t\t\t\tdata-src=\"http:\/\/minval.org\/svm\/wp-content\/gallery\/carlos\/antimonita-caunic-rumania-137.jpg\"\n\t\t\t\tdata-thumbnail=\"http:\/\/minval.org\/svm\/wp-content\/gallery\/carlos\/thumbs\/thumbs_antimonita-caunic-rumania-137.jpg\"\n\t\t\t\tdata-image-id=\"137\"\n\t\t\t\tdata-title=\"antimonita\"\n\t\t\t\tdata-description=\"Antimonita. Caunic, Maramures. \r\nRuman\u00eda. \u00c1rea 4,2x6,5 cm\r\n\"\n\t\t\t\tdata-image-slug=\"\"\n\t\t\t\tclass=\"ngg-simplelightbox\" rel=\"56de71ddf906dcd30a1c1147036385b8\">\n\t\t\t\t<img\n\t\t\t\t\ttitle=\"antimonita\"\n\t\t\t\t\talt=\"antimonita\"\n\t\t\t\t\tsrc=\"http:\/\/minval.org\/svm\/wp-content\/gallery\/carlos\/thumbs\/thumbs_antimonita-caunic-rumania-137.jpg\"\n\t\t\t\t\twidth=\"100\"\n\t\t\t\t\theight=\"75\"\n\t\t\t\t\tstyle=\"max-width:100%;\"\n\t\t\t\t\/>\n\t\t\t<\/a>\n\t\t<\/div>\n\t\t\t\t\t\t\t<\/div> \n\t\t\t\n\t\t\t\t<div id=\"ngg-image-3\" class=\"ngg-gallery-thumbnail-box \n\t\t\t\t\t\t\t\t\t\t\t\" \n\t\t\t>\n\t\t\t\t\t\t<div class=\"ngg-gallery-thumbnail\">\n\t\t\t<a href=\"http:\/\/minval.org\/svm\/wp-content\/gallery\/carlos\/apofilita-poonah-729.jpg\"\n\t\t\t\ttitle=\"Apofilita. Nasik Quarry, Maharahastra. Pieza 9,5x2,7 cm\"\n\t\t\t\tdata-src=\"http:\/\/minval.org\/svm\/wp-content\/gallery\/carlos\/apofilita-poonah-729.jpg\"\n\t\t\t\tdata-thumbnail=\"http:\/\/minval.org\/svm\/wp-content\/gallery\/carlos\/thumbs\/thumbs_apofilita-poonah-729.jpg\"\n\t\t\t\tdata-image-id=\"138\"\n\t\t\t\tdata-title=\"apofilita\"\n\t\t\t\tdata-description=\"Apofilita. Nasik Quarry, Maharahastra. Pieza 9,5x2,7 cm\"\n\t\t\t\tdata-image-slug=\"\"\n\t\t\t\tclass=\"ngg-simplelightbox\" rel=\"56de71ddf906dcd30a1c1147036385b8\">\n\t\t\t\t<img\n\t\t\t\t\ttitle=\"apofilita\"\n\t\t\t\t\talt=\"apofilita\"\n\t\t\t\t\tsrc=\"http:\/\/minval.org\/svm\/wp-content\/gallery\/carlos\/thumbs\/thumbs_apofilita-poonah-729.jpg\"\n\t\t\t\t\twidth=\"100\"\n\t\t\t\t\theight=\"75\"\n\t\t\t\t\tstyle=\"max-width:100%;\"\n\t\t\t\t\/>\n\t\t\t<\/a>\n\t\t<\/div>\n\t\t\t\t\t\t\t<\/div> \n\t\t\t\n\t\t\t\t<div id=\"ngg-image-4\" class=\"ngg-gallery-thumbnail-box \n\t\t\t\t\t\t\t\t\t\t\t\" \n\t\t\t>\n\t\t\t\t\t\t<div class=\"ngg-gallery-thumbnail\">\n\t\t\t<a href=\"http:\/\/minval.org\/svm\/wp-content\/gallery\/carlos\/aragonito-enguidanos-807.jpg\"\n\t\t\t\ttitle=\"Aragonito. El Retamal,Enguidanos. Cuenca. Pieza 4,5x4 cm\"\n\t\t\t\tdata-src=\"http:\/\/minval.org\/svm\/wp-content\/gallery\/carlos\/aragonito-enguidanos-807.jpg\"\n\t\t\t\tdata-thumbnail=\"http:\/\/minval.org\/svm\/wp-content\/gallery\/carlos\/thumbs\/thumbs_aragonito-enguidanos-807.jpg\"\n\t\t\t\tdata-image-id=\"139\"\n\t\t\t\tdata-title=\"aragonito\"\n\t\t\t\tdata-description=\"Aragonito. El Retamal,Enguidanos. Cuenca. Pieza 4,5x4 cm\"\n\t\t\t\tdata-image-slug=\"\"\n\t\t\t\tclass=\"ngg-simplelightbox\" rel=\"56de71ddf906dcd30a1c1147036385b8\">\n\t\t\t\t<img\n\t\t\t\t\ttitle=\"aragonito\"\n\t\t\t\t\talt=\"aragonito\"\n\t\t\t\t\tsrc=\"http:\/\/minval.org\/svm\/wp-content\/gallery\/carlos\/thumbs\/thumbs_aragonito-enguidanos-807.jpg\"\n\t\t\t\t\twidth=\"100\"\n\t\t\t\t\theight=\"75\"\n\t\t\t\t\tstyle=\"max-width:100%;\"\n\t\t\t\t\/>\n\t\t\t<\/a>\n\t\t<\/div>\n\t\t\t\t\t\t\t<\/div> \n\t\t\t\n\t\t\t\t<div id=\"ngg-image-5\" class=\"ngg-gallery-thumbnail-box \n\t\t\t\t\t\t\t\t\t\t\t\" \n\t\t\t>\n\t\t\t\t\t\t<div class=\"ngg-gallery-thumbnail\">\n\t\t\t<a href=\"http:\/\/minval.org\/svm\/wp-content\/gallery\/carlos\/aragonito-sta-creu-olodra-204.jpg\"\n\t\t\t\ttitle=\"Aragonito. Sta. Creu d\\&#039;Olord\u00e0. Barcelona. Pieza 3,6x6,9 cm\"\n\t\t\t\tdata-src=\"http:\/\/minval.org\/svm\/wp-content\/gallery\/carlos\/aragonito-sta-creu-olodra-204.jpg\"\n\t\t\t\tdata-thumbnail=\"http:\/\/minval.org\/svm\/wp-content\/gallery\/carlos\/thumbs\/thumbs_aragonito-sta-creu-olodra-204.jpg\"\n\t\t\t\tdata-image-id=\"144\"\n\t\t\t\tdata-title=\"aragonito\"\n\t\t\t\tdata-description=\"Aragonito. Sta. Creu d&#039;Olord\u00e0. Barcelona. Pieza 3,6x6,9 cm\"\n\t\t\t\tdata-image-slug=\"\"\n\t\t\t\tclass=\"ngg-simplelightbox\" rel=\"56de71ddf906dcd30a1c1147036385b8\">\n\t\t\t\t<img\n\t\t\t\t\ttitle=\"aragonito\"\n\t\t\t\t\talt=\"aragonito\"\n\t\t\t\t\tsrc=\"http:\/\/minval.org\/svm\/wp-content\/gallery\/carlos\/thumbs\/thumbs_aragonito-sta-creu-olodra-204.jpg\"\n\t\t\t\t\twidth=\"100\"\n\t\t\t\t\theight=\"75\"\n\t\t\t\t\tstyle=\"max-width:100%;\"\n\t\t\t\t\/>\n\t\t\t<\/a>\n\t\t<\/div>\n\t\t\t\t\t\t\t<\/div> \n\t\t\t\n\t\t\t\t<div id=\"ngg-image-6\" class=\"ngg-gallery-thumbnail-box \n\t\t\t\t\t\t\t\t\t\t\t\" \n\t\t\t>\n\t\t\t\t\t\t<div class=\"ngg-gallery-thumbnail\">\n\t\t\t<a href=\"http:\/\/minval.org\/svm\/wp-content\/gallery\/carlos\/aragonito-r.jpg\"\n\t\t\t\ttitle=\"Aragonito. Sorano, Grsseto. Toscana. Italia\"\n\t\t\t\tdata-src=\"http:\/\/minval.org\/svm\/wp-content\/gallery\/carlos\/aragonito-r.jpg\"\n\t\t\t\tdata-thumbnail=\"http:\/\/minval.org\/svm\/wp-content\/gallery\/carlos\/thumbs\/thumbs_aragonito-r.jpg\"\n\t\t\t\tdata-image-id=\"2157\"\n\t\t\t\tdata-title=\"Aragonito.\"\n\t\t\t\tdata-description=\"Aragonito. Sorano, Grsseto. Toscana. Italia\"\n\t\t\t\tdata-image-slug=\"\"\n\t\t\t\tclass=\"ngg-simplelightbox\" rel=\"56de71ddf906dcd30a1c1147036385b8\">\n\t\t\t\t<img\n\t\t\t\t\ttitle=\"Aragonito.\"\n\t\t\t\t\talt=\"Aragonito.\"\n\t\t\t\t\tsrc=\"http:\/\/minval.org\/svm\/wp-content\/gallery\/carlos\/thumbs\/thumbs_aragonito-r.jpg\"\n\t\t\t\t\twidth=\"81\"\n\t\t\t\t\theight=\"75\"\n\t\t\t\t\tstyle=\"max-width:100%;\"\n\t\t\t\t\/>\n\t\t\t<\/a>\n\t\t<\/div>\n\t\t\t\t\t\t\t<\/div> \n\t\t\t\n\t\t\t\t<div id=\"ngg-image-7\" class=\"ngg-gallery-thumbnail-box \n\t\t\t\t\t\t\t\t\t\t\t\" \n\t\t\t>\n\t\t\t\t\t\t<div class=\"ngg-gallery-thumbnail\">\n\t\t\t<a href=\"http:\/\/minval.org\/svm\/wp-content\/gallery\/carlos\/baritina-linares-769.jpg\"\n\t\t\t\ttitle=\"El Alamillo, Linares. Ja\u00e9n. Pieza 5,4x10,5 cm\"\n\t\t\t\tdata-src=\"http:\/\/minval.org\/svm\/wp-content\/gallery\/carlos\/baritina-linares-769.jpg\"\n\t\t\t\tdata-thumbnail=\"http:\/\/minval.org\/svm\/wp-content\/gallery\/carlos\/thumbs\/thumbs_baritina-linares-769.jpg\"\n\t\t\t\tdata-image-id=\"142\"\n\t\t\t\tdata-title=\"baritina\"\n\t\t\t\tdata-description=\"El Alamillo, Linares. Ja\u00e9n. Pieza 5,4x10,5 cm\"\n\t\t\t\tdata-image-slug=\"\"\n\t\t\t\tclass=\"ngg-simplelightbox\" rel=\"56de71ddf906dcd30a1c1147036385b8\">\n\t\t\t\t<img\n\t\t\t\t\ttitle=\"baritina\"\n\t\t\t\t\talt=\"baritina\"\n\t\t\t\t\tsrc=\"http:\/\/minval.org\/svm\/wp-content\/gallery\/carlos\/thumbs\/thumbs_baritina-linares-769.jpg\"\n\t\t\t\t\twidth=\"100\"\n\t\t\t\t\theight=\"75\"\n\t\t\t\t\tstyle=\"max-width:100%;\"\n\t\t\t\t\/>\n\t\t\t<\/a>\n\t\t<\/div>\n\t\t\t\t\t\t\t<\/div> \n\t\t\t\n\t\t\t\t<div id=\"ngg-image-8\" class=\"ngg-gallery-thumbnail-box \n\t\t\t\t\t\t\t\t\t\t\t\" \n\t\t\t>\n\t\t\t\t\t\t<div class=\"ngg-gallery-thumbnail\">\n\t\t\t<a href=\"http:\/\/minval.org\/svm\/wp-content\/gallery\/carlos\/betaf.jpg\"\n\t\t\t\ttitle=\"Betafita (pirocloro). Ambalahazo, Betafo, Antananarivo.\r\nCristal 30 x 28mm\r\nBetafita (pirocloro). Ambalahazo, Betafo, Antananarivo.Madagascar. \r\nCristal 30 x 28mm\r\n\"\n\t\t\t\tdata-src=\"http:\/\/minval.org\/svm\/wp-content\/gallery\/carlos\/betaf.jpg\"\n\t\t\t\tdata-thumbnail=\"http:\/\/minval.org\/svm\/wp-content\/gallery\/carlos\/thumbs\/thumbs_betaf.jpg\"\n\t\t\t\tdata-image-id=\"2115\"\n\t\t\t\tdata-title=\"Betafita\"\n\t\t\t\tdata-description=\"Betafita (pirocloro). Ambalahazo, Betafo, Antananarivo.\r\nCristal 30 x 28mm\r\nBetafita (pirocloro). Ambalahazo, Betafo, Antananarivo.Madagascar. \r\nCristal 30 x 28mm\r\n\"\n\t\t\t\tdata-image-slug=\"\"\n\t\t\t\tclass=\"ngg-simplelightbox\" rel=\"56de71ddf906dcd30a1c1147036385b8\">\n\t\t\t\t<img\n\t\t\t\t\ttitle=\"Betafita\"\n\t\t\t\t\talt=\"Betafita\"\n\t\t\t\t\tsrc=\"http:\/\/minval.org\/svm\/wp-content\/gallery\/carlos\/thumbs\/thumbs_betaf.jpg\"\n\t\t\t\t\twidth=\"91\"\n\t\t\t\t\theight=\"75\"\n\t\t\t\t\tstyle=\"max-width:100%;\"\n\t\t\t\t\/>\n\t\t\t<\/a>\n\t\t<\/div>\n\t\t\t\t\t\t\t<\/div> \n\t\t\t\n\t\t\t\t<div id=\"ngg-image-9\" class=\"ngg-gallery-thumbnail-box \n\t\t\t\t\t\t\t\t\t\t\t\" \n\t\t\t>\n\t\t\t\t\t\t<div class=\"ngg-gallery-thumbnail\">\n\t\t\t<a href=\"http:\/\/minval.org\/svm\/wp-content\/gallery\/carlos\/bournonita-trepca-262-detalle.jpg\"\n\t\t\t\ttitle=\"Bournonita. Tr\u00eapca, Kos. Mitrovica. Kosovo. Cristal de 1,4 cm\"\n\t\t\t\tdata-src=\"http:\/\/minval.org\/svm\/wp-content\/gallery\/carlos\/bournonita-trepca-262-detalle.jpg\"\n\t\t\t\tdata-thumbnail=\"http:\/\/minval.org\/svm\/wp-content\/gallery\/carlos\/thumbs\/thumbs_bournonita-trepca-262-detalle.jpg\"\n\t\t\t\tdata-image-id=\"143\"\n\t\t\t\tdata-title=\"bournonita\"\n\t\t\t\tdata-description=\"Bournonita. Tr\u00eapca, Kos. Mitrovica. Kosovo. Cristal de 1,4 cm\"\n\t\t\t\tdata-image-slug=\"\"\n\t\t\t\tclass=\"ngg-simplelightbox\" rel=\"56de71ddf906dcd30a1c1147036385b8\">\n\t\t\t\t<img\n\t\t\t\t\ttitle=\"bournonita\"\n\t\t\t\t\talt=\"bournonita\"\n\t\t\t\t\tsrc=\"http:\/\/minval.org\/svm\/wp-content\/gallery\/carlos\/thumbs\/thumbs_bournonita-trepca-262-detalle.jpg\"\n\t\t\t\t\twidth=\"100\"\n\t\t\t\t\theight=\"75\"\n\t\t\t\t\tstyle=\"max-width:100%;\"\n\t\t\t\t\/>\n\t\t\t<\/a>\n\t\t<\/div>\n\t\t\t\t\t\t\t<\/div> \n\t\t\t\n\t\t\t\t<div id=\"ngg-image-10\" class=\"ngg-gallery-thumbnail-box \n\t\t\t\t\t\t\t\t\t\t\t\" \n\t\t\t>\n\t\t\t\t\t\t<div class=\"ngg-gallery-thumbnail\">\n\t\t\t<a href=\"http:\/\/minval.org\/svm\/wp-content\/gallery\/carlos\/calcantita-la-union-241.jpg\"\n\t\t\t\ttitle=\"Calcantita. La Uni\u00f3n. Murcia. Pieza 2,5x5,5 cm\"\n\t\t\t\tdata-src=\"http:\/\/minval.org\/svm\/wp-content\/gallery\/carlos\/calcantita-la-union-241.jpg\"\n\t\t\t\tdata-thumbnail=\"http:\/\/minval.org\/svm\/wp-content\/gallery\/carlos\/thumbs\/thumbs_calcantita-la-union-241.jpg\"\n\t\t\t\tdata-image-id=\"146\"\n\t\t\t\tdata-title=\"calcantita\"\n\t\t\t\tdata-description=\"Calcantita. La Uni\u00f3n. Murcia. Pieza 2,5x5,5 cm\"\n\t\t\t\tdata-image-slug=\"\"\n\t\t\t\tclass=\"ngg-simplelightbox\" rel=\"56de71ddf906dcd30a1c1147036385b8\">\n\t\t\t\t<img\n\t\t\t\t\ttitle=\"calcantita\"\n\t\t\t\t\talt=\"calcantita\"\n\t\t\t\t\tsrc=\"http:\/\/minval.org\/svm\/wp-content\/gallery\/carlos\/thumbs\/thumbs_calcantita-la-union-241.jpg\"\n\t\t\t\t\twidth=\"100\"\n\t\t\t\t\theight=\"75\"\n\t\t\t\t\tstyle=\"max-width:100%;\"\n\t\t\t\t\/>\n\t\t\t<\/a>\n\t\t<\/div>\n\t\t\t\t\t\t\t<\/div> \n\t\t\t\n\t\t\t\t<div id=\"ngg-image-11\" class=\"ngg-gallery-thumbnail-box \n\t\t\t\t\t\t\t\t\t\t\t\" \n\t\t\t>\n\t\t\t\t\t\t<div class=\"ngg-gallery-thumbnail\">\n\t\t\t<a href=\"http:\/\/minval.org\/svm\/wp-content\/gallery\/carlos\/calcita1.jpg\"\n\t\t\t\ttitle=\"Calcita. Pozo n\u00ba 3, Linares. Ja\u00e9n. Pieza 6,6x2 cm\"\n\t\t\t\tdata-src=\"http:\/\/minval.org\/svm\/wp-content\/gallery\/carlos\/calcita1.jpg\"\n\t\t\t\tdata-thumbnail=\"http:\/\/minval.org\/svm\/wp-content\/gallery\/carlos\/thumbs\/thumbs_calcita1.jpg\"\n\t\t\t\tdata-image-id=\"243\"\n\t\t\t\tdata-title=\"calcita\"\n\t\t\t\tdata-description=\"Calcita. Pozo n\u00ba 3, Linares. Ja\u00e9n. Pieza 6,6x2 cm\"\n\t\t\t\tdata-image-slug=\"\"\n\t\t\t\tclass=\"ngg-simplelightbox\" rel=\"56de71ddf906dcd30a1c1147036385b8\">\n\t\t\t\t<img\n\t\t\t\t\ttitle=\"calcita\"\n\t\t\t\t\talt=\"calcita\"\n\t\t\t\t\tsrc=\"http:\/\/minval.org\/svm\/wp-content\/gallery\/carlos\/thumbs\/thumbs_calcita1.jpg\"\n\t\t\t\t\twidth=\"100\"\n\t\t\t\t\theight=\"75\"\n\t\t\t\t\tstyle=\"max-width:100%;\"\n\t\t\t\t\/>\n\t\t\t<\/a>\n\t\t<\/div>\n\t\t\t\t\t\t\t<\/div> \n\t\t\t\n\t\t\t\t<div id=\"ngg-image-12\" class=\"ngg-gallery-thumbnail-box \n\t\t\t\t\t\t\t\t\t\t\t\" \n\t\t\t>\n\t\t\t\t\t\t<div class=\"ngg-gallery-thumbnail\">\n\t\t\t<a href=\"http:\/\/minval.org\/svm\/wp-content\/gallery\/carlos\/calc.jpg\"\n\t\t\t\ttitle=\"Calcita. Fengiangshan, Daye.China.\r\nCristal 35 x 30mm\"\n\t\t\t\tdata-src=\"http:\/\/minval.org\/svm\/wp-content\/gallery\/carlos\/calc.jpg\"\n\t\t\t\tdata-thumbnail=\"http:\/\/minval.org\/svm\/wp-content\/gallery\/carlos\/thumbs\/thumbs_calc.jpg\"\n\t\t\t\tdata-image-id=\"2112\"\n\t\t\t\tdata-title=\"Calcita\"\n\t\t\t\tdata-description=\"Calcita. Fengiangshan, Daye.China.\r\nCristal 35 x 30mm\"\n\t\t\t\tdata-image-slug=\"\"\n\t\t\t\tclass=\"ngg-simplelightbox\" rel=\"56de71ddf906dcd30a1c1147036385b8\">\n\t\t\t\t<img\n\t\t\t\t\ttitle=\"Calcita\"\n\t\t\t\t\talt=\"Calcita\"\n\t\t\t\t\tsrc=\"http:\/\/minval.org\/svm\/wp-content\/gallery\/carlos\/thumbs\/thumbs_calc.jpg\"\n\t\t\t\t\twidth=\"100\"\n\t\t\t\t\theight=\"75\"\n\t\t\t\t\tstyle=\"max-width:100%;\"\n\t\t\t\t\/>\n\t\t\t<\/a>\n\t\t<\/div>\n\t\t\t\t\t\t\t<\/div> \n\t\t\t\n\t\t\t\t<div id=\"ngg-image-13\" class=\"ngg-gallery-thumbnail-box \n\t\t\t\t\t\t\t\t\t\t\t\" \n\t\t\t>\n\t\t\t\t\t\t<div class=\"ngg-gallery-thumbnail\">\n\t\t\t<a href=\"http:\/\/minval.org\/svm\/wp-content\/gallery\/carlos\/calcotriquita-jiujiang-758.jpg\"\n\t\t\t\ttitle=\"Calcotriquita. Weijia, Jiujiang. China. Ac\u00edculas hasta 2 cm\"\n\t\t\t\tdata-src=\"http:\/\/minval.org\/svm\/wp-content\/gallery\/carlos\/calcotriquita-jiujiang-758.jpg\"\n\t\t\t\tdata-thumbnail=\"http:\/\/minval.org\/svm\/wp-content\/gallery\/carlos\/thumbs\/thumbs_calcotriquita-jiujiang-758.jpg\"\n\t\t\t\tdata-image-id=\"150\"\n\t\t\t\tdata-title=\"calcotriquita\"\n\t\t\t\tdata-description=\"Calcotriquita. Weijia, Jiujiang. China. Ac\u00edculas hasta 2 cm\"\n\t\t\t\tdata-image-slug=\"\"\n\t\t\t\tclass=\"ngg-simplelightbox\" rel=\"56de71ddf906dcd30a1c1147036385b8\">\n\t\t\t\t<img\n\t\t\t\t\ttitle=\"calcotriquita\"\n\t\t\t\t\talt=\"calcotriquita\"\n\t\t\t\t\tsrc=\"http:\/\/minval.org\/svm\/wp-content\/gallery\/carlos\/thumbs\/thumbs_calcotriquita-jiujiang-758.jpg\"\n\t\t\t\t\twidth=\"100\"\n\t\t\t\t\theight=\"75\"\n\t\t\t\t\tstyle=\"max-width:100%;\"\n\t\t\t\t\/>\n\t\t\t<\/a>\n\t\t<\/div>\n\t\t\t\t\t\t\t<\/div> \n\t\t\t\n\t\t\t\t<div id=\"ngg-image-14\" class=\"ngg-gallery-thumbnail-box \n\t\t\t\t\t\t\t\t\t\t\t\" \n\t\t\t>\n\t\t\t\t\t\t<div class=\"ngg-gallery-thumbnail\">\n\t\t\t<a href=\"http:\/\/minval.org\/svm\/wp-content\/gallery\/carlos\/carrollita-congo-783.jpg\"\n\t\t\t\ttitle=\"Carrollita. Kamoya South Mine, Kambove. Zaire.\r\nXls de 1,2 cm\r\n\"\n\t\t\t\tdata-src=\"http:\/\/minval.org\/svm\/wp-content\/gallery\/carlos\/carrollita-congo-783.jpg\"\n\t\t\t\tdata-thumbnail=\"http:\/\/minval.org\/svm\/wp-content\/gallery\/carlos\/thumbs\/thumbs_carrollita-congo-783.jpg\"\n\t\t\t\tdata-image-id=\"151\"\n\t\t\t\tdata-title=\"carrollita\"\n\t\t\t\tdata-description=\"Carrollita. Kamoya South Mine, Kambove. Zaire.\r\nXls de 1,2 cm\r\n\"\n\t\t\t\tdata-image-slug=\"\"\n\t\t\t\tclass=\"ngg-simplelightbox\" rel=\"56de71ddf906dcd30a1c1147036385b8\">\n\t\t\t\t<img\n\t\t\t\t\ttitle=\"carrollita\"\n\t\t\t\t\talt=\"carrollita\"\n\t\t\t\t\tsrc=\"http:\/\/minval.org\/svm\/wp-content\/gallery\/carlos\/thumbs\/thumbs_carrollita-congo-783.jpg\"\n\t\t\t\t\twidth=\"100\"\n\t\t\t\t\theight=\"75\"\n\t\t\t\t\tstyle=\"max-width:100%;\"\n\t\t\t\t\/>\n\t\t\t<\/a>\n\t\t<\/div>\n\t\t\t\t\t\t\t<\/div> \n\t\t\t\n\t\t\t\t<div id=\"ngg-image-15\" class=\"ngg-gallery-thumbnail-box \n\t\t\t\t\t\t\t\t\t\t\t\" \n\t\t\t>\n\t\t\t\t\t\t<div class=\"ngg-gallery-thumbnail\">\n\t\t\t<a href=\"http:\/\/minval.org\/svm\/wp-content\/gallery\/carlos\/celestina-puente-tablas-537.jpg\"\n\t\t\t\ttitle=\"Celestina. Puente Tablas, Ja\u00e9n. Pieza 3,5x7,6 cm\r\n\"\n\t\t\t\tdata-src=\"http:\/\/minval.org\/svm\/wp-content\/gallery\/carlos\/celestina-puente-tablas-537.jpg\"\n\t\t\t\tdata-thumbnail=\"http:\/\/minval.org\/svm\/wp-content\/gallery\/carlos\/thumbs\/thumbs_celestina-puente-tablas-537.jpg\"\n\t\t\t\tdata-image-id=\"152\"\n\t\t\t\tdata-title=\"celestina\"\n\t\t\t\tdata-description=\"Celestina. Puente Tablas, Ja\u00e9n. Pieza 3,5x7,6 cm\r\n\"\n\t\t\t\tdata-image-slug=\"\"\n\t\t\t\tclass=\"ngg-simplelightbox\" rel=\"56de71ddf906dcd30a1c1147036385b8\">\n\t\t\t\t<img\n\t\t\t\t\ttitle=\"celestina\"\n\t\t\t\t\talt=\"celestina\"\n\t\t\t\t\tsrc=\"http:\/\/minval.org\/svm\/wp-content\/gallery\/carlos\/thumbs\/thumbs_celestina-puente-tablas-537.jpg\"\n\t\t\t\t\twidth=\"100\"\n\t\t\t\t\theight=\"75\"\n\t\t\t\t\tstyle=\"max-width:100%;\"\n\t\t\t\t\/>\n\t\t\t<\/a>\n\t\t<\/div>\n\t\t\t\t\t\t\t<\/div> \n\t\t\t\n\t\t\t\t<div id=\"ngg-image-16\" class=\"ngg-gallery-thumbnail-box \n\t\t\t\t\t\t\t\t\t\t\t\" \n\t\t\t>\n\t\t\t\t\t\t<div class=\"ngg-gallery-thumbnail\">\n\t\t\t<a href=\"http:\/\/minval.org\/svm\/wp-content\/gallery\/carlos\/cerusita-marruecos-154.jpg\"\n\t\t\t\ttitle=\"Cerusita. Mibladen. Marruecos.\r\nXls de 3x3,5 cm\r\n\"\n\t\t\t\tdata-src=\"http:\/\/minval.org\/svm\/wp-content\/gallery\/carlos\/cerusita-marruecos-154.jpg\"\n\t\t\t\tdata-thumbnail=\"http:\/\/minval.org\/svm\/wp-content\/gallery\/carlos\/thumbs\/thumbs_cerusita-marruecos-154.jpg\"\n\t\t\t\tdata-image-id=\"153\"\n\t\t\t\tdata-title=\"cerusita\"\n\t\t\t\tdata-description=\"Cerusita. Mibladen. Marruecos.\r\nXls de 3x3,5 cm\r\n\"\n\t\t\t\tdata-image-slug=\"\"\n\t\t\t\tclass=\"ngg-simplelightbox\" rel=\"56de71ddf906dcd30a1c1147036385b8\">\n\t\t\t\t<img\n\t\t\t\t\ttitle=\"cerusita\"\n\t\t\t\t\talt=\"cerusita\"\n\t\t\t\t\tsrc=\"http:\/\/minval.org\/svm\/wp-content\/gallery\/carlos\/thumbs\/thumbs_cerusita-marruecos-154.jpg\"\n\t\t\t\t\twidth=\"100\"\n\t\t\t\t\theight=\"75\"\n\t\t\t\t\tstyle=\"max-width:100%;\"\n\t\t\t\t\/>\n\t\t\t<\/a>\n\t\t<\/div>\n\t\t\t\t\t\t\t<\/div> \n\t\t\t\n\t\t\t\t<div id=\"ngg-image-17\" class=\"ngg-gallery-thumbnail-box \n\t\t\t\t\t\t\t\t\t\t\t\" \n\t\t\t>\n\t\t\t\t\t\t<div class=\"ngg-gallery-thumbnail\">\n\t\t\t<a href=\"http:\/\/minval.org\/svm\/wp-content\/gallery\/carlos\/conellite1063.jpg\"\n\t\t\t\ttitle=\"Conellita. M\u00aa Josefa,Rodalquilar. Almeria.\r\nArea 9x7 mm\r\n\"\n\t\t\t\tdata-src=\"http:\/\/minval.org\/svm\/wp-content\/gallery\/carlos\/conellite1063.jpg\"\n\t\t\t\tdata-thumbnail=\"http:\/\/minval.org\/svm\/wp-content\/gallery\/carlos\/thumbs\/thumbs_conellite1063.jpg\"\n\t\t\t\tdata-image-id=\"156\"\n\t\t\t\tdata-title=\"cornellita\"\n\t\t\t\tdata-description=\"Conellita. M\u00aa Josefa,Rodalquilar. Almeria.\r\nArea 9x7 mm\r\n\"\n\t\t\t\tdata-image-slug=\"\"\n\t\t\t\tclass=\"ngg-simplelightbox\" rel=\"56de71ddf906dcd30a1c1147036385b8\">\n\t\t\t\t<img\n\t\t\t\t\ttitle=\"cornellita\"\n\t\t\t\t\talt=\"cornellita\"\n\t\t\t\t\tsrc=\"http:\/\/minval.org\/svm\/wp-content\/gallery\/carlos\/thumbs\/thumbs_conellite1063.jpg\"\n\t\t\t\t\twidth=\"100\"\n\t\t\t\t\theight=\"75\"\n\t\t\t\t\tstyle=\"max-width:100%;\"\n\t\t\t\t\/>\n\t\t\t<\/a>\n\t\t<\/div>\n\t\t\t\t\t\t\t<\/div> \n\t\t\t\n\t\t\t\t<div id=\"ngg-image-18\" class=\"ngg-gallery-thumbnail-box \n\t\t\t\t\t\t\t\t\t\t\t\" \n\t\t\t>\n\t\t\t\t\t\t<div class=\"ngg-gallery-thumbnail\">\n\t\t\t<a href=\"http:\/\/minval.org\/svm\/wp-content\/gallery\/carlos\/cornetita-zaire-199.jpg\"\n\t\t\t\ttitle=\"Cornetita. Etoile Mine, Lubumbashi. Zaire\r\nPieza 9,7x13 cm\r\n\"\n\t\t\t\tdata-src=\"http:\/\/minval.org\/svm\/wp-content\/gallery\/carlos\/cornetita-zaire-199.jpg\"\n\t\t\t\tdata-thumbnail=\"http:\/\/minval.org\/svm\/wp-content\/gallery\/carlos\/thumbs\/thumbs_cornetita-zaire-199.jpg\"\n\t\t\t\tdata-image-id=\"157\"\n\t\t\t\tdata-title=\"cornetita\"\n\t\t\t\tdata-description=\"Cornetita. Etoile Mine, Lubumbashi. Zaire\r\nPieza 9,7x13 cm\r\n\"\n\t\t\t\tdata-image-slug=\"\"\n\t\t\t\tclass=\"ngg-simplelightbox\" rel=\"56de71ddf906dcd30a1c1147036385b8\">\n\t\t\t\t<img\n\t\t\t\t\ttitle=\"cornetita\"\n\t\t\t\t\talt=\"cornetita\"\n\t\t\t\t\tsrc=\"http:\/\/minval.org\/svm\/wp-content\/gallery\/carlos\/thumbs\/thumbs_cornetita-zaire-199.jpg\"\n\t\t\t\t\twidth=\"100\"\n\t\t\t\t\theight=\"75\"\n\t\t\t\t\tstyle=\"max-width:100%;\"\n\t\t\t\t\/>\n\t\t\t<\/a>\n\t\t<\/div>\n\t\t\t\t\t\t\t<\/div> \n\t\t\t\n\t\t\t\t<div id=\"ngg-image-19\" class=\"ngg-gallery-thumbnail-box \n\t\t\t\t\t\t\t\t\t\t\t\" \n\t\t\t>\n\t\t\t\t\t\t<div class=\"ngg-gallery-thumbnail\">\n\t\t\t<a href=\"http:\/\/minval.org\/svm\/wp-content\/gallery\/carlos\/creedita-mexico-723.jpg\"\n\t\t\t\ttitle=\"Creedita. Mina Navidad, Durango. M\u00e9xico.\r\nPieza 3x4,1 cm\r\n\"\n\t\t\t\tdata-src=\"http:\/\/minval.org\/svm\/wp-content\/gallery\/carlos\/creedita-mexico-723.jpg\"\n\t\t\t\tdata-thumbnail=\"http:\/\/minval.org\/svm\/wp-content\/gallery\/carlos\/thumbs\/thumbs_creedita-mexico-723.jpg\"\n\t\t\t\tdata-image-id=\"158\"\n\t\t\t\tdata-title=\"creedita\"\n\t\t\t\tdata-description=\"Creedita. Mina Navidad, Durango. M\u00e9xico.\r\nPieza 3x4,1 cm\r\n\"\n\t\t\t\tdata-image-slug=\"\"\n\t\t\t\tclass=\"ngg-simplelightbox\" rel=\"56de71ddf906dcd30a1c1147036385b8\">\n\t\t\t\t<img\n\t\t\t\t\ttitle=\"creedita\"\n\t\t\t\t\talt=\"creedita\"\n\t\t\t\t\tsrc=\"http:\/\/minval.org\/svm\/wp-content\/gallery\/carlos\/thumbs\/thumbs_creedita-mexico-723.jpg\"\n\t\t\t\t\twidth=\"100\"\n\t\t\t\t\theight=\"75\"\n\t\t\t\t\tstyle=\"max-width:100%;\"\n\t\t\t\t\/>\n\t\t\t<\/a>\n\t\t<\/div>\n\t\t\t\t\t\t\t<\/div> \n\t\t\t\n\t\t\t\t<div id=\"ngg-image-20\" class=\"ngg-gallery-thumbnail-box \n\t\t\t\t\t\t\t\t\t\t\t\" \n\t\t\t>\n\t\t\t\t\t\t<div class=\"ngg-gallery-thumbnail\">\n\t\t\t<a href=\"http:\/\/minval.org\/svm\/wp-content\/gallery\/carlos\/dyscrasita-chequia-725.jpg\"\n\t\t\t\ttitle=\"Dyscrasita. Mina Uranio 21, Pribam. Chequia.\r\nPieza 1,4x1,3 cm\r\n\"\n\t\t\t\tdata-src=\"http:\/\/minval.org\/svm\/wp-content\/gallery\/carlos\/dyscrasita-chequia-725.jpg\"\n\t\t\t\tdata-thumbnail=\"http:\/\/minval.org\/svm\/wp-content\/gallery\/carlos\/thumbs\/thumbs_dyscrasita-chequia-725.jpg\"\n\t\t\t\tdata-image-id=\"160\"\n\t\t\t\tdata-title=\"dyscrasita\"\n\t\t\t\tdata-description=\"Dyscrasita. Mina Uranio 21, Pribam. Chequia.\r\nPieza 1,4x1,3 cm\r\n\"\n\t\t\t\tdata-image-slug=\"\"\n\t\t\t\tclass=\"ngg-simplelightbox\" rel=\"56de71ddf906dcd30a1c1147036385b8\">\n\t\t\t\t<img\n\t\t\t\t\ttitle=\"dyscrasita\"\n\t\t\t\t\talt=\"dyscrasita\"\n\t\t\t\t\tsrc=\"http:\/\/minval.org\/svm\/wp-content\/gallery\/carlos\/thumbs\/thumbs_dyscrasita-chequia-725.jpg\"\n\t\t\t\t\twidth=\"100\"\n\t\t\t\t\theight=\"75\"\n\t\t\t\t\tstyle=\"max-width:100%;\"\n\t\t\t\t\/>\n\t\t\t<\/a>\n\t\t<\/div>\n\t\t\t\t\t\t\t<\/div> \n\t\t\t\n\t\t\t\t<div id=\"ngg-image-21\" class=\"ngg-gallery-thumbnail-box \n\t\t\t\t\t\t\t\t\t\t\t\" \n\t\t\t>\n\t\t\t\t\t\t<div class=\"ngg-gallery-thumbnail\">\n\t\t\t<a href=\"http:\/\/minval.org\/svm\/wp-content\/gallery\/carlos\/egirina-monte-malosa-692.jpg\"\n\t\t\t\ttitle=\"Egirina. Mt Malosa, Zomba Plateau. Malawi\r\nPieza 6,4x4 cm\r\n\"\n\t\t\t\tdata-src=\"http:\/\/minval.org\/svm\/wp-content\/gallery\/carlos\/egirina-monte-malosa-692.jpg\"\n\t\t\t\tdata-thumbnail=\"http:\/\/minval.org\/svm\/wp-content\/gallery\/carlos\/thumbs\/thumbs_egirina-monte-malosa-692.jpg\"\n\t\t\t\tdata-image-id=\"161\"\n\t\t\t\tdata-title=\"egirina\"\n\t\t\t\tdata-description=\"Egirina. Mt Malosa, Zomba Plateau. Malawi\r\nPieza 6,4x4 cm\r\n\"\n\t\t\t\tdata-image-slug=\"\"\n\t\t\t\tclass=\"ngg-simplelightbox\" rel=\"56de71ddf906dcd30a1c1147036385b8\">\n\t\t\t\t<img\n\t\t\t\t\ttitle=\"egirina\"\n\t\t\t\t\talt=\"egirina\"\n\t\t\t\t\tsrc=\"http:\/\/minval.org\/svm\/wp-content\/gallery\/carlos\/thumbs\/thumbs_egirina-monte-malosa-692.jpg\"\n\t\t\t\t\twidth=\"100\"\n\t\t\t\t\theight=\"75\"\n\t\t\t\t\tstyle=\"max-width:100%;\"\n\t\t\t\t\/>\n\t\t\t<\/a>\n\t\t<\/div>\n\t\t\t\t\t\t\t<\/div> \n\t\t\t\n\t\t\t\t<div id=\"ngg-image-22\" class=\"ngg-gallery-thumbnail-box \n\t\t\t\t\t\t\t\t\t\t\t\" \n\t\t\t>\n\t\t\t\t\t\t<div class=\"ngg-gallery-thumbnail\">\n\t\t\t<a href=\"http:\/\/minval.org\/svm\/wp-content\/gallery\/carlos\/egirina-monte-malosa-757.jpg\"\n\t\t\t\ttitle=\"Egirina. Mt Malosa, Zomba Platreau. Malawi\r\nPieza 5,7x6,1 cm\r\n\"\n\t\t\t\tdata-src=\"http:\/\/minval.org\/svm\/wp-content\/gallery\/carlos\/egirina-monte-malosa-757.jpg\"\n\t\t\t\tdata-thumbnail=\"http:\/\/minval.org\/svm\/wp-content\/gallery\/carlos\/thumbs\/thumbs_egirina-monte-malosa-757.jpg\"\n\t\t\t\tdata-image-id=\"162\"\n\t\t\t\tdata-title=\"egirina\"\n\t\t\t\tdata-description=\"Egirina. Mt Malosa, Zomba Platreau. Malawi\r\nPieza 5,7x6,1 cm\r\n\"\n\t\t\t\tdata-image-slug=\"\"\n\t\t\t\tclass=\"ngg-simplelightbox\" rel=\"56de71ddf906dcd30a1c1147036385b8\">\n\t\t\t\t<img\n\t\t\t\t\ttitle=\"egirina\"\n\t\t\t\t\talt=\"egirina\"\n\t\t\t\t\tsrc=\"http:\/\/minval.org\/svm\/wp-content\/gallery\/carlos\/thumbs\/thumbs_egirina-monte-malosa-757.jpg\"\n\t\t\t\t\twidth=\"100\"\n\t\t\t\t\theight=\"75\"\n\t\t\t\t\tstyle=\"max-width:100%;\"\n\t\t\t\t\/>\n\t\t\t<\/a>\n\t\t<\/div>\n\t\t\t\t\t\t\t<\/div> \n\t\t\t\n\t\t\t\t<div id=\"ngg-image-23\" class=\"ngg-gallery-thumbnail-box \n\t\t\t\t\t\t\t\t\t\t\t\" \n\t\t\t>\n\t\t\t\t\t\t<div class=\"ngg-gallery-thumbnail\">\n\t\t\t<a href=\"http:\/\/minval.org\/svm\/wp-content\/gallery\/carlos\/espou-2_4.jpg\"\n\t\t\t\ttitle=\"espodumena .hiddenita\r\nminas gerais . Brasil , \"\n\t\t\t\tdata-src=\"http:\/\/minval.org\/svm\/wp-content\/gallery\/carlos\/espou-2_4.jpg\"\n\t\t\t\tdata-thumbnail=\"http:\/\/minval.org\/svm\/wp-content\/gallery\/carlos\/thumbs\/thumbs_espou-2_4.jpg\"\n\t\t\t\tdata-image-id=\"2004\"\n\t\t\t\tdata-title=\"espodumena , hiddenita\"\n\t\t\t\tdata-description=\"espodumena .hiddenita\r\nminas gerais . Brasil , \"\n\t\t\t\tdata-image-slug=\"\"\n\t\t\t\tclass=\"ngg-simplelightbox\" rel=\"56de71ddf906dcd30a1c1147036385b8\">\n\t\t\t\t<img\n\t\t\t\t\ttitle=\"espodumena , hiddenita\"\n\t\t\t\t\talt=\"espodumena , hiddenita\"\n\t\t\t\t\tsrc=\"http:\/\/minval.org\/svm\/wp-content\/gallery\/carlos\/thumbs\/thumbs_espou-2_4.jpg\"\n\t\t\t\t\twidth=\"33\"\n\t\t\t\t\theight=\"75\"\n\t\t\t\t\tstyle=\"max-width:100%;\"\n\t\t\t\t\/>\n\t\t\t<\/a>\n\t\t<\/div>\n\t\t\t\t\t\t\t<\/div> \n\t\t\t\n\t\n\t<br style=\"clear: both\" \/>\n\n\t\n\t\t<!-- Pagination -->\n\t\t<div class='ngg-navigation'><span class='current'>1<\/span>\n<a class='page-numbers' data-pageid='2' href='http:\/\/minval.org\/svm\/index.php\/nggallery\/page\/2?p=1274'>2<\/a>\n<span class='ellipsis'>...<\/span>\n<a class='page-numbers' data-pageid='4' href='http:\/\/minval.org\/svm\/index.php\/nggallery\/page\/4?p=1274'>4<\/a>\n<a class='prev' href='http:\/\/minval.org\/svm\/index.php\/nggallery\/page\/2?p=1274' data-pageid=2>&#9658;<\/a><\/div>\t<\/div>\n \u00a0 \u00a0 \u00a0 \u00a0 \u00a0 \u00a0 \u00a0 \u00a0 \u00a0 \u00a0 \u00a0 \u00a0 \u00a0 \u00a0 \u00a0 \u00a0 \u00a0 \u00a0 \u00a0<a href=\"http:\/\/minval.org\/svm\/?page_id=190\">Volver a Colecciones<\/a><!--:--><!--:ca--><\/p>\n<\/p>\n<p><!--:--><!--:en--><\/p>\n<\/p>\n<p><!--:--><\/p>\n","protected":false},"excerpt":{"rendered":"<p>Soy\u00a0un coleccionista de minerales de Castell\u00f3n, empec\u00e9 de muy peque\u00f1o con esta afici\u00f3n. Tengo una bonita colecci\u00f3n de la que estoy muy orgulloso. La mineralog\u00eda me ha permitido conocer a excelentes personas con las que he compartido experiencias, ideas\u00a0y momentos&#8230;<\/p>\n","protected":false},"author":2,"featured_media":0,"comment_status":"closed","ping_status":"closed","sticky":false,"template":"","format":"standard","meta":{"ngg_post_thumbnail":0,"footnotes":""},"categories":[5],"tags":[],"_links":{"self":[{"href":"http:\/\/minval.org\/svm\/index.php?rest_route=\/wp\/v2\/posts\/1274"}],"collection":[{"href":"http:\/\/minval.org\/svm\/index.php?rest_route=\/wp\/v2\/posts"}],"about":[{"href":"http:\/\/minval.org\/svm\/index.php?rest_route=\/wp\/v2\/types\/post"}],"author":[{"embeddable":true,"href":"http:\/\/minval.org\/svm\/index.php?rest_route=\/wp\/v2\/users\/2"}],"replies":[{"embeddable":true,"href":"http:\/\/minval.org\/svm\/index.php?rest_route=%2Fwp%2Fv2%2Fcomments&post=1274"}],"version-history":[{"count":0,"href":"http:\/\/minval.org\/svm\/index.php?rest_route=\/wp\/v2\/posts\/1274\/revisions"}],"wp:attachment":[{"href":"http:\/\/minval.org\/svm\/index.php?rest_route=%2Fwp%2Fv2%2Fmedia&parent=1274"}],"wp:term":[{"taxonomy":"category","embeddable":true,"href":"http:\/\/minval.org\/svm\/index.php?rest_route=%2Fwp%2Fv2%2Fcategories&post=1274"},{"taxonomy":"post_tag","embeddable":true,"href":"http:\/\/minval.org\/svm\/index.php?rest_route=%2Fwp%2Fv2%2Ftags&post=1274"}],"curies":[{"name":"wp","href":"https:\/\/api.w.org\/{rel}","templated":true}]}}