{"id":1330,"date":"2009-10-23T23:54:08","date_gmt":"2009-10-23T21:54:08","guid":{"rendered":"http:\/\/minval.org\/svm\/?p=1330"},"modified":"2009-10-23T23:54:08","modified_gmt":"2009-10-23T21:54:08","slug":"juan-jose-duran-valero","status":"publish","type":"post","link":"http:\/\/minval.org\/svm\/?p=1330","title":{"rendered":"Juan Jos\u00e9 Dur\u00e1n Valsero"},"content":{"rendered":"<p><!--:es--><\/p>\n<table border=\"0\" width=\"650\">\n<tbody>\n<tr>\n<td style=\"width: 150px;\">\u00a0\t<div class=\"ngg-gallery-singlepic-image ngg-center\" style=\"max-width: 100px\">\n\t\t\t\t<a href=\"http:\/\/minval.org\/svm\/wp-content\/gallery\/calvo-rebollar-miguel\/id173.jpg\"\n\t\t\ttitle=\"\"\n\t\t\tdata-src=\"http:\/\/minval.org\/svm\/wp-content\/gallery\/calvo-rebollar-miguel\/id173.jpg\"\n\t\t\tdata-thumbnail=\"http:\/\/minval.org\/svm\/wp-content\/gallery\/calvo-rebollar-miguel\/thumbs\/thumbs_id173.jpg\"\n\t\t\tdata-image-id=\"348\"\n\t\t\tdata-title=\"id173\"\n\t\t\tdata-description=\"\"\n\t\t\ttarget='_self'\n\t\t\tclass=\"ngg-simplelightbox\" rel=\"1ef0d6ede5f1b1bbb3f6ebd3928b9429\">\n\t\t\t<img class=\"ngg-singlepic\"\n\t\t\t\tsrc=\"http:\/\/minval.org\/svm\/wp-content\/gallery\/calvo-rebollar-miguel\/cache\/id173.jpg-nggid03348-ngg0dyn-100x0x100-00f0w010c010r110f110r010t010.jpg\"\n\t\t\t\talt=\"id173\"\n\t\t\t\ttitle=\"id173\"\n\t\t\t\t\t\t\t\t\twidth=\"100\" \t\t\t\t\t\t\t\/>\n\t\t<\/a>\n\t\t\t<\/div>\n\t\t<\/td>\n<td>\n<h3>Patrimonio geol\u00f3gico de la Comunidad Aut\u00f3noma de Madrid<\/h3>\n<address>Dur\u00e1n Valsero, Juan Jos\u00e9 (editor)<\/address>\n<address>Madrid : Sociedad Geol\u00f3gica de Espa\u00f1a, 1998<\/address>\n<address>290 p. : il. col. y n. ; 24 cm<\/address>\n<address>AS 3264-1998<\/address>\n<\/td>\n<\/tr>\n<tr>\n<td>\n<address>\u00a0\t<div class=\"ngg-gallery-singlepic-image ngg-center\" style=\"max-width: 100px\">\n\t\t\t\t<a href=\"http:\/\/minval.org\/svm\/wp-content\/gallery\/calvo-rebollar-miguel\/id124_0.jpg\"\n\t\t\ttitle=\"\"\n\t\t\tdata-src=\"http:\/\/minval.org\/svm\/wp-content\/gallery\/calvo-rebollar-miguel\/id124_0.jpg\"\n\t\t\tdata-thumbnail=\"http:\/\/minval.org\/svm\/wp-content\/gallery\/calvo-rebollar-miguel\/thumbs\/thumbs_id124_0.jpg\"\n\t\t\tdata-image-id=\"349\"\n\t\t\tdata-title=\"id124_0\"\n\t\t\tdata-description=\"\"\n\t\t\ttarget='_self'\n\t\t\tclass=\"ngg-simplelightbox\" rel=\"1c2599679d81f030f44ad03f9bd6b5d1\">\n\t\t\t<img class=\"ngg-singlepic\"\n\t\t\t\tsrc=\"http:\/\/minval.org\/svm\/wp-content\/gallery\/calvo-rebollar-miguel\/cache\/id124_0.jpg-nggid03349-ngg0dyn-100x0x100-00f0w010c010r110f110r010t010.jpg\"\n\t\t\t\talt=\"id124_0\"\n\t\t\t\ttitle=\"id124_0\"\n\t\t\t\t\t\t\t\t\twidth=\"100\" \t\t\t\t\t\t\t\/>\n\t\t<\/a>\n\t\t\t<\/div>\n\t\t<\/address>\n<\/td>\n<td>\n<h3>Patrimonio geol\u00f3gico de Andaluc\u00eda<\/h3>\n<address>Dur\u00e1n Valsero, Juan Jos\u00e9 (editor)<\/address>\n<address>Nuche del Rivero, Rafael (editor)<\/address>\n<address>1\u00aa ed.<\/address>\n<address>[Madrid] : ENRESA, 1999<\/address>\n<address>357 p. : il. col. ; 31 cm<\/address>\n<address>AS 3189-1999<\/address>\n<address><\/address>\n<\/td>\n<\/tr>\n<tr>\n<td>\n<address>\u00a0<\/address>\n<\/td>\n<td>\n<h3>Patrimonio geol\u00f3gico de Andaluc\u00eda<\/h3>\n<address>Nuche del Rivero, Rafael (editor)<\/address>\n<address>Dur\u00e1n Valsero, Juan Jos\u00e9 (editor)<\/address>\n<address>2\u00aa ed. (corr. y aum.)<\/address>\n<address>Madrid : ENRESA, [2004]<\/address>\n<address>549 p. : il. col. y n., mapas ; 31 cm<\/address>\n<address>AS 548-2004<\/address>\n<address>\u00a0<\/address>\n<\/td>\n<\/tr>\n<tr>\n<td>\u00a0<\/td>\n<td>\n<p style=\"TEXT-ALIGN: right\">\u00a0<a href=\"http:\/\/minval.org\/svm\/?p=303\">volver &gt;&gt;<\/a><\/p>\n<\/td>\n<\/tr>\n<\/tbody>\n<\/table>\n<p><!--:--><\/p>\n","protected":false},"excerpt":{"rendered":"<p>\u00a0 Patrimonio geol\u00f3gico de la Comunidad Aut\u00f3noma de Madrid Dur\u00e1n Valsero, Juan Jos\u00e9 (editor) Madrid : Sociedad Geol\u00f3gica de Espa\u00f1a, 1998 290 p. : il. col. y n. ; 24 cm AS 3264-1998 \u00a0 Patrimonio geol\u00f3gico de Andaluc\u00eda Dur\u00e1n Valsero,&#8230;<\/p>\n","protected":false},"author":3,"featured_media":0,"comment_status":"closed","ping_status":"closed","sticky":false,"template":"","format":"standard","meta":{"ngg_post_thumbnail":0,"footnotes":""},"categories":[5],"tags":[9],"_links":{"self":[{"href":"http:\/\/minval.org\/svm\/index.php?rest_route=\/wp\/v2\/posts\/1330"}],"collection":[{"href":"http:\/\/minval.org\/svm\/index.php?rest_route=\/wp\/v2\/posts"}],"about":[{"href":"http:\/\/minval.org\/svm\/index.php?rest_route=\/wp\/v2\/types\/post"}],"author":[{"embeddable":true,"href":"http:\/\/minval.org\/svm\/index.php?rest_route=\/wp\/v2\/users\/3"}],"replies":[{"embeddable":true,"href":"http:\/\/minval.org\/svm\/index.php?rest_route=%2Fwp%2Fv2%2Fcomments&post=1330"}],"version-history":[{"count":0,"href":"http:\/\/minval.org\/svm\/index.php?rest_route=\/wp\/v2\/posts\/1330\/revisions"}],"wp:attachment":[{"href":"http:\/\/minval.org\/svm\/index.php?rest_route=%2Fwp%2Fv2%2Fmedia&parent=1330"}],"wp:term":[{"taxonomy":"category","embeddable":true,"href":"http:\/\/minval.org\/svm\/index.php?rest_route=%2Fwp%2Fv2%2Fcategories&post=1330"},{"taxonomy":"post_tag","embeddable":true,"href":"http:\/\/minval.org\/svm\/index.php?rest_route=%2Fwp%2Fv2%2Ftags&post=1330"}],"curies":[{"name":"wp","href":"https:\/\/api.w.org\/{rel}","templated":true}]}}