{"id":1484,"date":"2009-10-25T03:43:35","date_gmt":"2009-10-25T01:43:35","guid":{"rendered":"http:\/\/minval.org\/svm\/?p=1484"},"modified":"2009-10-25T03:43:35","modified_gmt":"2009-10-25T01:43:35","slug":"vicente-sos-baynat","status":"publish","type":"post","link":"http:\/\/minval.org\/svm\/?p=1484","title":{"rendered":"Vicente Sos Baynat"},"content":{"rendered":"<p><!--:es--><\/p>\n<table border=\"0\" width=\"650\">\n<tbody>\n<tr>\n<td>\u00a0<\/td>\n<td style=\"TEXT-ALIGN: right\">\n<h3><em><a href=\"http:\/\/minval.org\/svm\/?p=1901\">Biograf\u00eda de Vicente Sos Baynat<\/a><\/em><\/h3>\n<\/td>\n<\/tr>\n<tr>\n<td style=\"width: 150px;\">\u00a0\t<div class=\"ngg-gallery-singlepic-image ngg-center\" style=\"max-width: 100px\">\n\t\t\t\t<a href=\"http:\/\/minval.org\/svm\/wp-content\/gallery\/calvo-rebollar-miguel\/id211.jpg\"\n\t\t\ttitle=\"\"\n\t\t\tdata-src=\"http:\/\/minval.org\/svm\/wp-content\/gallery\/calvo-rebollar-miguel\/id211.jpg\"\n\t\t\tdata-thumbnail=\"http:\/\/minval.org\/svm\/wp-content\/gallery\/calvo-rebollar-miguel\/thumbs\/thumbs_id211.jpg\"\n\t\t\tdata-image-id=\"390\"\n\t\t\tdata-title=\"id211\"\n\t\t\tdata-description=\"\"\n\t\t\ttarget='_self'\n\t\t\tclass=\"ngg-simplelightbox\" rel=\"4f7752b88049ef589aadeb875a3a7469\">\n\t\t\t<img class=\"ngg-singlepic\"\n\t\t\t\tsrc=\"http:\/\/minval.org\/svm\/wp-content\/gallery\/calvo-rebollar-miguel\/cache\/id211.jpg-nggid03390-ngg0dyn-100x0x100-00f0w010c010r110f110r010t010.jpg\"\n\t\t\t\talt=\"id211\"\n\t\t\t\ttitle=\"id211\"\n\t\t\t\t\t\t\t\t\twidth=\"100\" \t\t\t\t\t\t\t\/>\n\t\t<\/a>\n\t\t\t<\/div>\n\t\t<\/td>\n<td>\n<h3>Geolog\u00eda, mineralog\u00eda y mineralogenia de la Sierra de San Crist\u00f3bal, Logros\u00e1n (C\u00e1ceres)<\/h3>\n<address>Sos Baynat, Vicente<\/address>\n<address>Madrid : [Real Academia de Ciencias Exactas, F\u00edsicas y Naturales de Madrid], 1967<\/address>\n<address>141 p., [1] h. pleg., IX h. de l\u00e1m. : il. ; 27 cm<\/address>\n<address>Memorias de la Academia de Ciencias Exactas, F\u00edsicas y Naturales de Madrid. Serie de ciencias naturales ; t. 12, memoria n. 1)<\/address>\n<address>M 5553-1967<\/address>\n<address>\u00a0<\/address>\n<\/td>\n<\/tr>\n<tr>\n<td>\n<address>\u00a0\t<div class=\"ngg-gallery-singlepic-image ngg-center\" style=\"max-width: 100px\">\n\t\t\t\t<a href=\"http:\/\/minval.org\/svm\/wp-content\/gallery\/calvo-rebollar-miguel\/id202.jpg\"\n\t\t\ttitle=\"\"\n\t\t\tdata-src=\"http:\/\/minval.org\/svm\/wp-content\/gallery\/calvo-rebollar-miguel\/id202.jpg\"\n\t\t\tdata-thumbnail=\"http:\/\/minval.org\/svm\/wp-content\/gallery\/calvo-rebollar-miguel\/thumbs\/thumbs_id202.jpg\"\n\t\t\tdata-image-id=\"381\"\n\t\t\tdata-title=\"id202\"\n\t\t\tdata-description=\"\"\n\t\t\ttarget='_self'\n\t\t\tclass=\"ngg-simplelightbox\" rel=\"8c8e0cfea02a961de1723b07c138f40e\">\n\t\t\t<img class=\"ngg-singlepic\"\n\t\t\t\tsrc=\"http:\/\/minval.org\/svm\/wp-content\/gallery\/calvo-rebollar-miguel\/cache\/id202.jpg-nggid03381-ngg0dyn-100x0x100-00f0w010c010r110f110r010t010.jpg\"\n\t\t\t\talt=\"id202\"\n\t\t\t\ttitle=\"id202\"\n\t\t\t\t\t\t\t\t\twidth=\"100\" \t\t\t\t\t\t\t\/>\n\t\t<\/a>\n\t\t\t<\/div>\n\t\t<\/address>\n<\/td>\n<td>\n<h3>Introducci\u00f3n a la mineralog\u00eda de la provincia de Castell\u00f3n<\/h3>\n<address>Sos Baynat, Vicente<\/address>\n<address>Castell\u00f3n de la Plana : [Sociedad Castellonense de Cultura], 1970<\/address>\n<address>75 p., 1 h. ; 21 cm<\/address>\n<address>Geograf\u00eda y Geolog\u00eda ; 3<\/address>\n<address>CS 3-1958<\/address>\n<address>\u00a0<\/address>\n<\/td>\n<\/tr>\n<tr>\n<td>\n<address>\u00a0\t<div class=\"ngg-gallery-singlepic-image ngg-center\" style=\"max-width: 100px\">\n\t\t\t\t<a href=\"http:\/\/minval.org\/svm\/wp-content\/gallery\/calvo-rebollar-miguel\/id204.jpg\"\n\t\t\ttitle=\"\"\n\t\t\tdata-src=\"http:\/\/minval.org\/svm\/wp-content\/gallery\/calvo-rebollar-miguel\/id204.jpg\"\n\t\t\tdata-thumbnail=\"http:\/\/minval.org\/svm\/wp-content\/gallery\/calvo-rebollar-miguel\/thumbs\/thumbs_id204.jpg\"\n\t\t\tdata-image-id=\"383\"\n\t\t\tdata-title=\"id204\"\n\t\t\tdata-description=\"\"\n\t\t\ttarget='_self'\n\t\t\tclass=\"ngg-simplelightbox\" rel=\"26f93a3f72e27cc624ff50b03bf8cae4\">\n\t\t\t<img class=\"ngg-singlepic\"\n\t\t\t\tsrc=\"http:\/\/minval.org\/svm\/wp-content\/gallery\/calvo-rebollar-miguel\/cache\/id204.jpg-nggid03383-ngg0dyn-100x0x100-00f0w010c010r110f110r010t010.jpg\"\n\t\t\t\talt=\"id204\"\n\t\t\t\ttitle=\"id204\"\n\t\t\t\t\t\t\t\t\twidth=\"100\" \t\t\t\t\t\t\t\/>\n\t\t<\/a>\n\t\t\t<\/div>\n\t\t<\/address>\n<\/td>\n<td>\n<h3>Las rocas eruptivas of\u00edticas de la provincia de Castell\u00f3n \u00a0\u00a0\u00a0\u00a0\u00a0\u00a0\u00a0\u00a0\u00a0\u00a0\u00a0\u00a0<\/h3>\n<address>Sos Baynat, Vicente<\/address>\n<address>Castell\u00f3n de la Plana : Sociedad Castellonense de Cultura, 1978<\/address>\n<address>208-225 p., 1 h. con lam. : il. ; 21 cm<\/address>\n<address>Es tirada aparte del Bolet\u00edn de la Sociedad Castellonense de Cultura, tomo IV, cuaderno III, julio-septiembre 1978<\/address>\n<address>CS 3-1958<\/address>\n<address>\u00a0<\/address>\n<\/td>\n<\/tr>\n<tr>\n<td>\n<address>\u00a0<\/address>\n<\/td>\n<td>\n<h3>Museo de Geolog\u00eda de Extremadura<\/h3>\n<address>Sos Baynat, Vicente<\/address>\n<address>M\u00e9rida : Ayuntamiento, 1981<\/address>\n<address>40 p. ; 22 cm<\/address>\n<address>BA 406-1982<\/address>\n<address>\u00a0<\/address>\n<\/td>\n<\/tr>\n<tr>\n<td>\n<address>\u00a0\t<div class=\"ngg-gallery-singlepic-image ngg-center\" style=\"max-width: 100px\">\n\t\t\t\t<a href=\"http:\/\/minval.org\/svm\/wp-content\/gallery\/calvo-rebollar-miguel\/id201.jpg\"\n\t\t\ttitle=\"\"\n\t\t\tdata-src=\"http:\/\/minval.org\/svm\/wp-content\/gallery\/calvo-rebollar-miguel\/id201.jpg\"\n\t\t\tdata-thumbnail=\"http:\/\/minval.org\/svm\/wp-content\/gallery\/calvo-rebollar-miguel\/thumbs\/thumbs_id201.jpg\"\n\t\t\tdata-image-id=\"380\"\n\t\t\tdata-title=\"id201\"\n\t\t\tdata-description=\"\"\n\t\t\ttarget='_self'\n\t\t\tclass=\"ngg-simplelightbox\" rel=\"90656e2b8b9d54752a1c152678ab9319\">\n\t\t\t<img class=\"ngg-singlepic\"\n\t\t\t\tsrc=\"http:\/\/minval.org\/svm\/wp-content\/gallery\/calvo-rebollar-miguel\/cache\/id201.jpg-nggid03380-ngg0dyn-100x0x100-00f0w010c010r110f110r010t010.jpg\"\n\t\t\t\talt=\"id201\"\n\t\t\t\ttitle=\"id201\"\n\t\t\t\t\t\t\t\t\twidth=\"100\" \t\t\t\t\t\t\t\/>\n\t\t<\/a>\n\t\t\t<\/div>\n\t\t<\/address>\n<\/td>\n<td>\n<h3>Compendio de geolog\u00eda de la provincia de Castell\u00f3n : estratigraf\u00eda, tect\u00f3nica y orogenia<\/h3>\n<address>Sos Baynat, Vicente<\/address>\n<address>[Madrid] : Editorial Confederaci\u00f3n Espa\u00f1ola de Cajas de Ahorro, [1982]<\/address>\n<address>402 p. : il. ; 25 cm<\/address>\n<address>Publicaciones del Seminario de Estudios Econ\u00f3micos y Sociales<\/address>\n<address>CS 4-1982<\/address>\n<address>\u00a0<\/address>\n<\/td>\n<\/tr>\n<tr>\n<td>\n<address>\u00a0\t<div class=\"ngg-gallery-singlepic-image ngg-center\" style=\"max-width: 100px\">\n\t\t\t\t<a href=\"http:\/\/minval.org\/svm\/wp-content\/gallery\/calvo-rebollar-miguel\/id212.jpg\"\n\t\t\ttitle=\"\"\n\t\t\tdata-src=\"http:\/\/minval.org\/svm\/wp-content\/gallery\/calvo-rebollar-miguel\/id212.jpg\"\n\t\t\tdata-thumbnail=\"http:\/\/minval.org\/svm\/wp-content\/gallery\/calvo-rebollar-miguel\/thumbs\/thumbs_id212.jpg\"\n\t\t\tdata-image-id=\"391\"\n\t\t\tdata-title=\"id212\"\n\t\t\tdata-description=\"\"\n\t\t\ttarget='_self'\n\t\t\tclass=\"ngg-simplelightbox\" rel=\"c79a00cabf8b8d6c356dcbbf87d53cf6\">\n\t\t\t<img class=\"ngg-singlepic\"\n\t\t\t\tsrc=\"http:\/\/minval.org\/svm\/wp-content\/gallery\/calvo-rebollar-miguel\/cache\/id212.jpg-nggid03391-ngg0dyn-100x0x100-00f0w010c010r110f110r010t010.jpg\"\n\t\t\t\talt=\"id212\"\n\t\t\t\ttitle=\"id212\"\n\t\t\t\t\t\t\t\t\twidth=\"100\" \t\t\t\t\t\t\t\/>\n\t\t<\/a>\n\t\t\t<\/div>\n\t\t<\/address>\n<\/td>\n<td>\n<h3>La geolog\u00eda de la provincia de Castell\u00f3n y su bibliograf\u00eda<\/h3>\n<address>Sos Baynat, Vicente<\/address>\n<address>Sanfeliu Montolio, Te\u00f3filo \u00a0<\/address>\n<address>Castell\u00f3n de la Plana : [Sociedad Castellonense de Cultura], 1983<\/address>\n<address>224 p. ; 20 cm<\/address>\n<address>Geograf\u00eda y geolog\u00eda ; 4<\/address>\n<address>CS 361-1983<\/address>\n<address>\u00a0<\/address>\n<\/td>\n<\/tr>\n<tr>\n<td>\n<address>\u00a0\t<div class=\"ngg-gallery-singlepic-image ngg-center\" style=\"max-width: 100px\">\n\t\t\t\t<a href=\"http:\/\/minval.org\/svm\/wp-content\/gallery\/calvo-rebollar-miguel\/id203.jpg\"\n\t\t\ttitle=\"\"\n\t\t\tdata-src=\"http:\/\/minval.org\/svm\/wp-content\/gallery\/calvo-rebollar-miguel\/id203.jpg\"\n\t\t\tdata-thumbnail=\"http:\/\/minval.org\/svm\/wp-content\/gallery\/calvo-rebollar-miguel\/thumbs\/thumbs_id203.jpg\"\n\t\t\tdata-image-id=\"382\"\n\t\t\tdata-title=\"id203\"\n\t\t\tdata-description=\"\"\n\t\t\ttarget='_self'\n\t\t\tclass=\"ngg-simplelightbox\" rel=\"db9c2fcbd101ecb94768e682f4bde381\">\n\t\t\t<img class=\"ngg-singlepic\"\n\t\t\t\tsrc=\"http:\/\/minval.org\/svm\/wp-content\/gallery\/calvo-rebollar-miguel\/cache\/id203.jpg-nggid03382-ngg0dyn-100x0x100-00f0w010c010r110f110r010t010.jpg\"\n\t\t\t\talt=\"id203\"\n\t\t\t\ttitle=\"id203\"\n\t\t\t\t\t\t\t\t\twidth=\"100\" \t\t\t\t\t\t\t\/>\n\t\t<\/a>\n\t\t\t<\/div>\n\t\t<\/address>\n<\/td>\n<td>\n<h3>Libro homenaje a Vicente Sos Baynat : antolog\u00eda de sus obras sobre la geolog\u00eda de Extremadura<\/h3>\n<address>Sos Baynat, Vicente<\/address>\n<address>Madrid : Instituto Geol\u00f3gico y Minero de Espa\u00f1a, 1988<\/address>\n<address>502 p. : il ; 24 cm<\/address>\n<address>Precede al t\u00edt.: Escuela T\u00e9cnica Superior de Ingenieros de Minas de Madrid<\/address>\n<address>M 18603-1988<\/address>\n<address>\u00a0<\/address>\n<\/td>\n<\/tr>\n<tr>\n<td>\n<address>\u00a0<\/address>\n<\/td>\n<td style=\"TEXT-ALIGN: right\"><a href=\"http:\/\/minval.org\/svm\/?p=337\">volver&gt;&gt;<\/a><\/td>\n<\/tr>\n<\/tbody>\n<\/table>\n<p><!--:--><\/p>\n","protected":false},"excerpt":{"rendered":"<p>\u00a0 Biograf\u00eda de Vicente Sos Baynat \u00a0 Geolog\u00eda, mineralog\u00eda y mineralogenia de la Sierra de San Crist\u00f3bal, Logros\u00e1n (C\u00e1ceres) Sos Baynat, Vicente Madrid : [Real Academia de Ciencias Exactas, F\u00edsicas y Naturales de Madrid], 1967 141 p., [1] h. pleg.,&#8230;<\/p>\n","protected":false},"author":3,"featured_media":0,"comment_status":"closed","ping_status":"closed","sticky":false,"template":"","format":"standard","meta":{"ngg_post_thumbnail":0,"footnotes":""},"categories":[5],"tags":[9],"_links":{"self":[{"href":"http:\/\/minval.org\/svm\/index.php?rest_route=\/wp\/v2\/posts\/1484"}],"collection":[{"href":"http:\/\/minval.org\/svm\/index.php?rest_route=\/wp\/v2\/posts"}],"about":[{"href":"http:\/\/minval.org\/svm\/index.php?rest_route=\/wp\/v2\/types\/post"}],"author":[{"embeddable":true,"href":"http:\/\/minval.org\/svm\/index.php?rest_route=\/wp\/v2\/users\/3"}],"replies":[{"embeddable":true,"href":"http:\/\/minval.org\/svm\/index.php?rest_route=%2Fwp%2Fv2%2Fcomments&post=1484"}],"version-history":[{"count":0,"href":"http:\/\/minval.org\/svm\/index.php?rest_route=\/wp\/v2\/posts\/1484\/revisions"}],"wp:attachment":[{"href":"http:\/\/minval.org\/svm\/index.php?rest_route=%2Fwp%2Fv2%2Fmedia&parent=1484"}],"wp:term":[{"taxonomy":"category","embeddable":true,"href":"http:\/\/minval.org\/svm\/index.php?rest_route=%2Fwp%2Fv2%2Fcategories&post=1484"},{"taxonomy":"post_tag","embeddable":true,"href":"http:\/\/minval.org\/svm\/index.php?rest_route=%2Fwp%2Fv2%2Ftags&post=1484"}],"curies":[{"name":"wp","href":"https:\/\/api.w.org\/{rel}","templated":true}]}}