{"id":1516,"date":"2009-10-25T17:07:08","date_gmt":"2009-10-25T15:07:08","guid":{"rendered":"http:\/\/minval.org\/svm\/?p=1516"},"modified":"2009-10-25T17:07:08","modified_gmt":"2009-10-25T15:07:08","slug":"alejandro-franco-san-sebastian","status":"publish","type":"post","link":"http:\/\/minval.org\/svm\/?p=1516","title":{"rendered":"Alejandro Franco San Sebasti\u00e1n"},"content":{"rendered":"<p><!--:es--><\/p>\n<table border=\"0\" width=\"650\">\n<tbody>\n<tr>\n<td style=\"width: 150px;\">\u00a0\t<div class=\"ngg-gallery-singlepic-image ngg-center\" style=\"max-width: 100px\">\n\t\t\t\t<a href=\"http:\/\/minval.org\/svm\/wp-content\/gallery\/calvo-rebollar-miguel\/id213.jpg\"\n\t\t\ttitle=\"\"\n\t\t\tdata-src=\"http:\/\/minval.org\/svm\/wp-content\/gallery\/calvo-rebollar-miguel\/id213.jpg\"\n\t\t\tdata-thumbnail=\"http:\/\/minval.org\/svm\/wp-content\/gallery\/calvo-rebollar-miguel\/thumbs\/thumbs_id213.jpg\"\n\t\t\tdata-image-id=\"392\"\n\t\t\tdata-title=\"id213\"\n\t\t\tdata-description=\"\"\n\t\t\ttarget='_self'\n\t\t\tclass=\"ngg-simplelightbox\" rel=\"eb54bd00c6cdf159a82c5748e73bc01c\">\n\t\t\t<img class=\"ngg-singlepic\"\n\t\t\t\tsrc=\"http:\/\/minval.org\/svm\/wp-content\/gallery\/calvo-rebollar-miguel\/cache\/id213.jpg-nggid03392-ngg0dyn-100x0x100-00f0w010c010r110f110r010t010.jpg\"\n\t\t\t\talt=\"id213\"\n\t\t\t\ttitle=\"id213\"\n\t\t\t\t\t\t\t\t\twidth=\"100\" \t\t\t\t\t\t\t\/>\n\t\t<\/a>\n\t\t\t<\/div>\n\t\t<\/td>\n<td>\n<h3>Minerales de Vizcaya<\/h3>\n<address>Franco San Sebasti\u00e1n, Enrique<\/address>\n<address>Franco San Sebasti\u00e1n, Alejandro<\/address>\n<address>Franco San Sebasti\u00e1n, Javier<\/address>\n<address>[Bilbao] : Caja de Ahorros Vizca\u00edna, 1987<\/address>\n<address>54 p. : il. ; 21 cm<\/address>\n<address>Temas vizca\u00ednos ; n. 146 Naturaleza y paisaje<\/address>\n<address>BI 379-1987<\/address>\n<address>\u00a0<\/address>\n<\/td>\n<\/tr>\n<tr>\n<td>\n<address>\u00a0\t<div class=\"ngg-gallery-singlepic-image ngg-center\" style=\"max-width: 100px\">\n\t\t\t\t<a href=\"http:\/\/minval.org\/svm\/wp-content\/gallery\/calvo-rebollar-miguel\/id214.jpg\"\n\t\t\ttitle=\"\"\n\t\t\tdata-src=\"http:\/\/minval.org\/svm\/wp-content\/gallery\/calvo-rebollar-miguel\/id214.jpg\"\n\t\t\tdata-thumbnail=\"http:\/\/minval.org\/svm\/wp-content\/gallery\/calvo-rebollar-miguel\/thumbs\/thumbs_id214.jpg\"\n\t\t\tdata-image-id=\"393\"\n\t\t\tdata-title=\"id214\"\n\t\t\tdata-description=\"\"\n\t\t\ttarget='_self'\n\t\t\tclass=\"ngg-simplelightbox\" rel=\"e2aa9befffc77e7c84ceae0f57a1bab0\">\n\t\t\t<img class=\"ngg-singlepic\"\n\t\t\t\tsrc=\"http:\/\/minval.org\/svm\/wp-content\/gallery\/calvo-rebollar-miguel\/cache\/id214.jpg-nggid03393-ngg0dyn-100x0x100-00f0w010c010r110f110r010t010.jpg\"\n\t\t\t\talt=\"id214\"\n\t\t\t\ttitle=\"id214\"\n\t\t\t\t\t\t\t\t\twidth=\"100\" \t\t\t\t\t\t\t\/>\n\t\t<\/a>\n\t\t\t<\/div>\n\t\t<\/address>\n<\/td>\n<td>\n<h3>Gu\u00eda de minerales del Pa\u00eds Vasco<\/h3>\n<address>Franco San Sebasti\u00e1n, Alejandro<\/address>\n<address>Vitoria-Gasteiz : Servicio Central de Publicaciones del Gobierno Vasco, 1991<\/address>\n<address>187 p. : il. col. y n. ; 25 cm<\/address>\n<address>Precede al t\u00edt.: Departamento de Econom\u00eda, Planificaci\u00f3n y Medio Ambiente<\/address>\n<address>BI 2528-1991<\/address>\n<address>\u00a0<\/address>\n<\/td>\n<\/tr>\n<tr>\n<td>\n<address>\u00a0<\/address>\n<\/td>\n<td>\n<h3>Euskal Autonomia erkidegoko mineral eta industri harrien mapa = Mapa de rocas y minerales industriales del Pa\u00eds Vasco<\/h3>\n<address>Franco San Sebasti\u00e1n, Alejandro \u00a0(direcci\u00f3n y supervisi\u00f3n)<\/address>\n<address>Mu\u00f1oz Jim\u00e9nez, Luis (direcci\u00f3n y supervisi\u00f3n)<\/address>\n<address>Vicu\u00f1a Irusta, Juan Cruz (direcci\u00f3n y supervisi\u00f3n)<\/address>\n<address>Bilbao : Ente Vasco de la Energ\u00eda, 2002 [i.e. 2003]<\/address>\n<address>209 p. : il., gr\u00e1f., mapas ; 30 cm + 2 mapas<\/address>\n<address>\u00abAurrera doan herria = Un pa\u00eds en marcha\u00bb<\/address>\n<address>Texto en vasco y castellano<\/address>\n<address>En la port.: Eusko Jaurlaritza = Gobierno Vasco<\/address>\n<address>Guardado en carpeta<\/address>\n<address>BI 547-2003<\/address>\n<address>\u00a0<\/address>\n<\/td>\n<\/tr>\n<tr>\n<td>\u00a0<\/td>\n<td style=\"TEXT-ALIGN: right\"><a href=\"http:\/\/minval.org\/svm\/?p=308\">volver&gt;&gt;<\/a><\/td>\n<\/tr>\n<\/tbody>\n<\/table>\n<p><!--:--><\/p>\n","protected":false},"excerpt":{"rendered":"<p>\u00a0 Minerales de Vizcaya Franco San Sebasti\u00e1n, Enrique Franco San Sebasti\u00e1n, Alejandro Franco San Sebasti\u00e1n, Javier [Bilbao] : Caja de Ahorros Vizca\u00edna, 1987 54 p. : il. ; 21 cm Temas vizca\u00ednos ; n. 146 Naturaleza y paisaje BI 379-1987&#8230;<\/p>\n","protected":false},"author":3,"featured_media":0,"comment_status":"closed","ping_status":"closed","sticky":false,"template":"","format":"standard","meta":{"ngg_post_thumbnail":0,"footnotes":""},"categories":[5],"tags":[9],"_links":{"self":[{"href":"http:\/\/minval.org\/svm\/index.php?rest_route=\/wp\/v2\/posts\/1516"}],"collection":[{"href":"http:\/\/minval.org\/svm\/index.php?rest_route=\/wp\/v2\/posts"}],"about":[{"href":"http:\/\/minval.org\/svm\/index.php?rest_route=\/wp\/v2\/types\/post"}],"author":[{"embeddable":true,"href":"http:\/\/minval.org\/svm\/index.php?rest_route=\/wp\/v2\/users\/3"}],"replies":[{"embeddable":true,"href":"http:\/\/minval.org\/svm\/index.php?rest_route=%2Fwp%2Fv2%2Fcomments&post=1516"}],"version-history":[{"count":0,"href":"http:\/\/minval.org\/svm\/index.php?rest_route=\/wp\/v2\/posts\/1516\/revisions"}],"wp:attachment":[{"href":"http:\/\/minval.org\/svm\/index.php?rest_route=%2Fwp%2Fv2%2Fmedia&parent=1516"}],"wp:term":[{"taxonomy":"category","embeddable":true,"href":"http:\/\/minval.org\/svm\/index.php?rest_route=%2Fwp%2Fv2%2Fcategories&post=1516"},{"taxonomy":"post_tag","embeddable":true,"href":"http:\/\/minval.org\/svm\/index.php?rest_route=%2Fwp%2Fv2%2Ftags&post=1516"}],"curies":[{"name":"wp","href":"https:\/\/api.w.org\/{rel}","templated":true}]}}