{"id":1526,"date":"2009-10-25T17:42:29","date_gmt":"2009-10-25T15:42:29","guid":{"rendered":"http:\/\/minval.org\/svm\/?p=1526"},"modified":"2009-10-25T17:42:29","modified_gmt":"2009-10-25T15:42:29","slug":"mariano-muelas-espinosa","status":"publish","type":"post","link":"http:\/\/minval.org\/svm\/?p=1526","title":{"rendered":"Mariano Muelas Espinosa"},"content":{"rendered":"<p><!--:es--><\/p>\n<table border=\"0\" width=\"650\">\n<tbody>\n<tr>\n<td style=\"width: 150px;\">\u00a0\t<div class=\"ngg-gallery-singlepic-image ngg-center\" style=\"max-width: 100px\">\n\t\t\t\t<a href=\"http:\/\/minval.org\/svm\/wp-content\/gallery\/calvo-rebollar-miguel\/id215.jpg\"\n\t\t\ttitle=\"\"\n\t\t\tdata-src=\"http:\/\/minval.org\/svm\/wp-content\/gallery\/calvo-rebollar-miguel\/id215.jpg\"\n\t\t\tdata-thumbnail=\"http:\/\/minval.org\/svm\/wp-content\/gallery\/calvo-rebollar-miguel\/thumbs\/thumbs_id215.jpg\"\n\t\t\tdata-image-id=\"394\"\n\t\t\tdata-title=\"id215\"\n\t\t\tdata-description=\"\"\n\t\t\ttarget='_self'\n\t\t\tclass=\"ngg-simplelightbox\" rel=\"d07711bba6a3422c3163d1af4d247797\">\n\t\t\t<img class=\"ngg-singlepic\"\n\t\t\t\tsrc=\"http:\/\/minval.org\/svm\/wp-content\/gallery\/calvo-rebollar-miguel\/cache\/id215.jpg-nggid03394-ngg0dyn-100x0x100-00f0w010c010r110f110r010t010.jpg\"\n\t\t\t\talt=\"id215\"\n\t\t\t\ttitle=\"id215\"\n\t\t\t\t\t\t\t\t\twidth=\"100\" \t\t\t\t\t\t\t\/>\n\t\t<\/a>\n\t\t\t<\/div>\n\t\t<\/td>\n<td>\n<h3>Minerales de la regi\u00f3n de Murcia<\/h3>\n<address>Muelas Espinosa, Mariano<\/address>\n<address>P\u00e9rez Nieto, Pedro<\/address>\n<address>Gil Garc\u00eda-Miguel, Jordi \u00a0<\/address>\n<address>La Uni\u00f3n : Asociaci\u00f3n para la Defensa de la Naturaleza y Conservaci\u00f3n del Paisaje Minero, [1996]<\/address>\n<address>165 p. : il. ; 24 cm<\/address>\n<address>MU 905-1996<\/address>\n<address>\u00a0<\/address>\n<\/td>\n<\/tr>\n<tr>\n<td>\n<address>\u00a0<\/address>\n<\/td>\n<td>\n<h3>Paisaje de La Uni\u00f3n<\/h3>\n<address>Muelas Espinosa, Mariano<\/address>\n<address>S\u00e1ez, Asensio<\/address>\n<address>Murcia : Galindo, D.L. 1997<\/address>\n<address>197 p. : il. ; 29 cm<\/address>\n<address>MU 1313-1997<\/address>\n<address>\u00a0<\/address>\n<\/td>\n<\/tr>\n<tr>\n<td>\u00a0<\/td>\n<td style=\"TEXT-ALIGN: right\"><a href=\"http:\/\/minval.org\/svm\/?p=330\">volver&gt;&gt;<\/a><\/td>\n<\/tr>\n<\/tbody>\n<\/table>\n<p><!--:--><\/p>\n","protected":false},"excerpt":{"rendered":"<p>\u00a0 Minerales de la regi\u00f3n de Murcia Muelas Espinosa, Mariano P\u00e9rez Nieto, Pedro Gil Garc\u00eda-Miguel, Jordi \u00a0 La Uni\u00f3n : Asociaci\u00f3n para la Defensa de la Naturaleza y Conservaci\u00f3n del Paisaje Minero, [1996] 165 p. : il. ; 24 cm&#8230;<\/p>\n","protected":false},"author":3,"featured_media":0,"comment_status":"closed","ping_status":"closed","sticky":false,"template":"","format":"standard","meta":{"ngg_post_thumbnail":0,"footnotes":""},"categories":[5],"tags":[9],"_links":{"self":[{"href":"http:\/\/minval.org\/svm\/index.php?rest_route=\/wp\/v2\/posts\/1526"}],"collection":[{"href":"http:\/\/minval.org\/svm\/index.php?rest_route=\/wp\/v2\/posts"}],"about":[{"href":"http:\/\/minval.org\/svm\/index.php?rest_route=\/wp\/v2\/types\/post"}],"author":[{"embeddable":true,"href":"http:\/\/minval.org\/svm\/index.php?rest_route=\/wp\/v2\/users\/3"}],"replies":[{"embeddable":true,"href":"http:\/\/minval.org\/svm\/index.php?rest_route=%2Fwp%2Fv2%2Fcomments&post=1526"}],"version-history":[{"count":0,"href":"http:\/\/minval.org\/svm\/index.php?rest_route=\/wp\/v2\/posts\/1526\/revisions"}],"wp:attachment":[{"href":"http:\/\/minval.org\/svm\/index.php?rest_route=%2Fwp%2Fv2%2Fmedia&parent=1526"}],"wp:term":[{"taxonomy":"category","embeddable":true,"href":"http:\/\/minval.org\/svm\/index.php?rest_route=%2Fwp%2Fv2%2Fcategories&post=1526"},{"taxonomy":"post_tag","embeddable":true,"href":"http:\/\/minval.org\/svm\/index.php?rest_route=%2Fwp%2Fv2%2Ftags&post=1526"}],"curies":[{"name":"wp","href":"https:\/\/api.w.org\/{rel}","templated":true}]}}