{"id":1583,"date":"2009-10-25T21:32:33","date_gmt":"2009-10-25T19:32:33","guid":{"rendered":"http:\/\/minval.org\/svm\/?p=1583"},"modified":"2009-10-25T21:32:33","modified_gmt":"2009-10-25T19:32:33","slug":"jose-bonifacio-sanchez-alonso","status":"publish","type":"post","link":"http:\/\/minval.org\/svm\/?p=1583","title":{"rendered":"Jos\u00e9 Bonifacio S\u00e1nchez Alonso"},"content":{"rendered":"<p><!--:es--><\/p>\n<table border=\"0\" width=\"650\">\n<tbody>\n<tr>\n<td style=\"width: 150px;\">\u00a0<\/td>\n<td>\n<h3>Estudio geol\u00f3gico minero de Santander : historia minera, rocas, minerales, carb\u00f3n, petr\u00f3leo, aguas \u00a0\u00a0\u00a0\u00a0\u00a0\u00a0\u00a0\u00a0\u00a0\u00a0\u00a0\u00a0<\/h3>\n<address>S\u00e1nchez Alonso, Jos\u00e9 Bonifacio<\/address>\n<address>Torrelavega [Santander] : El autor, imp. 1980<\/address>\n<address>2 h., 200 p., 8 h. : l\u00e1m. neg. y col. ; 21 cm<\/address>\n<address>SA 81-1980<\/address>\n<address>\u00a0<\/address>\n<\/td>\n<\/tr>\n<tr>\n<td>\n<address>\u00a0\t<div class=\"ngg-gallery-singlepic-image ngg-center\" style=\"max-width: 100px\">\n\t\t\t\t<a href=\"http:\/\/minval.org\/svm\/wp-content\/gallery\/calvo-rebollar-miguel\/id222.jpg\"\n\t\t\ttitle=\"\"\n\t\t\tdata-src=\"http:\/\/minval.org\/svm\/wp-content\/gallery\/calvo-rebollar-miguel\/id222.jpg\"\n\t\t\tdata-thumbnail=\"http:\/\/minval.org\/svm\/wp-content\/gallery\/calvo-rebollar-miguel\/thumbs\/thumbs_id222.jpg\"\n\t\t\tdata-image-id=\"401\"\n\t\t\tdata-title=\"id222\"\n\t\t\tdata-description=\"\"\n\t\t\ttarget='_self'\n\t\t\tclass=\"ngg-simplelightbox\" rel=\"f5d782a850dbbc1fab3e32e8d4802d67\">\n\t\t\t<img class=\"ngg-singlepic\"\n\t\t\t\tsrc=\"http:\/\/minval.org\/svm\/wp-content\/gallery\/calvo-rebollar-miguel\/cache\/id222.jpg-nggid03401-ngg0dyn-100x0x100-00f0w010c010r110f110r010t010.jpg\"\n\t\t\t\talt=\"id222\"\n\t\t\t\ttitle=\"id222\"\n\t\t\t\t\t\t\t\t\twidth=\"100\" \t\t\t\t\t\t\t\/>\n\t\t<\/a>\n\t\t\t<\/div>\n\t\t<\/address>\n<\/td>\n<td>\n<h3>Historia y gu\u00eda geol\u00f3gico-minera de Cantabria : rocas, minerales, carb\u00f3n, petr\u00f3leo, aguas, etc \u00a0<\/h3>\n<address>S\u00e1nchez Alonso, Jos\u00e9 Bonifacio<\/address>\n<address>553.2(460.13)(091)<\/address>\n<address>Santander : Librer\u00eda Estudio, 1990<\/address>\n<address>335 p, [12] p. de l\u00e1m. : il. ; 20 cm<\/address>\n<address>M 43460-1990<\/address>\n<address>\u00a0<\/address>\n<\/td>\n<\/tr>\n<tr>\n<td>\u00a0<\/td>\n<td style=\"TEXT-ALIGN: right\"><a href=\"http:\/\/minval.org\/svm\/?p=337\">volver&gt;&gt;<\/a><\/td>\n<\/tr>\n<\/tbody>\n<\/table>\n<p><!--:--><\/p>\n","protected":false},"excerpt":{"rendered":"<p>\u00a0 Estudio geol\u00f3gico minero de Santander : historia minera, rocas, minerales, carb\u00f3n, petr\u00f3leo, aguas \u00a0\u00a0\u00a0\u00a0\u00a0\u00a0\u00a0\u00a0\u00a0\u00a0\u00a0\u00a0 S\u00e1nchez Alonso, Jos\u00e9 Bonifacio Torrelavega [Santander] : El autor, imp. 1980 2 h., 200 p., 8 h. : l\u00e1m. neg. y col. ; 21 cm&#8230;<\/p>\n","protected":false},"author":3,"featured_media":0,"comment_status":"closed","ping_status":"closed","sticky":false,"template":"","format":"standard","meta":{"ngg_post_thumbnail":0,"footnotes":""},"categories":[5],"tags":[9],"_links":{"self":[{"href":"http:\/\/minval.org\/svm\/index.php?rest_route=\/wp\/v2\/posts\/1583"}],"collection":[{"href":"http:\/\/minval.org\/svm\/index.php?rest_route=\/wp\/v2\/posts"}],"about":[{"href":"http:\/\/minval.org\/svm\/index.php?rest_route=\/wp\/v2\/types\/post"}],"author":[{"embeddable":true,"href":"http:\/\/minval.org\/svm\/index.php?rest_route=\/wp\/v2\/users\/3"}],"replies":[{"embeddable":true,"href":"http:\/\/minval.org\/svm\/index.php?rest_route=%2Fwp%2Fv2%2Fcomments&post=1583"}],"version-history":[{"count":0,"href":"http:\/\/minval.org\/svm\/index.php?rest_route=\/wp\/v2\/posts\/1583\/revisions"}],"wp:attachment":[{"href":"http:\/\/minval.org\/svm\/index.php?rest_route=%2Fwp%2Fv2%2Fmedia&parent=1583"}],"wp:term":[{"taxonomy":"category","embeddable":true,"href":"http:\/\/minval.org\/svm\/index.php?rest_route=%2Fwp%2Fv2%2Fcategories&post=1583"},{"taxonomy":"post_tag","embeddable":true,"href":"http:\/\/minval.org\/svm\/index.php?rest_route=%2Fwp%2Fv2%2Ftags&post=1583"}],"curies":[{"name":"wp","href":"https:\/\/api.w.org\/{rel}","templated":true}]}}