{"id":1587,"date":"2009-10-25T21:48:07","date_gmt":"2009-10-25T19:48:07","guid":{"rendered":"http:\/\/minval.org\/svm\/?p=1587"},"modified":"2009-10-25T21:48:07","modified_gmt":"2009-10-25T19:48:07","slug":"mariano-c-guillen-riquelme","status":"publish","type":"post","link":"http:\/\/minval.org\/svm\/?p=1587","title":{"rendered":"Mariano C. Guill\u00e9n Riquelme"},"content":{"rendered":"<p><!--:es--><\/p>\n<table border=\"0\" width=\"650\">\n<tbody>\n<tr>\n<td style=\"width: 150px;\">\u00a0\t<div class=\"ngg-gallery-singlepic-image ngg-center\" style=\"max-width: 100px\">\n\t\t\t\t<a href=\"http:\/\/minval.org\/svm\/wp-content\/gallery\/calvo-rebollar-miguel\/id223.jpg\"\n\t\t\ttitle=\"\"\n\t\t\tdata-src=\"http:\/\/minval.org\/svm\/wp-content\/gallery\/calvo-rebollar-miguel\/id223.jpg\"\n\t\t\tdata-thumbnail=\"http:\/\/minval.org\/svm\/wp-content\/gallery\/calvo-rebollar-miguel\/thumbs\/thumbs_id223.jpg\"\n\t\t\tdata-image-id=\"402\"\n\t\t\tdata-title=\"id223\"\n\t\t\tdata-description=\"\"\n\t\t\ttarget='_self'\n\t\t\tclass=\"ngg-simplelightbox\" rel=\"3bcc325ef64c768bade2b39ade09c6a5\">\n\t\t\t<img class=\"ngg-singlepic\"\n\t\t\t\tsrc=\"http:\/\/minval.org\/svm\/wp-content\/gallery\/calvo-rebollar-miguel\/cache\/id223.jpg-nggid03402-ngg0dyn-100x0x100-00f0w010c010r110f110r010t010.jpg\"\n\t\t\t\talt=\"id223\"\n\t\t\t\ttitle=\"id223\"\n\t\t\t\t\t\t\t\t\twidth=\"100\" \t\t\t\t\t\t\t\/>\n\t\t<\/a>\n\t\t\t<\/div>\n\t\t<\/td>\n<td>\n<h3>Mazarr\u00f3n 1900<\/h3>\n<address>Guill\u00e9n Riquelme, Mariano C.<\/address>\n<address>[Mazarr\u00f3n (Manuel de Falla, 8)] : M.C. Guill\u00e9n, [1997]<\/address>\n<address>267 p. : il. ; 24 cm<\/address>\n<address>MU 1376-1997<\/address>\n<address>\u00a0<\/address>\n<\/td>\n<\/tr>\n<tr>\n<td>\n<address>\u00a0<\/address>\n<\/td>\n<td>\n<h3>Un siglo en la historia de Mazarr\u00f3n : de la fundaci\u00f3n de las Casas de los Alumbres a la concesi\u00f3n del privilegio de villazgo, 1462-1572 \u00a0\u00a0\u00a0\u00a0\u00a0\u00a0\u00a0\u00a0\u00a0\u00a0\u00a0\u00a0<\/h3>\n<address>Guill\u00e9n Riquelme, Mariano C.<\/address>\n<address>[Murcia] : Real Academia Alfonso X El Sabio ; [Mazarr\u00f3n] : Ayuntamientode Mazarr\u00f3n, [2001]<\/address>\n<address>15, 256 p. : il. ; 24 cm<\/address>\n<address>MU 1131-2001<\/address>\n<address>\u00a0<\/address>\n<\/td>\n<\/tr>\n<tr>\n<td>\n<address>\u00a0\t<div class=\"ngg-gallery-singlepic-image ngg-center\" style=\"max-width: 100px\">\n\t\t\t\t<a href=\"http:\/\/minval.org\/svm\/wp-content\/gallery\/calvo-rebollar-miguel\/id224.jpg\"\n\t\t\ttitle=\"\"\n\t\t\tdata-src=\"http:\/\/minval.org\/svm\/wp-content\/gallery\/calvo-rebollar-miguel\/id224.jpg\"\n\t\t\tdata-thumbnail=\"http:\/\/minval.org\/svm\/wp-content\/gallery\/calvo-rebollar-miguel\/thumbs\/thumbs_id224.jpg\"\n\t\t\tdata-image-id=\"403\"\n\t\t\tdata-title=\"id224\"\n\t\t\tdata-description=\"\"\n\t\t\ttarget='_self'\n\t\t\tclass=\"ngg-simplelightbox\" rel=\"7f0de9c6aa1ebe26e62b4df1695200ff\">\n\t\t\t<img class=\"ngg-singlepic\"\n\t\t\t\tsrc=\"http:\/\/minval.org\/svm\/wp-content\/gallery\/calvo-rebollar-miguel\/cache\/id224.jpg-nggid03403-ngg0dyn-100x0x100-00f0w010c010r110f110r010t010.jpg\"\n\t\t\t\talt=\"id224\"\n\t\t\t\ttitle=\"id224\"\n\t\t\t\t\t\t\t\t\twidth=\"100\" \t\t\t\t\t\t\t\/>\n\t\t<\/a>\n\t\t\t<\/div>\n\t\t<\/address>\n<\/td>\n<td>\n<h3>Los or\u00edgenes del siglo minero en Murcia<\/h3>\n<address>Murcia ; Real Academia Alfonso X el Sabio, Ayuntamiento de Mazarr\u00f3n, 2004<\/address>\n<address>201 p. ; il. B y n. ; 22 cm<\/address>\n<address>MU 2457-2004<\/address>\n<address>\u00a0<\/address>\n<\/td>\n<\/tr>\n<tr>\n<td>\n<address>\u00a0<\/address>\n<\/td>\n<td>\n<h3>Cr\u00f3nica ilustrada de Mazarr\u00f3n<\/h3>\n<address>Guill\u00e9n Riquelme, Mariano C.<\/address>\n<address>[Mazarr\u00f3n] : Ayto. de Mazarr\u00f3n, [2006]<\/address>\n<address>331 p. : il. ; 22 x 25 cm<\/address>\n<address>MU 1840-2006<\/address>\n<address>\u00a0<\/address>\n<\/td>\n<\/tr>\n<tr>\n<td>\u00a0<\/td>\n<td style=\"TEXT-ALIGN: right\"><a href=\"http:\/\/minval.org\/svm\/?p=309\">volver&gt;&gt;<\/a><\/td>\n<\/tr>\n<\/tbody>\n<\/table>\n<p><!--:--><\/p>\n","protected":false},"excerpt":{"rendered":"<p>\u00a0 Mazarr\u00f3n 1900 Guill\u00e9n Riquelme, Mariano C. [Mazarr\u00f3n (Manuel de Falla, 8)] : M.C. Guill\u00e9n, [1997] 267 p. : il. ; 24 cm MU 1376-1997 \u00a0 \u00a0 Un siglo en la historia de Mazarr\u00f3n : de la fundaci\u00f3n de las&#8230;<\/p>\n","protected":false},"author":3,"featured_media":0,"comment_status":"closed","ping_status":"closed","sticky":false,"template":"","format":"standard","meta":{"ngg_post_thumbnail":0,"footnotes":""},"categories":[5],"tags":[9],"_links":{"self":[{"href":"http:\/\/minval.org\/svm\/index.php?rest_route=\/wp\/v2\/posts\/1587"}],"collection":[{"href":"http:\/\/minval.org\/svm\/index.php?rest_route=\/wp\/v2\/posts"}],"about":[{"href":"http:\/\/minval.org\/svm\/index.php?rest_route=\/wp\/v2\/types\/post"}],"author":[{"embeddable":true,"href":"http:\/\/minval.org\/svm\/index.php?rest_route=\/wp\/v2\/users\/3"}],"replies":[{"embeddable":true,"href":"http:\/\/minval.org\/svm\/index.php?rest_route=%2Fwp%2Fv2%2Fcomments&post=1587"}],"version-history":[{"count":0,"href":"http:\/\/minval.org\/svm\/index.php?rest_route=\/wp\/v2\/posts\/1587\/revisions"}],"wp:attachment":[{"href":"http:\/\/minval.org\/svm\/index.php?rest_route=%2Fwp%2Fv2%2Fmedia&parent=1587"}],"wp:term":[{"taxonomy":"category","embeddable":true,"href":"http:\/\/minval.org\/svm\/index.php?rest_route=%2Fwp%2Fv2%2Fcategories&post=1587"},{"taxonomy":"post_tag","embeddable":true,"href":"http:\/\/minval.org\/svm\/index.php?rest_route=%2Fwp%2Fv2%2Ftags&post=1587"}],"curies":[{"name":"wp","href":"https:\/\/api.w.org\/{rel}","templated":true}]}}