{"id":1854,"date":"2009-10-28T00:29:45","date_gmt":"2009-10-27T22:29:45","guid":{"rendered":"http:\/\/minval.org\/svm\/?p=1854"},"modified":"2009-10-28T00:29:45","modified_gmt":"2009-10-27T22:29:45","slug":"paul-groth","status":"publish","type":"post","link":"http:\/\/minval.org\/svm\/?p=1854","title":{"rendered":"Paul Groth"},"content":{"rendered":"<p><!--:es--><\/p>\n<table border=\"0\" width=\"650\">\n<tbody>\n<tr>\n<td style=\"width: 150px;\">\u00a0\t<div class=\"ngg-gallery-singlepic-image ngg-center\" style=\"max-width: 100px\">\n\t\t\t\t<a href=\"http:\/\/minval.org\/svm\/wp-content\/gallery\/calvo-rebollar-miguel\/id277.jpg\"\n\t\t\ttitle=\"\"\n\t\t\tdata-src=\"http:\/\/minval.org\/svm\/wp-content\/gallery\/calvo-rebollar-miguel\/id277.jpg\"\n\t\t\tdata-thumbnail=\"http:\/\/minval.org\/svm\/wp-content\/gallery\/calvo-rebollar-miguel\/thumbs\/thumbs_id277.jpg\"\n\t\t\tdata-image-id=\"458\"\n\t\t\tdata-title=\"id277\"\n\t\t\tdata-description=\"\"\n\t\t\ttarget='_self'\n\t\t\tclass=\"ngg-simplelightbox\" rel=\"c1f05871ef3e1cbb4c62b061d98ef8dd\">\n\t\t\t<img class=\"ngg-singlepic\"\n\t\t\t\tsrc=\"http:\/\/minval.org\/svm\/wp-content\/gallery\/calvo-rebollar-miguel\/cache\/id277.jpg-nggid03458-ngg0dyn-100x0x100-00f0w010c010r110f110r010t010.jpg\"\n\t\t\t\talt=\"id277\"\n\t\t\t\ttitle=\"id277\"\n\t\t\t\t\t\t\t\t\twidth=\"100\" \t\t\t\t\t\t\t\/>\n\t\t<\/a>\n\t\t\t<\/div>\n\t\t<\/td>\n<td>\n<h3>Tablas mineral\u00f3gicas<\/h3>\n<address>Groth, Paul<\/address>\n<address>Mieleitner, K.<\/address>\n<address>traducidas de la \u00faltima edici\u00f3n alemana (1921) por Juan Carandell Pericay; con una \u00abintroducci\u00f3n\u00bb por L[ucas] Fern\u00e1ndez Navarro<\/address>\n<address>Madrid : [s.n.], 1925([Toledo] : [A. Medina])<\/address>\n<address>346 p., 1 h. ; 8\u00ba mlla. (19 cm)<\/address>\n<address>Grab. intercal.<\/address>\n<address>Precede al t\u00edt.: Junta para ampliaci\u00f3n de estudios e investigaciones cient\u00edficas<\/address>\n<address>\u00a0<\/address>\n<\/td>\n<\/tr>\n<tr>\n<td>\n<address>\u00a0<\/address>\n<\/td>\n<td style=\"TEXT-ALIGN: right\"><a href=\"http:\/\/minval.org\/svm\/?p=309\">volver&gt;&gt;<\/a><\/td>\n<\/tr>\n<\/tbody>\n<\/table>\n<p><!--:--><\/p>\n","protected":false},"excerpt":{"rendered":"<p>\u00a0 Tablas mineral\u00f3gicas Groth, Paul Mieleitner, K. traducidas de la \u00faltima edici\u00f3n alemana (1921) por Juan Carandell Pericay; con una \u00abintroducci\u00f3n\u00bb por L[ucas] Fern\u00e1ndez Navarro Madrid : [s.n.], 1925([Toledo] : [A. Medina]) 346 p., 1 h. ; 8\u00ba mlla. (19&#8230;<\/p>\n","protected":false},"author":3,"featured_media":0,"comment_status":"closed","ping_status":"closed","sticky":false,"template":"","format":"standard","meta":{"ngg_post_thumbnail":0,"footnotes":""},"categories":[5],"tags":[9],"_links":{"self":[{"href":"http:\/\/minval.org\/svm\/index.php?rest_route=\/wp\/v2\/posts\/1854"}],"collection":[{"href":"http:\/\/minval.org\/svm\/index.php?rest_route=\/wp\/v2\/posts"}],"about":[{"href":"http:\/\/minval.org\/svm\/index.php?rest_route=\/wp\/v2\/types\/post"}],"author":[{"embeddable":true,"href":"http:\/\/minval.org\/svm\/index.php?rest_route=\/wp\/v2\/users\/3"}],"replies":[{"embeddable":true,"href":"http:\/\/minval.org\/svm\/index.php?rest_route=%2Fwp%2Fv2%2Fcomments&post=1854"}],"version-history":[{"count":0,"href":"http:\/\/minval.org\/svm\/index.php?rest_route=\/wp\/v2\/posts\/1854\/revisions"}],"wp:attachment":[{"href":"http:\/\/minval.org\/svm\/index.php?rest_route=%2Fwp%2Fv2%2Fmedia&parent=1854"}],"wp:term":[{"taxonomy":"category","embeddable":true,"href":"http:\/\/minval.org\/svm\/index.php?rest_route=%2Fwp%2Fv2%2Fcategories&post=1854"},{"taxonomy":"post_tag","embeddable":true,"href":"http:\/\/minval.org\/svm\/index.php?rest_route=%2Fwp%2Fv2%2Ftags&post=1854"}],"curies":[{"name":"wp","href":"https:\/\/api.w.org\/{rel}","templated":true}]}}