{"id":1859,"date":"2009-10-28T00:43:09","date_gmt":"2009-10-27T22:43:09","guid":{"rendered":"http:\/\/minval.org\/svm\/?p=1859"},"modified":"2009-10-28T00:43:09","modified_gmt":"2009-10-27T22:43:09","slug":"orestes-cendrero-curiel","status":"publish","type":"post","link":"http:\/\/minval.org\/svm\/?p=1859","title":{"rendered":"Orestes Cendrero Curiel"},"content":{"rendered":"<p><!--:es--><\/p>\n<table border=\"0\" width=\"650\">\n<tbody>\n<tr>\n<td style=\"width: 150px;\">\n<address>\t<div class=\"ngg-gallery-singlepic-image ngg-center\" style=\"max-width: 100px\">\n\t\t\t\t<a href=\"http:\/\/minval.org\/svm\/wp-content\/gallery\/calvo-rebollar-miguel\/id275.jpg\"\n\t\t\ttitle=\"\"\n\t\t\tdata-src=\"http:\/\/minval.org\/svm\/wp-content\/gallery\/calvo-rebollar-miguel\/id275.jpg\"\n\t\t\tdata-thumbnail=\"http:\/\/minval.org\/svm\/wp-content\/gallery\/calvo-rebollar-miguel\/thumbs\/thumbs_id275.jpg\"\n\t\t\tdata-image-id=\"456\"\n\t\t\tdata-title=\"id275\"\n\t\t\tdata-description=\"\"\n\t\t\ttarget='_self'\n\t\t\tclass=\"ngg-simplelightbox\" rel=\"17e4505c4958ecc666a64b4da3e187dd\">\n\t\t\t<img class=\"ngg-singlepic\"\n\t\t\t\tsrc=\"http:\/\/minval.org\/svm\/wp-content\/gallery\/calvo-rebollar-miguel\/cache\/id275.jpg-nggid03456-ngg0dyn-100x0x100-00f0w010c010r110f110r010t010.jpg\"\n\t\t\t\talt=\"id275\"\n\t\t\t\ttitle=\"id275\"\n\t\t\t\t\t\t\t\t\twidth=\"100\" \t\t\t\t\t\t\t\/>\n\t\t<\/a>\n\t\t\t<\/div>\n\t\t<\/address>\n<\/td>\n<td>\n<h3 style=\"TEXT-ALIGN: justify\">Clave mineral\u00f3gica para la determinaci\u00f3n de las especies m\u00e1s comunes<\/h3>\n<address>Royo G\u00f3mez, Jos\u00e9<\/address>\n<address>Cendrero Curiel, Orestes<\/address>\n<address>Santander : [Aldus], 1928<\/address>\n<address>52 p., 2 h., 12 l\u00e1m. : grab. intercal. ; 8\u00ba mlla. (18 cm)<\/address>\n<address>\u00a0<\/address>\n<\/td>\n<\/tr>\n<tr>\n<td style=\"width: 150px;\">\n<address>\t<div class=\"ngg-gallery-singlepic-image ngg-center\" style=\"max-width: 100px\">\n\t\t\t\t<a href=\"http:\/\/minval.org\/svm\/wp-content\/gallery\/calvo-rebollar-miguel\/id276.jpg\"\n\t\t\ttitle=\"\"\n\t\t\tdata-src=\"http:\/\/minval.org\/svm\/wp-content\/gallery\/calvo-rebollar-miguel\/id276.jpg\"\n\t\t\tdata-thumbnail=\"http:\/\/minval.org\/svm\/wp-content\/gallery\/calvo-rebollar-miguel\/thumbs\/thumbs_id276.jpg\"\n\t\t\tdata-image-id=\"457\"\n\t\t\tdata-title=\"id276\"\n\t\t\tdata-description=\"\"\n\t\t\ttarget='_self'\n\t\t\tclass=\"ngg-simplelightbox\" rel=\"71ad604b24d7f2363a94c8190f2fed29\">\n\t\t\t<img class=\"ngg-singlepic\"\n\t\t\t\tsrc=\"http:\/\/minval.org\/svm\/wp-content\/gallery\/calvo-rebollar-miguel\/cache\/id276.jpg-nggid03457-ngg0dyn-100x0x100-00f0w010c010r110f110r010t010.jpg\"\n\t\t\t\talt=\"id276\"\n\t\t\t\ttitle=\"id276\"\n\t\t\t\t\t\t\t\t\twidth=\"100\" \t\t\t\t\t\t\t\/>\n\t\t<\/a>\n\t\t\t<\/div>\n\t\t<\/address>\n<address><\/address>\n<\/td>\n<td>\u00a0<\/td>\n<\/tr>\n<tr>\n<td style=\"width: 150px;\">\n<address>\u00a0\t<div class=\"ngg-gallery-singlepic-image ngg-center\" style=\"max-width: 100px\">\n\t\t\t\t<a href=\"http:\/\/minval.org\/svm\/wp-content\/gallery\/calvo-rebollar-miguel\/id278.jpg\"\n\t\t\ttitle=\"\"\n\t\t\tdata-src=\"http:\/\/minval.org\/svm\/wp-content\/gallery\/calvo-rebollar-miguel\/id278.jpg\"\n\t\t\tdata-thumbnail=\"http:\/\/minval.org\/svm\/wp-content\/gallery\/calvo-rebollar-miguel\/thumbs\/thumbs_id278.jpg\"\n\t\t\tdata-image-id=\"459\"\n\t\t\tdata-title=\"id278\"\n\t\t\tdata-description=\"\"\n\t\t\ttarget='_self'\n\t\t\tclass=\"ngg-simplelightbox\" rel=\"1c562a79255c2f5d58290c68164e2f97\">\n\t\t\t<img class=\"ngg-singlepic\"\n\t\t\t\tsrc=\"http:\/\/minval.org\/svm\/wp-content\/gallery\/calvo-rebollar-miguel\/cache\/id278.jpg-nggid03459-ngg0dyn-100x0x100-00f0w010c010r110f110r010t010.jpg\"\n\t\t\t\talt=\"id278\"\n\t\t\t\ttitle=\"id278\"\n\t\t\t\t\t\t\t\t\twidth=\"100\" \t\t\t\t\t\t\t\/>\n\t\t<\/a>\n\t\t\t<\/div>\n\t\t<\/address>\n<\/td>\n<td>\n<h3>Pr\u00e1cticas de mineralog\u00eda y geolog\u00eda<\/h3>\n<address>Royo G\u00f3mez, Jos\u00e9<\/address>\n<address>Cendrero Curiel, Orestes<\/address>\n<address>Santander : [Aldus], 1928<\/address>\n<address>299 p., 2 h., 60 l\u00e1m. : grab. intercal. ; 8\u00ba mlla. (22 cm)<\/address>\n<address>\u00a0<\/address>\n<\/td>\n<\/tr>\n<tr>\n<td>\n<address>\u00a0<\/address>\n<\/td>\n<td>\n<h3>Elementos de geolog\u00eda<\/h3>\n<address>Fern\u00e1ndez Navarro, Lucas<\/address>\n<address>Cendrero Curiel, Orestes<\/address>\n<address>Santander : [S.n.], 1930 ([Santander : Aldus])<\/address>\n<address>620 p. : il. ; 21 cm<\/address>\n<address>\u00a0<\/address>\n<\/td>\n<\/tr>\n<tr>\n<td>\n<address>\u00a0<\/address>\n<\/td>\n<td>\n<address style=\"TEXT-ALIGN: right\"><a href=\"http:\/\/minval.org\/svm\/?p=302\">volver&gt;&gt;<\/a><\/address>\n<\/td>\n<\/tr>\n<\/tbody>\n<\/table>\n<p><!--:--><\/p>\n","protected":false},"excerpt":{"rendered":"<p>Clave mineral\u00f3gica para la determinaci\u00f3n de las especies m\u00e1s comunes Royo G\u00f3mez, Jos\u00e9 Cendrero Curiel, Orestes Santander : [Aldus], 1928 52 p., 2 h., 12 l\u00e1m. : grab. intercal. ; 8\u00ba mlla. (18 cm) \u00a0 \u00a0 \u00a0 Pr\u00e1cticas de mineralog\u00eda&#8230;<\/p>\n","protected":false},"author":3,"featured_media":0,"comment_status":"closed","ping_status":"closed","sticky":false,"template":"","format":"standard","meta":{"ngg_post_thumbnail":0,"footnotes":""},"categories":[5],"tags":[9],"_links":{"self":[{"href":"http:\/\/minval.org\/svm\/index.php?rest_route=\/wp\/v2\/posts\/1859"}],"collection":[{"href":"http:\/\/minval.org\/svm\/index.php?rest_route=\/wp\/v2\/posts"}],"about":[{"href":"http:\/\/minval.org\/svm\/index.php?rest_route=\/wp\/v2\/types\/post"}],"author":[{"embeddable":true,"href":"http:\/\/minval.org\/svm\/index.php?rest_route=\/wp\/v2\/users\/3"}],"replies":[{"embeddable":true,"href":"http:\/\/minval.org\/svm\/index.php?rest_route=%2Fwp%2Fv2%2Fcomments&post=1859"}],"version-history":[{"count":0,"href":"http:\/\/minval.org\/svm\/index.php?rest_route=\/wp\/v2\/posts\/1859\/revisions"}],"wp:attachment":[{"href":"http:\/\/minval.org\/svm\/index.php?rest_route=%2Fwp%2Fv2%2Fmedia&parent=1859"}],"wp:term":[{"taxonomy":"category","embeddable":true,"href":"http:\/\/minval.org\/svm\/index.php?rest_route=%2Fwp%2Fv2%2Fcategories&post=1859"},{"taxonomy":"post_tag","embeddable":true,"href":"http:\/\/minval.org\/svm\/index.php?rest_route=%2Fwp%2Fv2%2Ftags&post=1859"}],"curies":[{"name":"wp","href":"https:\/\/api.w.org\/{rel}","templated":true}]}}