{"id":1895,"date":"2009-10-28T20:08:42","date_gmt":"2009-10-28T18:08:42","guid":{"rendered":"http:\/\/minval.org\/svm\/?p=1895"},"modified":"2009-10-28T20:08:42","modified_gmt":"2009-10-28T18:08:42","slug":"jose-tola","status":"publish","type":"post","link":"http:\/\/minval.org\/svm\/?p=1895","title":{"rendered":"Jos\u00e9 Tola"},"content":{"rendered":"<p><!--:es--><\/p>\n<table border=\"0\" width=\"650\">\n<tbody>\n<tr>\n<td style=\"width: 150px;\">\t<div class=\"ngg-gallery-singlepic-image ngg-center\" style=\"max-width: 100px\">\n\t\t\t\t<a href=\"http:\/\/minval.org\/svm\/wp-content\/gallery\/calvo-rebollar-miguel\/id284.jpg\"\n\t\t\ttitle=\"\"\n\t\t\tdata-src=\"http:\/\/minval.org\/svm\/wp-content\/gallery\/calvo-rebollar-miguel\/id284.jpg\"\n\t\t\tdata-thumbnail=\"http:\/\/minval.org\/svm\/wp-content\/gallery\/calvo-rebollar-miguel\/thumbs\/thumbs_id284.jpg\"\n\t\t\tdata-image-id=\"465\"\n\t\t\tdata-title=\"id284\"\n\t\t\tdata-description=\"\"\n\t\t\ttarget='_self'\n\t\t\tclass=\"ngg-simplelightbox\" rel=\"816af11648488c8413751e6871258a22\">\n\t\t\t<img class=\"ngg-singlepic\"\n\t\t\t\tsrc=\"http:\/\/minval.org\/svm\/wp-content\/gallery\/calvo-rebollar-miguel\/cache\/id284.jpg-nggid03465-ngg0dyn-100x0x100-00f0w010c010r110f110r010t010.jpg\"\n\t\t\t\talt=\"id284\"\n\t\t\t\ttitle=\"id284\"\n\t\t\t\t\t\t\t\t\twidth=\"100\" \t\t\t\t\t\t\t\/>\n\t\t<\/a>\n\t\t\t<\/div>\n\t\t<\/td>\n<td>\n<h3>Atlas b\u00e1sico de f\u00f3siles y minerales<\/h3>\n<address>Tola, Jos\u00e9<\/address>\n<address>Infiesta, Eva<\/address>\n<address>Barcelona ; Parram\u00f3n, 2003<\/address>\n<address>96 p. ; il. col. ; 28 cm<\/address>\n<address>B 145-2003<\/address>\n<address><\/address>\n<\/td>\n<\/tr>\n<tr>\n<td>\u00a0<\/td>\n<td style=\"TEXT-ALIGN: right\"><a href=\"http:\/\/minval.org\/svm\/?p=338\">volver&gt;&gt;<\/a><\/td>\n<\/tr>\n<\/tbody>\n<\/table>\n<p><!--:--><\/p>\n","protected":false},"excerpt":{"rendered":"<p>Atlas b\u00e1sico de f\u00f3siles y minerales Tola, Jos\u00e9 Infiesta, Eva Barcelona ; Parram\u00f3n, 2003 96 p. ; il. col. ; 28 cm B 145-2003 \u00a0 volver&gt;&gt;<\/p>\n","protected":false},"author":3,"featured_media":0,"comment_status":"closed","ping_status":"closed","sticky":false,"template":"","format":"standard","meta":{"ngg_post_thumbnail":0,"footnotes":""},"categories":[5],"tags":[9],"_links":{"self":[{"href":"http:\/\/minval.org\/svm\/index.php?rest_route=\/wp\/v2\/posts\/1895"}],"collection":[{"href":"http:\/\/minval.org\/svm\/index.php?rest_route=\/wp\/v2\/posts"}],"about":[{"href":"http:\/\/minval.org\/svm\/index.php?rest_route=\/wp\/v2\/types\/post"}],"author":[{"embeddable":true,"href":"http:\/\/minval.org\/svm\/index.php?rest_route=\/wp\/v2\/users\/3"}],"replies":[{"embeddable":true,"href":"http:\/\/minval.org\/svm\/index.php?rest_route=%2Fwp%2Fv2%2Fcomments&post=1895"}],"version-history":[{"count":0,"href":"http:\/\/minval.org\/svm\/index.php?rest_route=\/wp\/v2\/posts\/1895\/revisions"}],"wp:attachment":[{"href":"http:\/\/minval.org\/svm\/index.php?rest_route=%2Fwp%2Fv2%2Fmedia&parent=1895"}],"wp:term":[{"taxonomy":"category","embeddable":true,"href":"http:\/\/minval.org\/svm\/index.php?rest_route=%2Fwp%2Fv2%2Fcategories&post=1895"},{"taxonomy":"post_tag","embeddable":true,"href":"http:\/\/minval.org\/svm\/index.php?rest_route=%2Fwp%2Fv2%2Ftags&post=1895"}],"curies":[{"name":"wp","href":"https:\/\/api.w.org\/{rel}","templated":true}]}}