{"id":1958,"date":"2009-10-29T21:51:47","date_gmt":"2009-10-29T19:51:47","guid":{"rendered":"http:\/\/minval.org\/svm\/?p=1958"},"modified":"2009-10-29T21:51:47","modified_gmt":"2009-10-29T19:51:47","slug":"eugenio-maffei-ramos","status":"publish","type":"post","link":"http:\/\/minval.org\/svm\/?p=1958","title":{"rendered":"Eugenio Maffei Ramos"},"content":{"rendered":"<p><!--:es--><\/p>\n<table border=\"0\" width=\"650\">\n<tbody>\n<tr>\n<td>\n<h3 style=\"TEXT-ALIGN: center\"><span style=\"FONT-WEIGHT: normal; FONT-VARIANT: small-caps\">Eugenio Maffei y Ramos<\/span><\/h3>\n<h3 style=\"TEXT-ALIGN: center\">\u00a0<span style=\"FONT-WEIGHT: normal\">Madrid, 13.II.1827 \u2013 23.VI.1892<\/span><\/h3>\n<h3 style=\"TEXT-ALIGN: center\"><span style=\"FONT-WEIGHT: normal\">\u00a0Ingeniero de minas y ge\u00f3logo.<\/span><\/h3>\n<\/td>\n<\/tr>\n<tr>\n<td>\n<p style=\"TEXT-ALIGN: justify\">Ingres\u00f3 en la Escuela de Ingenieros de Minas de Madrid en 1845. Al finalizar sus estudios en 1849 fue destinado en pr\u00e1cticas a la mina de mercurio de Almad\u00e9n. Concluidas las mismas, en marzo de 1850 pas\u00f3 a ocupar el puesto de auxiliar en la Comisi\u00f3n del Mapa Geol\u00f3gico de Asturias, en donde permaneci\u00f3 cuatro a\u00f1os trabajando a las \u00f3rdenes de Guillermo Schulz en la confecci\u00f3n de los mapas topogr\u00e1ficos y geol\u00f3gicos de la provincia de Oviedo. En 1854 Maffei ascendi\u00f3 a la categor\u00eda de oficial segundo e inmediatamente fue reclamado por Schulz para trabajar nuevamente junto a \u00e9l en la Junta Facultativa de Minas, en donde acababa de ocupar el cargo de presidente en sustituci\u00f3n del recientemente fallecido Rafael Cavanillas.<\/p>\n<p style=\"TEXT-ALIGN: justify\">Dada la experiencia de Maffei en la industria minera y su formaci\u00f3n en temas administrativos, en 1859 fue nombrado profesor en la Escuela de Ingenieros de Minas de Madrid para impartir las asignaturas de Laboreo de Minas y de Derecho Administrativo.<\/p>\n<p style=\"TEXT-ALIGN: justify\">De los numerosos trabajos publicados por Maffei son especialmente importantes los dedicados a la historia de la miner\u00eda, siendo su obra m\u00e1s destacada, <em>Apuntes para una Biblioteca Espa\u00f1ola de libros, folletos y art\u00edculos, impresos y manuscritos, relativos al conocimiento y explotaci\u00f3n de las riquezas minerales y \u00e1 las ciencias auxiliares<\/em>, publicada en los a\u00f1os 1871 y 1872. Elaborada en colaboraci\u00f3n con su compa\u00f1ero de promoci\u00f3n Ram\u00f3n R\u00faa Figueroa, es el m\u00e1s importante repertorio bibliogr\u00e1fico escrito sobre la miner\u00eda y mineralog\u00eda espa\u00f1ola. Una de las empresas donde trabaj\u00f3 m\u00e1s activamente fue en la editora de la <em>Revista Minera<\/em><em>, metal\u00fargica y de ingenier\u00eda<\/em> que desde su fundaci\u00f3n en 1850 fue \u00f3rgano del Cuerpo de Minas. Maffei se hizo cargo de la direcci\u00f3n de la revista desde 1876, un a\u00f1o despu\u00e9s de iniciada la Serie B, hasta el final de la misma en 1882. Durante este periodo public\u00f3 numerosos trabajos algunos de los cuales aparecieron como an\u00f3nimos. En 1877 con motivo de la conmemoraci\u00f3n del primer centenario de la creaci\u00f3n de la Escuela de Minas de Almad\u00e9n, se insisti\u00f3 a Maffei para que redactara una publicaci\u00f3n conmemorativa. \u00c9ste acept\u00f3 la propuesta y redact\u00f3 en el breve plazo de dos meses una magn\u00edfica obra de 300 p\u00e1ginas. Tambi\u00e9n fue el principal responsable de la coordinaci\u00f3n y edici\u00f3n del primer y \u00fanico <em>Anuario de la Escuela Especial de Ingenieros de Minas<\/em>, publicado en 1878.<\/p>\n<p style=\"TEXT-ALIGN: justify\">En 1881 fue ascendido a Inspector General Segundo y pas\u00f3 a desempe\u00f1ar su puesto en la Junta Facultativa de Minas. Este ascenso le oblig\u00f3 a cesar en la ense\u00f1anza tras 22 a\u00f1os como profesor en la Escuela de Minas y a abandonar la direcci\u00f3n de la <em>Revista Minera<\/em>, al considerarla incompatible con este nuevo cargo. En 1891 fue designado vocal de la Comisi\u00f3n Inspectora del Mapa Geol\u00f3gico de Espa\u00f1a, cargo que como el anterior, desempe\u00f1\u00f3 hasta su muerte.<\/p>\n<p style=\"TEXT-ALIGN: justify\">Con motivo de la celebraci\u00f3n de los actos conmemorativos del cuarto centenario del descubrimiento de Am\u00e9rica, Maffei ofreci\u00f3 una valiosa colaboraci\u00f3n dentro de los actos correspondientes a la Comisi\u00f3n del Mapa Geol\u00f3gico, consistente en elaborar una bibliograf\u00eda minera hispanoamericana en dos tomos. Debido a su delicado estado de salud pidi\u00f3 al director de la Comisi\u00f3n que se le asignase un colaborador, nombr\u00e1ndose a tal efecto a Manuel Puig y Larraz. La obra qued\u00f3 terminada en 1892 coincidiendo con la muerte de Maffei ese mismo a\u00f1o. Fallecido el autor y pendiente de la \u00faltima revisi\u00f3n, la obra qued\u00f3 archivada en la biblioteca de la Comisi\u00f3n.<\/p>\n<\/td>\n<\/tr>\n<tr>\n<td>\u00a0<\/td>\n<\/tr>\n<tr>\n<td>OBRAS DE<\/p>\n<p style=\"TEXT-ALIGN: justify\"><em>Observaciones al proyecto de ley de minas aprobado por el Senado: publicadas en el Bolet\u00edn minero del peri\u00f3dico Las novedades por D. Eugenio Maffei, ingeniero de minas, y otros art\u00edculos relativos al mismo asunto<\/em>, Madrid, 1859; <em>Datos hist\u00f3rico-estad\u00edsticos de la Junta Superior Facultativa de Miner\u00eda<\/em>, Madrid, 1860; con Ram\u00f3n R\u00faa Figueroa, <em>Apuntes para una Biblioteca espa\u00f1ola de libros, folletos y art\u00edculos, impresos y manuscritos, relativos al conocimiento y explotaci\u00f3n de las riquezas minerales y \u00e1 las ciencias auxiliares<\/em>, 2 vols., Madrid, 1871-1872; <em>Centenario de la escuela de minas de Espa\u00f1a: 1777-1877<\/em>, Madrid, 1877; <em>Econom\u00eda minera: Lecciones de legislaci\u00f3n de minas y de econom\u00eda industrial con aplicaci\u00f3n \u00e1 la miner\u00eda<\/em>, Madrid, 1879.<\/p>\n<\/td>\n<\/tr>\n<tr>\n<td>\u00a0<\/td>\n<\/tr>\n<tr>\n<td>BIBLIOGRAFIA<\/p>\n<p style=\"TEXT-ALIGN: justify\">R. Oriol y Vidal, \u201cNecrolog\u00eda. Ilmo. Sr. D. Eugenio Maffei y Ramos\u201d, <em>Revista Minera<\/em>, vol. 40 (1892), p\u00e1gs. 201-203;<em> <\/em>E. Portela Marco, \u201cMaffei, Eugenio\u201d, <em>Diccionario Hist\u00f3rico de la Ciencia Moderna en Espa\u00f1a<\/em>, Barcelona, Ediciones 62, 1983, vol. 2 (M-Z), p\u00e1g. 13; J.M. L\u00f3pez Azcona, I. Gonz\u00e1lez Casasnovas y E. Ruiz de Casta\u00f1eda, \u201cMaffei y Ramos, Eugenio\u201d, <em>Miner\u00eda Iberoamericana. Repertorio Bibliogr\u00e1fico y Biogr\u00e1fico<\/em>, Madrid, ITGE, 1992, vol. 3, p\u00e1gs. 314-318.<\/p>\n<\/td>\n<\/tr>\n<tr>\n<td style=\"TEXT-ALIGN: right\">Juan Miguel Casanova<\/td>\n<\/tr>\n<tr>\n<td>\u00a0<\/td>\n<\/tr>\n<tr>\n<td>\u00a0<\/td>\n<\/tr>\n<\/tbody>\n<\/table>\n<p><!--:--><\/p>\n","protected":false},"excerpt":{"rendered":"<p>Eugenio Maffei y Ramos \u00a0Madrid, 13.II.1827 \u2013 23.VI.1892 \u00a0Ingeniero de minas y ge\u00f3logo. Ingres\u00f3 en la Escuela de Ingenieros de Minas de Madrid en 1845. Al finalizar sus estudios en 1849 fue destinado en pr\u00e1cticas a la mina de mercurio&#8230;<\/p>\n","protected":false},"author":3,"featured_media":0,"comment_status":"closed","ping_status":"closed","sticky":false,"template":"","format":"standard","meta":{"ngg_post_thumbnail":0,"footnotes":""},"categories":[5],"tags":[7],"_links":{"self":[{"href":"http:\/\/minval.org\/svm\/index.php?rest_route=\/wp\/v2\/posts\/1958"}],"collection":[{"href":"http:\/\/minval.org\/svm\/index.php?rest_route=\/wp\/v2\/posts"}],"about":[{"href":"http:\/\/minval.org\/svm\/index.php?rest_route=\/wp\/v2\/types\/post"}],"author":[{"embeddable":true,"href":"http:\/\/minval.org\/svm\/index.php?rest_route=\/wp\/v2\/users\/3"}],"replies":[{"embeddable":true,"href":"http:\/\/minval.org\/svm\/index.php?rest_route=%2Fwp%2Fv2%2Fcomments&post=1958"}],"version-history":[{"count":0,"href":"http:\/\/minval.org\/svm\/index.php?rest_route=\/wp\/v2\/posts\/1958\/revisions"}],"wp:attachment":[{"href":"http:\/\/minval.org\/svm\/index.php?rest_route=%2Fwp%2Fv2%2Fmedia&parent=1958"}],"wp:term":[{"taxonomy":"category","embeddable":true,"href":"http:\/\/minval.org\/svm\/index.php?rest_route=%2Fwp%2Fv2%2Fcategories&post=1958"},{"taxonomy":"post_tag","embeddable":true,"href":"http:\/\/minval.org\/svm\/index.php?rest_route=%2Fwp%2Fv2%2Ftags&post=1958"}],"curies":[{"name":"wp","href":"https:\/\/api.w.org\/{rel}","templated":true}]}}