{"id":1961,"date":"2009-10-30T00:58:02","date_gmt":"2009-10-29T22:58:02","guid":{"rendered":"http:\/\/minval.org\/svm\/?p=1961"},"modified":"2009-10-30T00:58:02","modified_gmt":"2009-10-29T22:58:02","slug":"estadisitica-minera-de-espana-1856-1932-1963","status":"publish","type":"post","link":"http:\/\/minval.org\/svm\/?p=1961","title":{"rendered":"Estad\u00edstica Minera de Espa\u00f1a (1856-1931 ; 1963-    )"},"content":{"rendered":"<p><!--:es--><\/p>\n<table border=\"0\" width=\"650\">\n<tbody>\n<tr>\n<td>\u00a0<\/td>\n<\/tr>\n<tr>\n<td>\n<p style=\"TEXT-ALIGN: justify\">El primer n\u00famero de la revista <em>Estad\u00edstica Minera de Espa\u00f1a<\/em> se public\u00f3 en 1856, estando su edici\u00f3n a cargo de la Direcci\u00f3n General de Agricultura, Minas y Montes del Ministerio de Fomento. Los primeros n\u00fameros de la revista ten\u00edan poca extensi\u00f3n y su contenido estaba principalmente constituido por tablas que ofrec\u00edan datos estad\u00edsticos de la producci\u00f3n minera espa\u00f1ola.\u00a0<\/p>\n<p style=\"TEXT-ALIGN: justify\">La revista sufri\u00f3 una importante transformaci\u00f3n en 1908, modificando su formato (21 x 28 cm) y su encuadernaci\u00f3n, que pas\u00f3 a ser en tela de color rojo. Pero adem\u00e1s de las cuestiones est\u00e9ticas, estos nuevos vol\u00famenes tendr\u00e1n una mayor extensi\u00f3n y aportaran importante informaci\u00f3n sobre los yacimientos minerales espa\u00f1oles. Las descripciones est\u00e1n organizadas por provincias y elaboradas por los ingenieros jefes de cada una de ellas. En 1909 se edit\u00f3 un volumen de algo m\u00e1s de 1500 p\u00e1ginas que adem\u00e1s del contenido anual habitual, inclu\u00eda una segunda parte con el Catastro Minero Espa\u00f1ol.\u00a0<\/p>\n<p style=\"TEXT-ALIGN: justify\">La revista sufri\u00f3 un nuevo cambio en el volumen publicado el a\u00f1o 1932. \u00c9sta pas\u00f3 a denominarse <em><a href=\"http:\/\/minval.org\/svm\/?p=1966 \">Estad\u00edstica Minera y Metal\u00fargica de Espa\u00f1a<\/a><\/em>, y se redujo su formato (16 x 23 cm). La edici\u00f3n se retom\u00f3 despu\u00e9s de la Guerra Civil pero sus contenidos ya no volvieron a alcanzar el detalle e importancia de los vol\u00famenes publicados anteriormente. En 1957 sufri\u00f3 una nueva modificaci\u00f3n en su formato (23 x 29 cm) y a partir de 1962 volvi\u00f3 a denominarse <em>Estad\u00edstica Minera de Espa\u00f1a. <\/em><\/p>\n<p style=\"TEXT-ALIGN: justify\">La <em>Estad\u00edstica Minera de Espa\u00f1a <\/em>se ha seguido publicando hasta la actualidad. Elaborada tradicionalmente por el Ministerio de Industria, supone la informaci\u00f3n m\u00e1s completa sobre la producci\u00f3n del sector extractivo en Espa\u00f1a.<\/p>\n<p style=\"TEXT-ALIGN: justify\">Continu\u00f3 con <em><a href=\"http:\/\/minval.org\/svm\/?p=1966 \">Estad\u00edstica Minera y Metal\u00fargica de Espa\u00f1a<\/a>.<\/em><\/p>\n<\/td>\n<\/tr>\n<tr>\n<td>\u00a0<\/td>\n<\/tr>\n<tr>\n<td>\u00a0<\/p>\n<table border=\"0\" width=\"550\" align=\"center\">\n<tbody>\n<tr>\n<td>\t<div class=\"ngg-gallery-singlepic-image ngg-center\" style=\"max-width: 150px\">\n\t\t\t\t<a href=\"http:\/\/minval.org\/svm\/wp-content\/gallery\/revistas\/id009.jpg\"\n\t\t\ttitle=\"\"\n\t\t\tdata-src=\"http:\/\/minval.org\/svm\/wp-content\/gallery\/revistas\/id009.jpg\"\n\t\t\tdata-thumbnail=\"http:\/\/minval.org\/svm\/wp-content\/gallery\/revistas\/thumbs\/thumbs_id009.jpg\"\n\t\t\tdata-image-id=\"502\"\n\t\t\tdata-title=\"id009\"\n\t\t\tdata-description=\"\"\n\t\t\ttarget='_self'\n\t\t\tclass=\"ngg-simplelightbox\" rel=\"ebc30ddf169edcc9ba591e4fb74afe97\">\n\t\t\t<img class=\"ngg-singlepic\"\n\t\t\t\tsrc=\"http:\/\/minval.org\/svm\/wp-content\/gallery\/revistas\/cache\/id009.jpg-nggid03502-ngg0dyn-150x0x100-00f0w010c010r110f110r010t010.jpg\"\n\t\t\t\talt=\"id009\"\n\t\t\t\ttitle=\"id009\"\n\t\t\t\t\t\t\t\t\twidth=\"150\" \t\t\t\t\t\t\t\/>\n\t\t<\/a>\n\t\t\t<\/div>\n\t\t<\/td>\n<td>\u00a0<\/td>\n<td>\t<div class=\"ngg-gallery-singlepic-image ngg-center\" style=\"max-width: 150px\">\n\t\t\t\t<a href=\"http:\/\/minval.org\/svm\/wp-content\/gallery\/revistas\/id010.jpg\"\n\t\t\ttitle=\"\"\n\t\t\tdata-src=\"http:\/\/minval.org\/svm\/wp-content\/gallery\/revistas\/id010.jpg\"\n\t\t\tdata-thumbnail=\"http:\/\/minval.org\/svm\/wp-content\/gallery\/revistas\/thumbs\/thumbs_id010.jpg\"\n\t\t\tdata-image-id=\"503\"\n\t\t\tdata-title=\"id010\"\n\t\t\tdata-description=\"\"\n\t\t\ttarget='_self'\n\t\t\tclass=\"ngg-simplelightbox\" rel=\"a75e2998b3b54c9fd0141faec965831d\">\n\t\t\t<img class=\"ngg-singlepic\"\n\t\t\t\tsrc=\"http:\/\/minval.org\/svm\/wp-content\/gallery\/revistas\/cache\/id010.jpg-nggid03503-ngg0dyn-150x0x100-00f0w010c010r110f110r010t010.jpg\"\n\t\t\t\talt=\"id010\"\n\t\t\t\ttitle=\"id010\"\n\t\t\t\t\t\t\t\t\twidth=\"150\" \t\t\t\t\t\t\t\/>\n\t\t<\/a>\n\t\t\t<\/div>\n\t\t<\/td>\n<\/tr>\n<tr>\n<td>\t<div class=\"ngg-gallery-singlepic-image ngg-center\" style=\"max-width: 150px\">\n\t\t\t\t<a href=\"http:\/\/minval.org\/svm\/wp-content\/gallery\/revistas\/id008.jpg\"\n\t\t\ttitle=\"\"\n\t\t\tdata-src=\"http:\/\/minval.org\/svm\/wp-content\/gallery\/revistas\/id008.jpg\"\n\t\t\tdata-thumbnail=\"http:\/\/minval.org\/svm\/wp-content\/gallery\/revistas\/thumbs\/thumbs_id008.jpg\"\n\t\t\tdata-image-id=\"501\"\n\t\t\tdata-title=\"id008\"\n\t\t\tdata-description=\"\"\n\t\t\ttarget='_self'\n\t\t\tclass=\"ngg-simplelightbox\" rel=\"926183174ec73a29d1c1f531d8dcbdbf\">\n\t\t\t<img class=\"ngg-singlepic\"\n\t\t\t\tsrc=\"http:\/\/minval.org\/svm\/wp-content\/gallery\/revistas\/cache\/id008.jpg-nggid03501-ngg0dyn-150x0x100-00f0w010c010r110f110r010t010.jpg\"\n\t\t\t\talt=\"id008\"\n\t\t\t\ttitle=\"id008\"\n\t\t\t\t\t\t\t\t\twidth=\"150\" \t\t\t\t\t\t\t\/>\n\t\t<\/a>\n\t\t\t<\/div>\n\t\t<\/td>\n<td>\u00a0<\/td>\n<td>\t<div class=\"ngg-gallery-singlepic-image ngg-center\" style=\"max-width: 150px\">\n\t\t\t\t<a href=\"http:\/\/minval.org\/svm\/wp-content\/gallery\/revistas\/id007.jpg\"\n\t\t\ttitle=\"\"\n\t\t\tdata-src=\"http:\/\/minval.org\/svm\/wp-content\/gallery\/revistas\/id007.jpg\"\n\t\t\tdata-thumbnail=\"http:\/\/minval.org\/svm\/wp-content\/gallery\/revistas\/thumbs\/thumbs_id007.jpg\"\n\t\t\tdata-image-id=\"500\"\n\t\t\tdata-title=\"id007\"\n\t\t\tdata-description=\"\"\n\t\t\ttarget='_self'\n\t\t\tclass=\"ngg-simplelightbox\" rel=\"97eed354f6d06485b2640206114fdbed\">\n\t\t\t<img class=\"ngg-singlepic\"\n\t\t\t\tsrc=\"http:\/\/minval.org\/svm\/wp-content\/gallery\/revistas\/cache\/id007.jpg-nggid03500-ngg0dyn-150x0x100-00f0w010c010r110f110r010t010.jpg\"\n\t\t\t\talt=\"id007\"\n\t\t\t\ttitle=\"id007\"\n\t\t\t\t\t\t\t\t\twidth=\"150\" \t\t\t\t\t\t\t\/>\n\t\t<\/a>\n\t\t\t<\/div>\n\t\t<\/td>\n<\/tr>\n<tr>\n<td>\t<div class=\"ngg-gallery-singlepic-image ngg-center\" style=\"max-width: 150px\">\n\t\t\t\t<a href=\"http:\/\/minval.org\/svm\/wp-content\/gallery\/revistas\/eme1994-1.jpg\"\n\t\t\ttitle=\"\"\n\t\t\tdata-src=\"http:\/\/minval.org\/svm\/wp-content\/gallery\/revistas\/eme1994-1.jpg\"\n\t\t\tdata-thumbnail=\"http:\/\/minval.org\/svm\/wp-content\/gallery\/revistas\/thumbs\/thumbs_eme1994-1.jpg\"\n\t\t\tdata-image-id=\"546\"\n\t\t\tdata-title=\"eme1994-1\"\n\t\t\tdata-description=\"\"\n\t\t\ttarget='_self'\n\t\t\tclass=\"ngg-simplelightbox\" rel=\"b1dff9ade872f2d968c4f70436abb481\">\n\t\t\t<img class=\"ngg-singlepic\"\n\t\t\t\tsrc=\"http:\/\/minval.org\/svm\/wp-content\/gallery\/revistas\/cache\/eme1994-1.jpg-nggid03546-ngg0dyn-150x0x100-00f0w010c010r110f110r010t010.jpg\"\n\t\t\t\talt=\"eme1994-1\"\n\t\t\t\ttitle=\"eme1994-1\"\n\t\t\t\t\t\t\t\t\twidth=\"150\" \t\t\t\t\t\t\t\/>\n\t\t<\/a>\n\t\t\t<\/div>\n\t\t<\/td>\n<td>\u00a0<\/td>\n<td>\u00a0<\/td>\n<\/tr>\n<\/tbody>\n<\/table>\n<\/td>\n<\/tr>\n<tr>\n<td>\u00a0<\/td>\n<\/tr>\n<tr>\n<td style=\"TEXT-ALIGN: justify\">En la actualidad pueden consultarse los contenidos de los a\u00f1os 1994 a 2006 en la web del <a href=\"http:\/\/www.mityc.es\/energia\/mineria\/Estadistica\/Paginas\/Consulta.aspx\" target=\"_blank\" rel=\"noopener noreferrer\">Ministerio de Industria, Turismo y Comercio. Secretar\u00eda de Estado de Energ\u00eda.<\/a><\/td>\n<\/tr>\n<tr>\n<td>\u00a0<\/td>\n<\/tr>\n<tr>\n<td>\u00a0<\/td>\n<\/tr>\n<tr>\n<td style=\"text-align: right;\"><a href=\"http:\/\/minval.org\/svm\/?page_id=232 \">volver&gt;&gt;<\/a><\/td>\n<\/tr>\n<\/tbody>\n<\/table>\n<p><!--:--><\/p>\n","protected":false},"excerpt":{"rendered":"<p>\u00a0 El primer n\u00famero de la revista Estad\u00edstica Minera de Espa\u00f1a se public\u00f3 en 1856, estando su edici\u00f3n a cargo de la Direcci\u00f3n General de Agricultura, Minas y Montes del Ministerio de Fomento. Los primeros n\u00fameros de la revista ten\u00edan&#8230;<\/p>\n","protected":false},"author":3,"featured_media":0,"comment_status":"closed","ping_status":"closed","sticky":false,"template":"","format":"standard","meta":{"ngg_post_thumbnail":0,"footnotes":""},"categories":[5],"tags":[11],"_links":{"self":[{"href":"http:\/\/minval.org\/svm\/index.php?rest_route=\/wp\/v2\/posts\/1961"}],"collection":[{"href":"http:\/\/minval.org\/svm\/index.php?rest_route=\/wp\/v2\/posts"}],"about":[{"href":"http:\/\/minval.org\/svm\/index.php?rest_route=\/wp\/v2\/types\/post"}],"author":[{"embeddable":true,"href":"http:\/\/minval.org\/svm\/index.php?rest_route=\/wp\/v2\/users\/3"}],"replies":[{"embeddable":true,"href":"http:\/\/minval.org\/svm\/index.php?rest_route=%2Fwp%2Fv2%2Fcomments&post=1961"}],"version-history":[{"count":0,"href":"http:\/\/minval.org\/svm\/index.php?rest_route=\/wp\/v2\/posts\/1961\/revisions"}],"wp:attachment":[{"href":"http:\/\/minval.org\/svm\/index.php?rest_route=%2Fwp%2Fv2%2Fmedia&parent=1961"}],"wp:term":[{"taxonomy":"category","embeddable":true,"href":"http:\/\/minval.org\/svm\/index.php?rest_route=%2Fwp%2Fv2%2Fcategories&post=1961"},{"taxonomy":"post_tag","embeddable":true,"href":"http:\/\/minval.org\/svm\/index.php?rest_route=%2Fwp%2Fv2%2Ftags&post=1961"}],"curies":[{"name":"wp","href":"https:\/\/api.w.org\/{rel}","templated":true}]}}