{"id":1966,"date":"2009-10-30T01:24:24","date_gmt":"2009-10-29T23:24:24","guid":{"rendered":"http:\/\/minval.org\/svm\/?p=1966"},"modified":"2009-10-30T01:24:24","modified_gmt":"2009-10-29T23:24:24","slug":"estadistica-minera-y-metalurgica-de-espana-1932-1962","status":"publish","type":"post","link":"http:\/\/minval.org\/svm\/?p=1966","title":{"rendered":"Estad\u00edstica Minera y Metal\u00fargica de Espa\u00f1a (1932-1962)"},"content":{"rendered":"<p><!--:es--><\/p>\n<table border=\"0\" width=\"650\">\n<tbody>\n<tr>\n<td>\u00a0<\/td>\n<\/tr>\n<tr>\n<td>\n<p style=\"TEXT-ALIGN: justify\">Es continuaci\u00f3n de la revista <em><a href=\"http:\/\/minval.org\/svm\/?p=1961 \">Estad\u00edstica Minera de Espa\u00f1a<\/a><\/em>. A partir del volumen publicado el a\u00f1o 1932 la revista sufri\u00f3 varios cambios, pasando a denominarse <em>Estad\u00edstica Minera y Metal\u00fargica de Espa\u00f1a<\/em>, reduci\u00e9ndose su formato (16 x 23 cm).<\/p>\n<p style=\"TEXT-ALIGN: justify\">La edici\u00f3n se retom\u00f3 despu\u00e9s de la Guerra Civil pero sus contenidos ya no volvieron a alcanzar el detalle e importancia de los vol\u00famenes publicados anteriormente. En 1957 sufri\u00f3 una nueva modificaci\u00f3n en su formato (23 x 29 cm) y a partir de 1962 volvi\u00f3 a\u00a0<em> <\/em>a retomar su antigua denominaci\u00f3n de <em>Estad\u00edstica Minera\u00a0de Espa\u00f1a<\/em>\u00a0que ha mantenido hasta la actualidad.<\/p>\n<p style=\"TEXT-ALIGN: justify\">Continu\u00f3 con <em><a href=\"http:\/\/minval.org\/svm\/?p=1961 \">Estad\u00edsitca Minera de Espa\u00f1a<\/a><\/em>.<\/p>\n<\/td>\n<\/tr>\n<tr>\n<td>\u00a0<\/td>\n<\/tr>\n<tr>\n<td>\u00a0<\/p>\n<table border=\"0\" width=\"550\" align=\"center\">\n<tbody>\n<tr>\n<td>\t<div class=\"ngg-gallery-singlepic-image ngg-center\" style=\"max-width: 150px\">\n\t\t\t\t<a href=\"http:\/\/minval.org\/svm\/wp-content\/gallery\/revistas\/id012.jpg\"\n\t\t\ttitle=\"\"\n\t\t\tdata-src=\"http:\/\/minval.org\/svm\/wp-content\/gallery\/revistas\/id012.jpg\"\n\t\t\tdata-thumbnail=\"http:\/\/minval.org\/svm\/wp-content\/gallery\/revistas\/thumbs\/thumbs_id012.jpg\"\n\t\t\tdata-image-id=\"504\"\n\t\t\tdata-title=\"id012\"\n\t\t\tdata-description=\"\"\n\t\t\ttarget='_self'\n\t\t\tclass=\"ngg-simplelightbox\" rel=\"d66daf878585fb9ff0a5e314b7d024f9\">\n\t\t\t<img class=\"ngg-singlepic\"\n\t\t\t\tsrc=\"http:\/\/minval.org\/svm\/wp-content\/gallery\/revistas\/cache\/id012.jpg-nggid03504-ngg0dyn-150x0x100-00f0w010c010r110f110r010t010.jpg\"\n\t\t\t\talt=\"id012\"\n\t\t\t\ttitle=\"id012\"\n\t\t\t\t\t\t\t\t\twidth=\"150\" \t\t\t\t\t\t\t\/>\n\t\t<\/a>\n\t\t\t<\/div>\n\t\t<\/td>\n<td>\t<div class=\"ngg-gallery-singlepic-image ngg-center\" style=\"max-width: 150px\">\n\t\t\t\t<a href=\"http:\/\/minval.org\/svm\/wp-content\/gallery\/revistas\/id014.jpg\"\n\t\t\ttitle=\"\"\n\t\t\tdata-src=\"http:\/\/minval.org\/svm\/wp-content\/gallery\/revistas\/id014.jpg\"\n\t\t\tdata-thumbnail=\"http:\/\/minval.org\/svm\/wp-content\/gallery\/revistas\/thumbs\/thumbs_id014.jpg\"\n\t\t\tdata-image-id=\"506\"\n\t\t\tdata-title=\"id014\"\n\t\t\tdata-description=\"\"\n\t\t\ttarget='_self'\n\t\t\tclass=\"ngg-simplelightbox\" rel=\"40842abff58786cd76c082408e6847f0\">\n\t\t\t<img class=\"ngg-singlepic\"\n\t\t\t\tsrc=\"http:\/\/minval.org\/svm\/wp-content\/gallery\/revistas\/cache\/id014.jpg-nggid03506-ngg0dyn-150x0x100-00f0w010c010r110f110r010t010.jpg\"\n\t\t\t\talt=\"id014\"\n\t\t\t\ttitle=\"id014\"\n\t\t\t\t\t\t\t\t\twidth=\"150\" \t\t\t\t\t\t\t\/>\n\t\t<\/a>\n\t\t\t<\/div>\n\t\t<\/td>\n<\/tr>\n<tr>\n<td>\t<div class=\"ngg-gallery-singlepic-image ngg-center\" style=\"max-width: 150px\">\n\t\t\t\t<a href=\"http:\/\/minval.org\/svm\/wp-content\/gallery\/revistas\/id013.jpg\"\n\t\t\ttitle=\"\"\n\t\t\tdata-src=\"http:\/\/minval.org\/svm\/wp-content\/gallery\/revistas\/id013.jpg\"\n\t\t\tdata-thumbnail=\"http:\/\/minval.org\/svm\/wp-content\/gallery\/revistas\/thumbs\/thumbs_id013.jpg\"\n\t\t\tdata-image-id=\"505\"\n\t\t\tdata-title=\"id013\"\n\t\t\tdata-description=\"\"\n\t\t\ttarget='_self'\n\t\t\tclass=\"ngg-simplelightbox\" rel=\"147379f3d77821b946e3089cf1fb79b7\">\n\t\t\t<img class=\"ngg-singlepic\"\n\t\t\t\tsrc=\"http:\/\/minval.org\/svm\/wp-content\/gallery\/revistas\/cache\/id013.jpg-nggid03505-ngg0dyn-150x0x100-00f0w010c010r110f110r010t010.jpg\"\n\t\t\t\talt=\"id013\"\n\t\t\t\ttitle=\"id013\"\n\t\t\t\t\t\t\t\t\twidth=\"150\" \t\t\t\t\t\t\t\/>\n\t\t<\/a>\n\t\t\t<\/div>\n\t\t<\/td>\n<td>\u00a0<\/td>\n<\/tr>\n<\/tbody>\n<\/table>\n<\/td>\n<\/tr>\n<tr>\n<td>\u00a0<\/td>\n<\/tr>\n<tr>\n<td style=\"text-align: right;\"><a href=\"http:\/\/minval.org\/svm\/?page_id=232 \">volver&gt;&gt;<\/a><\/td>\n<\/tr>\n<\/tbody>\n<\/table>\n<p><!--:--><\/p>\n","protected":false},"excerpt":{"rendered":"<p>\u00a0 Es continuaci\u00f3n de la revista Estad\u00edstica Minera de Espa\u00f1a. A partir del volumen publicado el a\u00f1o 1932 la revista sufri\u00f3 varios cambios, pasando a denominarse Estad\u00edstica Minera y Metal\u00fargica de Espa\u00f1a, reduci\u00e9ndose su formato (16 x 23 cm). La&#8230;<\/p>\n","protected":false},"author":3,"featured_media":0,"comment_status":"closed","ping_status":"closed","sticky":false,"template":"","format":"standard","meta":{"ngg_post_thumbnail":0,"footnotes":""},"categories":[5],"tags":[11],"_links":{"self":[{"href":"http:\/\/minval.org\/svm\/index.php?rest_route=\/wp\/v2\/posts\/1966"}],"collection":[{"href":"http:\/\/minval.org\/svm\/index.php?rest_route=\/wp\/v2\/posts"}],"about":[{"href":"http:\/\/minval.org\/svm\/index.php?rest_route=\/wp\/v2\/types\/post"}],"author":[{"embeddable":true,"href":"http:\/\/minval.org\/svm\/index.php?rest_route=\/wp\/v2\/users\/3"}],"replies":[{"embeddable":true,"href":"http:\/\/minval.org\/svm\/index.php?rest_route=%2Fwp%2Fv2%2Fcomments&post=1966"}],"version-history":[{"count":0,"href":"http:\/\/minval.org\/svm\/index.php?rest_route=\/wp\/v2\/posts\/1966\/revisions"}],"wp:attachment":[{"href":"http:\/\/minval.org\/svm\/index.php?rest_route=%2Fwp%2Fv2%2Fmedia&parent=1966"}],"wp:term":[{"taxonomy":"category","embeddable":true,"href":"http:\/\/minval.org\/svm\/index.php?rest_route=%2Fwp%2Fv2%2Fcategories&post=1966"},{"taxonomy":"post_tag","embeddable":true,"href":"http:\/\/minval.org\/svm\/index.php?rest_route=%2Fwp%2Fv2%2Ftags&post=1966"}],"curies":[{"name":"wp","href":"https:\/\/api.w.org\/{rel}","templated":true}]}}