{"id":1992,"date":"2009-10-30T22:53:36","date_gmt":"2009-10-30T20:53:36","guid":{"rendered":"http:\/\/minval.org\/svm\/?p=1992"},"modified":"2009-10-30T22:53:36","modified_gmt":"2009-10-30T20:53:36","slug":"boletin-de-la-sociedad-castellonense-de-cultura-1920","status":"publish","type":"post","link":"http:\/\/minval.org\/svm\/?p=1992","title":{"rendered":"Bolet\u00edn de la Sociedad Castellonense de Cultura (1920 &#8211;    )"},"content":{"rendered":"<p><!--:es--><\/p>\n<table border=\"0\" width=\"650\">\n<tbody>\n<tr>\n<td>\u00a0<\/td>\n<\/tr>\n<tr>\n<td>\n<p style=\"TEXT-ALIGN: justify\">La Sociedad Castellonense de Cultura fue fundada en Castell\u00f3n de la Plana en 1920 por un grupo de eruditos, escritores y artistas castellonenses. Su finalidad era la de impulsar la investigaci\u00f3n y la publicaci\u00f3n de trabajos hist\u00f3ricos, ling\u00fc\u00edsticos y literarios, especialmente en relaci\u00f3n\u00a0con la Provincia de Castell\u00f3n.<\/p>\n<p style=\"TEXT-ALIGN: justify\">En 1920\u00a0la Sociedad \u00a0public\u00f3 el primer n\u00famero del<em>\u00a0Bolet\u00edn de la Sociedad Castellonense de Cultura<\/em> (ISSN <span>0210-1475) <\/span>\u00a0que con una periodicidad trimestral se ha mantenido hasta la actualidad, s\u00f3lo\u00a0 en el periodo comprendido entre\u00a0\u00a0los a\u00f1os 1937-1942 dej\u00f3 de pubicarse. Est\u00e1 considerada como una de las revistas m\u00e1s eruditas de las publicadas en la Comunidad Valenciana.<\/p>\n<p style=\"TEXT-ALIGN: justify\">Tanto en el Bolet\u00edn como en los m\u00e1s de 200 libros publicados por la Sociedad, han participado importantes cient\u00edficos e intelectuales valencianos, como el ge\u00f3logo castellonense Vicente Sos Baynat, que fue uno de los socios fundadores.<\/p>\n<\/td>\n<\/tr>\n<tr>\n<td>\u00a0<\/td>\n<\/tr>\n<tr>\n<td>\u00a0<\/p>\n<table border=\"0\" width=\"550\" align=\"center\">\n<tbody>\n<tr>\n<td>\t<div class=\"ngg-gallery-singlepic-image ngg-center\" style=\"max-width: 150px\">\n\t\t\t\t<a href=\"http:\/\/minval.org\/svm\/wp-content\/gallery\/revistas\/nuevo-1.jpg\"\n\t\t\ttitle=\"\"\n\t\t\tdata-src=\"http:\/\/minval.org\/svm\/wp-content\/gallery\/revistas\/nuevo-1.jpg\"\n\t\t\tdata-thumbnail=\"http:\/\/minval.org\/svm\/wp-content\/gallery\/revistas\/thumbs\/thumbs_nuevo-1.jpg\"\n\t\t\tdata-image-id=\"519\"\n\t\t\tdata-title=\"nuevo-1\"\n\t\t\tdata-description=\"\"\n\t\t\ttarget='_self'\n\t\t\tclass=\"ngg-simplelightbox\" rel=\"49acafe7ce385e346126250cdf5208c1\">\n\t\t\t<img class=\"ngg-singlepic\"\n\t\t\t\tsrc=\"http:\/\/minval.org\/svm\/wp-content\/gallery\/revistas\/cache\/nuevo-1.jpg-nggid03519-ngg0dyn-150x0x100-00f0w010c010r110f110r010t010.jpg\"\n\t\t\t\talt=\"nuevo-1\"\n\t\t\t\ttitle=\"nuevo-1\"\n\t\t\t\t\t\t\t\t\twidth=\"150\" \t\t\t\t\t\t\t\/>\n\t\t<\/a>\n\t\t\t<\/div>\n\t\t<\/p>\n<p>\u00a0<\/td>\n<td>\u00a0<\/td>\n<td>\t<div class=\"ngg-gallery-singlepic-image ngg-center\" style=\"max-width: 150px\">\n\t\t\t\t<a href=\"http:\/\/minval.org\/svm\/wp-content\/gallery\/revistas\/id024.jpg\"\n\t\t\ttitle=\"\"\n\t\t\tdata-src=\"http:\/\/minval.org\/svm\/wp-content\/gallery\/revistas\/id024.jpg\"\n\t\t\tdata-thumbnail=\"http:\/\/minval.org\/svm\/wp-content\/gallery\/revistas\/thumbs\/thumbs_id024.jpg\"\n\t\t\tdata-image-id=\"515\"\n\t\t\tdata-title=\"id024\"\n\t\t\tdata-description=\"\"\n\t\t\ttarget='_self'\n\t\t\tclass=\"ngg-simplelightbox\" rel=\"430034f4a0b7c6b1c05a0b7e9e97dd25\">\n\t\t\t<img class=\"ngg-singlepic\"\n\t\t\t\tsrc=\"http:\/\/minval.org\/svm\/wp-content\/gallery\/revistas\/cache\/id024.jpg-nggid03515-ngg0dyn-150x0x100-00f0w010c010r110f110r010t010.jpg\"\n\t\t\t\talt=\"id024\"\n\t\t\t\ttitle=\"id024\"\n\t\t\t\t\t\t\t\t\twidth=\"150\" \t\t\t\t\t\t\t\/>\n\t\t<\/a>\n\t\t\t<\/div>\n\t\t<\/td>\n<\/tr>\n<tr>\n<td>\t<div class=\"ngg-gallery-singlepic-image ngg-center\" style=\"max-width: 150px\">\n\t\t\t\t<a href=\"http:\/\/minval.org\/svm\/wp-content\/gallery\/revistas\/id025.jpg\"\n\t\t\ttitle=\"\"\n\t\t\tdata-src=\"http:\/\/minval.org\/svm\/wp-content\/gallery\/revistas\/id025.jpg\"\n\t\t\tdata-thumbnail=\"http:\/\/minval.org\/svm\/wp-content\/gallery\/revistas\/thumbs\/thumbs_id025.jpg\"\n\t\t\tdata-image-id=\"516\"\n\t\t\tdata-title=\"id025\"\n\t\t\tdata-description=\"\"\n\t\t\ttarget='_self'\n\t\t\tclass=\"ngg-simplelightbox\" rel=\"8fd8d4a70470ba7ec1f4024f0af2596a\">\n\t\t\t<img class=\"ngg-singlepic\"\n\t\t\t\tsrc=\"http:\/\/minval.org\/svm\/wp-content\/gallery\/revistas\/cache\/id025.jpg-nggid03516-ngg0dyn-150x0x100-00f0w010c010r110f110r010t010.jpg\"\n\t\t\t\talt=\"id025\"\n\t\t\t\ttitle=\"id025\"\n\t\t\t\t\t\t\t\t\twidth=\"150\" \t\t\t\t\t\t\t\/>\n\t\t<\/a>\n\t\t\t<\/div>\n\t\t<\/td>\n<td>\u00a0<\/td>\n<td>\t<div class=\"ngg-gallery-singlepic-image ngg-center\" style=\"max-width: 150px\">\n\t\t\t\t<a href=\"http:\/\/minval.org\/svm\/wp-content\/gallery\/revistas\/id026.jpg\"\n\t\t\ttitle=\"\"\n\t\t\tdata-src=\"http:\/\/minval.org\/svm\/wp-content\/gallery\/revistas\/id026.jpg\"\n\t\t\tdata-thumbnail=\"http:\/\/minval.org\/svm\/wp-content\/gallery\/revistas\/thumbs\/thumbs_id026.jpg\"\n\t\t\tdata-image-id=\"517\"\n\t\t\tdata-title=\"id026\"\n\t\t\tdata-description=\"\"\n\t\t\ttarget='_self'\n\t\t\tclass=\"ngg-simplelightbox\" rel=\"d37b948320582eb60b518a915cf08dff\">\n\t\t\t<img class=\"ngg-singlepic\"\n\t\t\t\tsrc=\"http:\/\/minval.org\/svm\/wp-content\/gallery\/revistas\/cache\/id026.jpg-nggid03517-ngg0dyn-150x0x100-00f0w010c010r110f110r010t010.jpg\"\n\t\t\t\talt=\"id026\"\n\t\t\t\ttitle=\"id026\"\n\t\t\t\t\t\t\t\t\twidth=\"150\" \t\t\t\t\t\t\t\/>\n\t\t<\/a>\n\t\t\t<\/div>\n\t\t<\/td>\n<\/tr>\n<\/tbody>\n<\/table>\n<\/td>\n<\/tr>\n<tr>\n<td>\u00a0<\/td>\n<\/tr>\n<tr>\n<td style=\"TEXT-ALIGN: justify\">La Sociedad junto a la Fundaci\u00f3n Davalos-Fletcher edit\u00f3 una versi\u00f3n digital en CD que incluye el contenido de los vol\u00famenes I (1920) al XVIII (1943).<\/td>\n<\/tr>\n<tr>\n<td>\u00a0<\/td>\n<\/tr>\n<tr>\n<td style=\"TEXT-ALIGN: center\">El contenido del Bolet\u00edn desde el a\u00f1o 2001 hasta la actualidad puede consultarse en la web <a href=\"http:\/\/dialnet.unirioja.es\/\" target=\"_blank\" rel=\"noopener noreferrer\">DIALNET<\/a><\/td>\n<\/tr>\n<tr>\n<td>\u00a0<\/td>\n<\/tr>\n<tr>\n<td style=\"TEXT-ALIGN: right\"><a href=\"http:\/\/minval.org\/svm\/?page_id=232 \">volver&gt;&gt;<\/a><\/td>\n<\/tr>\n<\/tbody>\n<\/table>\n<p><!--:--><\/p>\n","protected":false},"excerpt":{"rendered":"<p>\u00a0 La Sociedad Castellonense de Cultura fue fundada en Castell\u00f3n de la Plana en 1920 por un grupo de eruditos, escritores y artistas castellonenses. Su finalidad era la de impulsar la investigaci\u00f3n y la publicaci\u00f3n de trabajos hist\u00f3ricos, ling\u00fc\u00edsticos y&#8230;<\/p>\n","protected":false},"author":3,"featured_media":0,"comment_status":"closed","ping_status":"closed","sticky":false,"template":"","format":"standard","meta":{"ngg_post_thumbnail":0,"footnotes":""},"categories":[5],"tags":[11],"_links":{"self":[{"href":"http:\/\/minval.org\/svm\/index.php?rest_route=\/wp\/v2\/posts\/1992"}],"collection":[{"href":"http:\/\/minval.org\/svm\/index.php?rest_route=\/wp\/v2\/posts"}],"about":[{"href":"http:\/\/minval.org\/svm\/index.php?rest_route=\/wp\/v2\/types\/post"}],"author":[{"embeddable":true,"href":"http:\/\/minval.org\/svm\/index.php?rest_route=\/wp\/v2\/users\/3"}],"replies":[{"embeddable":true,"href":"http:\/\/minval.org\/svm\/index.php?rest_route=%2Fwp%2Fv2%2Fcomments&post=1992"}],"version-history":[{"count":0,"href":"http:\/\/minval.org\/svm\/index.php?rest_route=\/wp\/v2\/posts\/1992\/revisions"}],"wp:attachment":[{"href":"http:\/\/minval.org\/svm\/index.php?rest_route=%2Fwp%2Fv2%2Fmedia&parent=1992"}],"wp:term":[{"taxonomy":"category","embeddable":true,"href":"http:\/\/minval.org\/svm\/index.php?rest_route=%2Fwp%2Fv2%2Fcategories&post=1992"},{"taxonomy":"post_tag","embeddable":true,"href":"http:\/\/minval.org\/svm\/index.php?rest_route=%2Fwp%2Fv2%2Ftags&post=1992"}],"curies":[{"name":"wp","href":"https:\/\/api.w.org\/{rel}","templated":true}]}}