{"id":2004,"date":"2009-10-31T16:04:16","date_gmt":"2009-10-31T14:04:16","guid":{"rendered":"http:\/\/minval.org\/svm\/?p=2004"},"modified":"2009-10-31T16:04:16","modified_gmt":"2009-10-31T14:04:16","slug":"joaquim-sanz-balague","status":"publish","type":"post","link":"http:\/\/minval.org\/svm\/?p=2004","title":{"rendered":"Joaquim Sanz Balagu\u00e9"},"content":{"rendered":"<p><!--:es--><\/p>\n<table border=\"0\" width=\"650\">\n<tbody>\n<tr>\n<td>\u00a0<\/td>\n<td>\n<h3>Guia d&#8217;identificaci\u00f3 de minerals : (pa\u00efsos catalans i d&#8217;altres) \u00a0\u00a0\u00a0\u00a0\u00a0\u00a0\u00a0\u00a0\u00a0\u00a0\u00a0\u00a0<\/h3>\n<address>Mata i Perell\u00f3, Josep Maria<\/address>\n<address>Sanz i Balagu\u00e9, Joaquim<\/address>\n<address>\u00a0[1\u00aa ed.]<\/address>\n<address>Manresa : Parcir, 1988<\/address>\n<address>208 p., [80] p. de l\u00e1m. col. ; 21 cm<\/address>\n<address>B 29071-1988<\/address>\n<address>\u00a0<\/address>\n<\/td>\n<\/tr>\n<tr>\n<td>\n<address>\u00a0\t<div class=\"ngg-gallery-singlepic-image ngg-center\" style=\"max-width: 100px\">\n\t\t\t\t<a href=\"http:\/\/minval.org\/svm\/wp-content\/gallery\/calvo-rebollar-miguel\/id019.jpg\"\n\t\t\ttitle=\"\"\n\t\t\tdata-src=\"http:\/\/minval.org\/svm\/wp-content\/gallery\/calvo-rebollar-miguel\/id019.jpg\"\n\t\t\tdata-thumbnail=\"http:\/\/minval.org\/svm\/wp-content\/gallery\/calvo-rebollar-miguel\/thumbs\/thumbs_id019.jpg\"\n\t\t\tdata-image-id=\"521\"\n\t\t\tdata-title=\"id019\"\n\t\t\tdata-description=\"\"\n\t\t\ttarget='_self'\n\t\t\tclass=\"ngg-simplelightbox\" rel=\"9f8444711c9ade76ba9e7c8c94cfc50e\">\n\t\t\t<img class=\"ngg-singlepic\"\n\t\t\t\tsrc=\"http:\/\/minval.org\/svm\/wp-content\/gallery\/calvo-rebollar-miguel\/cache\/id019.jpg-nggid03521-ngg0dyn-100x0x100-00f0w010c010r110f110r010t010.jpg\"\n\t\t\t\talt=\"id019\"\n\t\t\t\ttitle=\"id019\"\n\t\t\t\t\t\t\t\t\twidth=\"100\" \t\t\t\t\t\t\t\/>\n\t\t<\/a>\n\t\t\t<\/div>\n\t\t<\/address>\n<\/td>\n<td>\n<h3>Guia d&#8217;identificaci\u00f3 de minerals : (pa\u00efsos catalans i d&#8217;altres) \u00a0\u00a0\u00a0\u00a0\u00a0\u00a0\u00a0\u00a0\u00a0\u00a0\u00a0\u00a0<\/h3>\n<address>Mata i Perell\u00f3, Josep Maria<\/address>\n<address>Sanz i Balagu\u00e9, Joaquim<\/address>\n<address>1\u00aa ed.; 1\u00ba reimp.<\/address>\n<address>Manresa : Parcir, 1993<\/address>\n<address>208 p., [80] p. de l\u00e1m. col. ; 21 cm<\/address>\n<address>B 29861-1993<\/address>\n<address>\u00a0<\/address>\n<\/td>\n<\/tr>\n<tr>\n<td>\n<address>\u00a0\t<div class=\"ngg-gallery-singlepic-image ngg-center\" style=\"max-width: 100px\">\n\t\t\t\t<a href=\"http:\/\/minval.org\/svm\/wp-content\/gallery\/calvo-rebollar-miguel\/id021.jpg\"\n\t\t\ttitle=\"\"\n\t\t\tdata-src=\"http:\/\/minval.org\/svm\/wp-content\/gallery\/calvo-rebollar-miguel\/id021.jpg\"\n\t\t\tdata-thumbnail=\"http:\/\/minval.org\/svm\/wp-content\/gallery\/calvo-rebollar-miguel\/thumbs\/thumbs_id021.jpg\"\n\t\t\tdata-image-id=\"522\"\n\t\t\tdata-title=\"id021\"\n\t\t\tdata-description=\"\"\n\t\t\ttarget='_self'\n\t\t\tclass=\"ngg-simplelightbox\" rel=\"cd580e69eb7c8d51faf6112ffa6b01fe\">\n\t\t\t<img class=\"ngg-singlepic\"\n\t\t\t\tsrc=\"http:\/\/minval.org\/svm\/wp-content\/gallery\/calvo-rebollar-miguel\/cache\/id021.jpg-nggid03522-ngg0dyn-100x0x100-00f0w010c010r110f110r010t010.jpg\"\n\t\t\t\talt=\"id021\"\n\t\t\t\ttitle=\"id021\"\n\t\t\t\t\t\t\t\t\twidth=\"100\" \t\t\t\t\t\t\t\/>\n\t\t<\/a>\n\t\t\t<\/div>\n\t\t<\/address>\n<\/td>\n<td>\n<h3>Gu\u00eda de identificaci\u00f3n de minerales : adapatada fundamentalmente a la Pen\u00ednsula Ib\u00e9rica<\/h3>\n<address>Mata i Perell\u00f3, Josep Maria<\/address>\n<address>Sanz i Balagu\u00e9, Joaquim<\/address>\n<address>Manresa : Parcir, 1993<\/address>\n<address>240 p. ; l\u00e1m. col. ; 21 cm<\/address>\n<address>B 29861-1993<\/address>\n<address>\u00a0<\/address>\n<\/td>\n<\/tr>\n<tr>\n<td>\n<address>\u00a0<\/address>\n<\/td>\n<td>\n<h3>Guia d&#8217;identificaci\u00f3 de minerals<\/h3>\n<address>Mata i Perell\u00f3, Josep Maria<\/address>\n<address>Sanz i Balagu\u00e9, Joaquim<\/address>\n<address>1\u00aa ed.<\/address>\n<address>Manresa : Parcir ; Barcelona : UPC, 2007<\/address>\n<address>261 p. : il. col. y n., mapas, planos ; 23 cm<\/address>\n<address>B 45573-2007<\/address>\n<address>\u00a0<\/address>\n<\/td>\n<\/tr>\n<tr>\n<td>\u00a0<\/td>\n<td style=\"text-align: right;\">\u00a0<a href=\"http:\/\/minval.org\/svm\/?p=337\">volver&gt;&gt;<\/a><\/td>\n<\/tr>\n<\/tbody>\n<\/table>\n<p><!--:--><\/p>\n","protected":false},"excerpt":{"rendered":"<p>\u00a0 Guia d&#8217;identificaci\u00f3 de minerals : (pa\u00efsos catalans i d&#8217;altres) \u00a0\u00a0\u00a0\u00a0\u00a0\u00a0\u00a0\u00a0\u00a0\u00a0\u00a0\u00a0 Mata i Perell\u00f3, Josep Maria Sanz i Balagu\u00e9, Joaquim \u00a0[1\u00aa ed.] Manresa : Parcir, 1988 208 p., [80] p. de l\u00e1m. col. ; 21 cm B 29071-1988 \u00a0 \u00a0&#8230;<\/p>\n","protected":false},"author":3,"featured_media":0,"comment_status":"closed","ping_status":"closed","sticky":false,"template":"","format":"standard","meta":{"ngg_post_thumbnail":0,"footnotes":""},"categories":[5],"tags":[9],"_links":{"self":[{"href":"http:\/\/minval.org\/svm\/index.php?rest_route=\/wp\/v2\/posts\/2004"}],"collection":[{"href":"http:\/\/minval.org\/svm\/index.php?rest_route=\/wp\/v2\/posts"}],"about":[{"href":"http:\/\/minval.org\/svm\/index.php?rest_route=\/wp\/v2\/types\/post"}],"author":[{"embeddable":true,"href":"http:\/\/minval.org\/svm\/index.php?rest_route=\/wp\/v2\/users\/3"}],"replies":[{"embeddable":true,"href":"http:\/\/minval.org\/svm\/index.php?rest_route=%2Fwp%2Fv2%2Fcomments&post=2004"}],"version-history":[{"count":0,"href":"http:\/\/minval.org\/svm\/index.php?rest_route=\/wp\/v2\/posts\/2004\/revisions"}],"wp:attachment":[{"href":"http:\/\/minval.org\/svm\/index.php?rest_route=%2Fwp%2Fv2%2Fmedia&parent=2004"}],"wp:term":[{"taxonomy":"category","embeddable":true,"href":"http:\/\/minval.org\/svm\/index.php?rest_route=%2Fwp%2Fv2%2Fcategories&post=2004"},{"taxonomy":"post_tag","embeddable":true,"href":"http:\/\/minval.org\/svm\/index.php?rest_route=%2Fwp%2Fv2%2Ftags&post=2004"}],"curies":[{"name":"wp","href":"https:\/\/api.w.org\/{rel}","templated":true}]}}