{"id":2071,"date":"2009-10-31T21:29:08","date_gmt":"2009-10-31T19:29:08","guid":{"rendered":"http:\/\/minval.org\/svm\/?p=2071"},"modified":"2009-10-31T21:29:08","modified_gmt":"2009-10-31T19:29:08","slug":"anales-del-instituto-general-y-tecnico-de-valencia-1916-1923","status":"publish","type":"post","link":"http:\/\/minval.org\/svm\/?p=2071","title":{"rendered":"Anales del Instituto General y T\u00e9cnico de Valencia (1916-1923)"},"content":{"rendered":"<p><!--:es--><\/p>\n<table border=\"0\" width=\"650\">\n<tbody>\n<tr>\n<td>\u00a0<\/td>\n<\/tr>\n<tr>\n<td>\n<p style=\"TEXT-ALIGN: justify\">La revista <em>Anales del Instituto General y T\u00e9cnico de Valencia<\/em>, fue editada por el citado Instituto (actual Instituto Luis Vives de Valencia) y su primer volumen apareci\u00f3 en 1916. En total se editaron 16 vol\u00famenes cuya aparici\u00f3n era irregular.\u00a0<\/p>\n<p style=\"TEXT-ALIGN: justify\">En el a\u00f1o 1923 debido al cambio de denominaci\u00f3n del Instituto, la revista tambi\u00e9n cambi\u00f3 de nombre, pasando a denominarse a partir del volumen 12 \u00a0<em><a href=\"http:\/\/minval.org\/svm\/?p=2075\">Anales del Instituto Nacional de 2\u00aa Ense\u00f1anza<\/a>. <\/em>El \u00faltimo n\u00famero apareci\u00f3 en 1928.\u00a0<\/p>\n<p style=\"TEXT-ALIGN: justify\">En esta revista se publicaron importantes trabajos de investigaci\u00f3n correspondientes a prestigiosos cient\u00edficos espa\u00f1oles que en esos momentos trabajaban en el Instituto, entre los que destacan los trabajos del laboratorio de Historia Natural y del prestigioso laboratorio de Hidrobiolog\u00eda Espa\u00f1ola.<\/p>\n<p style=\"TEXT-ALIGN: justify\">Continu\u00f3 con los <a href=\"http:\/\/minval.org\/svm\/?p=2075 \"><em>Anales del Instituto Nacional de 2\u00aa Ense\u00f1anza<\/em><\/a>.<\/p>\n<\/td>\n<\/tr>\n<tr>\n<td>\u00a0<\/td>\n<\/tr>\n<tr>\n<td style=\"TEXT-ALIGN: center\">\u00a0\t<div class=\"ngg-gallery-singlepic-image ngg-center\" style=\"max-width: 250px\">\n\t\t\t\t<a href=\"http:\/\/minval.org\/svm\/wp-content\/gallery\/revistas\/id037.jpg\"\n\t\t\ttitle=\"\"\n\t\t\tdata-src=\"http:\/\/minval.org\/svm\/wp-content\/gallery\/revistas\/id037.jpg\"\n\t\t\tdata-thumbnail=\"http:\/\/minval.org\/svm\/wp-content\/gallery\/revistas\/thumbs\/thumbs_id037.jpg\"\n\t\t\tdata-image-id=\"545\"\n\t\t\tdata-title=\"id037\"\n\t\t\tdata-description=\"\"\n\t\t\ttarget='_self'\n\t\t\tclass=\"ngg-simplelightbox\" rel=\"a9434f78265471e7a99ed5f474c2c9b9\">\n\t\t\t<img class=\"ngg-singlepic\"\n\t\t\t\tsrc=\"http:\/\/minval.org\/svm\/wp-content\/gallery\/revistas\/cache\/id037.jpg-nggid03545-ngg0dyn-250x0x100-00f0w010c010r110f110r010t010.jpg\"\n\t\t\t\talt=\"id037\"\n\t\t\t\ttitle=\"id037\"\n\t\t\t\t\t\t\t\t\twidth=\"250\" \t\t\t\t\t\t\t\/>\n\t\t<\/a>\n\t\t\t<\/div>\n\t\t<\/td>\n<\/tr>\n<tr>\n<td>\u00a0<\/td>\n<\/tr>\n<tr>\n<td style=\"TEXT-ALIGN: right\"><a href=\"http:\/\/minval.org\/svm\/?page_id=232 \">volver&gt;&gt;<\/a><\/td>\n<\/tr>\n<\/tbody>\n<\/table>\n<p><!--:--><\/p>\n","protected":false},"excerpt":{"rendered":"<p>\u00a0 La revista Anales del Instituto General y T\u00e9cnico de Valencia, fue editada por el citado Instituto (actual Instituto Luis Vives de Valencia) y su primer volumen apareci\u00f3 en 1916. En total se editaron 16 vol\u00famenes cuya aparici\u00f3n era irregular.\u00a0&#8230;<\/p>\n","protected":false},"author":3,"featured_media":0,"comment_status":"closed","ping_status":"closed","sticky":false,"template":"","format":"standard","meta":{"ngg_post_thumbnail":0,"footnotes":""},"categories":[5],"tags":[11],"_links":{"self":[{"href":"http:\/\/minval.org\/svm\/index.php?rest_route=\/wp\/v2\/posts\/2071"}],"collection":[{"href":"http:\/\/minval.org\/svm\/index.php?rest_route=\/wp\/v2\/posts"}],"about":[{"href":"http:\/\/minval.org\/svm\/index.php?rest_route=\/wp\/v2\/types\/post"}],"author":[{"embeddable":true,"href":"http:\/\/minval.org\/svm\/index.php?rest_route=\/wp\/v2\/users\/3"}],"replies":[{"embeddable":true,"href":"http:\/\/minval.org\/svm\/index.php?rest_route=%2Fwp%2Fv2%2Fcomments&post=2071"}],"version-history":[{"count":0,"href":"http:\/\/minval.org\/svm\/index.php?rest_route=\/wp\/v2\/posts\/2071\/revisions"}],"wp:attachment":[{"href":"http:\/\/minval.org\/svm\/index.php?rest_route=%2Fwp%2Fv2%2Fmedia&parent=2071"}],"wp:term":[{"taxonomy":"category","embeddable":true,"href":"http:\/\/minval.org\/svm\/index.php?rest_route=%2Fwp%2Fv2%2Fcategories&post=2071"},{"taxonomy":"post_tag","embeddable":true,"href":"http:\/\/minval.org\/svm\/index.php?rest_route=%2Fwp%2Fv2%2Ftags&post=2071"}],"curies":[{"name":"wp","href":"https:\/\/api.w.org\/{rel}","templated":true}]}}