{"id":2075,"date":"2009-10-31T22:15:53","date_gmt":"2009-10-31T20:15:53","guid":{"rendered":"http:\/\/minval.org\/svm\/?p=2075"},"modified":"2009-10-31T22:15:53","modified_gmt":"2009-10-31T20:15:53","slug":"anales-del-instituto-nacional-de-2%c2%aa-ensenanza","status":"publish","type":"post","link":"http:\/\/minval.org\/svm\/?p=2075","title":{"rendered":"Anales del Instituto Nacional de 2\u00aa Ense\u00f1anza (1924-1928)"},"content":{"rendered":"<p><!--:es--><\/p>\n<table border=\"0\" width=\"650\">\n<tbody>\n<tr>\n<td><\/td>\n<\/tr>\n<tr>\n<td>\n<p style=\"TEXT-ALIGN: justify\">Es continuaci\u00f3n de la revista <em><a href=\"http:\/\/minval.org\/svm\/?p=2071 \">Anales del Instituto General y T\u00e9cnico de Valencia<\/a>. <\/em>En el a\u00f1o 1923 debido al cambio de denominaci\u00f3n del Instituto, la revista tambi\u00e9n cambi\u00f3 de nombre, pasando a denominarse a partir del volumen 12 \u00a0<em>Anales del Instituto Nacional de 2\u00aa Ense\u00f1anza. <\/em>El \u00faltimo n\u00famero apareci\u00f3 en 1928.<\/p>\n<p style=\"TEXT-ALIGN: justify\">En esta revista se publicaron importantes trabajos de investigaci\u00f3n correspondientes a prestigiosos cient\u00edficos espa\u00f1oles que en esos momentos trabajaban en el Instituto, entre los que destacan los trabajos del laboratorio de Historia Natural y del prestigioso laboratorio de Hidrobiolog\u00eda Espa\u00f1ola.<\/p>\n<\/td>\n<\/tr>\n<tr>\n<td><\/td>\n<\/tr>\n<tr>\n<td>\n<table style=\"TEXT-ALIGN: center\" border=\"0\" width=\"550\" align=\"center\">\n<tbody>\n<tr>\n<td>\t<div class=\"ngg-gallery-singlepic-image ngg-center\" style=\"max-width: 150px\">\n\t\t\t\t<a href=\"http:\/\/minval.org\/svm\/wp-content\/gallery\/revistas\/id034.jpg\"\n\t\t\ttitle=\"\"\n\t\t\tdata-src=\"http:\/\/minval.org\/svm\/wp-content\/gallery\/revistas\/id034.jpg\"\n\t\t\tdata-thumbnail=\"http:\/\/minval.org\/svm\/wp-content\/gallery\/revistas\/thumbs\/thumbs_id034.jpg\"\n\t\t\tdata-image-id=\"542\"\n\t\t\tdata-title=\"id034\"\n\t\t\tdata-description=\"\"\n\t\t\ttarget='_self'\n\t\t\tclass=\"ngg-simplelightbox\" rel=\"517e60f2e7dd9748b2d09dbdc7794ded\">\n\t\t\t<img class=\"ngg-singlepic\"\n\t\t\t\tsrc=\"http:\/\/minval.org\/svm\/wp-content\/gallery\/revistas\/cache\/id034.jpg-nggid03542-ngg0dyn-150x0x100-00f0w010c010r110f110r010t010.jpg\"\n\t\t\t\talt=\"id034\"\n\t\t\t\ttitle=\"id034\"\n\t\t\t\t\t\t\t\t\twidth=\"150\" \t\t\t\t\t\t\t\/>\n\t\t<\/a>\n\t\t\t<\/div>\n\t\t<\/td>\n<td>\t<div class=\"ngg-gallery-singlepic-image ngg-center\" style=\"max-width: 150px\">\n\t\t\t\t<a href=\"http:\/\/minval.org\/svm\/wp-content\/gallery\/revistas\/id035.jpg\"\n\t\t\ttitle=\"\"\n\t\t\tdata-src=\"http:\/\/minval.org\/svm\/wp-content\/gallery\/revistas\/id035.jpg\"\n\t\t\tdata-thumbnail=\"http:\/\/minval.org\/svm\/wp-content\/gallery\/revistas\/thumbs\/thumbs_id035.jpg\"\n\t\t\tdata-image-id=\"543\"\n\t\t\tdata-title=\"id035\"\n\t\t\tdata-description=\"\"\n\t\t\ttarget='_self'\n\t\t\tclass=\"ngg-simplelightbox\" rel=\"13bbc70243797bb8250f3c345fc22224\">\n\t\t\t<img class=\"ngg-singlepic\"\n\t\t\t\tsrc=\"http:\/\/minval.org\/svm\/wp-content\/gallery\/revistas\/cache\/id035.jpg-nggid03543-ngg0dyn-150x0x100-00f0w010c010r110f110r010t010.jpg\"\n\t\t\t\talt=\"id035\"\n\t\t\t\ttitle=\"id035\"\n\t\t\t\t\t\t\t\t\twidth=\"150\" \t\t\t\t\t\t\t\/>\n\t\t<\/a>\n\t\t\t<\/div>\n\t\t<\/td>\n<td>\t<div class=\"ngg-gallery-singlepic-image ngg-center\" style=\"max-width: 150px\">\n\t\t\t\t<a href=\"http:\/\/minval.org\/svm\/wp-content\/gallery\/revistas\/id036.jpg\"\n\t\t\ttitle=\"\"\n\t\t\tdata-src=\"http:\/\/minval.org\/svm\/wp-content\/gallery\/revistas\/id036.jpg\"\n\t\t\tdata-thumbnail=\"http:\/\/minval.org\/svm\/wp-content\/gallery\/revistas\/thumbs\/thumbs_id036.jpg\"\n\t\t\tdata-image-id=\"544\"\n\t\t\tdata-title=\"id036\"\n\t\t\tdata-description=\"\"\n\t\t\ttarget='_self'\n\t\t\tclass=\"ngg-simplelightbox\" rel=\"8a2543d2b7578d6384c52ff3cf6c9bdb\">\n\t\t\t<img class=\"ngg-singlepic\"\n\t\t\t\tsrc=\"http:\/\/minval.org\/svm\/wp-content\/gallery\/revistas\/cache\/id036.jpg-nggid03544-ngg0dyn-150x0x100-00f0w010c010r110f110r010t010.jpg\"\n\t\t\t\talt=\"id036\"\n\t\t\t\ttitle=\"id036\"\n\t\t\t\t\t\t\t\t\twidth=\"150\" \t\t\t\t\t\t\t\/>\n\t\t<\/a>\n\t\t\t<\/div>\n\t\t<\/td>\n<\/tr>\n<\/tbody>\n<\/table>\n<\/td>\n<\/tr>\n<tr>\n<td><\/td>\n<\/tr>\n<tr>\n<td>\n<p style=\"TEXT-ALIGN: right\"><a href=\"http:\/\/minval.org\/svm\/?page_id=232 \">volver&gt;&gt;<\/a><\/p>\n<\/td>\n<\/tr>\n<\/tbody>\n<\/table>\n<p><!--:--><!--:ca-->\u00c9s la continuaci\u00f3 de la revista \u00ab<a href=\"http:\/\/minval.org\/svm\/?p=2071 \">Anales del Instituto General y T\u00e9cnico de Valencia<\/a>\u00ab. A l&#8217;any 1923 degut al canvi de denominaci\u00f3 de l&#8217;Institut, la revista tamb\u00e9 ho va fer, passant a anomenar-se\u00a0 a partir del volum 12\u00a0 Anales del Instituto de 2\u00aa Ense\u00f1anza. El darrer n\u00famero va apareixer al 1928.<\/p>\n<p>En aquesta revista es varen publicar importants treballs d&#8217;investigaci\u00f3 de prestigiosos cient\u00edfics espanyols que en aquell moment treballaven a l&#8217;Institut, entre els que destaquen els treballs del \u00bb laboratorio de Historia Natural\u00bb i del prestigi\u00f3s \u00ablaboratorio de Hidrobiologia Espa\u00f1ola\u00bb<\/p>\n<table style=\"cursor: default; text-align: center; border: 1px dashed #bbbbbb;\" border=\"0\" width=\"550\" align=\"center\">\n<tbody>\n<tr>\n<td style=\"color: #000000; font-size: 11px; cursor: text; margin: 8px; border: 1px dashed #bbbbbb;\">\t<div class=\"ngg-gallery-singlepic-image ngg-center\" style=\"max-width: 150px\">\n\t\t\t\t<a href=\"http:\/\/minval.org\/svm\/wp-content\/gallery\/revistas\/id034.jpg\"\n\t\t\ttitle=\"\"\n\t\t\tdata-src=\"http:\/\/minval.org\/svm\/wp-content\/gallery\/revistas\/id034.jpg\"\n\t\t\tdata-thumbnail=\"http:\/\/minval.org\/svm\/wp-content\/gallery\/revistas\/thumbs\/thumbs_id034.jpg\"\n\t\t\tdata-image-id=\"542\"\n\t\t\tdata-title=\"id034\"\n\t\t\tdata-description=\"\"\n\t\t\ttarget='_self'\n\t\t\tclass=\"ngg-simplelightbox\" rel=\"517e60f2e7dd9748b2d09dbdc7794ded\">\n\t\t\t<img class=\"ngg-singlepic\"\n\t\t\t\tsrc=\"http:\/\/minval.org\/svm\/wp-content\/gallery\/revistas\/cache\/id034.jpg-nggid03542-ngg0dyn-150x0x100-00f0w010c010r110f110r010t010.jpg\"\n\t\t\t\talt=\"id034\"\n\t\t\t\ttitle=\"id034\"\n\t\t\t\t\t\t\t\t\twidth=\"150\" \t\t\t\t\t\t\t\/>\n\t\t<\/a>\n\t\t\t<\/div>\n\t\t<\/td>\n<td style=\"color: #000000; font-size: 11px; cursor: text; margin: 8px; border: 1px dashed #bbbbbb;\">\t<div class=\"ngg-gallery-singlepic-image ngg-center\" style=\"max-width: 150px\">\n\t\t\t\t<a href=\"http:\/\/minval.org\/svm\/wp-content\/gallery\/revistas\/id035.jpg\"\n\t\t\ttitle=\"\"\n\t\t\tdata-src=\"http:\/\/minval.org\/svm\/wp-content\/gallery\/revistas\/id035.jpg\"\n\t\t\tdata-thumbnail=\"http:\/\/minval.org\/svm\/wp-content\/gallery\/revistas\/thumbs\/thumbs_id035.jpg\"\n\t\t\tdata-image-id=\"543\"\n\t\t\tdata-title=\"id035\"\n\t\t\tdata-description=\"\"\n\t\t\ttarget='_self'\n\t\t\tclass=\"ngg-simplelightbox\" rel=\"13bbc70243797bb8250f3c345fc22224\">\n\t\t\t<img class=\"ngg-singlepic\"\n\t\t\t\tsrc=\"http:\/\/minval.org\/svm\/wp-content\/gallery\/revistas\/cache\/id035.jpg-nggid03543-ngg0dyn-150x0x100-00f0w010c010r110f110r010t010.jpg\"\n\t\t\t\talt=\"id035\"\n\t\t\t\ttitle=\"id035\"\n\t\t\t\t\t\t\t\t\twidth=\"150\" \t\t\t\t\t\t\t\/>\n\t\t<\/a>\n\t\t\t<\/div>\n\t\t<\/td>\n<td style=\"color: #000000; font-size: 11px; cursor: text; margin: 8px; border: 1px dashed #bbbbbb;\">\t<div class=\"ngg-gallery-singlepic-image ngg-center\" style=\"max-width: 150px\">\n\t\t\t\t<a href=\"http:\/\/minval.org\/svm\/wp-content\/gallery\/revistas\/id036.jpg\"\n\t\t\ttitle=\"\"\n\t\t\tdata-src=\"http:\/\/minval.org\/svm\/wp-content\/gallery\/revistas\/id036.jpg\"\n\t\t\tdata-thumbnail=\"http:\/\/minval.org\/svm\/wp-content\/gallery\/revistas\/thumbs\/thumbs_id036.jpg\"\n\t\t\tdata-image-id=\"544\"\n\t\t\tdata-title=\"id036\"\n\t\t\tdata-description=\"\"\n\t\t\ttarget='_self'\n\t\t\tclass=\"ngg-simplelightbox\" rel=\"8a2543d2b7578d6384c52ff3cf6c9bdb\">\n\t\t\t<img class=\"ngg-singlepic\"\n\t\t\t\tsrc=\"http:\/\/minval.org\/svm\/wp-content\/gallery\/revistas\/cache\/id036.jpg-nggid03544-ngg0dyn-150x0x100-00f0w010c010r110f110r010t010.jpg\"\n\t\t\t\talt=\"id036\"\n\t\t\t\ttitle=\"id036\"\n\t\t\t\t\t\t\t\t\twidth=\"150\" \t\t\t\t\t\t\t\/>\n\t\t<\/a>\n\t\t\t<\/div>\n\t\t<\/td>\n<\/tr>\n<\/tbody>\n<\/table>\n<p><a href=\"http:\/\/minval.org\/svm\/?page_id=232 \">Tornar<\/a><!--:--><\/p>\n","protected":false},"excerpt":{"rendered":"<p>Es continuaci\u00f3n de la revista Anales del Instituto General y T\u00e9cnico de Valencia. En el a\u00f1o 1923 debido al cambio de denominaci\u00f3n del Instituto, la revista tambi\u00e9n cambi\u00f3 de nombre, pasando a denominarse a partir del volumen 12 \u00a0Anales del&#8230;<\/p>\n","protected":false},"author":3,"featured_media":0,"comment_status":"closed","ping_status":"closed","sticky":false,"template":"","format":"standard","meta":{"ngg_post_thumbnail":0,"footnotes":""},"categories":[5],"tags":[11],"_links":{"self":[{"href":"http:\/\/minval.org\/svm\/index.php?rest_route=\/wp\/v2\/posts\/2075"}],"collection":[{"href":"http:\/\/minval.org\/svm\/index.php?rest_route=\/wp\/v2\/posts"}],"about":[{"href":"http:\/\/minval.org\/svm\/index.php?rest_route=\/wp\/v2\/types\/post"}],"author":[{"embeddable":true,"href":"http:\/\/minval.org\/svm\/index.php?rest_route=\/wp\/v2\/users\/3"}],"replies":[{"embeddable":true,"href":"http:\/\/minval.org\/svm\/index.php?rest_route=%2Fwp%2Fv2%2Fcomments&post=2075"}],"version-history":[{"count":0,"href":"http:\/\/minval.org\/svm\/index.php?rest_route=\/wp\/v2\/posts\/2075\/revisions"}],"wp:attachment":[{"href":"http:\/\/minval.org\/svm\/index.php?rest_route=%2Fwp%2Fv2%2Fmedia&parent=2075"}],"wp:term":[{"taxonomy":"category","embeddable":true,"href":"http:\/\/minval.org\/svm\/index.php?rest_route=%2Fwp%2Fv2%2Fcategories&post=2075"},{"taxonomy":"post_tag","embeddable":true,"href":"http:\/\/minval.org\/svm\/index.php?rest_route=%2Fwp%2Fv2%2Ftags&post=2075"}],"curies":[{"name":"wp","href":"https:\/\/api.w.org\/{rel}","templated":true}]}}