{"id":2091,"date":"2009-11-01T15:32:51","date_gmt":"2009-11-01T13:32:51","guid":{"rendered":"http:\/\/minval.org\/svm\/?p=2091"},"modified":"2009-11-01T15:32:51","modified_gmt":"2009-11-01T13:32:51","slug":"pablo-fabrega","status":"publish","type":"post","link":"http:\/\/minval.org\/svm\/?p=2091","title":{"rendered":"Pablo F\u00e1brega"},"content":{"rendered":"<p><!--:es--><\/p>\n<table border=\"0\" width=\"650\">\n<tbody>\n<tr>\n<td style=\"width: 150px;\">\u00a0<\/td>\n<td>\n<h3 style=\"TEXT-ALIGN: justify\">De Miner\u00eda nacional : Recursos, R\u00e9moras- Remedios. Art\u00edculos p\u00fablicados en la Revista Minera, Metalurgica y de Ingenieria<\/h3>\n<address>F\u00e1brega, Pablo<\/address>\n<address>Madrid : E. Teodoro, 1911<\/address>\n<address>62 p., 1 h. ; 4\u00ba (23 cm)<\/address>\n<address>\u00a0<\/address>\n<\/td>\n<\/tr>\n<tr>\n<td>\u00a0<\/td>\n<td>\n<h3>Criaderos minerales<\/h3>\n<address>F\u00e1brega, Pablo<\/address>\n<address>Resumen de las Conferencias dadas por el profesor D. Pablo F\u00e1brega<\/address>\n<address>Madrid : [s.n.], 1920 (Lit. de Zoe Villagrasa)<\/address>\n<address>2 part. en un v. ; 8\u00ba mlla. (22 cm)<\/address>\n<address>Con grab. intercal.<\/address>\n<address>Precede al t\u00edt.: Escuela especial de Ing\u00e9nieros de Minas<\/address>\n<address>\u00a0<\/address>\n<\/td>\n<\/tr>\n<tr>\n<td>\n<address>\u00a0<\/address>\n<\/td>\n<td>\n<h3 style=\"TEXT-ALIGN: justify\">Gen\u00e9sis de los criaderos metaliferos : Teoria termosifoniana. Exposici\u00f3n- Comprobaci\u00f3n- Aplicaciones a algunos criaderos espa\u00f1oles \u00a0\u00a0\u00a0\u00a0\u00a0\u00a0\u00a0\u00a0\u00a0\u00a0\u00a0\u00a0<\/h3>\n<address>F\u00e1brega, Pablo<\/address>\n<address>Madrid : Sucesor de Enrique Teodoro, 1926<\/address>\n<address>31 p. ; 8\u00ba mlla. (20 cm)<\/address>\n<address>Con grab. inter.<\/address>\n<address>\u00a0<\/address>\n<\/td>\n<\/tr>\n<tr>\n<td>\n<address>\u00a0<\/p>\n<address>\t<div class=\"ngg-gallery-singlepic-image ngg-center\" style=\"max-width: 100px\">\n\t\t\t\t<a href=\"http:\/\/minval.org\/svm\/wp-content\/gallery\/calvo-rebollar-miguel\/img_0813.jpg\"\n\t\t\ttitle=\"\"\n\t\t\tdata-src=\"http:\/\/minval.org\/svm\/wp-content\/gallery\/calvo-rebollar-miguel\/img_0813.jpg\"\n\t\t\tdata-thumbnail=\"http:\/\/minval.org\/svm\/wp-content\/gallery\/calvo-rebollar-miguel\/thumbs\/thumbs_img_0813.jpg\"\n\t\t\tdata-image-id=\"550\"\n\t\t\tdata-title=\"img_0813\"\n\t\t\tdata-description=\"\"\n\t\t\ttarget='_self'\n\t\t\tclass=\"ngg-simplelightbox\" rel=\"975b243232f1f0c048e8330b20b7068c\">\n\t\t\t<img class=\"ngg-singlepic\"\n\t\t\t\tsrc=\"http:\/\/minval.org\/svm\/wp-content\/gallery\/calvo-rebollar-miguel\/cache\/img_0813.jpg-nggid03550-ngg0dyn-100x0x100-00f0w010c010r110f110r010t010.jpg\"\n\t\t\t\talt=\"img_0813\"\n\t\t\t\ttitle=\"img_0813\"\n\t\t\t\t\t\t\t\t\twidth=\"100\" \t\t\t\t\t\t\t\/>\n\t\t<\/a>\n\t\t\t<\/div>\n\t\t<\/address>\n<\/address>\n<\/td>\n<td>\n<h3 style=\"TEXT-ALIGN: justify\">Criaderos minerales: G\u00e9nesis de los criaderos metaliferos. Criaderos metal\u00edferos de Espa\u00f1a<\/h3>\n<address>F\u00e1brega, Pablo<\/address>\n<address>Madrid : Suc. de Enrique Teodoro, 1926<\/address>\n<address>XV, 239 p. ; 8\u00ba mlla. (21 cm)<\/address>\n<address>Grab. intercal<\/address>\n<address>\u00a0<\/address>\n<\/td>\n<\/tr>\n<tr>\n<td>\n<address>\u00a0<\/address>\n<\/td>\n<td>\n<h3>Geolog\u00eda\u00a0 : Introducci\u00f3n al estudio de los criaderos minerales\u00a0\u00a0\u00a0\u00a0\u00a0\u00a0\u00a0\u00a0\u00a0\u00a0\u00a0\u00a0\u00a0<\/h3>\n<address>F\u00e1brega, Pablo<\/address>\n<address>Madrid : Suc. de Enrique Teodoro, 1925-1928<\/address>\n<address>v. ; 8\u00ba mlla. (20 cm)<\/address>\n<address>Grab. intercal<\/address>\n<address style=\"TEXT-ALIGN: justify\">I. Concepto general de la Geolog\u00eda (G\u00e9nesis del Globo. La edad de la Tierra- VIII + 79 p\u00e1g. II. Las manifestaciones end\u00f3genas.- IV + 96 p\u00e1g. III. La formaci\u00f3n de las rocas.- VIII + 176 p\u00e1g. IV-V. Geotectonia geologia historica.- XV + 559 p\u00e1g.<\/address>\n<address>\u00a0<\/address>\n<\/td>\n<\/tr>\n<tr>\n<td>\n<address>\u00a0<\/p>\n<address>\t<div class=\"ngg-gallery-singlepic-image ngg-center\" style=\"max-width: 100px\">\n\t\t\t\t<a href=\"http:\/\/minval.org\/svm\/wp-content\/gallery\/calvo-rebollar-miguel\/id040.jpg\"\n\t\t\ttitle=\"\"\n\t\t\tdata-src=\"http:\/\/minval.org\/svm\/wp-content\/gallery\/calvo-rebollar-miguel\/id040.jpg\"\n\t\t\tdata-thumbnail=\"http:\/\/minval.org\/svm\/wp-content\/gallery\/calvo-rebollar-miguel\/thumbs\/thumbs_id040.jpg\"\n\t\t\tdata-image-id=\"549\"\n\t\t\tdata-title=\"id040\"\n\t\t\tdata-description=\"\"\n\t\t\ttarget='_self'\n\t\t\tclass=\"ngg-simplelightbox\" rel=\"3ed6d5ce5d2027fd2f1194096ac6b657\">\n\t\t\t<img class=\"ngg-singlepic\"\n\t\t\t\tsrc=\"http:\/\/minval.org\/svm\/wp-content\/gallery\/calvo-rebollar-miguel\/cache\/id040.jpg-nggid03549-ngg0dyn-100x0x100-00f0w010c010r110f110r010t010.jpg\"\n\t\t\t\talt=\"id040\"\n\t\t\t\ttitle=\"id040\"\n\t\t\t\t\t\t\t\t\twidth=\"100\" \t\t\t\t\t\t\t\/>\n\t\t<\/a>\n\t\t\t<\/div>\n\t\t<\/address>\n<\/address>\n<\/td>\n<td>\n<h3>Geologia: Introducci\u00f3n al estudio de los criaderos minerales \u00a0\u00a0\u00a0\u00a0\u00a0\u00a0\u00a0\u00a0\u00a0\u00a0\u00a0\u00a0<\/h3>\n<address>F\u00e1brega, Pablo<\/address>\n<address>Madrid : [s.n.], 1928 (Imp. del Sucesor de Enrique Teodoro)<\/address>\n<address>XXIV, 911 p. ; 22 cm<\/address>\n<address>Con grab. intercal<\/address>\n<address>\u00a0<\/address>\n<\/td>\n<\/tr>\n<tr>\n<td>\u00a0<\/td>\n<td style=\"text-align: right;\"><a href=\"http:\/\/minval.org\/svm\/?p=308\">\u00a0volver&gt;&gt;<\/a><\/td>\n<\/tr>\n<\/tbody>\n<\/table>\n<p><!--:--><\/p>\n","protected":false},"excerpt":{"rendered":"<p>\u00a0 De Miner\u00eda nacional : Recursos, R\u00e9moras- Remedios. Art\u00edculos p\u00fablicados en la Revista Minera, Metalurgica y de Ingenieria F\u00e1brega, Pablo Madrid : E. Teodoro, 1911 62 p., 1 h. ; 4\u00ba (23 cm) \u00a0 \u00a0 Criaderos minerales F\u00e1brega, Pablo Resumen&#8230;<\/p>\n","protected":false},"author":3,"featured_media":0,"comment_status":"closed","ping_status":"closed","sticky":false,"template":"","format":"standard","meta":{"ngg_post_thumbnail":0,"footnotes":""},"categories":[5],"tags":[9],"_links":{"self":[{"href":"http:\/\/minval.org\/svm\/index.php?rest_route=\/wp\/v2\/posts\/2091"}],"collection":[{"href":"http:\/\/minval.org\/svm\/index.php?rest_route=\/wp\/v2\/posts"}],"about":[{"href":"http:\/\/minval.org\/svm\/index.php?rest_route=\/wp\/v2\/types\/post"}],"author":[{"embeddable":true,"href":"http:\/\/minval.org\/svm\/index.php?rest_route=\/wp\/v2\/users\/3"}],"replies":[{"embeddable":true,"href":"http:\/\/minval.org\/svm\/index.php?rest_route=%2Fwp%2Fv2%2Fcomments&post=2091"}],"version-history":[{"count":0,"href":"http:\/\/minval.org\/svm\/index.php?rest_route=\/wp\/v2\/posts\/2091\/revisions"}],"wp:attachment":[{"href":"http:\/\/minval.org\/svm\/index.php?rest_route=%2Fwp%2Fv2%2Fmedia&parent=2091"}],"wp:term":[{"taxonomy":"category","embeddable":true,"href":"http:\/\/minval.org\/svm\/index.php?rest_route=%2Fwp%2Fv2%2Fcategories&post=2091"},{"taxonomy":"post_tag","embeddable":true,"href":"http:\/\/minval.org\/svm\/index.php?rest_route=%2Fwp%2Fv2%2Ftags&post=2091"}],"curies":[{"name":"wp","href":"https:\/\/api.w.org\/{rel}","templated":true}]}}