{"id":2148,"date":"2009-11-01T23:23:48","date_gmt":"2009-11-01T21:23:48","guid":{"rendered":"http:\/\/minval.org\/svm\/?p=2148"},"modified":"2009-11-01T23:23:48","modified_gmt":"2009-11-01T21:23:48","slug":"revista-de-minerales-1995","status":"publish","type":"post","link":"http:\/\/minval.org\/svm\/?p=2148","title":{"rendered":"Revista de Minerales (1995-    )"},"content":{"rendered":"<p><!--:es--><\/p>\n<table border=\"0\" width=\"650\">\n<tbody>\n<tr>\n<td>\u00a0<\/td>\n<\/tr>\n<tr>\n<td style=\"text-align: justify;\">Es la edici\u00f3n en castellano de <a href=\"http:\/\/minval.org\/svm\/?p=2145 \">Mineralogistes de Catalunya<\/a>. El primer n\u00famero apareci\u00f3 en mayo de 1995 y su publicaci\u00f3n continua en la actualidad.<\/td>\n<\/tr>\n<tr>\n<td>\u00a0<\/td>\n<\/tr>\n<tr>\n<td style=\"TEXT-ALIGN: center\">\t<div class=\"ngg-gallery-singlepic-image ngg-center\" style=\"max-width: 150px\">\n\t\t\t\t<a href=\"http:\/\/minval.org\/svm\/wp-content\/gallery\/revistas\/id065.jpg\"\n\t\t\ttitle=\"\"\n\t\t\tdata-src=\"http:\/\/minval.org\/svm\/wp-content\/gallery\/revistas\/id065.jpg\"\n\t\t\tdata-thumbnail=\"http:\/\/minval.org\/svm\/wp-content\/gallery\/revistas\/thumbs\/thumbs_id065.jpg\"\n\t\t\tdata-image-id=\"579\"\n\t\t\tdata-title=\"id065\"\n\t\t\tdata-description=\"\"\n\t\t\ttarget='_self'\n\t\t\tclass=\"ngg-simplelightbox\" rel=\"64b23e8f4bf9c3f366d3e42622d419b4\">\n\t\t\t<img class=\"ngg-singlepic\"\n\t\t\t\tsrc=\"http:\/\/minval.org\/svm\/wp-content\/gallery\/revistas\/cache\/id065.jpg-nggid03579-ngg0dyn-150x0x100-00f0w010c010r110f110r010t010.jpg\"\n\t\t\t\talt=\"id065\"\n\t\t\t\ttitle=\"id065\"\n\t\t\t\t\t\t\t\t\twidth=\"150\" \t\t\t\t\t\t\t\/>\n\t\t<\/a>\n\t\t\t<\/div>\n\t\t<\/td>\n<\/tr>\n<tr>\n<td>\u00a0<\/td>\n<\/tr>\n<tr>\n<td style=\"TEXT-ALIGN: right\"><a href=\"http:\/\/minval.org\/svm\/?page_id=232\">\u00a0volver&gt;&gt;<\/a><\/td>\n<\/tr>\n<\/tbody>\n<\/table>\n<p><!--:--><\/p>\n","protected":false},"excerpt":{"rendered":"<p>\u00a0 Es la edici\u00f3n en castellano de Mineralogistes de Catalunya. El primer n\u00famero apareci\u00f3 en mayo de 1995 y su publicaci\u00f3n continua en la actualidad. \u00a0 \u00a0 \u00a0volver&gt;&gt;<\/p>\n","protected":false},"author":3,"featured_media":0,"comment_status":"closed","ping_status":"closed","sticky":false,"template":"","format":"standard","meta":{"ngg_post_thumbnail":0,"footnotes":""},"categories":[5],"tags":[11],"_links":{"self":[{"href":"http:\/\/minval.org\/svm\/index.php?rest_route=\/wp\/v2\/posts\/2148"}],"collection":[{"href":"http:\/\/minval.org\/svm\/index.php?rest_route=\/wp\/v2\/posts"}],"about":[{"href":"http:\/\/minval.org\/svm\/index.php?rest_route=\/wp\/v2\/types\/post"}],"author":[{"embeddable":true,"href":"http:\/\/minval.org\/svm\/index.php?rest_route=\/wp\/v2\/users\/3"}],"replies":[{"embeddable":true,"href":"http:\/\/minval.org\/svm\/index.php?rest_route=%2Fwp%2Fv2%2Fcomments&post=2148"}],"version-history":[{"count":0,"href":"http:\/\/minval.org\/svm\/index.php?rest_route=\/wp\/v2\/posts\/2148\/revisions"}],"wp:attachment":[{"href":"http:\/\/minval.org\/svm\/index.php?rest_route=%2Fwp%2Fv2%2Fmedia&parent=2148"}],"wp:term":[{"taxonomy":"category","embeddable":true,"href":"http:\/\/minval.org\/svm\/index.php?rest_route=%2Fwp%2Fv2%2Fcategories&post=2148"},{"taxonomy":"post_tag","embeddable":true,"href":"http:\/\/minval.org\/svm\/index.php?rest_route=%2Fwp%2Fv2%2Ftags&post=2148"}],"curies":[{"name":"wp","href":"https:\/\/api.w.org\/{rel}","templated":true}]}}