{"id":2223,"date":"2009-11-03T19:09:50","date_gmt":"2009-11-03T17:09:50","guid":{"rendered":"http:\/\/minval.org\/svm\/?p=2223"},"modified":"2009-11-03T19:09:50","modified_gmt":"2009-11-03T17:09:50","slug":"odon-de-buen-y-del-cos","status":"publish","type":"post","link":"http:\/\/minval.org\/svm\/?p=2223","title":{"rendered":"Od\u00f3n de Buen y del Cos"},"content":{"rendered":"<p><!--:es--><\/p>\n<table border=\"0\" width=\"650\">\n<tbody>\n<tr>\n<td style=\"width: 155px;\">\t<div class=\"ngg-gallery-singlepic-image ngg-center\" style=\"max-width: 100px\">\n\t\t\t\t<a href=\"http:\/\/minval.org\/svm\/wp-content\/gallery\/calvo-rebollar-miguel\/id286.jpg\"\n\t\t\ttitle=\"\"\n\t\t\tdata-src=\"http:\/\/minval.org\/svm\/wp-content\/gallery\/calvo-rebollar-miguel\/id286.jpg\"\n\t\t\tdata-thumbnail=\"http:\/\/minval.org\/svm\/wp-content\/gallery\/calvo-rebollar-miguel\/thumbs\/thumbs_id286.jpg\"\n\t\t\tdata-image-id=\"603\"\n\t\t\tdata-title=\"id286\"\n\t\t\tdata-description=\"\"\n\t\t\ttarget='_self'\n\t\t\tclass=\"ngg-simplelightbox\" rel=\"662dba9102640c3121ec93ccd57187ad\">\n\t\t\t<img class=\"ngg-singlepic\"\n\t\t\t\tsrc=\"http:\/\/minval.org\/svm\/wp-content\/gallery\/calvo-rebollar-miguel\/cache\/id286.jpg-nggid03603-ngg0dyn-100x0x100-00f0w010c010r110f110r010t010.jpg\"\n\t\t\t\talt=\"id286\"\n\t\t\t\ttitle=\"id286\"\n\t\t\t\t\t\t\t\t\twidth=\"100\" \t\t\t\t\t\t\t\/>\n\t\t<\/a>\n\t\t\t<\/div>\n\t\t<\/td>\n<td>\n<h3>Historia natural<\/h3>\n<address>Buen y del Cos, Od\u00f3n de<\/address>\n<address>Ed. popular<\/address>\n<address>Barcelona : Manuel Soler, [1896?]<\/address>\n<address>2 v. (XXIV, 896; XVI, 1035 p.) : il. ; 27 cm<\/address>\n<address>\u00a0<\/address>\n<\/td>\n<\/tr>\n<tr>\n<td>\t<div class=\"ngg-gallery-singlepic-image ngg-center\" style=\"max-width: 100px\">\n\t\t\t\t<a href=\"http:\/\/minval.org\/svm\/wp-content\/gallery\/calvo-rebollar-miguel\/id287.jpg\"\n\t\t\ttitle=\"\"\n\t\t\tdata-src=\"http:\/\/minval.org\/svm\/wp-content\/gallery\/calvo-rebollar-miguel\/id287.jpg\"\n\t\t\tdata-thumbnail=\"http:\/\/minval.org\/svm\/wp-content\/gallery\/calvo-rebollar-miguel\/thumbs\/thumbs_id287.jpg\"\n\t\t\tdata-image-id=\"604\"\n\t\t\tdata-title=\"id287\"\n\t\t\tdata-description=\"\"\n\t\t\ttarget='_self'\n\t\t\tclass=\"ngg-simplelightbox\" rel=\"9d12a2302cb8c23a1d3ab7d411588158\">\n\t\t\t<img class=\"ngg-singlepic\"\n\t\t\t\tsrc=\"http:\/\/minval.org\/svm\/wp-content\/gallery\/calvo-rebollar-miguel\/cache\/id287.jpg-nggid03604-ngg0dyn-100x0x100-00f0w010c010r110f110r010t010.jpg\"\n\t\t\t\talt=\"id287\"\n\t\t\t\ttitle=\"id287\"\n\t\t\t\t\t\t\t\t\twidth=\"100\" \t\t\t\t\t\t\t\/>\n\t\t<\/a>\n\t\t\t<\/div>\n\t\t<\/td>\n<td>\u00a0<\/td>\n<\/tr>\n<tr>\n<td>\t<div class=\"ngg-gallery-singlepic-image ngg-center\" style=\"max-width: 100px\">\n\t\t\t\t<a href=\"http:\/\/minval.org\/svm\/wp-content\/gallery\/calvo-rebollar-miguel\/id288.jpg\"\n\t\t\ttitle=\"\"\n\t\t\tdata-src=\"http:\/\/minval.org\/svm\/wp-content\/gallery\/calvo-rebollar-miguel\/id288.jpg\"\n\t\t\tdata-thumbnail=\"http:\/\/minval.org\/svm\/wp-content\/gallery\/calvo-rebollar-miguel\/thumbs\/thumbs_id288.jpg\"\n\t\t\tdata-image-id=\"605\"\n\t\t\tdata-title=\"id288\"\n\t\t\tdata-description=\"\"\n\t\t\ttarget='_self'\n\t\t\tclass=\"ngg-simplelightbox\" rel=\"b80f4f0803f70f5e5fdb8eb0a09a5992\">\n\t\t\t<img class=\"ngg-singlepic\"\n\t\t\t\tsrc=\"http:\/\/minval.org\/svm\/wp-content\/gallery\/calvo-rebollar-miguel\/cache\/id288.jpg-nggid03605-ngg0dyn-100x0x100-00f0w010c010r110f110r010t010.jpg\"\n\t\t\t\talt=\"id288\"\n\t\t\t\ttitle=\"id288\"\n\t\t\t\t\t\t\t\t\twidth=\"100\" \t\t\t\t\t\t\t\/>\n\t\t<\/a>\n\t\t\t<\/div>\n\t\t<\/td>\n<td>\u00a0<\/td>\n<\/tr>\n<tr>\n<td>\n<address>\u00a0<\/address>\n<\/td>\n<td>\n<h3>Historia natural : (nociones preliminares)<\/h3>\n<address>Buen y del Cos, Od\u00f3n de<\/address>\n<address>Barcelona : Manuel Soler, [ca. 1903]<\/address>\n<address>145 p. : il. ; 16 cm<\/address>\n<address>Manuales Soler ; 2<\/address>\n<address>\u00a0<\/address>\n<\/td>\n<\/tr>\n<tr>\n<td>\n<address>\u00a0<\/address>\n<\/td>\n<td>\n<h3>Resumen de Geolog\u00eda general y de Espa\u00f1a<\/h3>\n<address>\n<address>Buen y del Cos, Od\u00f3n de<\/address>\n<p>2\u00aa ed.<\/p>\n<\/address>\n<address>Madrid : [Imp. de la Casa Editorial Bailly-Bailli\u00e9re], 1910<\/address>\n<address>436 p\u00e1g. ; 4\u00ba mlla. (23 cm)<\/address>\n<address>Con grabs. intercs.<\/address>\n<address>\u00a0<\/address>\n<\/td>\n<\/tr>\n<tr>\n<td>\n<address>\u00a0<\/address>\n<\/td>\n<td>\n<h3 style=\"TEXT-ALIGN: justify\"><span id=\"sample-permalink\">Claves dicot\u00f3micas para determinar minerales y familias bot\u00e1nicas usadas en las pr\u00e1cticas de mineralogia y bot\u00e1nica<\/span><\/h3>\n<address>Buen y del Cos, Od\u00f3n de \u00a0<\/address>\n<address>Madrid : [Fortanet], 1912<\/address>\n<address>29 p\u00e1g. ; 8\u00ba mlla. (22 cm)<\/address>\n<address>\u00a0<\/address>\n<\/td>\n<\/tr>\n<tr>\n<td>\n<address>\u00a0<\/address>\n<\/td>\n<td>\n<h3>Nuevo res\u00famen de Geolog\u00eda general y de Espa\u00f1a<\/h3>\n<address>Buen y del Cos, Od\u00f3n de \u00a0<\/address>\n<address>Madrid : [Bailly : Bailliere], 1912<\/address>\n<address>454 pag. ; cm<\/address>\n<address>Con grab. intercal<\/address>\n<address>\u00a0<\/address>\n<\/td>\n<\/tr>\n<tr>\n<td>\n<address>\u00a0<\/address>\n<\/td>\n<td>\n<h3>Nuevo res\u00famen de Geolog\u00eda general y de Espa\u00f1a<\/h3>\n<address>Buen y del Cos, Od\u00f3n de \u00a0<\/address>\n<address>Madrid : Librer\u00eda Gutenberg de Jos\u00e9 Ruiz, 1912<\/address>\n<address>454 p. : il. ; 22 cm<\/address>\n<address>\u00a0<\/address>\n<\/td>\n<\/tr>\n<tr>\n<td>\n<address>\u00a0<\/address>\n<\/td>\n<td>\n<h3>Programa del curso de geolog\u00eda, mineralog\u00eda y bot\u00e1nica<\/h3>\n<address>Buen y del Cos, Od\u00f3n de \u00a0<\/address>\n<address>Madrid : Victorian Su\u00e1rez, 1912<\/address>\n<address>58 p\u00e1gs. ; 22 cm<\/address>\n<address>Precede al t\u00edt.: Universidad de Madrid, Facultad de Ciencias<\/address>\n<address>\u00a0<\/address>\n<\/td>\n<\/tr>\n<tr>\n<td>\n<address>\u00a0<\/address>\n<\/td>\n<td>\n<h3 style=\"TEXT-ALIGN: justify\">Claves dicot\u00f3micas para determinar minerales y familias bot\u00e1nicas usadas en las pr\u00e1cticas de mineralogia y bot\u00e1nica<\/h3>\n<address>Buen y del Cos, Od\u00f3n de\u00a0\u00a0<\/address>\n<address>Segunda tirada<\/address>\n<address>Madrid : [Hijos de Tello], 1919<\/address>\n<address>26 p\u00e1g. ; 8\u00ba mlla. (19 cm)<\/address>\n<address>\u00a0<\/address>\n<\/td>\n<\/tr>\n<tr>\n<td>\u00a0<\/td>\n<td style=\"text-align: right;\"><a href=\"http:\/\/minval.org\/svm\/?p=299\">\u00a0volver&gt;&gt;<\/a><\/td>\n<\/tr>\n<\/tbody>\n<\/table>\n<p><!--:--><\/p>\n","protected":false},"excerpt":{"rendered":"<p>Historia natural Buen y del Cos, Od\u00f3n de Ed. popular Barcelona : Manuel Soler, [1896?] 2 v. (XXIV, 896; XVI, 1035 p.) : il. ; 27 cm \u00a0 \u00a0 \u00a0 \u00a0 Historia natural : (nociones preliminares) Buen y del Cos,&#8230;<\/p>\n","protected":false},"author":3,"featured_media":0,"comment_status":"closed","ping_status":"closed","sticky":false,"template":"","format":"standard","meta":{"ngg_post_thumbnail":0,"footnotes":""},"categories":[5],"tags":[9],"_links":{"self":[{"href":"http:\/\/minval.org\/svm\/index.php?rest_route=\/wp\/v2\/posts\/2223"}],"collection":[{"href":"http:\/\/minval.org\/svm\/index.php?rest_route=\/wp\/v2\/posts"}],"about":[{"href":"http:\/\/minval.org\/svm\/index.php?rest_route=\/wp\/v2\/types\/post"}],"author":[{"embeddable":true,"href":"http:\/\/minval.org\/svm\/index.php?rest_route=\/wp\/v2\/users\/3"}],"replies":[{"embeddable":true,"href":"http:\/\/minval.org\/svm\/index.php?rest_route=%2Fwp%2Fv2%2Fcomments&post=2223"}],"version-history":[{"count":0,"href":"http:\/\/minval.org\/svm\/index.php?rest_route=\/wp\/v2\/posts\/2223\/revisions"}],"wp:attachment":[{"href":"http:\/\/minval.org\/svm\/index.php?rest_route=%2Fwp%2Fv2%2Fmedia&parent=2223"}],"wp:term":[{"taxonomy":"category","embeddable":true,"href":"http:\/\/minval.org\/svm\/index.php?rest_route=%2Fwp%2Fv2%2Fcategories&post=2223"},{"taxonomy":"post_tag","embeddable":true,"href":"http:\/\/minval.org\/svm\/index.php?rest_route=%2Fwp%2Fv2%2Ftags&post=2223"}],"curies":[{"name":"wp","href":"https:\/\/api.w.org\/{rel}","templated":true}]}}