{"id":226,"date":"2009-10-02T18:23:57","date_gmt":"2009-10-02T16:23:57","guid":{"rendered":"http:\/\/minval.org\/svm\/?p=226"},"modified":"2009-10-02T18:23:57","modified_gmt":"2009-10-02T16:23:57","slug":"acta-numero-3","status":"publish","type":"post","link":"http:\/\/minval.org\/svm\/?p=226","title":{"rendered":"Acta n\u00famero 3"},"content":{"rendered":"<p><!--:es--><\/p>\n<p align=\"center\">ACTA 3<\/p>\n<p>A las 13:00 horas del d\u00eda 13 de septiembre de 2009, se re\u00fanen en el Centro Social (C\/Cervantes, 10) de San Vicente del Raspeig en Alicante, miembros de la Sociedad Valenciana de Mineralog\u00eda, con el siguiente orden del d\u00eda:<\/p>\n<p>1.- Lectura y aprobaci\u00f3n del Acta de la \u00faltima Asamblea.<\/p>\n<p>2.- Edici\u00f3n del libro \u201cMineralog\u00eda de la provincia de Castell\u00f3n\u201d de Vicente Sos Baynat. La Sociedad en colaboraci\u00f3n con Bancaja va a editar una edici\u00f3n facs\u00edmil y no venal del primer libro que se public\u00f3 sobre mineralog\u00eda valenciana. Todos los socios recibir\u00e1n un ejemplar de forma gratuita.<\/p>\n<p>3.-Balance de la colaboraci\u00f3n de la Sociedad con el Ayuntamiento de Soneja en la organizaci\u00f3n del Museo del Yeso. Se analizar\u00e1n las nuevas actividades propuestas por el Ayuntamiento de Soneja a la Sociedad.<\/p>\n<p>4.- La Comisi\u00f3n encargada del an\u00e1lisis de minerales informar\u00e1 acerca de los trabajos realizados hasta la fecha.<\/p>\n<p>5.- Modificaci\u00f3n de la cuota a los Socios que hasta la fecha recib\u00edan la revista Bocamina debido a que por el momento ha dejado de publicarse.<\/p>\n<p>6.- Distribuci\u00f3n del libro \u201cLa Fluorita\u201d entre los socios que lo solicitaron.<\/p>\n<p>7.- Informe de Tesorer\u00eda.<\/p>\n<p>8.- Presentaci\u00f3n de la p\u00e1gina web. Os presentaremos la web definitiva de la Sociedad, mostrando cuales ser\u00e1n sus contenidos iniciales y como hacer uso de la misma. A partir de ese momento dejaremos un plazo de tiempo para admitir sugerencias y colaboraciones de los socios, as\u00ed como para realizar algunas gestiones con el servidor. La p\u00e1gina estar\u00e1 disponible en internet el d\u00eda 14 de noviembre coincidiendo con la Feria de Minerales, F\u00f3siles y Gemas de Valencia.<\/p>\n<p>9.- Ruegos y preguntas.<\/p>\n<p>Una vez le\u00edda el acta de la sesi\u00f3n anterior por el Secretario, fue aprobada por unanimidad.<\/p>\n<p>En el segundo punto del orden del d\u00eda, el Secretario inform\u00f3 de las gestiones que se han llevado a t\u00e9rmino para conseguir el permiso gratuito de la Societat Castellonenca de Cultura, due\u00f1a de los derechos de edici\u00f3n y una ayuda econ\u00f3mica de Bancaja. \u00a0<\/p>\n<p>En el tercero, el Tesorero explic\u00f3 que se va a seguir colaborando con el Ayuntamiento de Soneja, ofreci\u00e9ndoles actividades culturales, como el d\u00eda del oro, o el del espacio, en los que adem\u00e1s de informaci\u00f3n y exposici\u00f3n de ejemplares habr\u00e1 actividades l\u00fadicas. Por otra parte se est\u00e1n sustituyendo los ejemplares cedidos por miembros de la Societat por otros comprados o donados.<\/p>\n<p>En el cuarto punto del d\u00eda D. Carlos Tar\u00edn, miembro de la comisi\u00f3n de an\u00e1lisis de minerales, inform\u00f3 de los realizados hasta la fecha, destacando la existencia de zincolivenita en Castellnovo, celedonita en Caudiel y libethenita en Ch\u00f3var. Record\u00f3 que para la identificaci\u00f3n de minerales se necesitan al menos cuatro ejemplares en el que est\u00e9 claramente definido. Uno como testigo, que formar\u00e1 parte del fondo de la Societat y tres para mandar al lugar de identificaci\u00f3n. En la ficha aparecer\u00e1 el nombre de la persona o personas que lo han encontrado y as\u00ed se har\u00e1 constar en las publicaciones si su inter\u00e9s lo merece. Anim\u00f3 a los socios a presentar ejemplares.<\/p>\n<p>Ante la suspensi\u00f3n de la edici\u00f3n de la revista Bocamina, se modificar\u00e1n las cuotas, pasando la de 62 euros a 37 y la de 44 a 20 \u00f3 37 seg\u00fan la demanda de cada socio.<\/p>\n<p>En el sexto punto se procedi\u00f3 a repartir el libro de la Fluorita, a cada socio que lo hab\u00eda pedido, cobr\u00e1ndose la cantidad acordada.<\/p>\n<p>El Tesorero explic\u00f3 el balance de entradas y salidas econ\u00f3micas de la Societat durante este per\u00edodo habiendo un saldo a d\u00eda de la fecha de 3772,48 euros<\/p>\n<p>En el punto octavo, el Secretario explic\u00f3 las dificultades de toda \u00edndole que ha habido para que a\u00fan no haya salido la p\u00e1gina web tal como se concibi\u00f3. Despu\u00e9s de algunas modificaciones se espera estrenarla el s\u00e1bado 14 de noviembre, coincidiendo con la feria Minerval.<\/p>\n<p>En el cap\u00edtulo de ruegos y preguntas, el vicepresidente pide que se le env\u00ede una fotograf\u00eda digital y el nombre y apellidos, para realizar el carn\u00e9 de socio que se renovar\u00e1 cada dos a\u00f1os.<\/p>\n<p>D. Joan Rosell que adem\u00e1s de ser miembro de nuestra Societat lo es del Grup Mineral\u00f2gic Catal\u00e0, ofrece la posibilidad de colaboraci\u00f3n con la revista Infom\u00edner, con art\u00edculos de nuestra Comunidad y as\u00ed distribuirla en las dos Comunidades. Se propone una reuni\u00f3n de directivos de las dos sociedades, para estudiar la oferta m\u00e1s extensamente.<\/p>\n<p>Por \u00faltimo el Sr. Presidente realiz\u00f3 un sentido recordatorio de nuestro socio D. \u00c1ngel Merino fallecido recientemente, presidente de la AMPSVR y persona que present\u00f3 la Societat Valenciana de Mineralog\u00eda en Sant Vicent, en la primera asamblea. Destac\u00f3 sus virtudes humanas y cient\u00edficas, ratificando la gran p\u00e9rdida que ha supuesto para nuestra mineralog\u00eda.<\/p>\n<p>Sin m\u00e1s asuntos que tratar se cerr\u00f3 la sesi\u00f3n a las 14 horas del d\u00eda se\u00f1alado de la cual, como secretario, manifiesto.<\/p>\n<p>Manuel Canseco Caball\u00e9<!--:--><\/p>\n","protected":false},"excerpt":{"rendered":"<p>ACTA 3 A las 13:00 horas del d\u00eda 13 de septiembre de 2009, se re\u00fanen en el Centro Social (C\/Cervantes, 10) de San Vicente del Raspeig en Alicante, miembros de la Sociedad Valenciana de Mineralog\u00eda, con el siguiente orden del&#8230;<\/p>\n","protected":false},"author":2,"featured_media":0,"comment_status":"closed","ping_status":"closed","sticky":false,"template":"","format":"standard","meta":{"ngg_post_thumbnail":0,"footnotes":""},"categories":[2],"tags":[],"_links":{"self":[{"href":"http:\/\/minval.org\/svm\/index.php?rest_route=\/wp\/v2\/posts\/226"}],"collection":[{"href":"http:\/\/minval.org\/svm\/index.php?rest_route=\/wp\/v2\/posts"}],"about":[{"href":"http:\/\/minval.org\/svm\/index.php?rest_route=\/wp\/v2\/types\/post"}],"author":[{"embeddable":true,"href":"http:\/\/minval.org\/svm\/index.php?rest_route=\/wp\/v2\/users\/2"}],"replies":[{"embeddable":true,"href":"http:\/\/minval.org\/svm\/index.php?rest_route=%2Fwp%2Fv2%2Fcomments&post=226"}],"version-history":[{"count":0,"href":"http:\/\/minval.org\/svm\/index.php?rest_route=\/wp\/v2\/posts\/226\/revisions"}],"wp:attachment":[{"href":"http:\/\/minval.org\/svm\/index.php?rest_route=%2Fwp%2Fv2%2Fmedia&parent=226"}],"wp:term":[{"taxonomy":"category","embeddable":true,"href":"http:\/\/minval.org\/svm\/index.php?rest_route=%2Fwp%2Fv2%2Fcategories&post=226"},{"taxonomy":"post_tag","embeddable":true,"href":"http:\/\/minval.org\/svm\/index.php?rest_route=%2Fwp%2Fv2%2Ftags&post=226"}],"curies":[{"name":"wp","href":"https:\/\/api.w.org\/{rel}","templated":true}]}}