{"id":2296,"date":"2009-11-04T00:42:07","date_gmt":"2009-11-03T22:42:07","guid":{"rendered":"http:\/\/minval.org\/svm\/?p=2296"},"modified":"2009-11-04T00:42:07","modified_gmt":"2009-11-03T22:42:07","slug":"javier-fernandez-casas","status":"publish","type":"post","link":"http:\/\/minval.org\/svm\/?p=2296","title":{"rendered":"Javier Fern\u00e1ndez Casas"},"content":{"rendered":"<p><!--:es--><\/p>\n<table border=\"0\" width=\"650\">\n<tbody>\n<tr>\n<td style=\"width: 150px;\">\u00a0<\/p>\n<p>\t<div class=\"ngg-gallery-singlepic-image ngg-center\" style=\"max-width: 125px\">\n\t\t\t\t<a href=\"http:\/\/minval.org\/svm\/wp-content\/gallery\/calvo-rebollar-miguel\/id300.jpg\"\n\t\t\ttitle=\"\"\n\t\t\tdata-src=\"http:\/\/minval.org\/svm\/wp-content\/gallery\/calvo-rebollar-miguel\/id300.jpg\"\n\t\t\tdata-thumbnail=\"http:\/\/minval.org\/svm\/wp-content\/gallery\/calvo-rebollar-miguel\/thumbs\/thumbs_id300.jpg\"\n\t\t\tdata-image-id=\"617\"\n\t\t\tdata-title=\"id300\"\n\t\t\tdata-description=\"\"\n\t\t\ttarget='_self'\n\t\t\tclass=\"ngg-simplelightbox\" rel=\"1a47389a61e3d6d18628ad9908889c97\">\n\t\t\t<img class=\"ngg-singlepic\"\n\t\t\t\tsrc=\"http:\/\/minval.org\/svm\/wp-content\/gallery\/calvo-rebollar-miguel\/cache\/id300.jpg-nggid03617-ngg0dyn-125x0x100-00f0w010c010r110f110r010t010.jpg\"\n\t\t\t\talt=\"id300\"\n\t\t\t\ttitle=\"id300\"\n\t\t\t\t\t\t\t\t\twidth=\"125\" \t\t\t\t\t\t\t\/>\n\t\t<\/a>\n\t\t\t<\/div>\n\t\t<\/td>\n<td>\n<h3>Historia natural<\/h3>\n<address>Fern\u00e1ndez Casas, Javier<\/address>\n<address>Mu\u00f1oz Garmendia, F\u00e9lix<\/address>\n<address>Madrid : Club Internacional del Libro, [2006]<\/address>\n<address>7 v. : il. col. ; 27 cm<\/address>\n<address><span style=\"color: #ff6600;\">v. 1. Geolog\u00eda : rocas y minerales (324 p.) <\/span>v. 2. Flora : la vida de las plantas (345 p.) v. 3. Flora : formaciones vegetales (361 p.) v. 4. Fauna : las aves (316 p.) v. 5. Fauna : los mam\u00edferos (371 p.) v. 6. Fauna : animales acu\u00e1ticos (307 p.) v. 7. Fauna : animales terrestres y anfibios (327 p.)<\/address>\n<address>B 454-2006<\/address>\n<address>\u00a0<\/address>\n<\/td>\n<\/tr>\n<tr>\n<td>\u00a0<\/td>\n<td style=\"TEXT-ALIGN: right\"><a href=\"http:\/\/minval.org\/svm\/?p=308\">volver&gt;&gt;<\/a><\/td>\n<\/tr>\n<\/tbody>\n<\/table>\n<p><!--:--><\/p>\n","protected":false},"excerpt":{"rendered":"<p>\u00a0 Historia natural Fern\u00e1ndez Casas, Javier Mu\u00f1oz Garmendia, F\u00e9lix Madrid : Club Internacional del Libro, [2006] 7 v. : il. col. ; 27 cm v. 1. Geolog\u00eda : rocas y minerales (324 p.) v. 2. Flora : la vida de&#8230;<\/p>\n","protected":false},"author":3,"featured_media":0,"comment_status":"closed","ping_status":"closed","sticky":false,"template":"","format":"standard","meta":{"ngg_post_thumbnail":0,"footnotes":""},"categories":[5],"tags":[9],"_links":{"self":[{"href":"http:\/\/minval.org\/svm\/index.php?rest_route=\/wp\/v2\/posts\/2296"}],"collection":[{"href":"http:\/\/minval.org\/svm\/index.php?rest_route=\/wp\/v2\/posts"}],"about":[{"href":"http:\/\/minval.org\/svm\/index.php?rest_route=\/wp\/v2\/types\/post"}],"author":[{"embeddable":true,"href":"http:\/\/minval.org\/svm\/index.php?rest_route=\/wp\/v2\/users\/3"}],"replies":[{"embeddable":true,"href":"http:\/\/minval.org\/svm\/index.php?rest_route=%2Fwp%2Fv2%2Fcomments&post=2296"}],"version-history":[{"count":0,"href":"http:\/\/minval.org\/svm\/index.php?rest_route=\/wp\/v2\/posts\/2296\/revisions"}],"wp:attachment":[{"href":"http:\/\/minval.org\/svm\/index.php?rest_route=%2Fwp%2Fv2%2Fmedia&parent=2296"}],"wp:term":[{"taxonomy":"category","embeddable":true,"href":"http:\/\/minval.org\/svm\/index.php?rest_route=%2Fwp%2Fv2%2Fcategories&post=2296"},{"taxonomy":"post_tag","embeddable":true,"href":"http:\/\/minval.org\/svm\/index.php?rest_route=%2Fwp%2Fv2%2Ftags&post=2296"}],"curies":[{"name":"wp","href":"https:\/\/api.w.org\/{rel}","templated":true}]}}