{"id":2327,"date":"2009-11-04T21:51:08","date_gmt":"2009-11-04T19:51:08","guid":{"rendered":"http:\/\/minval.org\/svm\/?p=2327"},"modified":"2009-11-04T21:51:08","modified_gmt":"2009-11-04T19:51:08","slug":"manuel-pato","status":"publish","type":"post","link":"http:\/\/minval.org\/svm\/?p=2327","title":{"rendered":"Manuel Pato"},"content":{"rendered":"<p><!--:es--><\/p>\n<table border=\"0\" width=\"650\">\n<tbody>\n<tr>\n<td style=\"width: 150px;\">\t<div class=\"ngg-gallery-singlepic-image ngg-center\" style=\"max-width: 125px\">\n\t\t\t\t<a href=\"http:\/\/minval.org\/svm\/wp-content\/gallery\/calvo-rebollar-miguel\/cortazar-valladolid.jpg\"\n\t\t\ttitle=\"\"\n\t\t\tdata-src=\"http:\/\/minval.org\/svm\/wp-content\/gallery\/calvo-rebollar-miguel\/cortazar-valladolid.jpg\"\n\t\t\tdata-thumbnail=\"http:\/\/minval.org\/svm\/wp-content\/gallery\/calvo-rebollar-miguel\/thumbs\/thumbs_cortazar-valladolid.jpg\"\n\t\t\tdata-image-id=\"622\"\n\t\t\tdata-title=\"cortazar-valladolid\"\n\t\t\tdata-description=\"\"\n\t\t\ttarget='_self'\n\t\t\tclass=\"ngg-simplelightbox\" rel=\"eaa59b0f96f69240c72e46654f3284d4\">\n\t\t\t<img class=\"ngg-singlepic\"\n\t\t\t\tsrc=\"http:\/\/minval.org\/svm\/wp-content\/gallery\/calvo-rebollar-miguel\/cache\/cortazar-valladolid.jpg-nggid03622-ngg0dyn-125x0x100-00f0w010c010r110f110r010t010.jpg\"\n\t\t\t\talt=\"cortazar-valladolid\"\n\t\t\t\ttitle=\"cortazar-valladolid\"\n\t\t\t\t\t\t\t\t\twidth=\"125\" \t\t\t\t\t\t\t\/>\n\t\t<\/a>\n\t\t\t<\/div>\n\t\t<\/td>\n<td>\n<h3 style=\"TEXT-ALIGN: justify\">Descripci\u00f3n f\u00edsica, geol\u00f3gica y agrol\u00f3gica de la provincia de Valencia<\/h3>\n<address>Cort\u00e1zar y Larrubia, Daniel de<\/address>\n<address>Pato, Manuel<\/address>\n<address>Madrid : [s.n.], 1882(Imp. y Fundaci\u00f3n de Manuel Tello)<\/address>\n<address>XI, 417 p., [1] h. pleg., [1] h. pleg. de mapa ; 27 cm<\/address>\n<address>Memorias de la Comisi\u00f3n del Mapa Geol\u00f3gico de Espa\u00f1a<\/address>\n<\/td>\n<\/tr>\n<tr>\n<td style=\"TEXT-ALIGN: center\" colspan=\"2\">La obra puede descargarse en la <a href=\"http:\/\/bibliotecadigitalhispanica.bne.es\/webclient\/DeliveryManager?application=DIGITOOL-3&amp;owner=resourcediscovery&amp;custom_att_2=simple_viewer&amp;pid=1679144\">Biblioteca Digital Hisp\u00e1nica<\/a><\/td>\n<\/tr>\n<tr>\n<td>\u00a0<\/td>\n<td>\n<address style=\"TEXT-ALIGN: right\"><a href=\"http:\/\/minval.org\/svm\/?p=334\">volver&gt;&gt;<\/a><\/address>\n<\/td>\n<\/tr>\n<\/tbody>\n<\/table>\n<p><!--:--><\/p>\n","protected":false},"excerpt":{"rendered":"<p>Descripci\u00f3n f\u00edsica, geol\u00f3gica y agrol\u00f3gica de la provincia de Valencia Cort\u00e1zar y Larrubia, Daniel de Pato, Manuel Madrid : [s.n.], 1882(Imp. y Fundaci\u00f3n de Manuel Tello) XI, 417 p., [1] h. pleg., [1] h. pleg. de mapa ; 27 cm&#8230;<\/p>\n","protected":false},"author":3,"featured_media":0,"comment_status":"closed","ping_status":"closed","sticky":false,"template":"","format":"standard","meta":{"ngg_post_thumbnail":0,"footnotes":""},"categories":[5],"tags":[9],"_links":{"self":[{"href":"http:\/\/minval.org\/svm\/index.php?rest_route=\/wp\/v2\/posts\/2327"}],"collection":[{"href":"http:\/\/minval.org\/svm\/index.php?rest_route=\/wp\/v2\/posts"}],"about":[{"href":"http:\/\/minval.org\/svm\/index.php?rest_route=\/wp\/v2\/types\/post"}],"author":[{"embeddable":true,"href":"http:\/\/minval.org\/svm\/index.php?rest_route=\/wp\/v2\/users\/3"}],"replies":[{"embeddable":true,"href":"http:\/\/minval.org\/svm\/index.php?rest_route=%2Fwp%2Fv2%2Fcomments&post=2327"}],"version-history":[{"count":0,"href":"http:\/\/minval.org\/svm\/index.php?rest_route=\/wp\/v2\/posts\/2327\/revisions"}],"wp:attachment":[{"href":"http:\/\/minval.org\/svm\/index.php?rest_route=%2Fwp%2Fv2%2Fmedia&parent=2327"}],"wp:term":[{"taxonomy":"category","embeddable":true,"href":"http:\/\/minval.org\/svm\/index.php?rest_route=%2Fwp%2Fv2%2Fcategories&post=2327"},{"taxonomy":"post_tag","embeddable":true,"href":"http:\/\/minval.org\/svm\/index.php?rest_route=%2Fwp%2Fv2%2Ftags&post=2327"}],"curies":[{"name":"wp","href":"https:\/\/api.w.org\/{rel}","templated":true}]}}