{"id":2346,"date":"2009-11-04T22:30:56","date_gmt":"2009-11-04T20:30:56","guid":{"rendered":"http:\/\/minval.org\/svm\/?p=2346"},"modified":"2009-11-04T22:30:56","modified_gmt":"2009-11-04T20:30:56","slug":"antonio-garcia-garcia","status":"publish","type":"post","link":"http:\/\/minval.org\/svm\/?p=2346","title":{"rendered":"Antonio Garc\u00eda Garc\u00eda"},"content":{"rendered":"<p><!--:es--><\/p>\n<table border=\"0\" width=\"650\">\n<tbody>\n<tr>\n<td style=\"width: 150px;\">\u00a0<\/td>\n<td>\n<h3 style=\"TEXT-ALIGN: justify\">Mineros, minas, minerales y siderurgia en la Sierra Morena de Sevilla : cat\u00e1logo de documentos para la historia econ\u00f3mica e industrial de Sevilla y su provincia, siglos XIX y XX (1804-1926)<\/h3>\n<address>Garc\u00eda Garc\u00eda, Antonio \u00a0<\/address>\n<address>[S.l.] : [s.n.], [2007](El Pedroso, Sevilla : Concejal\u00eda de Cultura)<\/address>\n<address>263 p. ; 30 cm<\/address>\n<address>BA 572-2007<\/address>\n<address>\u00a0<\/address>\n<\/td>\n<\/tr>\n<tr>\n<td>\u00a0<\/td>\n<td>\n<h3 style=\"TEXT-ALIGN: justify\">Guerra Sevillano, comerciantes catalanes en la Sierra Morena de Sevilla : cat\u00e1logo epistolar para la historia de la miner\u00eda en Espa\u00f1a : exportaci\u00f3n de minerales hacia Europa, El Pedroso, Sevilla, 1918-1922 \u00a0\u00a0\u00a0\u00a0\u00a0\u00a0\u00a0\u00a0\u00a0\u00a0\u00a0\u00a0<\/h3>\n<address>Garc\u00eda Garc\u00eda, Antonio<\/address>\n<address>[Sevilla] : A. Garc\u00eda, [2007]<\/address>\n<address>311 p. ; 30 cm<\/address>\n<address>BA 631-2007<\/address>\n<\/td>\n<\/tr>\n<tr>\n<td>\u00a0<\/td>\n<td style=\"text-align: right;\"><a href=\"http:\/\/minval.org\/svm\/?p=309\">volver&gt;&gt;<\/a><\/td>\n<\/tr>\n<\/tbody>\n<\/table>\n<p><!--:--><\/p>\n","protected":false},"excerpt":{"rendered":"<p>\u00a0 Mineros, minas, minerales y siderurgia en la Sierra Morena de Sevilla : cat\u00e1logo de documentos para la historia econ\u00f3mica e industrial de Sevilla y su provincia, siglos XIX y XX (1804-1926) Garc\u00eda Garc\u00eda, Antonio \u00a0 [S.l.] : [s.n.], [2007](El&#8230;<\/p>\n","protected":false},"author":3,"featured_media":0,"comment_status":"closed","ping_status":"closed","sticky":false,"template":"","format":"standard","meta":{"ngg_post_thumbnail":0,"footnotes":""},"categories":[5],"tags":[9],"_links":{"self":[{"href":"http:\/\/minval.org\/svm\/index.php?rest_route=\/wp\/v2\/posts\/2346"}],"collection":[{"href":"http:\/\/minval.org\/svm\/index.php?rest_route=\/wp\/v2\/posts"}],"about":[{"href":"http:\/\/minval.org\/svm\/index.php?rest_route=\/wp\/v2\/types\/post"}],"author":[{"embeddable":true,"href":"http:\/\/minval.org\/svm\/index.php?rest_route=\/wp\/v2\/users\/3"}],"replies":[{"embeddable":true,"href":"http:\/\/minval.org\/svm\/index.php?rest_route=%2Fwp%2Fv2%2Fcomments&post=2346"}],"version-history":[{"count":0,"href":"http:\/\/minval.org\/svm\/index.php?rest_route=\/wp\/v2\/posts\/2346\/revisions"}],"wp:attachment":[{"href":"http:\/\/minval.org\/svm\/index.php?rest_route=%2Fwp%2Fv2%2Fmedia&parent=2346"}],"wp:term":[{"taxonomy":"category","embeddable":true,"href":"http:\/\/minval.org\/svm\/index.php?rest_route=%2Fwp%2Fv2%2Fcategories&post=2346"},{"taxonomy":"post_tag","embeddable":true,"href":"http:\/\/minval.org\/svm\/index.php?rest_route=%2Fwp%2Fv2%2Ftags&post=2346"}],"curies":[{"name":"wp","href":"https:\/\/api.w.org\/{rel}","templated":true}]}}