{"id":2368,"date":"2009-11-05T19:04:51","date_gmt":"2009-11-05T17:04:51","guid":{"rendered":"http:\/\/minval.org\/svm\/?p=2368"},"modified":"2009-11-05T19:04:51","modified_gmt":"2009-11-05T17:04:51","slug":"juan-manuel-lopez-azcona","status":"publish","type":"post","link":"http:\/\/minval.org\/svm\/?p=2368","title":{"rendered":"Juan Manuel L\u00f3pez Azcona"},"content":{"rendered":"<p><!--:es--><\/p>\n<table border=\"0\" width=\"650\">\n<tbody>\n<tr>\n<td style=\"width: 150px;\">\u00a0<\/td>\n<td>\n<h3 style=\"TEXT-ALIGN: justify\">Bibliograf\u00eda de miner\u00eda, metalurgia, geolog\u00eda y ciencias afines, de publicaciones de organismos oficiales del ramo de minas o con \u00e9l relacionados<\/h3>\n<address style=\"TEXT-ALIGN: justify\">L\u00f3pez de Azcona, Juan Manuel<\/address>\n<address style=\"TEXT-ALIGN: justify\">[S.l. : s.n., 1961](Madrid : Tip. Coullaut)<\/address>\n<address style=\"TEXT-ALIGN: justify\">VII, 559 p. ; 32 cm<\/address>\n<address style=\"TEXT-ALIGN: justify\">Direcci\u00f3n General de Minas y Combustibles Temas Profesionales ; v. 20<\/address>\n<address style=\"TEXT-ALIGN: justify\">M 7017-1961<\/address>\n<address style=\"TEXT-ALIGN: justify\">\u00a0<\/address>\n<\/td>\n<\/tr>\n<tr>\n<td>\n<address>\u00a0\t<div class=\"ngg-gallery-singlepic-image ngg-center\" style=\"max-width: 100px\">\n\t\t\t\t<a href=\"http:\/\/minval.org\/svm\/wp-content\/gallery\/calvo-rebollar-miguel\/id313.jpg\"\n\t\t\ttitle=\"\"\n\t\t\tdata-src=\"http:\/\/minval.org\/svm\/wp-content\/gallery\/calvo-rebollar-miguel\/id313.jpg\"\n\t\t\tdata-thumbnail=\"http:\/\/minval.org\/svm\/wp-content\/gallery\/calvo-rebollar-miguel\/thumbs\/thumbs_id313.jpg\"\n\t\t\tdata-image-id=\"636\"\n\t\t\tdata-title=\"id313\"\n\t\t\tdata-description=\"\"\n\t\t\ttarget='_self'\n\t\t\tclass=\"ngg-simplelightbox\" rel=\"800d16315b9b60c1eb03098f90477750\">\n\t\t\t<img class=\"ngg-singlepic\"\n\t\t\t\tsrc=\"http:\/\/minval.org\/svm\/wp-content\/gallery\/calvo-rebollar-miguel\/cache\/id313.jpg-nggid03636-ngg0dyn-100x0x100-00f0w010c010r110f110r010t010.jpg\"\n\t\t\t\talt=\"id313\"\n\t\t\t\ttitle=\"id313\"\n\t\t\t\t\t\t\t\t\twidth=\"100\" \t\t\t\t\t\t\t\/>\n\t\t<\/a>\n\t\t\t<\/div>\n\t\t<\/address>\n<\/td>\n<td>\n<h3 style=\"TEXT-ALIGN: justify\">Bibliograf\u00eda de miner\u00eda, metalurgia, geolog\u00eda y ciencias afines, de publicaciones de organismos oficiales del ramo de minas o con \u00e9l relacionados<\/h3>\n<address>L\u00f3pez de Azcona, Juan Manuel<\/address>\n<address>[S.l. : s.n., 1962](Madrid : Tip. Coullaut)<\/address>\n<address>VII, 559 p. ; 31 cm<\/address>\n<address>Instituto Geol\u00f3gico y Minero de Espa\u00f1a<\/address>\n<address>M 16908-1962<\/address>\n<address>\u00a0<\/address>\n<\/td>\n<\/tr>\n<tr>\n<td>\n<address>\u00a0\t<div class=\"ngg-gallery-singlepic-image ngg-center\" style=\"max-width: 100px\">\n\t\t\t\t<a href=\"http:\/\/minval.org\/svm\/wp-content\/gallery\/calvo-rebollar-miguel\/id312.jpg\"\n\t\t\ttitle=\"\"\n\t\t\tdata-src=\"http:\/\/minval.org\/svm\/wp-content\/gallery\/calvo-rebollar-miguel\/id312.jpg\"\n\t\t\tdata-thumbnail=\"http:\/\/minval.org\/svm\/wp-content\/gallery\/calvo-rebollar-miguel\/thumbs\/thumbs_id312.jpg\"\n\t\t\tdata-image-id=\"635\"\n\t\t\tdata-title=\"id312\"\n\t\t\tdata-description=\"\"\n\t\t\ttarget='_self'\n\t\t\tclass=\"ngg-simplelightbox\" rel=\"d71ff59752dfd63605f7c59b47156002\">\n\t\t\t<img class=\"ngg-singlepic\"\n\t\t\t\tsrc=\"http:\/\/minval.org\/svm\/wp-content\/gallery\/calvo-rebollar-miguel\/cache\/id312.jpg-nggid03635-ngg0dyn-100x0x100-00f0w010c010r110f110r010t010.jpg\"\n\t\t\t\talt=\"id312\"\n\t\t\t\ttitle=\"id312\"\n\t\t\t\t\t\t\t\t\twidth=\"100\" \t\t\t\t\t\t\t\/>\n\t\t<\/a>\n\t\t\t<\/div>\n\t\t<\/address>\n<\/td>\n<td>\n<h3>La geolog\u00eda y miner\u00eda espa\u00f1olas : Notas hist\u00f3ricas<\/h3>\n<address>L\u00f3pez de Azcona, Juan Manuel<\/address>\n<address>[Madrid : I.G.M.E., 1974]<\/address>\n<address>100 p. con l\u00e1m. col. : grab. neg. y col. ; 30 cm<\/address>\n<address>Sampelayo, Juan Hern\u00e1ndez<\/address>\n<address>M 21941-1974<\/address>\n<address>\u00a0<\/address>\n<\/td>\n<\/tr>\n<tr>\n<td rowspan=\"2\">\n<address>\u00a0\t<div class=\"ngg-gallery-singlepic-image ngg-center\" style=\"max-width: 100px\">\n\t\t\t\t<a href=\"http:\/\/minval.org\/svm\/wp-content\/gallery\/calvo-rebollar-miguel\/id316.jpg\"\n\t\t\ttitle=\"\"\n\t\t\tdata-src=\"http:\/\/minval.org\/svm\/wp-content\/gallery\/calvo-rebollar-miguel\/id316.jpg\"\n\t\t\tdata-thumbnail=\"http:\/\/minval.org\/svm\/wp-content\/gallery\/calvo-rebollar-miguel\/thumbs\/thumbs_id316.jpg\"\n\t\t\tdata-image-id=\"639\"\n\t\t\tdata-title=\"id316\"\n\t\t\tdata-description=\"\"\n\t\t\ttarget='_self'\n\t\t\tclass=\"ngg-simplelightbox\" rel=\"d053d4077e14edf99861bc88781cb981\">\n\t\t\t<img class=\"ngg-singlepic\"\n\t\t\t\tsrc=\"http:\/\/minval.org\/svm\/wp-content\/gallery\/calvo-rebollar-miguel\/cache\/id316.jpg-nggid03639-ngg0dyn-100x0x100-00f0w010c010r110f110r010t010.jpg\"\n\t\t\t\talt=\"id316\"\n\t\t\t\ttitle=\"id316\"\n\t\t\t\t\t\t\t\t\twidth=\"100\" \t\t\t\t\t\t\t\/>\n\t\t<\/a>\n\t\t\t<\/div>\n\t\t<\/address>\n<p>\u00a0<\/p>\n<p>\t<div class=\"ngg-gallery-singlepic-image ngg-center\" style=\"max-width: 100px\">\n\t\t\t\t<a href=\"http:\/\/minval.org\/svm\/wp-content\/gallery\/calvo-rebollar-miguel\/id315.jpg\"\n\t\t\ttitle=\"\"\n\t\t\tdata-src=\"http:\/\/minval.org\/svm\/wp-content\/gallery\/calvo-rebollar-miguel\/id315.jpg\"\n\t\t\tdata-thumbnail=\"http:\/\/minval.org\/svm\/wp-content\/gallery\/calvo-rebollar-miguel\/thumbs\/thumbs_id315.jpg\"\n\t\t\tdata-image-id=\"638\"\n\t\t\tdata-title=\"id315\"\n\t\t\tdata-description=\"\"\n\t\t\ttarget='_self'\n\t\t\tclass=\"ngg-simplelightbox\" rel=\"1dca8af3f413a15a62745946b7d0bcdc\">\n\t\t\t<img class=\"ngg-singlepic\"\n\t\t\t\tsrc=\"http:\/\/minval.org\/svm\/wp-content\/gallery\/calvo-rebollar-miguel\/cache\/id315.jpg-nggid03638-ngg0dyn-100x0x100-00f0w010c010r110f110r010t010.jpg\"\n\t\t\t\talt=\"id315\"\n\t\t\t\ttitle=\"id315\"\n\t\t\t\t\t\t\t\t\twidth=\"100\" \t\t\t\t\t\t\t\/>\n\t\t<\/a>\n\t\t\t<\/div>\n\t\t<\/td>\n<td>\n<h3>Miner\u00eda iberoamericana: repertorio bibliogr\u00e1fico y biogr\u00e1fico<\/h3>\n<address>L\u00f3pez de Azcona, Juan Manuel<\/address>\n<address>Gonz\u00e1lez Casasnovas, Ignacio<\/address>\n<address>Ruiz de Casta\u00f1eda, Esther<\/address>\n<address>[Madrid] : Instituto Tecnol\u00f3gico Geominero de Espa\u00f1a, [1992]<\/address>\n<address>4 v. ; 31 cm<\/address>\n<address style=\"TEXT-ALIGN: justify\">v. 1. Bibliograf\u00eda minera hispano-americana 1492-1892 (XLI, 482 p.) v. 2. Bibliograf\u00eda minera hispano-americana 1492-1892, suplemento (XIV, 184 p.) v. 3. Biograf\u00edas (XI, 546 p.) v. 4. Bibliograf\u00eda minera iberoamericana 1893-1992 (XXIII, 374 p.)<\/address>\n<address>M 5908-1992<\/address>\n<address>\u00a0<\/address>\n<\/td>\n<\/tr>\n<tr>\n<td>\u00a0<\/td>\n<\/tr>\n<tr>\n<td>\t<div class=\"ngg-gallery-singlepic-image ngg-center\" style=\"max-width: 100px\">\n\t\t\t\t<a href=\"http:\/\/minval.org\/svm\/wp-content\/gallery\/calvo-rebollar-miguel\/id317.jpg\"\n\t\t\ttitle=\"\"\n\t\t\tdata-src=\"http:\/\/minval.org\/svm\/wp-content\/gallery\/calvo-rebollar-miguel\/id317.jpg\"\n\t\t\tdata-thumbnail=\"http:\/\/minval.org\/svm\/wp-content\/gallery\/calvo-rebollar-miguel\/thumbs\/thumbs_id317.jpg\"\n\t\t\tdata-image-id=\"640\"\n\t\t\tdata-title=\"id317\"\n\t\t\tdata-description=\"\"\n\t\t\ttarget='_self'\n\t\t\tclass=\"ngg-simplelightbox\" rel=\"ff0dacccf2b96907d7e0b1ac82efcda8\">\n\t\t\t<img class=\"ngg-singlepic\"\n\t\t\t\tsrc=\"http:\/\/minval.org\/svm\/wp-content\/gallery\/calvo-rebollar-miguel\/cache\/id317.jpg-nggid03640-ngg0dyn-100x0x100-00f0w010c010r110f110r010t010.jpg\"\n\t\t\t\talt=\"id317\"\n\t\t\t\ttitle=\"id317\"\n\t\t\t\t\t\t\t\t\twidth=\"100\" \t\t\t\t\t\t\t\/>\n\t\t<\/a>\n\t\t\t<\/div>\n\t\t<\/td>\n<td>\u00a0<\/td>\n<\/tr>\n<tr>\n<td>\t<div class=\"ngg-gallery-singlepic-image ngg-center\" style=\"max-width: 100px\">\n\t\t\t\t<a href=\"http:\/\/minval.org\/svm\/wp-content\/gallery\/calvo-rebollar-miguel\/id314.jpg\"\n\t\t\ttitle=\"\"\n\t\t\tdata-src=\"http:\/\/minval.org\/svm\/wp-content\/gallery\/calvo-rebollar-miguel\/id314.jpg\"\n\t\t\tdata-thumbnail=\"http:\/\/minval.org\/svm\/wp-content\/gallery\/calvo-rebollar-miguel\/thumbs\/thumbs_id314.jpg\"\n\t\t\tdata-image-id=\"637\"\n\t\t\tdata-title=\"id314\"\n\t\t\tdata-description=\"\"\n\t\t\ttarget='_self'\n\t\t\tclass=\"ngg-simplelightbox\" rel=\"a2a20cb2d650a3035107d256eda6ec92\">\n\t\t\t<img class=\"ngg-singlepic\"\n\t\t\t\tsrc=\"http:\/\/minval.org\/svm\/wp-content\/gallery\/calvo-rebollar-miguel\/cache\/id314.jpg-nggid03637-ngg0dyn-100x0x100-00f0w010c010r110f110r010t010.jpg\"\n\t\t\t\talt=\"id314\"\n\t\t\t\ttitle=\"id314\"\n\t\t\t\t\t\t\t\t\twidth=\"100\" \t\t\t\t\t\t\t\/>\n\t\t<\/a>\n\t\t\t<\/div>\n\t\t<\/td>\n<td>\u00a0<\/td>\n<\/tr>\n<tr>\n<td>\n<address>\u00a0<\/address>\n<\/td>\n<td>\n<h3>Contribuci\u00f3n a la historia de la geolog\u00eda y miner\u00eda espa\u00f1ola<\/h3>\n<address>L\u00f3pez de Azcona, Juan Manuel<\/address>\n<address>Meseguer y Pardo, Jos\u00e9<\/address>\n<address>[Madrid] : Instituto Geol\u00f3gico y Minero de Espa\u00f1a, 1999<\/address>\n<address style=\"TEXT-ALIGN: justify\">H. 108-245 ; 27 cm<\/address>\n<address>\u00a0<\/address>\n<\/td>\n<\/tr>\n<tr>\n<td>\u00a0<\/td>\n<td style=\"TEXT-ALIGN: right\"><a href=\"http:\/\/minval.org\/svm\/?p=315\">volver&gt;&gt;<\/a><\/td>\n<\/tr>\n<\/tbody>\n<\/table>\n<p><!--:--><\/p>\n","protected":false},"excerpt":{"rendered":"<p>\u00a0 Bibliograf\u00eda de miner\u00eda, metalurgia, geolog\u00eda y ciencias afines, de publicaciones de organismos oficiales del ramo de minas o con \u00e9l relacionados L\u00f3pez de Azcona, Juan Manuel [S.l. : s.n., 1961](Madrid : Tip. Coullaut) VII, 559 p. ; 32 cm&#8230;<\/p>\n","protected":false},"author":3,"featured_media":0,"comment_status":"closed","ping_status":"closed","sticky":false,"template":"","format":"standard","meta":{"ngg_post_thumbnail":0,"footnotes":""},"categories":[5],"tags":[9],"_links":{"self":[{"href":"http:\/\/minval.org\/svm\/index.php?rest_route=\/wp\/v2\/posts\/2368"}],"collection":[{"href":"http:\/\/minval.org\/svm\/index.php?rest_route=\/wp\/v2\/posts"}],"about":[{"href":"http:\/\/minval.org\/svm\/index.php?rest_route=\/wp\/v2\/types\/post"}],"author":[{"embeddable":true,"href":"http:\/\/minval.org\/svm\/index.php?rest_route=\/wp\/v2\/users\/3"}],"replies":[{"embeddable":true,"href":"http:\/\/minval.org\/svm\/index.php?rest_route=%2Fwp%2Fv2%2Fcomments&post=2368"}],"version-history":[{"count":0,"href":"http:\/\/minval.org\/svm\/index.php?rest_route=\/wp\/v2\/posts\/2368\/revisions"}],"wp:attachment":[{"href":"http:\/\/minval.org\/svm\/index.php?rest_route=%2Fwp%2Fv2%2Fmedia&parent=2368"}],"wp:term":[{"taxonomy":"category","embeddable":true,"href":"http:\/\/minval.org\/svm\/index.php?rest_route=%2Fwp%2Fv2%2Fcategories&post=2368"},{"taxonomy":"post_tag","embeddable":true,"href":"http:\/\/minval.org\/svm\/index.php?rest_route=%2Fwp%2Fv2%2Ftags&post=2368"}],"curies":[{"name":"wp","href":"https:\/\/api.w.org\/{rel}","templated":true}]}}