{"id":2695,"date":"2009-11-15T22:38:26","date_gmt":"2009-11-15T20:38:26","guid":{"rendered":"http:\/\/minval.org\/svm\/?p=2695"},"modified":"2009-11-15T22:38:26","modified_gmt":"2009-11-15T20:38:26","slug":"adrian-pesudo-martinavarro","status":"publish","type":"post","link":"http:\/\/minval.org\/svm\/?p=2695","title":{"rendered":"Adri\u00e1n Pesudo Martinavarro"},"content":{"rendered":"<p><!--:es--><\/p>\n<h4><span style=\"font-size: x-small; font-family: Arial;\"><img loading=\"lazy\" decoding=\"async\" class=\"size-full wp-image-2696 alignleft\" title=\"adri\u00e1\" src=\"http:\/\/minval.org\/svm\/wp-content\/uploads\/2009\/11\/adri\u00e1.jpg\" alt=\"adri\u00e1\" width=\"149\" height=\"186\" \/><\/span><\/h4>\n<p><span style=\"font-size: x-small; font-family: Arial;\">Mi nombre es Adri\u00e1n Pesudo i Martinavarro. Soy coleccionista desde hace m\u00e1s de veinte a\u00f1os. Particularmente me gusta ante todo\u00a0buscar los minerales aunque tambi\u00e9n suelo comprar. Os expongo una peque\u00f1a parte de mi colecci\u00f3n en la que podreis ver de todo. Durante todos estos a\u00f1os no he parado de recolectar y actualmente tengo mas de 8.000 piezas en mi colecci\u00f3n, aunque tendremos que hacer alguna criba, ya que el espacio est\u00e1 ya muy apurado. Lo mas importante para m\u00ed han sido las amistades que se han consolidado a lo largo de todos estos a\u00f1os, disfrutando doblemente del hobby y de los amigos. No soy vendedor, pero salgo todos los a\u00f1os en la Feria de Minerales de Castell\u00f3n para dar a conocer lo que tenemos por nuestra zona y lo que he ido cogiendo. Dispongo de un amplio listado para cambios y si estais interesados podes escribirme a <a href=\"mailto:apesudo@minercas.jazztel.es\">apesudo@minercas.jazztel.es<\/a> Tambi\u00e9n es mi intenci\u00f3n el poner en breve una pag. web donde todos\u00a0podreis participar cambiando,comprando\u00a0o vendiendo\u00a0minerales.<\/span><\/p>\n<p><!-- default-view.php -->\n<div\n\tclass=\"ngg-galleryoverview default-view \n\t\t\"\n\tid=\"ngg-gallery-1ea933e340e4aa31ca0701776cb5f886-1\">\n\n\t\t<!-- Thumbnails -->\n\t\t\t\t<div id=\"ngg-image-0\" class=\"ngg-gallery-thumbnail-box \n\t\t\t\t\t\t\t\t\t\t\t\" \n\t\t\t>\n\t\t\t\t\t\t<div class=\"ngg-gallery-thumbnail\">\n\t\t\t<a href=\"http:\/\/minval.org\/svm\/wp-content\/gallery\/adrian\/adamita.jpg\"\n\t\t\t\ttitle=\"Adamita. Pieza de 10x8 cms. Mapim\u00ed, Durango. M\u00e9xico   \"\n\t\t\t\tdata-src=\"http:\/\/minval.org\/svm\/wp-content\/gallery\/adrian\/adamita.jpg\"\n\t\t\t\tdata-thumbnail=\"http:\/\/minval.org\/svm\/wp-content\/gallery\/adrian\/thumbs\/thumbs_adamita.jpg\"\n\t\t\t\tdata-image-id=\"671\"\n\t\t\t\tdata-title=\"adamita      \"\n\t\t\t\tdata-description=\"Adamita. Pieza de 10x8 cms. Mapim\u00ed, Durango. M\u00e9xico   \"\n\t\t\t\tdata-image-slug=\"\"\n\t\t\t\tclass=\"ngg-simplelightbox\" rel=\"1ea933e340e4aa31ca0701776cb5f886\">\n\t\t\t\t<img\n\t\t\t\t\ttitle=\"adamita      \"\n\t\t\t\t\talt=\"adamita      \"\n\t\t\t\t\tsrc=\"http:\/\/minval.org\/svm\/wp-content\/gallery\/adrian\/thumbs\/thumbs_adamita.jpg\"\n\t\t\t\t\twidth=\"\"\n\t\t\t\t\theight=\"\"\n\t\t\t\t\tstyle=\"max-width:100%;\"\n\t\t\t\t\/>\n\t\t\t<\/a>\n\t\t<\/div>\n\t\t\t\t\t\t\t<\/div> \n\t\t\t\n\t\t\t\t<div id=\"ngg-image-1\" class=\"ngg-gallery-thumbnail-box \n\t\t\t\t\t\t\t\t\t\t\t\" \n\t\t\t>\n\t\t\t\t\t\t<div class=\"ngg-gallery-thumbnail\">\n\t\t\t<a href=\"http:\/\/minval.org\/svm\/wp-content\/gallery\/adrian\/amazonita.jpg\"\n\t\t\t\ttitle=\"Amazonita. 7x 3,5 cms. Pikes Peak, Colorado.  USA       \"\n\t\t\t\tdata-src=\"http:\/\/minval.org\/svm\/wp-content\/gallery\/adrian\/amazonita.jpg\"\n\t\t\t\tdata-thumbnail=\"http:\/\/minval.org\/svm\/wp-content\/gallery\/adrian\/thumbs\/thumbs_amazonita.jpg\"\n\t\t\t\tdata-image-id=\"672\"\n\t\t\t\tdata-title=\"amazonita \"\n\t\t\t\tdata-description=\"Amazonita. 7x 3,5 cms. Pikes Peak, Colorado.  USA       \"\n\t\t\t\tdata-image-slug=\"\"\n\t\t\t\tclass=\"ngg-simplelightbox\" rel=\"1ea933e340e4aa31ca0701776cb5f886\">\n\t\t\t\t<img\n\t\t\t\t\ttitle=\"amazonita \"\n\t\t\t\t\talt=\"amazonita \"\n\t\t\t\t\tsrc=\"http:\/\/minval.org\/svm\/wp-content\/gallery\/adrian\/thumbs\/thumbs_amazonita.jpg\"\n\t\t\t\t\twidth=\"\"\n\t\t\t\t\theight=\"\"\n\t\t\t\t\tstyle=\"max-width:100%;\"\n\t\t\t\t\/>\n\t\t\t<\/a>\n\t\t<\/div>\n\t\t\t\t\t\t\t<\/div> \n\t\t\t\n\t\t\t\t<div id=\"ngg-image-2\" class=\"ngg-gallery-thumbnail-box \n\t\t\t\t\t\t\t\t\t\t\t\" \n\t\t\t>\n\t\t\t\t\t\t<div class=\"ngg-gallery-thumbnail\">\n\t\t\t<a href=\"http:\/\/minval.org\/svm\/wp-content\/gallery\/adrian\/anapaita.jpg\"\n\t\t\t\ttitle=\"Anapaita. Bola de cristales de 8 mms. Kerch.P\u00ednsula de Crimea. Rusia      \"\n\t\t\t\tdata-src=\"http:\/\/minval.org\/svm\/wp-content\/gallery\/adrian\/anapaita.jpg\"\n\t\t\t\tdata-thumbnail=\"http:\/\/minval.org\/svm\/wp-content\/gallery\/adrian\/thumbs\/thumbs_anapaita.jpg\"\n\t\t\t\tdata-image-id=\"673\"\n\t\t\t\tdata-title=\"anapaita         \"\n\t\t\t\tdata-description=\"Anapaita. Bola de cristales de 8 mms. Kerch.P\u00ednsula de Crimea. Rusia      \"\n\t\t\t\tdata-image-slug=\"\"\n\t\t\t\tclass=\"ngg-simplelightbox\" rel=\"1ea933e340e4aa31ca0701776cb5f886\">\n\t\t\t\t<img\n\t\t\t\t\ttitle=\"anapaita         \"\n\t\t\t\t\talt=\"anapaita         \"\n\t\t\t\t\tsrc=\"http:\/\/minval.org\/svm\/wp-content\/gallery\/adrian\/thumbs\/thumbs_anapaita.jpg\"\n\t\t\t\t\twidth=\"\"\n\t\t\t\t\theight=\"\"\n\t\t\t\t\tstyle=\"max-width:100%;\"\n\t\t\t\t\/>\n\t\t\t<\/a>\n\t\t<\/div>\n\t\t\t\t\t\t\t<\/div> \n\t\t\t\n\t\t\t\t<div id=\"ngg-image-3\" class=\"ngg-gallery-thumbnail-box \n\t\t\t\t\t\t\t\t\t\t\t\" \n\t\t\t>\n\t\t\t\t\t\t<div class=\"ngg-gallery-thumbnail\">\n\t\t\t<a href=\"http:\/\/minval.org\/svm\/wp-content\/gallery\/adrian\/anglesita-2.jpg\"\n\t\t\t\ttitle=\"Anglesita. Cristales de 1 cm. Minas de la Cruz, Linares, Jaen. Espa\u00f1a    \"\n\t\t\t\tdata-src=\"http:\/\/minval.org\/svm\/wp-content\/gallery\/adrian\/anglesita-2.jpg\"\n\t\t\t\tdata-thumbnail=\"http:\/\/minval.org\/svm\/wp-content\/gallery\/adrian\/thumbs\/thumbs_anglesita-2.jpg\"\n\t\t\t\tdata-image-id=\"674\"\n\t\t\t\tdata-title=\"anglesita     \"\n\t\t\t\tdata-description=\"Anglesita. Cristales de 1 cm. Minas de la Cruz, Linares, Jaen. Espa\u00f1a    \"\n\t\t\t\tdata-image-slug=\"\"\n\t\t\t\tclass=\"ngg-simplelightbox\" rel=\"1ea933e340e4aa31ca0701776cb5f886\">\n\t\t\t\t<img\n\t\t\t\t\ttitle=\"anglesita     \"\n\t\t\t\t\talt=\"anglesita     \"\n\t\t\t\t\tsrc=\"http:\/\/minval.org\/svm\/wp-content\/gallery\/adrian\/thumbs\/thumbs_anglesita-2.jpg\"\n\t\t\t\t\twidth=\"\"\n\t\t\t\t\theight=\"\"\n\t\t\t\t\tstyle=\"max-width:100%;\"\n\t\t\t\t\/>\n\t\t\t<\/a>\n\t\t<\/div>\n\t\t\t\t\t\t\t<\/div> \n\t\t\t\n\t\t\t\t<div id=\"ngg-image-4\" class=\"ngg-gallery-thumbnail-box \n\t\t\t\t\t\t\t\t\t\t\t\" \n\t\t\t>\n\t\t\t\t\t\t<div class=\"ngg-gallery-thumbnail\">\n\t\t\t<a href=\"http:\/\/minval.org\/svm\/wp-content\/gallery\/adrian\/anglesita1.jpg\"\n\t\t\t\ttitle=\"Anglesita. Cristal de 5 mms. Toussit, Oujda.  Marruecos     \"\n\t\t\t\tdata-src=\"http:\/\/minval.org\/svm\/wp-content\/gallery\/adrian\/anglesita1.jpg\"\n\t\t\t\tdata-thumbnail=\"http:\/\/minval.org\/svm\/wp-content\/gallery\/adrian\/thumbs\/thumbs_anglesita1.jpg\"\n\t\t\t\tdata-image-id=\"675\"\n\t\t\t\tdata-title=\"anglesita        \"\n\t\t\t\tdata-description=\"Anglesita. Cristal de 5 mms. Toussit, Oujda.  Marruecos     \"\n\t\t\t\tdata-image-slug=\"\"\n\t\t\t\tclass=\"ngg-simplelightbox\" rel=\"1ea933e340e4aa31ca0701776cb5f886\">\n\t\t\t\t<img\n\t\t\t\t\ttitle=\"anglesita        \"\n\t\t\t\t\talt=\"anglesita        \"\n\t\t\t\t\tsrc=\"http:\/\/minval.org\/svm\/wp-content\/gallery\/adrian\/thumbs\/thumbs_anglesita1.jpg\"\n\t\t\t\t\twidth=\"\"\n\t\t\t\t\theight=\"\"\n\t\t\t\t\tstyle=\"max-width:100%;\"\n\t\t\t\t\/>\n\t\t\t<\/a>\n\t\t<\/div>\n\t\t\t\t\t\t\t<\/div> \n\t\t\t\n\t\t\t\t<div id=\"ngg-image-5\" class=\"ngg-gallery-thumbnail-box \n\t\t\t\t\t\t\t\t\t\t\t\" \n\t\t\t>\n\t\t\t\t\t\t<div class=\"ngg-gallery-thumbnail\">\n\t\t\t<a href=\"http:\/\/minval.org\/svm\/wp-content\/gallery\/adrian\/aragonito1.jpg\"\n\t\t\t\ttitle=\"Aragonito. 10x8 cms. La Uni\u00f3n, Murcia. Espa\u00f1a    \"\n\t\t\t\tdata-src=\"http:\/\/minval.org\/svm\/wp-content\/gallery\/adrian\/aragonito1.jpg\"\n\t\t\t\tdata-thumbnail=\"http:\/\/minval.org\/svm\/wp-content\/gallery\/adrian\/thumbs\/thumbs_aragonito1.jpg\"\n\t\t\t\tdata-image-id=\"676\"\n\t\t\t\tdata-title=\"aragonito \"\n\t\t\t\tdata-description=\"Aragonito. 10x8 cms. La Uni\u00f3n, Murcia. Espa\u00f1a    \"\n\t\t\t\tdata-image-slug=\"\"\n\t\t\t\tclass=\"ngg-simplelightbox\" rel=\"1ea933e340e4aa31ca0701776cb5f886\">\n\t\t\t\t<img\n\t\t\t\t\ttitle=\"aragonito \"\n\t\t\t\t\talt=\"aragonito \"\n\t\t\t\t\tsrc=\"http:\/\/minval.org\/svm\/wp-content\/gallery\/adrian\/thumbs\/thumbs_aragonito1.jpg\"\n\t\t\t\t\twidth=\"\"\n\t\t\t\t\theight=\"\"\n\t\t\t\t\tstyle=\"max-width:100%;\"\n\t\t\t\t\/>\n\t\t\t<\/a>\n\t\t<\/div>\n\t\t\t\t\t\t\t<\/div> \n\t\t\t\n\t\t\t\t<div id=\"ngg-image-6\" class=\"ngg-gallery-thumbnail-box \n\t\t\t\t\t\t\t\t\t\t\t\" \n\t\t\t>\n\t\t\t\t\t\t<div class=\"ngg-gallery-thumbnail\">\n\t\t\t<a href=\"http:\/\/minval.org\/svm\/wp-content\/gallery\/adrian\/aragonito2.jpg\"\n\t\t\t\ttitle=\"Aragonito. 11x5 cms. Bco. del Retamal, Engu\u00eddanos, Cuenca. Espa\u00f1a\"\n\t\t\t\tdata-src=\"http:\/\/minval.org\/svm\/wp-content\/gallery\/adrian\/aragonito2.jpg\"\n\t\t\t\tdata-thumbnail=\"http:\/\/minval.org\/svm\/wp-content\/gallery\/adrian\/thumbs\/thumbs_aragonito2.jpg\"\n\t\t\t\tdata-image-id=\"677\"\n\t\t\t\tdata-title=\"aragonito\"\n\t\t\t\tdata-description=\"Aragonito. 11x5 cms. Bco. del Retamal, Engu\u00eddanos, Cuenca. Espa\u00f1a\"\n\t\t\t\tdata-image-slug=\"\"\n\t\t\t\tclass=\"ngg-simplelightbox\" rel=\"1ea933e340e4aa31ca0701776cb5f886\">\n\t\t\t\t<img\n\t\t\t\t\ttitle=\"aragonito\"\n\t\t\t\t\talt=\"aragonito\"\n\t\t\t\t\tsrc=\"http:\/\/minval.org\/svm\/wp-content\/gallery\/adrian\/thumbs\/thumbs_aragonito2.jpg\"\n\t\t\t\t\twidth=\"\"\n\t\t\t\t\theight=\"\"\n\t\t\t\t\tstyle=\"max-width:100%;\"\n\t\t\t\t\/>\n\t\t\t<\/a>\n\t\t<\/div>\n\t\t\t\t\t\t\t<\/div> \n\t\t\t\n\t\t\t\t<div id=\"ngg-image-7\" class=\"ngg-gallery-thumbnail-box \n\t\t\t\t\t\t\t\t\t\t\t\" \n\t\t\t>\n\t\t\t\t\t\t<div class=\"ngg-gallery-thumbnail\">\n\t\t\t<a href=\"http:\/\/minval.org\/svm\/wp-content\/gallery\/adrian\/aragonito3.jpg\"\n\t\t\t\ttitle=\"Aragonito. Cristal  de 12x3 cms. Rambla del Tormagal, Engu\u00eddanos, Cuenca. Espa\u00f1a\"\n\t\t\t\tdata-src=\"http:\/\/minval.org\/svm\/wp-content\/gallery\/adrian\/aragonito3.jpg\"\n\t\t\t\tdata-thumbnail=\"http:\/\/minval.org\/svm\/wp-content\/gallery\/adrian\/thumbs\/thumbs_aragonito3.jpg\"\n\t\t\t\tdata-image-id=\"678\"\n\t\t\t\tdata-title=\"aragonito\"\n\t\t\t\tdata-description=\"Aragonito. Cristal  de 12x3 cms. Rambla del Tormagal, Engu\u00eddanos, Cuenca. Espa\u00f1a\"\n\t\t\t\tdata-image-slug=\"\"\n\t\t\t\tclass=\"ngg-simplelightbox\" rel=\"1ea933e340e4aa31ca0701776cb5f886\">\n\t\t\t\t<img\n\t\t\t\t\ttitle=\"aragonito\"\n\t\t\t\t\talt=\"aragonito\"\n\t\t\t\t\tsrc=\"http:\/\/minval.org\/svm\/wp-content\/gallery\/adrian\/thumbs\/thumbs_aragonito3.jpg\"\n\t\t\t\t\twidth=\"\"\n\t\t\t\t\theight=\"\"\n\t\t\t\t\tstyle=\"max-width:100%;\"\n\t\t\t\t\/>\n\t\t\t<\/a>\n\t\t<\/div>\n\t\t\t\t\t\t\t<\/div> \n\t\t\t\n\t\t\t\t<div id=\"ngg-image-8\" class=\"ngg-gallery-thumbnail-box \n\t\t\t\t\t\t\t\t\t\t\t\" \n\t\t\t>\n\t\t\t\t\t\t<div class=\"ngg-gallery-thumbnail\">\n\t\t\t<a href=\"http:\/\/minval.org\/svm\/wp-content\/gallery\/adrian\/artinita.jpg\"\n\t\t\t\ttitle=\"Artinita. 7x4 cms. Top Dogs, Askale. Turqu\u00eda   \"\n\t\t\t\tdata-src=\"http:\/\/minval.org\/svm\/wp-content\/gallery\/adrian\/artinita.jpg\"\n\t\t\t\tdata-thumbnail=\"http:\/\/minval.org\/svm\/wp-content\/gallery\/adrian\/thumbs\/thumbs_artinita.jpg\"\n\t\t\t\tdata-image-id=\"679\"\n\t\t\t\tdata-title=\"artinita     \"\n\t\t\t\tdata-description=\"Artinita. 7x4 cms. Top Dogs, Askale. Turqu\u00eda   \"\n\t\t\t\tdata-image-slug=\"\"\n\t\t\t\tclass=\"ngg-simplelightbox\" rel=\"1ea933e340e4aa31ca0701776cb5f886\">\n\t\t\t\t<img\n\t\t\t\t\ttitle=\"artinita     \"\n\t\t\t\t\talt=\"artinita     \"\n\t\t\t\t\tsrc=\"http:\/\/minval.org\/svm\/wp-content\/gallery\/adrian\/thumbs\/thumbs_artinita.jpg\"\n\t\t\t\t\twidth=\"\"\n\t\t\t\t\theight=\"\"\n\t\t\t\t\tstyle=\"max-width:100%;\"\n\t\t\t\t\/>\n\t\t\t<\/a>\n\t\t<\/div>\n\t\t\t\t\t\t\t<\/div> \n\t\t\t\n\t\t\t\t<div id=\"ngg-image-9\" class=\"ngg-gallery-thumbnail-box \n\t\t\t\t\t\t\t\t\t\t\t\" \n\t\t\t>\n\t\t\t\t\t\t<div class=\"ngg-gallery-thumbnail\">\n\t\t\t<a href=\"http:\/\/minval.org\/svm\/wp-content\/gallery\/adrian\/augita-1.jpg\"\n\t\t\t\ttitle=\"Augita. 2x2 cms. Volc\u00e1n de La Roca Negra. La Garrotxa, Girona. Espa\u00f1a     \"\n\t\t\t\tdata-src=\"http:\/\/minval.org\/svm\/wp-content\/gallery\/adrian\/augita-1.jpg\"\n\t\t\t\tdata-thumbnail=\"http:\/\/minval.org\/svm\/wp-content\/gallery\/adrian\/thumbs\/thumbs_augita-1.jpg\"\n\t\t\t\tdata-image-id=\"680\"\n\t\t\t\tdata-title=\"augita     \"\n\t\t\t\tdata-description=\"Augita. 2x2 cms. Volc\u00e1n de La Roca Negra. La Garrotxa, Girona. Espa\u00f1a     \"\n\t\t\t\tdata-image-slug=\"\"\n\t\t\t\tclass=\"ngg-simplelightbox\" rel=\"1ea933e340e4aa31ca0701776cb5f886\">\n\t\t\t\t<img\n\t\t\t\t\ttitle=\"augita     \"\n\t\t\t\t\talt=\"augita     \"\n\t\t\t\t\tsrc=\"http:\/\/minval.org\/svm\/wp-content\/gallery\/adrian\/thumbs\/thumbs_augita-1.jpg\"\n\t\t\t\t\twidth=\"\"\n\t\t\t\t\theight=\"\"\n\t\t\t\t\tstyle=\"max-width:100%;\"\n\t\t\t\t\/>\n\t\t\t<\/a>\n\t\t<\/div>\n\t\t\t\t\t\t\t<\/div> \n\t\t\t\n\t\t\t\t<div id=\"ngg-image-10\" class=\"ngg-gallery-thumbnail-box \n\t\t\t\t\t\t\t\t\t\t\t\" \n\t\t\t>\n\t\t\t\t\t\t<div class=\"ngg-gallery-thumbnail\">\n\t\t\t<a href=\"http:\/\/minval.org\/svm\/wp-content\/gallery\/adrian\/augita-2.jpg\"\n\t\t\t\ttitle=\"Augita. 4x4 xms. Volc\u00e1n de La Roca Negra, La Garrotxa, Girona. Espa\u00f1a   \"\n\t\t\t\tdata-src=\"http:\/\/minval.org\/svm\/wp-content\/gallery\/adrian\/augita-2.jpg\"\n\t\t\t\tdata-thumbnail=\"http:\/\/minval.org\/svm\/wp-content\/gallery\/adrian\/thumbs\/thumbs_augita-2.jpg\"\n\t\t\t\tdata-image-id=\"681\"\n\t\t\t\tdata-title=\"augita        \"\n\t\t\t\tdata-description=\"Augita. 4x4 xms. Volc\u00e1n de La Roca Negra, La Garrotxa, Girona. Espa\u00f1a   \"\n\t\t\t\tdata-image-slug=\"\"\n\t\t\t\tclass=\"ngg-simplelightbox\" rel=\"1ea933e340e4aa31ca0701776cb5f886\">\n\t\t\t\t<img\n\t\t\t\t\ttitle=\"augita        \"\n\t\t\t\t\talt=\"augita        \"\n\t\t\t\t\tsrc=\"http:\/\/minval.org\/svm\/wp-content\/gallery\/adrian\/thumbs\/thumbs_augita-2.jpg\"\n\t\t\t\t\twidth=\"\"\n\t\t\t\t\theight=\"\"\n\t\t\t\t\tstyle=\"max-width:100%;\"\n\t\t\t\t\/>\n\t\t\t<\/a>\n\t\t<\/div>\n\t\t\t\t\t\t\t<\/div> \n\t\t\t\n\t\t\t\t<div id=\"ngg-image-11\" class=\"ngg-gallery-thumbnail-box \n\t\t\t\t\t\t\t\t\t\t\t\" \n\t\t\t>\n\t\t\t\t\t\t<div class=\"ngg-gallery-thumbnail\">\n\t\t\t<a href=\"http:\/\/minval.org\/svm\/wp-content\/gallery\/adrian\/axinita.jpg\"\n\t\t\t\ttitle=\"Axinita. Cristales de 5 mms. Cantera La Juanona, Antequera, M\u00e1laga. Espa\u00f1a      \"\n\t\t\t\tdata-src=\"http:\/\/minval.org\/svm\/wp-content\/gallery\/adrian\/axinita.jpg\"\n\t\t\t\tdata-thumbnail=\"http:\/\/minval.org\/svm\/wp-content\/gallery\/adrian\/thumbs\/thumbs_axinita.jpg\"\n\t\t\t\tdata-image-id=\"682\"\n\t\t\t\tdata-title=\"axinita     \"\n\t\t\t\tdata-description=\"Axinita. Cristales de 5 mms. Cantera La Juanona, Antequera, M\u00e1laga. Espa\u00f1a      \"\n\t\t\t\tdata-image-slug=\"\"\n\t\t\t\tclass=\"ngg-simplelightbox\" rel=\"1ea933e340e4aa31ca0701776cb5f886\">\n\t\t\t\t<img\n\t\t\t\t\ttitle=\"axinita     \"\n\t\t\t\t\talt=\"axinita     \"\n\t\t\t\t\tsrc=\"http:\/\/minval.org\/svm\/wp-content\/gallery\/adrian\/thumbs\/thumbs_axinita.jpg\"\n\t\t\t\t\twidth=\"\"\n\t\t\t\t\theight=\"\"\n\t\t\t\t\tstyle=\"max-width:100%;\"\n\t\t\t\t\/>\n\t\t\t<\/a>\n\t\t<\/div>\n\t\t\t\t\t\t\t<\/div> \n\t\t\t\n\t\t\t\t<div id=\"ngg-image-12\" class=\"ngg-gallery-thumbnail-box \n\t\t\t\t\t\t\t\t\t\t\t\" \n\t\t\t>\n\t\t\t\t\t\t<div class=\"ngg-gallery-thumbnail\">\n\t\t\t<a href=\"http:\/\/minval.org\/svm\/wp-content\/gallery\/adrian\/azufre.jpg\"\n\t\t\t\ttitle=\"Azufre. Cristales de 1 cm. Machow Mine, Tarnoobrzeg. Polonia        \"\n\t\t\t\tdata-src=\"http:\/\/minval.org\/svm\/wp-content\/gallery\/adrian\/azufre.jpg\"\n\t\t\t\tdata-thumbnail=\"http:\/\/minval.org\/svm\/wp-content\/gallery\/adrian\/thumbs\/thumbs_azufre.jpg\"\n\t\t\t\tdata-image-id=\"684\"\n\t\t\t\tdata-title=\"azufre     \"\n\t\t\t\tdata-description=\"Azufre. Cristales de 1 cm. Machow Mine, Tarnoobrzeg. Polonia        \"\n\t\t\t\tdata-image-slug=\"\"\n\t\t\t\tclass=\"ngg-simplelightbox\" rel=\"1ea933e340e4aa31ca0701776cb5f886\">\n\t\t\t\t<img\n\t\t\t\t\ttitle=\"azufre     \"\n\t\t\t\t\talt=\"azufre     \"\n\t\t\t\t\tsrc=\"http:\/\/minval.org\/svm\/wp-content\/gallery\/adrian\/thumbs\/thumbs_azufre.jpg\"\n\t\t\t\t\twidth=\"\"\n\t\t\t\t\theight=\"\"\n\t\t\t\t\tstyle=\"max-width:100%;\"\n\t\t\t\t\/>\n\t\t\t<\/a>\n\t\t<\/div>\n\t\t\t\t\t\t\t<\/div> \n\t\t\t\n\t\t\t\t<div id=\"ngg-image-13\" class=\"ngg-gallery-thumbnail-box \n\t\t\t\t\t\t\t\t\t\t\t\" \n\t\t\t>\n\t\t\t\t\t\t<div class=\"ngg-gallery-thumbnail\">\n\t\t\t<a href=\"http:\/\/minval.org\/svm\/wp-content\/gallery\/adrian\/barita-1.jpg\"\n\t\t\t\ttitle=\"Baritina. 4x1 cm. Rambla del Esparto, Mazarr\u00f3n, Murcia. Espa\u00f1a\"\n\t\t\t\tdata-src=\"http:\/\/minval.org\/svm\/wp-content\/gallery\/adrian\/barita-1.jpg\"\n\t\t\t\tdata-thumbnail=\"http:\/\/minval.org\/svm\/wp-content\/gallery\/adrian\/thumbs\/thumbs_barita-1.jpg\"\n\t\t\t\tdata-image-id=\"685\"\n\t\t\t\tdata-title=\"baritina\"\n\t\t\t\tdata-description=\"Baritina. 4x1 cm. Rambla del Esparto, Mazarr\u00f3n, Murcia. Espa\u00f1a\"\n\t\t\t\tdata-image-slug=\"\"\n\t\t\t\tclass=\"ngg-simplelightbox\" rel=\"1ea933e340e4aa31ca0701776cb5f886\">\n\t\t\t\t<img\n\t\t\t\t\ttitle=\"baritina\"\n\t\t\t\t\talt=\"baritina\"\n\t\t\t\t\tsrc=\"http:\/\/minval.org\/svm\/wp-content\/gallery\/adrian\/thumbs\/thumbs_barita-1.jpg\"\n\t\t\t\t\twidth=\"\"\n\t\t\t\t\theight=\"\"\n\t\t\t\t\tstyle=\"max-width:100%;\"\n\t\t\t\t\/>\n\t\t\t<\/a>\n\t\t<\/div>\n\t\t\t\t\t\t\t<\/div> \n\t\t\t\n\t\t\t\t<div id=\"ngg-image-14\" class=\"ngg-gallery-thumbnail-box \n\t\t\t\t\t\t\t\t\t\t\t\" \n\t\t\t>\n\t\t\t\t\t\t<div class=\"ngg-gallery-thumbnail\">\n\t\t\t<a href=\"http:\/\/minval.org\/svm\/wp-content\/gallery\/adrian\/barita-2.jpg\"\n\t\t\t\ttitle=\"Baritina. 20x12 cms. Mina Victoria. El estrecho de san Gin\u00e9s. La Uni\u00f3n.Murcia. Espa\u00f1a\"\n\t\t\t\tdata-src=\"http:\/\/minval.org\/svm\/wp-content\/gallery\/adrian\/barita-2.jpg\"\n\t\t\t\tdata-thumbnail=\"http:\/\/minval.org\/svm\/wp-content\/gallery\/adrian\/thumbs\/thumbs_barita-2.jpg\"\n\t\t\t\tdata-image-id=\"686\"\n\t\t\t\tdata-title=\"baritina\"\n\t\t\t\tdata-description=\"Baritina. 20x12 cms. Mina Victoria. El estrecho de san Gin\u00e9s. La Uni\u00f3n.Murcia. Espa\u00f1a\"\n\t\t\t\tdata-image-slug=\"\"\n\t\t\t\tclass=\"ngg-simplelightbox\" rel=\"1ea933e340e4aa31ca0701776cb5f886\">\n\t\t\t\t<img\n\t\t\t\t\ttitle=\"baritina\"\n\t\t\t\t\talt=\"baritina\"\n\t\t\t\t\tsrc=\"http:\/\/minval.org\/svm\/wp-content\/gallery\/adrian\/thumbs\/thumbs_barita-2.jpg\"\n\t\t\t\t\twidth=\"\"\n\t\t\t\t\theight=\"\"\n\t\t\t\t\tstyle=\"max-width:100%;\"\n\t\t\t\t\/>\n\t\t\t<\/a>\n\t\t<\/div>\n\t\t\t\t\t\t\t<\/div> \n\t\t\t\n\t\t\t\t<div id=\"ngg-image-15\" class=\"ngg-gallery-thumbnail-box \n\t\t\t\t\t\t\t\t\t\t\t\" \n\t\t\t>\n\t\t\t\t\t\t<div class=\"ngg-gallery-thumbnail\">\n\t\t\t<a href=\"http:\/\/minval.org\/svm\/wp-content\/gallery\/adrian\/barita-3.jpg\"\n\t\t\t\ttitle=\"Baritina. 10x8 cms. Campo de Golf. Sierra de Cartagena. Murcia. Espa\u00f1a\"\n\t\t\t\tdata-src=\"http:\/\/minval.org\/svm\/wp-content\/gallery\/adrian\/barita-3.jpg\"\n\t\t\t\tdata-thumbnail=\"http:\/\/minval.org\/svm\/wp-content\/gallery\/adrian\/thumbs\/thumbs_barita-3.jpg\"\n\t\t\t\tdata-image-id=\"687\"\n\t\t\t\tdata-title=\"baritina\"\n\t\t\t\tdata-description=\"Baritina. 10x8 cms. Campo de Golf. Sierra de Cartagena. Murcia. Espa\u00f1a\"\n\t\t\t\tdata-image-slug=\"\"\n\t\t\t\tclass=\"ngg-simplelightbox\" rel=\"1ea933e340e4aa31ca0701776cb5f886\">\n\t\t\t\t<img\n\t\t\t\t\ttitle=\"baritina\"\n\t\t\t\t\talt=\"baritina\"\n\t\t\t\t\tsrc=\"http:\/\/minval.org\/svm\/wp-content\/gallery\/adrian\/thumbs\/thumbs_barita-3.jpg\"\n\t\t\t\t\twidth=\"\"\n\t\t\t\t\theight=\"\"\n\t\t\t\t\tstyle=\"max-width:100%;\"\n\t\t\t\t\/>\n\t\t\t<\/a>\n\t\t<\/div>\n\t\t\t\t\t\t\t<\/div> \n\t\t\t\n\t\t\t\t<div id=\"ngg-image-16\" class=\"ngg-gallery-thumbnail-box \n\t\t\t\t\t\t\t\t\t\t\t\" \n\t\t\t>\n\t\t\t\t\t\t<div class=\"ngg-gallery-thumbnail\">\n\t\t\t<a href=\"http:\/\/minval.org\/svm\/wp-content\/gallery\/adrian\/barita-4.jpg\"\n\t\t\t\ttitle=\"Baritina. 7x5 cms. Mina Victoria, Estrecho de San Gin\u00e9s. La Uni\u00f3n. Murcia. Espa\u00f1a\"\n\t\t\t\tdata-src=\"http:\/\/minval.org\/svm\/wp-content\/gallery\/adrian\/barita-4.jpg\"\n\t\t\t\tdata-thumbnail=\"http:\/\/minval.org\/svm\/wp-content\/gallery\/adrian\/thumbs\/thumbs_barita-4.jpg\"\n\t\t\t\tdata-image-id=\"688\"\n\t\t\t\tdata-title=\"baritina\"\n\t\t\t\tdata-description=\"Baritina. 7x5 cms. Mina Victoria, Estrecho de San Gin\u00e9s. La Uni\u00f3n. Murcia. Espa\u00f1a\"\n\t\t\t\tdata-image-slug=\"\"\n\t\t\t\tclass=\"ngg-simplelightbox\" rel=\"1ea933e340e4aa31ca0701776cb5f886\">\n\t\t\t\t<img\n\t\t\t\t\ttitle=\"baritina\"\n\t\t\t\t\talt=\"baritina\"\n\t\t\t\t\tsrc=\"http:\/\/minval.org\/svm\/wp-content\/gallery\/adrian\/thumbs\/thumbs_barita-4.jpg\"\n\t\t\t\t\twidth=\"\"\n\t\t\t\t\theight=\"\"\n\t\t\t\t\tstyle=\"max-width:100%;\"\n\t\t\t\t\/>\n\t\t\t<\/a>\n\t\t<\/div>\n\t\t\t\t\t\t\t<\/div> \n\t\t\t\n\t\t\t\t<div id=\"ngg-image-17\" class=\"ngg-gallery-thumbnail-box \n\t\t\t\t\t\t\t\t\t\t\t\" \n\t\t\t>\n\t\t\t\t\t\t<div class=\"ngg-gallery-thumbnail\">\n\t\t\t<a href=\"http:\/\/minval.org\/svm\/wp-content\/gallery\/adrian\/bastnaesita.jpg\"\n\t\t\t\ttitle=\"Bastnaesita. Cristal de 1 cm. Luzenac, trimaunts, Arieje. Francia\"\n\t\t\t\tdata-src=\"http:\/\/minval.org\/svm\/wp-content\/gallery\/adrian\/bastnaesita.jpg\"\n\t\t\t\tdata-thumbnail=\"http:\/\/minval.org\/svm\/wp-content\/gallery\/adrian\/thumbs\/thumbs_bastnaesita.jpg\"\n\t\t\t\tdata-image-id=\"689\"\n\t\t\t\tdata-title=\"bastnaesita\"\n\t\t\t\tdata-description=\"Bastnaesita. Cristal de 1 cm. Luzenac, trimaunts, Arieje. Francia\"\n\t\t\t\tdata-image-slug=\"\"\n\t\t\t\tclass=\"ngg-simplelightbox\" rel=\"1ea933e340e4aa31ca0701776cb5f886\">\n\t\t\t\t<img\n\t\t\t\t\ttitle=\"bastnaesita\"\n\t\t\t\t\talt=\"bastnaesita\"\n\t\t\t\t\tsrc=\"http:\/\/minval.org\/svm\/wp-content\/gallery\/adrian\/thumbs\/thumbs_bastnaesita.jpg\"\n\t\t\t\t\twidth=\"\"\n\t\t\t\t\theight=\"\"\n\t\t\t\t\tstyle=\"max-width:100%;\"\n\t\t\t\t\/>\n\t\t\t<\/a>\n\t\t<\/div>\n\t\t\t\t\t\t\t<\/div> \n\t\t\t\n\t\t\t\t<div id=\"ngg-image-18\" class=\"ngg-gallery-thumbnail-box \n\t\t\t\t\t\t\t\t\t\t\t\" \n\t\t\t>\n\t\t\t\t\t\t<div class=\"ngg-gallery-thumbnail\">\n\t\t\t<a href=\"http:\/\/minval.org\/svm\/wp-content\/gallery\/adrian\/bavenita.jpg\"\n\t\t\t\ttitle=\"Bavenita. 8x5 cms. Cantera El Venero. Cadalso de Los Vidrios. Madrid. Espa\u00f1a\"\n\t\t\t\tdata-src=\"http:\/\/minval.org\/svm\/wp-content\/gallery\/adrian\/bavenita.jpg\"\n\t\t\t\tdata-thumbnail=\"http:\/\/minval.org\/svm\/wp-content\/gallery\/adrian\/thumbs\/thumbs_bavenita.jpg\"\n\t\t\t\tdata-image-id=\"690\"\n\t\t\t\tdata-title=\"bavenita\"\n\t\t\t\tdata-description=\"Bavenita. 8x5 cms. Cantera El Venero. Cadalso de Los Vidrios. Madrid. Espa\u00f1a\"\n\t\t\t\tdata-image-slug=\"\"\n\t\t\t\tclass=\"ngg-simplelightbox\" rel=\"1ea933e340e4aa31ca0701776cb5f886\">\n\t\t\t\t<img\n\t\t\t\t\ttitle=\"bavenita\"\n\t\t\t\t\talt=\"bavenita\"\n\t\t\t\t\tsrc=\"http:\/\/minval.org\/svm\/wp-content\/gallery\/adrian\/thumbs\/thumbs_bavenita.jpg\"\n\t\t\t\t\twidth=\"\"\n\t\t\t\t\theight=\"\"\n\t\t\t\t\tstyle=\"max-width:100%;\"\n\t\t\t\t\/>\n\t\t\t<\/a>\n\t\t<\/div>\n\t\t\t\t\t\t\t<\/div> \n\t\t\t\n\t\t\t\t<div id=\"ngg-image-19\" class=\"ngg-gallery-thumbnail-box \n\t\t\t\t\t\t\t\t\t\t\t\" \n\t\t\t>\n\t\t\t\t\t\t<div class=\"ngg-gallery-thumbnail\">\n\t\t\t<a href=\"http:\/\/minval.org\/svm\/wp-content\/gallery\/adrian\/beraunita.jpg\"\n\t\t\t\ttitle=\"Beraunita. 7x4 cms. El Horcajo, Almodovar del Campo. Ciudad Real. Espa\u00f1a\"\n\t\t\t\tdata-src=\"http:\/\/minval.org\/svm\/wp-content\/gallery\/adrian\/beraunita.jpg\"\n\t\t\t\tdata-thumbnail=\"http:\/\/minval.org\/svm\/wp-content\/gallery\/adrian\/thumbs\/thumbs_beraunita.jpg\"\n\t\t\t\tdata-image-id=\"691\"\n\t\t\t\tdata-title=\"beraunita\"\n\t\t\t\tdata-description=\"Beraunita. 7x4 cms. El Horcajo, Almodovar del Campo. Ciudad Real. Espa\u00f1a\"\n\t\t\t\tdata-image-slug=\"\"\n\t\t\t\tclass=\"ngg-simplelightbox\" rel=\"1ea933e340e4aa31ca0701776cb5f886\">\n\t\t\t\t<img\n\t\t\t\t\ttitle=\"beraunita\"\n\t\t\t\t\talt=\"beraunita\"\n\t\t\t\t\tsrc=\"http:\/\/minval.org\/svm\/wp-content\/gallery\/adrian\/thumbs\/thumbs_beraunita.jpg\"\n\t\t\t\t\twidth=\"\"\n\t\t\t\t\theight=\"\"\n\t\t\t\t\tstyle=\"max-width:100%;\"\n\t\t\t\t\/>\n\t\t\t<\/a>\n\t\t<\/div>\n\t\t\t\t\t\t\t<\/div> \n\t\t\t\n\t\t\t\t<div id=\"ngg-image-20\" class=\"ngg-gallery-thumbnail-box \n\t\t\t\t\t\t\t\t\t\t\t\" \n\t\t\t>\n\t\t\t\t\t\t<div class=\"ngg-gallery-thumbnail\">\n\t\t\t<a href=\"http:\/\/minval.org\/svm\/wp-content\/gallery\/adrian\/bismuto-nativo.jpg\"\n\t\t\t\ttitle=\"Bismuto nativo. 3x3 cms. Opa Lose, Shaft 371. Schlema-hartenstein Dist. Erzgebirge. Saxonia. Alemania\"\n\t\t\t\tdata-src=\"http:\/\/minval.org\/svm\/wp-content\/gallery\/adrian\/bismuto-nativo.jpg\"\n\t\t\t\tdata-thumbnail=\"http:\/\/minval.org\/svm\/wp-content\/gallery\/adrian\/thumbs\/thumbs_bismuto-nativo.jpg\"\n\t\t\t\tdata-image-id=\"692\"\n\t\t\t\tdata-title=\"bismuto nativo\"\n\t\t\t\tdata-description=\"Bismuto nativo. 3x3 cms. Opa Lose, Shaft 371. Schlema-hartenstein Dist. Erzgebirge. Saxonia. Alemania\"\n\t\t\t\tdata-image-slug=\"\"\n\t\t\t\tclass=\"ngg-simplelightbox\" rel=\"1ea933e340e4aa31ca0701776cb5f886\">\n\t\t\t\t<img\n\t\t\t\t\ttitle=\"bismuto nativo\"\n\t\t\t\t\talt=\"bismuto nativo\"\n\t\t\t\t\tsrc=\"http:\/\/minval.org\/svm\/wp-content\/gallery\/adrian\/thumbs\/thumbs_bismuto-nativo.jpg\"\n\t\t\t\t\twidth=\"\"\n\t\t\t\t\theight=\"\"\n\t\t\t\t\tstyle=\"max-width:100%;\"\n\t\t\t\t\/>\n\t\t\t<\/a>\n\t\t<\/div>\n\t\t\t\t\t\t\t<\/div> \n\t\t\t\n\t\t\t\t<div id=\"ngg-image-21\" class=\"ngg-gallery-thumbnail-box \n\t\t\t\t\t\t\t\t\t\t\t\" \n\t\t\t>\n\t\t\t\t\t\t<div class=\"ngg-gallery-thumbnail\">\n\t\t\t<a href=\"http:\/\/minval.org\/svm\/wp-content\/gallery\/adrian\/bixbyita.jpg\"\n\t\t\t\ttitle=\"Bixbyita. Cristal de 8 mms. Juab Co. Utha. USA\"\n\t\t\t\tdata-src=\"http:\/\/minval.org\/svm\/wp-content\/gallery\/adrian\/bixbyita.jpg\"\n\t\t\t\tdata-thumbnail=\"http:\/\/minval.org\/svm\/wp-content\/gallery\/adrian\/thumbs\/thumbs_bixbyita.jpg\"\n\t\t\t\tdata-image-id=\"693\"\n\t\t\t\tdata-title=\"bixbyita\"\n\t\t\t\tdata-description=\"Bixbyita. Cristal de 8 mms. Juab Co. Utha. USA\"\n\t\t\t\tdata-image-slug=\"\"\n\t\t\t\tclass=\"ngg-simplelightbox\" rel=\"1ea933e340e4aa31ca0701776cb5f886\">\n\t\t\t\t<img\n\t\t\t\t\ttitle=\"bixbyita\"\n\t\t\t\t\talt=\"bixbyita\"\n\t\t\t\t\tsrc=\"http:\/\/minval.org\/svm\/wp-content\/gallery\/adrian\/thumbs\/thumbs_bixbyita.jpg\"\n\t\t\t\t\twidth=\"\"\n\t\t\t\t\theight=\"\"\n\t\t\t\t\tstyle=\"max-width:100%;\"\n\t\t\t\t\/>\n\t\t\t<\/a>\n\t\t<\/div>\n\t\t\t\t\t\t\t<\/div> \n\t\t\t\n\t\t\t\t<div id=\"ngg-image-22\" class=\"ngg-gallery-thumbnail-box \n\t\t\t\t\t\t\t\t\t\t\t\" \n\t\t\t>\n\t\t\t\t\t\t<div class=\"ngg-gallery-thumbnail\">\n\t\t\t<a href=\"http:\/\/minval.org\/svm\/wp-content\/gallery\/adrian\/boulangerita.jpg\"\n\t\t\t\ttitle=\"Boulangerita. 5x5 cms. Trampillo. Per\u00fa\"\n\t\t\t\tdata-src=\"http:\/\/minval.org\/svm\/wp-content\/gallery\/adrian\/boulangerita.jpg\"\n\t\t\t\tdata-thumbnail=\"http:\/\/minval.org\/svm\/wp-content\/gallery\/adrian\/thumbs\/thumbs_boulangerita.jpg\"\n\t\t\t\tdata-image-id=\"695\"\n\t\t\t\tdata-title=\"boulangerita\"\n\t\t\t\tdata-description=\"Boulangerita. 5x5 cms. Trampillo. Per\u00fa\"\n\t\t\t\tdata-image-slug=\"\"\n\t\t\t\tclass=\"ngg-simplelightbox\" rel=\"1ea933e340e4aa31ca0701776cb5f886\">\n\t\t\t\t<img\n\t\t\t\t\ttitle=\"boulangerita\"\n\t\t\t\t\talt=\"boulangerita\"\n\t\t\t\t\tsrc=\"http:\/\/minval.org\/svm\/wp-content\/gallery\/adrian\/thumbs\/thumbs_boulangerita.jpg\"\n\t\t\t\t\twidth=\"\"\n\t\t\t\t\theight=\"\"\n\t\t\t\t\tstyle=\"max-width:100%;\"\n\t\t\t\t\/>\n\t\t\t<\/a>\n\t\t<\/div>\n\t\t\t\t\t\t\t<\/div> \n\t\t\t\n\t\t\t\t<div id=\"ngg-image-23\" class=\"ngg-gallery-thumbnail-box \n\t\t\t\t\t\t\t\t\t\t\t\" \n\t\t\t>\n\t\t\t\t\t\t<div class=\"ngg-gallery-thumbnail\">\n\t\t\t<a href=\"http:\/\/minval.org\/svm\/wp-content\/gallery\/adrian\/brochantita.jpg\"\n\t\t\t\ttitle=\"Brochantita. 10x6x4cm. La Estrella. Bco.Jaroso. Los Lobos. Almer\u00eda\"\n\t\t\t\tdata-src=\"http:\/\/minval.org\/svm\/wp-content\/gallery\/adrian\/brochantita.jpg\"\n\t\t\t\tdata-thumbnail=\"http:\/\/minval.org\/svm\/wp-content\/gallery\/adrian\/thumbs\/thumbs_brochantita.jpg\"\n\t\t\t\tdata-image-id=\"696\"\n\t\t\t\tdata-title=\"brochantita\"\n\t\t\t\tdata-description=\"Brochantita. 10x6x4cm. La Estrella. Bco.Jaroso. Los Lobos. Almer\u00eda\"\n\t\t\t\tdata-image-slug=\"\"\n\t\t\t\tclass=\"ngg-simplelightbox\" rel=\"1ea933e340e4aa31ca0701776cb5f886\">\n\t\t\t\t<img\n\t\t\t\t\ttitle=\"brochantita\"\n\t\t\t\t\talt=\"brochantita\"\n\t\t\t\t\tsrc=\"http:\/\/minval.org\/svm\/wp-content\/gallery\/adrian\/thumbs\/thumbs_brochantita.jpg\"\n\t\t\t\t\twidth=\"\"\n\t\t\t\t\theight=\"\"\n\t\t\t\t\tstyle=\"max-width:100%;\"\n\t\t\t\t\/>\n\t\t\t<\/a>\n\t\t<\/div>\n\t\t\t\t\t\t\t<\/div> \n\t\t\t\n\t\n\t<br style=\"clear: both\" \/>\n\n\t\n\t\t<!-- Pagination -->\n\t\t<div class='ngg-navigation'><span class='current'>1<\/span>\n<a class='page-numbers' data-pageid='2' href='http:\/\/minval.org\/svm\/index.php\/nggallery\/page\/2?p=2695'>2<\/a>\n<span class='ellipsis'>...<\/span>\n<a class='page-numbers' data-pageid='7' href='http:\/\/minval.org\/svm\/index.php\/nggallery\/page\/7?p=2695'>7<\/a>\n<a class='prev' href='http:\/\/minval.org\/svm\/index.php\/nggallery\/page\/2?p=2695' data-pageid=2>&#9658;<\/a><\/div>\t<\/div>\n \u00a0 \u00a0 \u00a0 \u00a0 \u00a0 \u00a0 \u00a0 \u00a0 \u00a0 \u00a0 \u00a0 \u00a0 \u00a0 \u00a0 \u00a0 \u00a0 \u00a0 \u00a0 \u00a0 \u00a0 \u00a0 \u00a0 \u00a0 \u00a0 \u00a0 \u00a0 \u00a0<a href=\"http:\/\/minval.org\/svm\/?page_id=190\">Volver a Colecciones<\/a><!--:--><\/p>\n","protected":false},"excerpt":{"rendered":"<p>Mi nombre es Adri\u00e1n Pesudo i Martinavarro. Soy coleccionista desde hace m\u00e1s de veinte a\u00f1os. Particularmente me gusta ante todo\u00a0buscar los minerales aunque tambi\u00e9n suelo comprar. Os expongo una peque\u00f1a parte de mi colecci\u00f3n en la que podreis ver de&#8230;<\/p>\n","protected":false},"author":2,"featured_media":0,"comment_status":"closed","ping_status":"open","sticky":false,"template":"","format":"standard","meta":{"ngg_post_thumbnail":0,"footnotes":""},"categories":[5],"tags":[],"_links":{"self":[{"href":"http:\/\/minval.org\/svm\/index.php?rest_route=\/wp\/v2\/posts\/2695"}],"collection":[{"href":"http:\/\/minval.org\/svm\/index.php?rest_route=\/wp\/v2\/posts"}],"about":[{"href":"http:\/\/minval.org\/svm\/index.php?rest_route=\/wp\/v2\/types\/post"}],"author":[{"embeddable":true,"href":"http:\/\/minval.org\/svm\/index.php?rest_route=\/wp\/v2\/users\/2"}],"replies":[{"embeddable":true,"href":"http:\/\/minval.org\/svm\/index.php?rest_route=%2Fwp%2Fv2%2Fcomments&post=2695"}],"version-history":[{"count":0,"href":"http:\/\/minval.org\/svm\/index.php?rest_route=\/wp\/v2\/posts\/2695\/revisions"}],"wp:attachment":[{"href":"http:\/\/minval.org\/svm\/index.php?rest_route=%2Fwp%2Fv2%2Fmedia&parent=2695"}],"wp:term":[{"taxonomy":"category","embeddable":true,"href":"http:\/\/minval.org\/svm\/index.php?rest_route=%2Fwp%2Fv2%2Fcategories&post=2695"},{"taxonomy":"post_tag","embeddable":true,"href":"http:\/\/minval.org\/svm\/index.php?rest_route=%2Fwp%2Fv2%2Ftags&post=2695"}],"curies":[{"name":"wp","href":"https:\/\/api.w.org\/{rel}","templated":true}]}}