{"id":2724,"date":"2009-12-06T13:36:19","date_gmt":"2009-12-06T11:36:19","guid":{"rendered":"http:\/\/minval.org\/svm\/?p=2724"},"modified":"2009-12-06T13:36:19","modified_gmt":"2009-12-06T11:36:19","slug":"ramon-lopez-garcia","status":"publish","type":"post","link":"http:\/\/minval.org\/svm\/?p=2724","title":{"rendered":"Ram\u00f3n L\u00f3pez Garc\u00eda"},"content":{"rendered":"<p><!--:es--><\/p>\n<h3 style=\"text-align: justify;\"><img loading=\"lazy\" decoding=\"async\" class=\"alignleft size-full wp-image-2723\" title=\"Ramon\" src=\"http:\/\/minval.org\/svm\/wp-content\/uploads\/2009\/12\/Ramon.jpg\" alt=\"Ramon\" width=\"199\" height=\"226\" \/> La mineralog\u00eda es mi afici\u00f3n preferida, por lo que tiene de interesante y por las amistades que te proporciona. Nada hay m\u00e1s bonito que ir al campo con los amigos y buscar minerales. Si encima los encuentras es maravilloso. Vivo en Borriol (Castell\u00f3n) y tengo una\u00a0buena colecci\u00f3n que poco a poco ir\u00e9 colgando en la p\u00e1gina. Si \u00a0quer\u00e9is escribirme mi correo es <a href=\"mailto:ramon@crmas.es\" target=\"_blank\" rel=\"noopener noreferrer\">ramon@crmas.es<\/a><\/h3>\n<hr \/>\n<!-- default-view.php -->\n<div\n\tclass=\"ngg-galleryoverview default-view \n\t\t\"\n\tid=\"ngg-gallery-8ee0419835cd2e34a6cb3a4cce3df8b3-1\">\n\n\t\t<!-- Thumbnails -->\n\t\t\t\t<div id=\"ngg-image-0\" class=\"ngg-gallery-thumbnail-box \n\t\t\t\t\t\t\t\t\t\t\t\" \n\t\t\t>\n\t\t\t\t\t\t<div class=\"ngg-gallery-thumbnail\">\n\t\t\t<a href=\"http:\/\/minval.org\/svm\/wp-content\/gallery\/ramon\/alabandita-redu.jpg\"\n\t\t\t\ttitle=\"Alabandita . Peru cristal 15x15mm\"\n\t\t\t\tdata-src=\"http:\/\/minval.org\/svm\/wp-content\/gallery\/ramon\/alabandita-redu.jpg\"\n\t\t\t\tdata-thumbnail=\"http:\/\/minval.org\/svm\/wp-content\/gallery\/ramon\/thumbs\/thumbs_alabandita-redu.jpg\"\n\t\t\t\tdata-image-id=\"2352\"\n\t\t\t\tdata-title=\"Alabandita\"\n\t\t\t\tdata-description=\"Alabandita . Peru cristal 15x15mm\"\n\t\t\t\tdata-image-slug=\"\"\n\t\t\t\tclass=\"ngg-simplelightbox\" rel=\"8ee0419835cd2e34a6cb3a4cce3df8b3\">\n\t\t\t\t<img\n\t\t\t\t\ttitle=\"Alabandita\"\n\t\t\t\t\talt=\"Alabandita\"\n\t\t\t\t\tsrc=\"http:\/\/minval.org\/svm\/wp-content\/gallery\/ramon\/thumbs\/thumbs_alabandita-redu.jpg\"\n\t\t\t\t\twidth=\"95\"\n\t\t\t\t\theight=\"75\"\n\t\t\t\t\tstyle=\"max-width:100%;\"\n\t\t\t\t\/>\n\t\t\t<\/a>\n\t\t<\/div>\n\t\t\t\t\t\t\t<\/div> \n\t\t\t\n\t\t\t\t<div id=\"ngg-image-1\" class=\"ngg-gallery-thumbnail-box \n\t\t\t\t\t\t\t\t\t\t\t\" \n\t\t\t>\n\t\t\t\t\t\t<div class=\"ngg-gallery-thumbnail\">\n\t\t\t<a href=\"http:\/\/minval.org\/svm\/wp-content\/gallery\/ramon\/ramon-3_0.jpg\"\n\t\t\t\ttitle=\"Amatista. Madagascar\"\n\t\t\t\tdata-src=\"http:\/\/minval.org\/svm\/wp-content\/gallery\/ramon\/ramon-3_0.jpg\"\n\t\t\t\tdata-thumbnail=\"http:\/\/minval.org\/svm\/wp-content\/gallery\/ramon\/thumbs\/thumbs_ramon-3_0.jpg\"\n\t\t\t\tdata-image-id=\"1625\"\n\t\t\t\tdata-title=\"Amatista\"\n\t\t\t\tdata-description=\"Amatista. Madagascar\"\n\t\t\t\tdata-image-slug=\"\"\n\t\t\t\tclass=\"ngg-simplelightbox\" rel=\"8ee0419835cd2e34a6cb3a4cce3df8b3\">\n\t\t\t\t<img\n\t\t\t\t\ttitle=\"Amatista\"\n\t\t\t\t\talt=\"Amatista\"\n\t\t\t\t\tsrc=\"http:\/\/minval.org\/svm\/wp-content\/gallery\/ramon\/thumbs\/thumbs_ramon-3_0.jpg\"\n\t\t\t\t\twidth=\"100\"\n\t\t\t\t\theight=\"75\"\n\t\t\t\t\tstyle=\"max-width:100%;\"\n\t\t\t\t\/>\n\t\t\t<\/a>\n\t\t<\/div>\n\t\t\t\t\t\t\t<\/div> \n\t\t\t\n\t\t\t\t<div id=\"ngg-image-2\" class=\"ngg-gallery-thumbnail-box \n\t\t\t\t\t\t\t\t\t\t\t\" \n\t\t\t>\n\t\t\t\t\t\t<div class=\"ngg-gallery-thumbnail\">\n\t\t\t<a href=\"http:\/\/minval.org\/svm\/wp-content\/gallery\/ramon\/anatasa.jpg\"\n\t\t\t\ttitle=\"Anatasa. Kharan mine, Balochistan (Baluchistan). Pakist\u00e1n\"\n\t\t\t\tdata-src=\"http:\/\/minval.org\/svm\/wp-content\/gallery\/ramon\/anatasa.jpg\"\n\t\t\t\tdata-thumbnail=\"http:\/\/minval.org\/svm\/wp-content\/gallery\/ramon\/thumbs\/thumbs_anatasa.jpg\"\n\t\t\t\tdata-image-id=\"1125\"\n\t\t\t\tdata-title=\"Anatasa\"\n\t\t\t\tdata-description=\"Anatasa. Kharan mine, Balochistan (Baluchistan). Pakist\u00e1n\"\n\t\t\t\tdata-image-slug=\"\"\n\t\t\t\tclass=\"ngg-simplelightbox\" rel=\"8ee0419835cd2e34a6cb3a4cce3df8b3\">\n\t\t\t\t<img\n\t\t\t\t\ttitle=\"Anatasa\"\n\t\t\t\t\talt=\"Anatasa\"\n\t\t\t\t\tsrc=\"http:\/\/minval.org\/svm\/wp-content\/gallery\/ramon\/thumbs\/thumbs_anatasa.jpg\"\n\t\t\t\t\twidth=\"100\"\n\t\t\t\t\theight=\"70\"\n\t\t\t\t\tstyle=\"max-width:100%;\"\n\t\t\t\t\/>\n\t\t\t<\/a>\n\t\t<\/div>\n\t\t\t\t\t\t\t<\/div> \n\t\t\t\n\t\t\t\t<div id=\"ngg-image-3\" class=\"ngg-gallery-thumbnail-box \n\t\t\t\t\t\t\t\t\t\t\t\" \n\t\t\t>\n\t\t\t\t\t\t<div class=\"ngg-gallery-thumbnail\">\n\t\t\t<a href=\"http:\/\/minval.org\/svm\/wp-content\/gallery\/ramon\/apatito-parelhas.jpg\"\n\t\t\t\ttitle=\"Apatito. Parelhas. R\u00edo Grande do Norte. Brasil\"\n\t\t\t\tdata-src=\"http:\/\/minval.org\/svm\/wp-content\/gallery\/ramon\/apatito-parelhas.jpg\"\n\t\t\t\tdata-thumbnail=\"http:\/\/minval.org\/svm\/wp-content\/gallery\/ramon\/thumbs\/thumbs_apatito-parelhas.jpg\"\n\t\t\t\tdata-image-id=\"1317\"\n\t\t\t\tdata-title=\"Apatito\"\n\t\t\t\tdata-description=\"Apatito. Parelhas. R\u00edo Grande do Norte. Brasil\"\n\t\t\t\tdata-image-slug=\"\"\n\t\t\t\tclass=\"ngg-simplelightbox\" rel=\"8ee0419835cd2e34a6cb3a4cce3df8b3\">\n\t\t\t\t<img\n\t\t\t\t\ttitle=\"Apatito\"\n\t\t\t\t\talt=\"Apatito\"\n\t\t\t\t\tsrc=\"http:\/\/minval.org\/svm\/wp-content\/gallery\/ramon\/thumbs\/thumbs_apatito-parelhas.jpg\"\n\t\t\t\t\twidth=\"100\"\n\t\t\t\t\theight=\"75\"\n\t\t\t\t\tstyle=\"max-width:100%;\"\n\t\t\t\t\/>\n\t\t\t<\/a>\n\t\t<\/div>\n\t\t\t\t\t\t\t<\/div> \n\t\t\t\n\t\t\t\t<div id=\"ngg-image-4\" class=\"ngg-gallery-thumbnail-box \n\t\t\t\t\t\t\t\t\t\t\t\" \n\t\t\t>\n\t\t\t\t\t\t<div class=\"ngg-gallery-thumbnail\">\n\t\t\t<a href=\"http:\/\/minval.org\/svm\/wp-content\/gallery\/ramon\/ramon-1.jpg\"\n\t\t\t\ttitle=\"Apatito. Hunza valley. Pakistan\"\n\t\t\t\tdata-src=\"http:\/\/minval.org\/svm\/wp-content\/gallery\/ramon\/ramon-1.jpg\"\n\t\t\t\tdata-thumbnail=\"http:\/\/minval.org\/svm\/wp-content\/gallery\/ramon\/thumbs\/thumbs_ramon-1.jpg\"\n\t\t\t\tdata-image-id=\"1617\"\n\t\t\t\tdata-title=\"Apatito\"\n\t\t\t\tdata-description=\"Apatito. Hunza valley. Pakistan\"\n\t\t\t\tdata-image-slug=\"\"\n\t\t\t\tclass=\"ngg-simplelightbox\" rel=\"8ee0419835cd2e34a6cb3a4cce3df8b3\">\n\t\t\t\t<img\n\t\t\t\t\ttitle=\"Apatito\"\n\t\t\t\t\talt=\"Apatito\"\n\t\t\t\t\tsrc=\"http:\/\/minval.org\/svm\/wp-content\/gallery\/ramon\/thumbs\/thumbs_ramon-1.jpg\"\n\t\t\t\t\twidth=\"93\"\n\t\t\t\t\theight=\"75\"\n\t\t\t\t\tstyle=\"max-width:100%;\"\n\t\t\t\t\/>\n\t\t\t<\/a>\n\t\t<\/div>\n\t\t\t\t\t\t\t<\/div> \n\t\t\t\n\t\t\t\t<div id=\"ngg-image-5\" class=\"ngg-gallery-thumbnail-box \n\t\t\t\t\t\t\t\t\t\t\t\" \n\t\t\t>\n\t\t\t\t\t\t<div class=\"ngg-gallery-thumbnail\">\n\t\t\t<a href=\"http:\/\/minval.org\/svm\/wp-content\/gallery\/ramon\/aragonito-eugui-1.jpg\"\n\t\t\t\ttitle=\"Aragonito.Eugui.Navarra.\"\n\t\t\t\tdata-src=\"http:\/\/minval.org\/svm\/wp-content\/gallery\/ramon\/aragonito-eugui-1.jpg\"\n\t\t\t\tdata-thumbnail=\"http:\/\/minval.org\/svm\/wp-content\/gallery\/ramon\/thumbs\/thumbs_aragonito-eugui-1.jpg\"\n\t\t\t\tdata-image-id=\"2075\"\n\t\t\t\tdata-title=\"Aragonito\"\n\t\t\t\tdata-description=\"Aragonito.Eugui.Navarra.\"\n\t\t\t\tdata-image-slug=\"\"\n\t\t\t\tclass=\"ngg-simplelightbox\" rel=\"8ee0419835cd2e34a6cb3a4cce3df8b3\">\n\t\t\t\t<img\n\t\t\t\t\ttitle=\"Aragonito\"\n\t\t\t\t\talt=\"Aragonito\"\n\t\t\t\t\tsrc=\"http:\/\/minval.org\/svm\/wp-content\/gallery\/ramon\/thumbs\/thumbs_aragonito-eugui-1.jpg\"\n\t\t\t\t\twidth=\"100\"\n\t\t\t\t\theight=\"60\"\n\t\t\t\t\tstyle=\"max-width:100%;\"\n\t\t\t\t\/>\n\t\t\t<\/a>\n\t\t<\/div>\n\t\t\t\t\t\t\t<\/div> \n\t\t\t\n\t\t\t\t<div id=\"ngg-image-6\" class=\"ngg-gallery-thumbnail-box \n\t\t\t\t\t\t\t\t\t\t\t\" \n\t\t\t>\n\t\t\t\t\t\t<div class=\"ngg-gallery-thumbnail\">\n\t\t\t<a href=\"http:\/\/minval.org\/svm\/wp-content\/gallery\/ramon\/aragonito.jpg\"\n\t\t\t\ttitle=\"Aragonito. 92x62 mm. Los Molinillos paraje la Vacariza, Minglanilla. Cuenca \"\n\t\t\t\tdata-src=\"http:\/\/minval.org\/svm\/wp-content\/gallery\/ramon\/aragonito.jpg\"\n\t\t\t\tdata-thumbnail=\"http:\/\/minval.org\/svm\/wp-content\/gallery\/ramon\/thumbs\/thumbs_aragonito.jpg\"\n\t\t\t\tdata-image-id=\"2137\"\n\t\t\t\tdata-title=\"Aragonito\"\n\t\t\t\tdata-description=\"Aragonito. 92x62 mm. Los Molinillos paraje la Vacariza, Minglanilla. Cuenca \"\n\t\t\t\tdata-image-slug=\"\"\n\t\t\t\tclass=\"ngg-simplelightbox\" rel=\"8ee0419835cd2e34a6cb3a4cce3df8b3\">\n\t\t\t\t<img\n\t\t\t\t\ttitle=\"Aragonito\"\n\t\t\t\t\talt=\"Aragonito\"\n\t\t\t\t\tsrc=\"http:\/\/minval.org\/svm\/wp-content\/gallery\/ramon\/thumbs\/thumbs_aragonito.jpg\"\n\t\t\t\t\twidth=\"83\"\n\t\t\t\t\theight=\"75\"\n\t\t\t\t\tstyle=\"max-width:100%;\"\n\t\t\t\t\/>\n\t\t\t<\/a>\n\t\t<\/div>\n\t\t\t\t\t\t\t<\/div> \n\t\t\t\n\t\t\t\t<div id=\"ngg-image-7\" class=\"ngg-gallery-thumbnail-box \n\t\t\t\t\t\t\t\t\t\t\t\" \n\t\t\t>\n\t\t\t\t\t\t<div class=\"ngg-gallery-thumbnail\">\n\t\t\t<a href=\"http:\/\/minval.org\/svm\/wp-content\/gallery\/ramon\/aragonito_0.jpg\"\n\t\t\t\ttitle=\"Aragonito.Camporobles. Valencia. 30x36mm\"\n\t\t\t\tdata-src=\"http:\/\/minval.org\/svm\/wp-content\/gallery\/ramon\/aragonito_0.jpg\"\n\t\t\t\tdata-thumbnail=\"http:\/\/minval.org\/svm\/wp-content\/gallery\/ramon\/thumbs\/thumbs_aragonito_0.jpg\"\n\t\t\t\tdata-image-id=\"2261\"\n\t\t\t\tdata-title=\"Aragonito\"\n\t\t\t\tdata-description=\"Aragonito.Camporobles. Valencia. 30x36mm\"\n\t\t\t\tdata-image-slug=\"\"\n\t\t\t\tclass=\"ngg-simplelightbox\" rel=\"8ee0419835cd2e34a6cb3a4cce3df8b3\">\n\t\t\t\t<img\n\t\t\t\t\ttitle=\"Aragonito\"\n\t\t\t\t\talt=\"Aragonito\"\n\t\t\t\t\tsrc=\"http:\/\/minval.org\/svm\/wp-content\/gallery\/ramon\/thumbs\/thumbs_aragonito_0.jpg\"\n\t\t\t\t\twidth=\"69\"\n\t\t\t\t\theight=\"75\"\n\t\t\t\t\tstyle=\"max-width:100%;\"\n\t\t\t\t\/>\n\t\t\t<\/a>\n\t\t<\/div>\n\t\t\t\t\t\t\t<\/div> \n\t\t\t\n\t\t\t\t<div id=\"ngg-image-8\" class=\"ngg-gallery-thumbnail-box \n\t\t\t\t\t\t\t\t\t\t\t\" \n\t\t\t>\n\t\t\t\t\t\t<div class=\"ngg-gallery-thumbnail\">\n\t\t\t<a href=\"http:\/\/minval.org\/svm\/wp-content\/gallery\/ramon\/argent-mexic.jpg\"\n\t\t\t\ttitle=\"Argent , Batopilas .Mexic \"\n\t\t\t\tdata-src=\"http:\/\/minval.org\/svm\/wp-content\/gallery\/ramon\/argent-mexic.jpg\"\n\t\t\t\tdata-thumbnail=\"http:\/\/minval.org\/svm\/wp-content\/gallery\/ramon\/thumbs\/thumbs_argent-mexic.jpg\"\n\t\t\t\tdata-image-id=\"2404\"\n\t\t\t\tdata-title=\"argent-mexic\"\n\t\t\t\tdata-description=\"Argent , Batopilas .Mexic \"\n\t\t\t\tdata-image-slug=\"\"\n\t\t\t\tclass=\"ngg-simplelightbox\" rel=\"8ee0419835cd2e34a6cb3a4cce3df8b3\">\n\t\t\t\t<img\n\t\t\t\t\ttitle=\"argent-mexic\"\n\t\t\t\t\talt=\"argent-mexic\"\n\t\t\t\t\tsrc=\"http:\/\/minval.org\/svm\/wp-content\/gallery\/ramon\/thumbs\/thumbs_argent-mexic.jpg\"\n\t\t\t\t\twidth=\"100\"\n\t\t\t\t\theight=\"66\"\n\t\t\t\t\tstyle=\"max-width:100%;\"\n\t\t\t\t\/>\n\t\t\t<\/a>\n\t\t<\/div>\n\t\t\t\t\t\t\t<\/div> \n\t\t\t\n\t\t\t\t<div id=\"ngg-image-9\" class=\"ngg-gallery-thumbnail-box \n\t\t\t\t\t\t\t\t\t\t\t\" \n\t\t\t>\n\t\t\t\t\t\t<div class=\"ngg-gallery-thumbnail\">\n\t\t\t<a href=\"http:\/\/minval.org\/svm\/wp-content\/gallery\/ramon\/azurita-australia.jpg\"\n\t\t\t\ttitle=\"Azurita. Marbunka. Copper mine. Western Australia\"\n\t\t\t\tdata-src=\"http:\/\/minval.org\/svm\/wp-content\/gallery\/ramon\/azurita-australia.jpg\"\n\t\t\t\tdata-thumbnail=\"http:\/\/minval.org\/svm\/wp-content\/gallery\/ramon\/thumbs\/thumbs_azurita-australia.jpg\"\n\t\t\t\tdata-image-id=\"1385\"\n\t\t\t\tdata-title=\"Azurita\"\n\t\t\t\tdata-description=\"Azurita. Marbunka. Copper mine. Western Australia\"\n\t\t\t\tdata-image-slug=\"\"\n\t\t\t\tclass=\"ngg-simplelightbox\" rel=\"8ee0419835cd2e34a6cb3a4cce3df8b3\">\n\t\t\t\t<img\n\t\t\t\t\ttitle=\"Azurita\"\n\t\t\t\t\talt=\"Azurita\"\n\t\t\t\t\tsrc=\"http:\/\/minval.org\/svm\/wp-content\/gallery\/ramon\/thumbs\/thumbs_azurita-australia.jpg\"\n\t\t\t\t\twidth=\"100\"\n\t\t\t\t\theight=\"75\"\n\t\t\t\t\tstyle=\"max-width:100%;\"\n\t\t\t\t\/>\n\t\t\t<\/a>\n\t\t<\/div>\n\t\t\t\t\t\t\t<\/div> \n\t\t\t\n\t\t\t\t<div id=\"ngg-image-10\" class=\"ngg-gallery-thumbnail-box \n\t\t\t\t\t\t\t\t\t\t\t\" \n\t\t\t>\n\t\t\t\t\t\t<div class=\"ngg-gallery-thumbnail\">\n\t\t\t<a href=\"http:\/\/minval.org\/svm\/wp-content\/gallery\/ramon\/azurita-1.jpg\"\n\t\t\t\ttitle=\"Azurita.30x30mm.Touissit .Marruecos\"\n\t\t\t\tdata-src=\"http:\/\/minval.org\/svm\/wp-content\/gallery\/ramon\/azurita-1.jpg\"\n\t\t\t\tdata-thumbnail=\"http:\/\/minval.org\/svm\/wp-content\/gallery\/ramon\/thumbs\/thumbs_azurita-1.jpg\"\n\t\t\t\tdata-image-id=\"2138\"\n\t\t\t\tdata-title=\"Azurita\"\n\t\t\t\tdata-description=\"Azurita.30x30mm.Touissit .Marruecos\"\n\t\t\t\tdata-image-slug=\"\"\n\t\t\t\tclass=\"ngg-simplelightbox\" rel=\"8ee0419835cd2e34a6cb3a4cce3df8b3\">\n\t\t\t\t<img\n\t\t\t\t\ttitle=\"Azurita\"\n\t\t\t\t\talt=\"Azurita\"\n\t\t\t\t\tsrc=\"http:\/\/minval.org\/svm\/wp-content\/gallery\/ramon\/thumbs\/thumbs_azurita-1.jpg\"\n\t\t\t\t\twidth=\"70\"\n\t\t\t\t\theight=\"75\"\n\t\t\t\t\tstyle=\"max-width:100%;\"\n\t\t\t\t\/>\n\t\t\t<\/a>\n\t\t<\/div>\n\t\t\t\t\t\t\t<\/div> \n\t\t\t\n\t\t\t\t<div id=\"ngg-image-11\" class=\"ngg-gallery-thumbnail-box \n\t\t\t\t\t\t\t\t\t\t\t\" \n\t\t\t>\n\t\t\t\t\t\t<div class=\"ngg-gallery-thumbnail\">\n\t\t\t<a href=\"http:\/\/minval.org\/svm\/wp-content\/gallery\/ramon\/atzurita-redu.jpg\"\n\t\t\t\ttitle=\"Azurita.Tsumeb. Namibia . cristal 20m\"\n\t\t\t\tdata-src=\"http:\/\/minval.org\/svm\/wp-content\/gallery\/ramon\/atzurita-redu.jpg\"\n\t\t\t\tdata-thumbnail=\"http:\/\/minval.org\/svm\/wp-content\/gallery\/ramon\/thumbs\/thumbs_atzurita-redu.jpg\"\n\t\t\t\tdata-image-id=\"2355\"\n\t\t\t\tdata-title=\"Azurita\"\n\t\t\t\tdata-description=\"Azurita.Tsumeb. Namibia . cristal 20m\"\n\t\t\t\tdata-image-slug=\"\"\n\t\t\t\tclass=\"ngg-simplelightbox\" rel=\"8ee0419835cd2e34a6cb3a4cce3df8b3\">\n\t\t\t\t<img\n\t\t\t\t\ttitle=\"Azurita\"\n\t\t\t\t\talt=\"Azurita\"\n\t\t\t\t\tsrc=\"http:\/\/minval.org\/svm\/wp-content\/gallery\/ramon\/thumbs\/thumbs_atzurita-redu.jpg\"\n\t\t\t\t\twidth=\"100\"\n\t\t\t\t\theight=\"72\"\n\t\t\t\t\tstyle=\"max-width:100%;\"\n\t\t\t\t\/>\n\t\t\t<\/a>\n\t\t<\/div>\n\t\t\t\t\t\t\t<\/div> \n\t\t\t\n\t\t\t\t<div id=\"ngg-image-12\" class=\"ngg-gallery-thumbnail-box \n\t\t\t\t\t\t\t\t\t\t\t\" \n\t\t\t>\n\t\t\t\t\t\t<div class=\"ngg-gallery-thumbnail\">\n\t\t\t<a href=\"http:\/\/minval.org\/svm\/wp-content\/gallery\/ramon\/rosas-barita-la-union.jpg\"\n\t\t\t\ttitle=\"Rosas de barita. Estrecho de San Gin\u00e9s. Cartagena. Murcia. Encuadre 10 cm\"\n\t\t\t\tdata-src=\"http:\/\/minval.org\/svm\/wp-content\/gallery\/ramon\/rosas-barita-la-union.jpg\"\n\t\t\t\tdata-thumbnail=\"http:\/\/minval.org\/svm\/wp-content\/gallery\/ramon\/thumbs\/thumbs_rosas-barita-la-union.jpg\"\n\t\t\t\tdata-image-id=\"931\"\n\t\t\t\tdata-title=\"Barita\"\n\t\t\t\tdata-description=\"Rosas de barita. Estrecho de San Gin\u00e9s. Cartagena. Murcia. Encuadre 10 cm\"\n\t\t\t\tdata-image-slug=\"\"\n\t\t\t\tclass=\"ngg-simplelightbox\" rel=\"8ee0419835cd2e34a6cb3a4cce3df8b3\">\n\t\t\t\t<img\n\t\t\t\t\ttitle=\"Barita\"\n\t\t\t\t\talt=\"Barita\"\n\t\t\t\t\tsrc=\"http:\/\/minval.org\/svm\/wp-content\/gallery\/ramon\/thumbs\/thumbs_rosas-barita-la-union.jpg\"\n\t\t\t\t\twidth=\"100\"\n\t\t\t\t\theight=\"75\"\n\t\t\t\t\tstyle=\"max-width:100%;\"\n\t\t\t\t\/>\n\t\t\t<\/a>\n\t\t<\/div>\n\t\t\t\t\t\t\t<\/div> \n\t\t\t\n\t\t\t\t<div id=\"ngg-image-13\" class=\"ngg-gallery-thumbnail-box \n\t\t\t\t\t\t\t\t\t\t\t\" \n\t\t\t>\n\t\t\t\t\t\t<div class=\"ngg-gallery-thumbnail\">\n\t\t\t<a href=\"http:\/\/minval.org\/svm\/wp-content\/gallery\/ramon\/baritina-mina-san-timoteo.jpg\"\n\t\t\t\ttitle=\"Barita. Mina San Timoteo. La Uni\u00f3n (Murcia)\"\n\t\t\t\tdata-src=\"http:\/\/minval.org\/svm\/wp-content\/gallery\/ramon\/baritina-mina-san-timoteo.jpg\"\n\t\t\t\tdata-thumbnail=\"http:\/\/minval.org\/svm\/wp-content\/gallery\/ramon\/thumbs\/thumbs_baritina-mina-san-timoteo.jpg\"\n\t\t\t\tdata-image-id=\"1318\"\n\t\t\t\tdata-title=\"Barita\"\n\t\t\t\tdata-description=\"Barita. Mina San Timoteo. La Uni\u00f3n (Murcia)\"\n\t\t\t\tdata-image-slug=\"\"\n\t\t\t\tclass=\"ngg-simplelightbox\" rel=\"8ee0419835cd2e34a6cb3a4cce3df8b3\">\n\t\t\t\t<img\n\t\t\t\t\ttitle=\"Barita\"\n\t\t\t\t\talt=\"Barita\"\n\t\t\t\t\tsrc=\"http:\/\/minval.org\/svm\/wp-content\/gallery\/ramon\/thumbs\/thumbs_baritina-mina-san-timoteo.jpg\"\n\t\t\t\t\twidth=\"100\"\n\t\t\t\t\theight=\"75\"\n\t\t\t\t\tstyle=\"max-width:100%;\"\n\t\t\t\t\/>\n\t\t\t<\/a>\n\t\t<\/div>\n\t\t\t\t\t\t\t<\/div> \n\t\t\t\n\t\t\t\t<div id=\"ngg-image-14\" class=\"ngg-gallery-thumbnail-box \n\t\t\t\t\t\t\t\t\t\t\t\" \n\t\t\t>\n\t\t\t\t\t\t<div class=\"ngg-gallery-thumbnail\">\n\t\t\t<a href=\"http:\/\/minval.org\/svm\/wp-content\/gallery\/ramon\/baritina-peru.jpg\"\n\t\t\t\ttitle=\"Barita. Miraflores (Per\u00fa). Cristales hasta 50 mm\"\n\t\t\t\tdata-src=\"http:\/\/minval.org\/svm\/wp-content\/gallery\/ramon\/baritina-peru.jpg\"\n\t\t\t\tdata-thumbnail=\"http:\/\/minval.org\/svm\/wp-content\/gallery\/ramon\/thumbs\/thumbs_baritina-peru.jpg\"\n\t\t\t\tdata-image-id=\"1386\"\n\t\t\t\tdata-title=\"Barita\"\n\t\t\t\tdata-description=\"Barita. Miraflores (Per\u00fa). Cristales hasta 50 mm\"\n\t\t\t\tdata-image-slug=\"\"\n\t\t\t\tclass=\"ngg-simplelightbox\" rel=\"8ee0419835cd2e34a6cb3a4cce3df8b3\">\n\t\t\t\t<img\n\t\t\t\t\ttitle=\"Barita\"\n\t\t\t\t\talt=\"Barita\"\n\t\t\t\t\tsrc=\"http:\/\/minval.org\/svm\/wp-content\/gallery\/ramon\/thumbs\/thumbs_baritina-peru.jpg\"\n\t\t\t\t\twidth=\"100\"\n\t\t\t\t\theight=\"75\"\n\t\t\t\t\tstyle=\"max-width:100%;\"\n\t\t\t\t\/>\n\t\t\t<\/a>\n\t\t<\/div>\n\t\t\t\t\t\t\t<\/div> \n\t\t\t\n\t\t\t\t<div id=\"ngg-image-15\" class=\"ngg-gallery-thumbnail-box \n\t\t\t\t\t\t\t\t\t\t\t\" \n\t\t\t>\n\t\t\t\t\t\t<div class=\"ngg-gallery-thumbnail\">\n\t\t\t<a href=\"http:\/\/minval.org\/svm\/wp-content\/gallery\/ramon\/barita-la-union.jpg\"\n\t\t\t\ttitle=\"Barita ,La Uni\u00f3n.Murcia.Espa\u00f1a\"\n\t\t\t\tdata-src=\"http:\/\/minval.org\/svm\/wp-content\/gallery\/ramon\/barita-la-union.jpg\"\n\t\t\t\tdata-thumbnail=\"http:\/\/minval.org\/svm\/wp-content\/gallery\/ramon\/thumbs\/thumbs_barita-la-union.jpg\"\n\t\t\t\tdata-image-id=\"2098\"\n\t\t\t\tdata-title=\"Barita\"\n\t\t\t\tdata-description=\"Barita ,La Uni\u00f3n.Murcia.Espa\u00f1a\"\n\t\t\t\tdata-image-slug=\"\"\n\t\t\t\tclass=\"ngg-simplelightbox\" rel=\"8ee0419835cd2e34a6cb3a4cce3df8b3\">\n\t\t\t\t<img\n\t\t\t\t\ttitle=\"Barita\"\n\t\t\t\t\talt=\"Barita\"\n\t\t\t\t\tsrc=\"http:\/\/minval.org\/svm\/wp-content\/gallery\/ramon\/thumbs\/thumbs_barita-la-union.jpg\"\n\t\t\t\t\twidth=\"91\"\n\t\t\t\t\theight=\"75\"\n\t\t\t\t\tstyle=\"max-width:100%;\"\n\t\t\t\t\/>\n\t\t\t<\/a>\n\t\t<\/div>\n\t\t\t\t\t\t\t<\/div> \n\t\t\t\n\t\t\t\t<div id=\"ngg-image-16\" class=\"ngg-gallery-thumbnail-box \n\t\t\t\t\t\t\t\t\t\t\t\" \n\t\t\t>\n\t\t\t\t\t\t<div class=\"ngg-gallery-thumbnail\">\n\t\t\t<a href=\"http:\/\/minval.org\/svm\/wp-content\/gallery\/ramon\/barita-chovar.jpg\"\n\t\t\t\ttitle=\"Barita.Chovar.Castello.Espa\u00f1a\"\n\t\t\t\tdata-src=\"http:\/\/minval.org\/svm\/wp-content\/gallery\/ramon\/barita-chovar.jpg\"\n\t\t\t\tdata-thumbnail=\"http:\/\/minval.org\/svm\/wp-content\/gallery\/ramon\/thumbs\/thumbs_barita-chovar.jpg\"\n\t\t\t\tdata-image-id=\"2097\"\n\t\t\t\tdata-title=\"Barita\"\n\t\t\t\tdata-description=\"Barita.Chovar.Castello.Espa\u00f1a\"\n\t\t\t\tdata-image-slug=\"\"\n\t\t\t\tclass=\"ngg-simplelightbox\" rel=\"8ee0419835cd2e34a6cb3a4cce3df8b3\">\n\t\t\t\t<img\n\t\t\t\t\ttitle=\"Barita\"\n\t\t\t\t\talt=\"Barita\"\n\t\t\t\t\tsrc=\"http:\/\/minval.org\/svm\/wp-content\/gallery\/ramon\/thumbs\/thumbs_barita-chovar.jpg\"\n\t\t\t\t\twidth=\"91\"\n\t\t\t\t\theight=\"75\"\n\t\t\t\t\tstyle=\"max-width:100%;\"\n\t\t\t\t\/>\n\t\t\t<\/a>\n\t\t<\/div>\n\t\t\t\t\t\t\t<\/div> \n\t\t\t\n\t\t\t\t<div id=\"ngg-image-17\" class=\"ngg-gallery-thumbnail-box \n\t\t\t\t\t\t\t\t\t\t\t\" \n\t\t\t>\n\t\t\t\t\t\t<div class=\"ngg-gallery-thumbnail\">\n\t\t\t<a href=\"http:\/\/minval.org\/svm\/wp-content\/gallery\/ramon\/barita.jpg\"\n\t\t\t\ttitle=\"Barita.Solis.Asturias.60x60 mm\"\n\t\t\t\tdata-src=\"http:\/\/minval.org\/svm\/wp-content\/gallery\/ramon\/barita.jpg\"\n\t\t\t\tdata-thumbnail=\"http:\/\/minval.org\/svm\/wp-content\/gallery\/ramon\/thumbs\/thumbs_barita.jpg\"\n\t\t\t\tdata-image-id=\"2139\"\n\t\t\t\tdata-title=\"Barita.\"\n\t\t\t\tdata-description=\"Barita.Solis.Asturias.60x60 mm\"\n\t\t\t\tdata-image-slug=\"\"\n\t\t\t\tclass=\"ngg-simplelightbox\" rel=\"8ee0419835cd2e34a6cb3a4cce3df8b3\">\n\t\t\t\t<img\n\t\t\t\t\ttitle=\"Barita.\"\n\t\t\t\t\talt=\"Barita.\"\n\t\t\t\t\tsrc=\"http:\/\/minval.org\/svm\/wp-content\/gallery\/ramon\/thumbs\/thumbs_barita.jpg\"\n\t\t\t\t\twidth=\"88\"\n\t\t\t\t\theight=\"75\"\n\t\t\t\t\tstyle=\"max-width:100%;\"\n\t\t\t\t\/>\n\t\t\t<\/a>\n\t\t<\/div>\n\t\t\t\t\t\t\t<\/div> \n\t\t\t\n\t\t\t\t<div id=\"ngg-image-18\" class=\"ngg-gallery-thumbnail-box \n\t\t\t\t\t\t\t\t\t\t\t\" \n\t\t\t>\n\t\t\t\t\t\t<div class=\"ngg-gallery-thumbnail\">\n\t\t\t<a href=\"http:\/\/minval.org\/svm\/wp-content\/gallery\/ramon\/bastnasita-y-allanita.jpg\"\n\t\t\t\ttitle=\"Bastnasita-Ce, allanita-Ce y cuarzo. Trimouns Talc Mine, Luzenac, Ari\u00e8ge, Midi-Pyr\u00e9n\u00e9es, France. El cristal de bastnasita es de 4 mm\"\n\t\t\t\tdata-src=\"http:\/\/minval.org\/svm\/wp-content\/gallery\/ramon\/bastnasita-y-allanita.jpg\"\n\t\t\t\tdata-thumbnail=\"http:\/\/minval.org\/svm\/wp-content\/gallery\/ramon\/thumbs\/thumbs_bastnasita-y-allanita.jpg\"\n\t\t\t\tdata-image-id=\"923\"\n\t\t\t\tdata-title=\"Bastnasita-Ce allanita-Ce\"\n\t\t\t\tdata-description=\"Bastnasita-Ce, allanita-Ce y cuarzo. Trimouns Talc Mine, Luzenac, Ari\u00e8ge, Midi-Pyr\u00e9n\u00e9es, France. El cristal de bastnasita es de 4 mm\"\n\t\t\t\tdata-image-slug=\"\"\n\t\t\t\tclass=\"ngg-simplelightbox\" rel=\"8ee0419835cd2e34a6cb3a4cce3df8b3\">\n\t\t\t\t<img\n\t\t\t\t\ttitle=\"Bastnasita-Ce allanita-Ce\"\n\t\t\t\t\talt=\"Bastnasita-Ce allanita-Ce\"\n\t\t\t\t\tsrc=\"http:\/\/minval.org\/svm\/wp-content\/gallery\/ramon\/thumbs\/thumbs_bastnasita-y-allanita.jpg\"\n\t\t\t\t\twidth=\"100\"\n\t\t\t\t\theight=\"75\"\n\t\t\t\t\tstyle=\"max-width:100%;\"\n\t\t\t\t\/>\n\t\t\t<\/a>\n\t\t<\/div>\n\t\t\t\t\t\t\t<\/div> \n\t\t\t\n\t\t\t\t<div id=\"ngg-image-19\" class=\"ngg-gallery-thumbnail-box \n\t\t\t\t\t\t\t\t\t\t\t\" \n\t\t\t>\n\t\t\t\t\t\t<div class=\"ngg-gallery-thumbnail\">\n\t\t\t<a href=\"http:\/\/minval.org\/svm\/wp-content\/gallery\/ramon\/berilo_0.jpg\"\n\t\t\t\ttitle=\"Berilo.Heliodoro.Gelte Krustle mine.Himalaya Mts.\r\nTajikistan\"\n\t\t\t\tdata-src=\"http:\/\/minval.org\/svm\/wp-content\/gallery\/ramon\/berilo_0.jpg\"\n\t\t\t\tdata-thumbnail=\"http:\/\/minval.org\/svm\/wp-content\/gallery\/ramon\/thumbs\/thumbs_berilo_0.jpg\"\n\t\t\t\tdata-image-id=\"2080\"\n\t\t\t\tdata-title=\"Berilo\"\n\t\t\t\tdata-description=\"Berilo.Heliodoro.Gelte Krustle mine.Himalaya Mts.\r\nTajikistan\"\n\t\t\t\tdata-image-slug=\"\"\n\t\t\t\tclass=\"ngg-simplelightbox\" rel=\"8ee0419835cd2e34a6cb3a4cce3df8b3\">\n\t\t\t\t<img\n\t\t\t\t\ttitle=\"Berilo\"\n\t\t\t\t\talt=\"Berilo\"\n\t\t\t\t\tsrc=\"http:\/\/minval.org\/svm\/wp-content\/gallery\/ramon\/thumbs\/thumbs_berilo_0.jpg\"\n\t\t\t\t\twidth=\"52\"\n\t\t\t\t\theight=\"75\"\n\t\t\t\t\tstyle=\"max-width:100%;\"\n\t\t\t\t\/>\n\t\t\t<\/a>\n\t\t<\/div>\n\t\t\t\t\t\t\t<\/div> \n\t\t\t\n\t\t\t\t<div id=\"ngg-image-20\" class=\"ngg-gallery-thumbnail-box \n\t\t\t\t\t\t\t\t\t\t\t\" \n\t\t\t>\n\t\t\t\t\t\t<div class=\"ngg-gallery-thumbnail\">\n\t\t\t<a href=\"http:\/\/minval.org\/svm\/wp-content\/gallery\/ramon\/b.jpg\"\n\t\t\t\ttitle=\"Berilo rosa , con Lepidolita,Albita,yApatito azul   Parelhas  RGN  Brasil\r\nBerilo rosa ,con lepidolita ,albita y apatito azul .\r\nParelhas.RGN.Brasil ,  139x118 mm\"\n\t\t\t\tdata-src=\"http:\/\/minval.org\/svm\/wp-content\/gallery\/ramon\/b.jpg\"\n\t\t\t\tdata-thumbnail=\"http:\/\/minval.org\/svm\/wp-content\/gallery\/ramon\/thumbs\/thumbs_b.jpg\"\n\t\t\t\tdata-image-id=\"2136\"\n\t\t\t\tdata-title=\"Berilo rosa\"\n\t\t\t\tdata-description=\"Berilo rosa , con Lepidolita,Albita,yApatito azul   Parelhas  RGN  Brasil\r\nBerilo rosa ,con lepidolita ,albita y apatito azul .\r\nParelhas.RGN.Brasil ,  139x118 mm\"\n\t\t\t\tdata-image-slug=\"\"\n\t\t\t\tclass=\"ngg-simplelightbox\" rel=\"8ee0419835cd2e34a6cb3a4cce3df8b3\">\n\t\t\t\t<img\n\t\t\t\t\ttitle=\"Berilo rosa\"\n\t\t\t\t\talt=\"Berilo rosa\"\n\t\t\t\t\tsrc=\"http:\/\/minval.org\/svm\/wp-content\/gallery\/ramon\/thumbs\/thumbs_b.jpg\"\n\t\t\t\t\twidth=\"46\"\n\t\t\t\t\theight=\"75\"\n\t\t\t\t\tstyle=\"max-width:100%;\"\n\t\t\t\t\/>\n\t\t\t<\/a>\n\t\t<\/div>\n\t\t\t\t\t\t\t<\/div> \n\t\t\t\n\t\t\t\t<div id=\"ngg-image-21\" class=\"ngg-gallery-thumbnail-box \n\t\t\t\t\t\t\t\t\t\t\t\" \n\t\t\t>\n\t\t\t\t\t\t<div class=\"ngg-gallery-thumbnail\">\n\t\t\t<a href=\"http:\/\/minval.org\/svm\/wp-content\/gallery\/ramon\/aiguamarina.jpg\"\n\t\t\t\ttitle=\"Berilo.Aguamarina sobre feldespato. Te\u00f3filo Otoni. Minas Gerais (Brasil)\"\n\t\t\t\tdata-src=\"http:\/\/minval.org\/svm\/wp-content\/gallery\/ramon\/aiguamarina.jpg\"\n\t\t\t\tdata-thumbnail=\"http:\/\/minval.org\/svm\/wp-content\/gallery\/ramon\/thumbs\/thumbs_aiguamarina.jpg\"\n\t\t\t\tdata-image-id=\"1412\"\n\t\t\t\tdata-title=\"Berilo.Aguamarina\"\n\t\t\t\tdata-description=\"Berilo.Aguamarina sobre feldespato. Te\u00f3filo Otoni. Minas Gerais (Brasil)\"\n\t\t\t\tdata-image-slug=\"\"\n\t\t\t\tclass=\"ngg-simplelightbox\" rel=\"8ee0419835cd2e34a6cb3a4cce3df8b3\">\n\t\t\t\t<img\n\t\t\t\t\ttitle=\"Berilo.Aguamarina\"\n\t\t\t\t\talt=\"Berilo.Aguamarina\"\n\t\t\t\t\tsrc=\"http:\/\/minval.org\/svm\/wp-content\/gallery\/ramon\/thumbs\/thumbs_aiguamarina.jpg\"\n\t\t\t\t\twidth=\"80\"\n\t\t\t\t\theight=\"75\"\n\t\t\t\t\tstyle=\"max-width:100%;\"\n\t\t\t\t\/>\n\t\t\t<\/a>\n\t\t<\/div>\n\t\t\t\t\t\t\t<\/div> \n\t\t\t\n\t\t\t\t<div id=\"ngg-image-22\" class=\"ngg-gallery-thumbnail-box \n\t\t\t\t\t\t\t\t\t\t\t\" \n\t\t\t>\n\t\t\t\t\t\t<div class=\"ngg-gallery-thumbnail\">\n\t\t\t<a href=\"http:\/\/minval.org\/svm\/wp-content\/gallery\/ramon\/aguamarina3.jpg\"\n\t\t\t\ttitle=\"Berilo.Aguamarina,Erongo Mts. Namibia .7.5 cm\"\n\t\t\t\tdata-src=\"http:\/\/minval.org\/svm\/wp-content\/gallery\/ramon\/aguamarina3.jpg\"\n\t\t\t\tdata-thumbnail=\"http:\/\/minval.org\/svm\/wp-content\/gallery\/ramon\/thumbs\/thumbs_aguamarina3.jpg\"\n\t\t\t\tdata-image-id=\"2134\"\n\t\t\t\tdata-title=\"Berilo.aguamarina\"\n\t\t\t\tdata-description=\"Berilo.Aguamarina,Erongo Mts. Namibia .7.5 cm\"\n\t\t\t\tdata-image-slug=\"\"\n\t\t\t\tclass=\"ngg-simplelightbox\" rel=\"8ee0419835cd2e34a6cb3a4cce3df8b3\">\n\t\t\t\t<img\n\t\t\t\t\ttitle=\"Berilo.aguamarina\"\n\t\t\t\t\talt=\"Berilo.aguamarina\"\n\t\t\t\t\tsrc=\"http:\/\/minval.org\/svm\/wp-content\/gallery\/ramon\/thumbs\/thumbs_aguamarina3.jpg\"\n\t\t\t\t\twidth=\"60\"\n\t\t\t\t\theight=\"75\"\n\t\t\t\t\tstyle=\"max-width:100%;\"\n\t\t\t\t\/>\n\t\t\t<\/a>\n\t\t<\/div>\n\t\t\t\t\t\t\t<\/div> \n\t\t\t\n\t\t\t\t<div id=\"ngg-image-23\" class=\"ngg-gallery-thumbnail-box \n\t\t\t\t\t\t\t\t\t\t\t\" \n\t\t\t>\n\t\t\t\t\t\t<div class=\"ngg-gallery-thumbnail\">\n\t\t\t<a href=\"http:\/\/minval.org\/svm\/wp-content\/gallery\/ramon\/berilo.jpg\"\n\t\t\t\ttitle=\"Berilo.esmeralda . Muzo .Colombia\"\n\t\t\t\tdata-src=\"http:\/\/minval.org\/svm\/wp-content\/gallery\/ramon\/berilo.jpg\"\n\t\t\t\tdata-thumbnail=\"http:\/\/minval.org\/svm\/wp-content\/gallery\/ramon\/thumbs\/thumbs_berilo.jpg\"\n\t\t\t\tdata-image-id=\"2061\"\n\t\t\t\tdata-title=\"Berilo.esmeralda\"\n\t\t\t\tdata-description=\"Berilo.esmeralda . Muzo .Colombia\"\n\t\t\t\tdata-image-slug=\"\"\n\t\t\t\tclass=\"ngg-simplelightbox\" rel=\"8ee0419835cd2e34a6cb3a4cce3df8b3\">\n\t\t\t\t<img\n\t\t\t\t\ttitle=\"Berilo.esmeralda\"\n\t\t\t\t\talt=\"Berilo.esmeralda\"\n\t\t\t\t\tsrc=\"http:\/\/minval.org\/svm\/wp-content\/gallery\/ramon\/thumbs\/thumbs_berilo.jpg\"\n\t\t\t\t\twidth=\"70\"\n\t\t\t\t\theight=\"75\"\n\t\t\t\t\tstyle=\"max-width:100%;\"\n\t\t\t\t\/>\n\t\t\t<\/a>\n\t\t<\/div>\n\t\t\t\t\t\t\t<\/div> \n\t\t\t\n\t\n\t<br style=\"clear: both\" \/>\n\n\t\n\t\t<!-- Pagination -->\n\t\t<div class='ngg-navigation'><span class='current'>1<\/span>\n<a class='page-numbers' data-pageid='2' href='http:\/\/minval.org\/svm\/index.php\/nggallery\/page\/2?p=2724'>2<\/a>\n<span class='ellipsis'>...<\/span>\n<a class='page-numbers' data-pageid='8' href='http:\/\/minval.org\/svm\/index.php\/nggallery\/page\/8?p=2724'>8<\/a>\n<a class='prev' href='http:\/\/minval.org\/svm\/index.php\/nggallery\/page\/2?p=2724' data-pageid=2>&#9658;<\/a><\/div>\t<\/div>\n\n<p><a href=\"http:\/\/minval.org\/svm\/?page_id=190\">Volver a Colecciones<\/a><!--:--><!--:ca--><\/p>\n<p><img loading=\"lazy\" decoding=\"async\" style=\"float: left; border: 0px initial initial;\" title=\"Ramon\" src=\"http:\/\/minval.org\/svm\/wp-content\/uploads\/2009\/12\/Ramon.jpg\" alt=\"Ramon\" width=\"199\" height=\"226\" \/><\/p>\n<h3 style=\"font-size: 1.17em;\">La mineralogia ha estat una de les meues aficions preferides, per el que t\u00e9 d&#8217;interessant i per les amistats que et proporciona. Res hi ha m\u00e9s bonic que anar al camp amb els \u00a0amics i buscar minerals. Si damunt els trobes \u00e9s meravell\u00f3s. Visc a Borriol (Castell\u00f3) i tinc una magn\u00edfica col\u00b7lecci\u00f3 que a poc a poc anir\u00e9 penjant en la p\u00e0gina. Si \u00a0voleu escriure&#8217;m el meu correu \u00e9s ramon@crmas.es<\/h3>\n<hr \/>\n<!-- default-view.php -->\n<div\n\tclass=\"ngg-galleryoverview default-view \n\t\t\"\n\tid=\"ngg-gallery-8ee0419835cd2e34a6cb3a4cce3df8b3-1\">\n\n\t\t<!-- Thumbnails -->\n\t\t\t\t<div id=\"ngg-image-0\" class=\"ngg-gallery-thumbnail-box \n\t\t\t\t\t\t\t\t\t\t\t\" \n\t\t\t>\n\t\t\t\t\t\t<div class=\"ngg-gallery-thumbnail\">\n\t\t\t<a href=\"http:\/\/minval.org\/svm\/wp-content\/gallery\/ramon\/alabandita-redu.jpg\"\n\t\t\t\ttitle=\"Alabandita . Peru cristal 15x15mm\"\n\t\t\t\tdata-src=\"http:\/\/minval.org\/svm\/wp-content\/gallery\/ramon\/alabandita-redu.jpg\"\n\t\t\t\tdata-thumbnail=\"http:\/\/minval.org\/svm\/wp-content\/gallery\/ramon\/thumbs\/thumbs_alabandita-redu.jpg\"\n\t\t\t\tdata-image-id=\"2352\"\n\t\t\t\tdata-title=\"Alabandita\"\n\t\t\t\tdata-description=\"Alabandita . Peru cristal 15x15mm\"\n\t\t\t\tdata-image-slug=\"\"\n\t\t\t\tclass=\"ngg-simplelightbox\" rel=\"8ee0419835cd2e34a6cb3a4cce3df8b3\">\n\t\t\t\t<img\n\t\t\t\t\ttitle=\"Alabandita\"\n\t\t\t\t\talt=\"Alabandita\"\n\t\t\t\t\tsrc=\"http:\/\/minval.org\/svm\/wp-content\/gallery\/ramon\/thumbs\/thumbs_alabandita-redu.jpg\"\n\t\t\t\t\twidth=\"95\"\n\t\t\t\t\theight=\"75\"\n\t\t\t\t\tstyle=\"max-width:100%;\"\n\t\t\t\t\/>\n\t\t\t<\/a>\n\t\t<\/div>\n\t\t\t\t\t\t\t<\/div> \n\t\t\t\n\t\t\t\t<div id=\"ngg-image-1\" class=\"ngg-gallery-thumbnail-box \n\t\t\t\t\t\t\t\t\t\t\t\" \n\t\t\t>\n\t\t\t\t\t\t<div class=\"ngg-gallery-thumbnail\">\n\t\t\t<a href=\"http:\/\/minval.org\/svm\/wp-content\/gallery\/ramon\/ramon-3_0.jpg\"\n\t\t\t\ttitle=\"Amatista. Madagascar\"\n\t\t\t\tdata-src=\"http:\/\/minval.org\/svm\/wp-content\/gallery\/ramon\/ramon-3_0.jpg\"\n\t\t\t\tdata-thumbnail=\"http:\/\/minval.org\/svm\/wp-content\/gallery\/ramon\/thumbs\/thumbs_ramon-3_0.jpg\"\n\t\t\t\tdata-image-id=\"1625\"\n\t\t\t\tdata-title=\"Amatista\"\n\t\t\t\tdata-description=\"Amatista. Madagascar\"\n\t\t\t\tdata-image-slug=\"\"\n\t\t\t\tclass=\"ngg-simplelightbox\" rel=\"8ee0419835cd2e34a6cb3a4cce3df8b3\">\n\t\t\t\t<img\n\t\t\t\t\ttitle=\"Amatista\"\n\t\t\t\t\talt=\"Amatista\"\n\t\t\t\t\tsrc=\"http:\/\/minval.org\/svm\/wp-content\/gallery\/ramon\/thumbs\/thumbs_ramon-3_0.jpg\"\n\t\t\t\t\twidth=\"100\"\n\t\t\t\t\theight=\"75\"\n\t\t\t\t\tstyle=\"max-width:100%;\"\n\t\t\t\t\/>\n\t\t\t<\/a>\n\t\t<\/div>\n\t\t\t\t\t\t\t<\/div> \n\t\t\t\n\t\t\t\t<div id=\"ngg-image-2\" class=\"ngg-gallery-thumbnail-box \n\t\t\t\t\t\t\t\t\t\t\t\" \n\t\t\t>\n\t\t\t\t\t\t<div class=\"ngg-gallery-thumbnail\">\n\t\t\t<a href=\"http:\/\/minval.org\/svm\/wp-content\/gallery\/ramon\/anatasa.jpg\"\n\t\t\t\ttitle=\"Anatasa. Kharan mine, Balochistan (Baluchistan). Pakist\u00e1n\"\n\t\t\t\tdata-src=\"http:\/\/minval.org\/svm\/wp-content\/gallery\/ramon\/anatasa.jpg\"\n\t\t\t\tdata-thumbnail=\"http:\/\/minval.org\/svm\/wp-content\/gallery\/ramon\/thumbs\/thumbs_anatasa.jpg\"\n\t\t\t\tdata-image-id=\"1125\"\n\t\t\t\tdata-title=\"Anatasa\"\n\t\t\t\tdata-description=\"Anatasa. Kharan mine, Balochistan (Baluchistan). Pakist\u00e1n\"\n\t\t\t\tdata-image-slug=\"\"\n\t\t\t\tclass=\"ngg-simplelightbox\" rel=\"8ee0419835cd2e34a6cb3a4cce3df8b3\">\n\t\t\t\t<img\n\t\t\t\t\ttitle=\"Anatasa\"\n\t\t\t\t\talt=\"Anatasa\"\n\t\t\t\t\tsrc=\"http:\/\/minval.org\/svm\/wp-content\/gallery\/ramon\/thumbs\/thumbs_anatasa.jpg\"\n\t\t\t\t\twidth=\"100\"\n\t\t\t\t\theight=\"70\"\n\t\t\t\t\tstyle=\"max-width:100%;\"\n\t\t\t\t\/>\n\t\t\t<\/a>\n\t\t<\/div>\n\t\t\t\t\t\t\t<\/div> \n\t\t\t\n\t\t\t\t<div id=\"ngg-image-3\" class=\"ngg-gallery-thumbnail-box \n\t\t\t\t\t\t\t\t\t\t\t\" \n\t\t\t>\n\t\t\t\t\t\t<div class=\"ngg-gallery-thumbnail\">\n\t\t\t<a href=\"http:\/\/minval.org\/svm\/wp-content\/gallery\/ramon\/apatito-parelhas.jpg\"\n\t\t\t\ttitle=\"Apatito. Parelhas. R\u00edo Grande do Norte. Brasil\"\n\t\t\t\tdata-src=\"http:\/\/minval.org\/svm\/wp-content\/gallery\/ramon\/apatito-parelhas.jpg\"\n\t\t\t\tdata-thumbnail=\"http:\/\/minval.org\/svm\/wp-content\/gallery\/ramon\/thumbs\/thumbs_apatito-parelhas.jpg\"\n\t\t\t\tdata-image-id=\"1317\"\n\t\t\t\tdata-title=\"Apatito\"\n\t\t\t\tdata-description=\"Apatito. Parelhas. R\u00edo Grande do Norte. Brasil\"\n\t\t\t\tdata-image-slug=\"\"\n\t\t\t\tclass=\"ngg-simplelightbox\" rel=\"8ee0419835cd2e34a6cb3a4cce3df8b3\">\n\t\t\t\t<img\n\t\t\t\t\ttitle=\"Apatito\"\n\t\t\t\t\talt=\"Apatito\"\n\t\t\t\t\tsrc=\"http:\/\/minval.org\/svm\/wp-content\/gallery\/ramon\/thumbs\/thumbs_apatito-parelhas.jpg\"\n\t\t\t\t\twidth=\"100\"\n\t\t\t\t\theight=\"75\"\n\t\t\t\t\tstyle=\"max-width:100%;\"\n\t\t\t\t\/>\n\t\t\t<\/a>\n\t\t<\/div>\n\t\t\t\t\t\t\t<\/div> \n\t\t\t\n\t\t\t\t<div id=\"ngg-image-4\" class=\"ngg-gallery-thumbnail-box \n\t\t\t\t\t\t\t\t\t\t\t\" \n\t\t\t>\n\t\t\t\t\t\t<div class=\"ngg-gallery-thumbnail\">\n\t\t\t<a href=\"http:\/\/minval.org\/svm\/wp-content\/gallery\/ramon\/ramon-1.jpg\"\n\t\t\t\ttitle=\"Apatito. Hunza valley. Pakistan\"\n\t\t\t\tdata-src=\"http:\/\/minval.org\/svm\/wp-content\/gallery\/ramon\/ramon-1.jpg\"\n\t\t\t\tdata-thumbnail=\"http:\/\/minval.org\/svm\/wp-content\/gallery\/ramon\/thumbs\/thumbs_ramon-1.jpg\"\n\t\t\t\tdata-image-id=\"1617\"\n\t\t\t\tdata-title=\"Apatito\"\n\t\t\t\tdata-description=\"Apatito. Hunza valley. Pakistan\"\n\t\t\t\tdata-image-slug=\"\"\n\t\t\t\tclass=\"ngg-simplelightbox\" rel=\"8ee0419835cd2e34a6cb3a4cce3df8b3\">\n\t\t\t\t<img\n\t\t\t\t\ttitle=\"Apatito\"\n\t\t\t\t\talt=\"Apatito\"\n\t\t\t\t\tsrc=\"http:\/\/minval.org\/svm\/wp-content\/gallery\/ramon\/thumbs\/thumbs_ramon-1.jpg\"\n\t\t\t\t\twidth=\"93\"\n\t\t\t\t\theight=\"75\"\n\t\t\t\t\tstyle=\"max-width:100%;\"\n\t\t\t\t\/>\n\t\t\t<\/a>\n\t\t<\/div>\n\t\t\t\t\t\t\t<\/div> \n\t\t\t\n\t\t\t\t<div id=\"ngg-image-5\" class=\"ngg-gallery-thumbnail-box \n\t\t\t\t\t\t\t\t\t\t\t\" \n\t\t\t>\n\t\t\t\t\t\t<div class=\"ngg-gallery-thumbnail\">\n\t\t\t<a href=\"http:\/\/minval.org\/svm\/wp-content\/gallery\/ramon\/aragonito-eugui-1.jpg\"\n\t\t\t\ttitle=\"Aragonito.Eugui.Navarra.\"\n\t\t\t\tdata-src=\"http:\/\/minval.org\/svm\/wp-content\/gallery\/ramon\/aragonito-eugui-1.jpg\"\n\t\t\t\tdata-thumbnail=\"http:\/\/minval.org\/svm\/wp-content\/gallery\/ramon\/thumbs\/thumbs_aragonito-eugui-1.jpg\"\n\t\t\t\tdata-image-id=\"2075\"\n\t\t\t\tdata-title=\"Aragonito\"\n\t\t\t\tdata-description=\"Aragonito.Eugui.Navarra.\"\n\t\t\t\tdata-image-slug=\"\"\n\t\t\t\tclass=\"ngg-simplelightbox\" rel=\"8ee0419835cd2e34a6cb3a4cce3df8b3\">\n\t\t\t\t<img\n\t\t\t\t\ttitle=\"Aragonito\"\n\t\t\t\t\talt=\"Aragonito\"\n\t\t\t\t\tsrc=\"http:\/\/minval.org\/svm\/wp-content\/gallery\/ramon\/thumbs\/thumbs_aragonito-eugui-1.jpg\"\n\t\t\t\t\twidth=\"100\"\n\t\t\t\t\theight=\"60\"\n\t\t\t\t\tstyle=\"max-width:100%;\"\n\t\t\t\t\/>\n\t\t\t<\/a>\n\t\t<\/div>\n\t\t\t\t\t\t\t<\/div> \n\t\t\t\n\t\t\t\t<div id=\"ngg-image-6\" class=\"ngg-gallery-thumbnail-box \n\t\t\t\t\t\t\t\t\t\t\t\" \n\t\t\t>\n\t\t\t\t\t\t<div class=\"ngg-gallery-thumbnail\">\n\t\t\t<a href=\"http:\/\/minval.org\/svm\/wp-content\/gallery\/ramon\/aragonito.jpg\"\n\t\t\t\ttitle=\"Aragonito. 92x62 mm. Los Molinillos paraje la Vacariza, Minglanilla. Cuenca \"\n\t\t\t\tdata-src=\"http:\/\/minval.org\/svm\/wp-content\/gallery\/ramon\/aragonito.jpg\"\n\t\t\t\tdata-thumbnail=\"http:\/\/minval.org\/svm\/wp-content\/gallery\/ramon\/thumbs\/thumbs_aragonito.jpg\"\n\t\t\t\tdata-image-id=\"2137\"\n\t\t\t\tdata-title=\"Aragonito\"\n\t\t\t\tdata-description=\"Aragonito. 92x62 mm. Los Molinillos paraje la Vacariza, Minglanilla. Cuenca \"\n\t\t\t\tdata-image-slug=\"\"\n\t\t\t\tclass=\"ngg-simplelightbox\" rel=\"8ee0419835cd2e34a6cb3a4cce3df8b3\">\n\t\t\t\t<img\n\t\t\t\t\ttitle=\"Aragonito\"\n\t\t\t\t\talt=\"Aragonito\"\n\t\t\t\t\tsrc=\"http:\/\/minval.org\/svm\/wp-content\/gallery\/ramon\/thumbs\/thumbs_aragonito.jpg\"\n\t\t\t\t\twidth=\"83\"\n\t\t\t\t\theight=\"75\"\n\t\t\t\t\tstyle=\"max-width:100%;\"\n\t\t\t\t\/>\n\t\t\t<\/a>\n\t\t<\/div>\n\t\t\t\t\t\t\t<\/div> \n\t\t\t\n\t\t\t\t<div id=\"ngg-image-7\" class=\"ngg-gallery-thumbnail-box \n\t\t\t\t\t\t\t\t\t\t\t\" \n\t\t\t>\n\t\t\t\t\t\t<div class=\"ngg-gallery-thumbnail\">\n\t\t\t<a href=\"http:\/\/minval.org\/svm\/wp-content\/gallery\/ramon\/aragonito_0.jpg\"\n\t\t\t\ttitle=\"Aragonito.Camporobles. Valencia. 30x36mm\"\n\t\t\t\tdata-src=\"http:\/\/minval.org\/svm\/wp-content\/gallery\/ramon\/aragonito_0.jpg\"\n\t\t\t\tdata-thumbnail=\"http:\/\/minval.org\/svm\/wp-content\/gallery\/ramon\/thumbs\/thumbs_aragonito_0.jpg\"\n\t\t\t\tdata-image-id=\"2261\"\n\t\t\t\tdata-title=\"Aragonito\"\n\t\t\t\tdata-description=\"Aragonito.Camporobles. Valencia. 30x36mm\"\n\t\t\t\tdata-image-slug=\"\"\n\t\t\t\tclass=\"ngg-simplelightbox\" rel=\"8ee0419835cd2e34a6cb3a4cce3df8b3\">\n\t\t\t\t<img\n\t\t\t\t\ttitle=\"Aragonito\"\n\t\t\t\t\talt=\"Aragonito\"\n\t\t\t\t\tsrc=\"http:\/\/minval.org\/svm\/wp-content\/gallery\/ramon\/thumbs\/thumbs_aragonito_0.jpg\"\n\t\t\t\t\twidth=\"69\"\n\t\t\t\t\theight=\"75\"\n\t\t\t\t\tstyle=\"max-width:100%;\"\n\t\t\t\t\/>\n\t\t\t<\/a>\n\t\t<\/div>\n\t\t\t\t\t\t\t<\/div> \n\t\t\t\n\t\t\t\t<div id=\"ngg-image-8\" class=\"ngg-gallery-thumbnail-box \n\t\t\t\t\t\t\t\t\t\t\t\" \n\t\t\t>\n\t\t\t\t\t\t<div class=\"ngg-gallery-thumbnail\">\n\t\t\t<a href=\"http:\/\/minval.org\/svm\/wp-content\/gallery\/ramon\/argent-mexic.jpg\"\n\t\t\t\ttitle=\"Argent , Batopilas .Mexic \"\n\t\t\t\tdata-src=\"http:\/\/minval.org\/svm\/wp-content\/gallery\/ramon\/argent-mexic.jpg\"\n\t\t\t\tdata-thumbnail=\"http:\/\/minval.org\/svm\/wp-content\/gallery\/ramon\/thumbs\/thumbs_argent-mexic.jpg\"\n\t\t\t\tdata-image-id=\"2404\"\n\t\t\t\tdata-title=\"argent-mexic\"\n\t\t\t\tdata-description=\"Argent , Batopilas .Mexic \"\n\t\t\t\tdata-image-slug=\"\"\n\t\t\t\tclass=\"ngg-simplelightbox\" rel=\"8ee0419835cd2e34a6cb3a4cce3df8b3\">\n\t\t\t\t<img\n\t\t\t\t\ttitle=\"argent-mexic\"\n\t\t\t\t\talt=\"argent-mexic\"\n\t\t\t\t\tsrc=\"http:\/\/minval.org\/svm\/wp-content\/gallery\/ramon\/thumbs\/thumbs_argent-mexic.jpg\"\n\t\t\t\t\twidth=\"100\"\n\t\t\t\t\theight=\"66\"\n\t\t\t\t\tstyle=\"max-width:100%;\"\n\t\t\t\t\/>\n\t\t\t<\/a>\n\t\t<\/div>\n\t\t\t\t\t\t\t<\/div> \n\t\t\t\n\t\t\t\t<div id=\"ngg-image-9\" class=\"ngg-gallery-thumbnail-box \n\t\t\t\t\t\t\t\t\t\t\t\" \n\t\t\t>\n\t\t\t\t\t\t<div class=\"ngg-gallery-thumbnail\">\n\t\t\t<a href=\"http:\/\/minval.org\/svm\/wp-content\/gallery\/ramon\/azurita-australia.jpg\"\n\t\t\t\ttitle=\"Azurita. Marbunka. Copper mine. Western Australia\"\n\t\t\t\tdata-src=\"http:\/\/minval.org\/svm\/wp-content\/gallery\/ramon\/azurita-australia.jpg\"\n\t\t\t\tdata-thumbnail=\"http:\/\/minval.org\/svm\/wp-content\/gallery\/ramon\/thumbs\/thumbs_azurita-australia.jpg\"\n\t\t\t\tdata-image-id=\"1385\"\n\t\t\t\tdata-title=\"Azurita\"\n\t\t\t\tdata-description=\"Azurita. Marbunka. Copper mine. Western Australia\"\n\t\t\t\tdata-image-slug=\"\"\n\t\t\t\tclass=\"ngg-simplelightbox\" rel=\"8ee0419835cd2e34a6cb3a4cce3df8b3\">\n\t\t\t\t<img\n\t\t\t\t\ttitle=\"Azurita\"\n\t\t\t\t\talt=\"Azurita\"\n\t\t\t\t\tsrc=\"http:\/\/minval.org\/svm\/wp-content\/gallery\/ramon\/thumbs\/thumbs_azurita-australia.jpg\"\n\t\t\t\t\twidth=\"100\"\n\t\t\t\t\theight=\"75\"\n\t\t\t\t\tstyle=\"max-width:100%;\"\n\t\t\t\t\/>\n\t\t\t<\/a>\n\t\t<\/div>\n\t\t\t\t\t\t\t<\/div> \n\t\t\t\n\t\t\t\t<div id=\"ngg-image-10\" class=\"ngg-gallery-thumbnail-box \n\t\t\t\t\t\t\t\t\t\t\t\" \n\t\t\t>\n\t\t\t\t\t\t<div class=\"ngg-gallery-thumbnail\">\n\t\t\t<a href=\"http:\/\/minval.org\/svm\/wp-content\/gallery\/ramon\/azurita-1.jpg\"\n\t\t\t\ttitle=\"Azurita.30x30mm.Touissit .Marruecos\"\n\t\t\t\tdata-src=\"http:\/\/minval.org\/svm\/wp-content\/gallery\/ramon\/azurita-1.jpg\"\n\t\t\t\tdata-thumbnail=\"http:\/\/minval.org\/svm\/wp-content\/gallery\/ramon\/thumbs\/thumbs_azurita-1.jpg\"\n\t\t\t\tdata-image-id=\"2138\"\n\t\t\t\tdata-title=\"Azurita\"\n\t\t\t\tdata-description=\"Azurita.30x30mm.Touissit .Marruecos\"\n\t\t\t\tdata-image-slug=\"\"\n\t\t\t\tclass=\"ngg-simplelightbox\" rel=\"8ee0419835cd2e34a6cb3a4cce3df8b3\">\n\t\t\t\t<img\n\t\t\t\t\ttitle=\"Azurita\"\n\t\t\t\t\talt=\"Azurita\"\n\t\t\t\t\tsrc=\"http:\/\/minval.org\/svm\/wp-content\/gallery\/ramon\/thumbs\/thumbs_azurita-1.jpg\"\n\t\t\t\t\twidth=\"70\"\n\t\t\t\t\theight=\"75\"\n\t\t\t\t\tstyle=\"max-width:100%;\"\n\t\t\t\t\/>\n\t\t\t<\/a>\n\t\t<\/div>\n\t\t\t\t\t\t\t<\/div> \n\t\t\t\n\t\t\t\t<div id=\"ngg-image-11\" class=\"ngg-gallery-thumbnail-box \n\t\t\t\t\t\t\t\t\t\t\t\" \n\t\t\t>\n\t\t\t\t\t\t<div class=\"ngg-gallery-thumbnail\">\n\t\t\t<a href=\"http:\/\/minval.org\/svm\/wp-content\/gallery\/ramon\/atzurita-redu.jpg\"\n\t\t\t\ttitle=\"Azurita.Tsumeb. Namibia . cristal 20m\"\n\t\t\t\tdata-src=\"http:\/\/minval.org\/svm\/wp-content\/gallery\/ramon\/atzurita-redu.jpg\"\n\t\t\t\tdata-thumbnail=\"http:\/\/minval.org\/svm\/wp-content\/gallery\/ramon\/thumbs\/thumbs_atzurita-redu.jpg\"\n\t\t\t\tdata-image-id=\"2355\"\n\t\t\t\tdata-title=\"Azurita\"\n\t\t\t\tdata-description=\"Azurita.Tsumeb. Namibia . cristal 20m\"\n\t\t\t\tdata-image-slug=\"\"\n\t\t\t\tclass=\"ngg-simplelightbox\" rel=\"8ee0419835cd2e34a6cb3a4cce3df8b3\">\n\t\t\t\t<img\n\t\t\t\t\ttitle=\"Azurita\"\n\t\t\t\t\talt=\"Azurita\"\n\t\t\t\t\tsrc=\"http:\/\/minval.org\/svm\/wp-content\/gallery\/ramon\/thumbs\/thumbs_atzurita-redu.jpg\"\n\t\t\t\t\twidth=\"100\"\n\t\t\t\t\theight=\"72\"\n\t\t\t\t\tstyle=\"max-width:100%;\"\n\t\t\t\t\/>\n\t\t\t<\/a>\n\t\t<\/div>\n\t\t\t\t\t\t\t<\/div> \n\t\t\t\n\t\t\t\t<div id=\"ngg-image-12\" class=\"ngg-gallery-thumbnail-box \n\t\t\t\t\t\t\t\t\t\t\t\" \n\t\t\t>\n\t\t\t\t\t\t<div class=\"ngg-gallery-thumbnail\">\n\t\t\t<a href=\"http:\/\/minval.org\/svm\/wp-content\/gallery\/ramon\/rosas-barita-la-union.jpg\"\n\t\t\t\ttitle=\"Rosas de barita. Estrecho de San Gin\u00e9s. Cartagena. Murcia. Encuadre 10 cm\"\n\t\t\t\tdata-src=\"http:\/\/minval.org\/svm\/wp-content\/gallery\/ramon\/rosas-barita-la-union.jpg\"\n\t\t\t\tdata-thumbnail=\"http:\/\/minval.org\/svm\/wp-content\/gallery\/ramon\/thumbs\/thumbs_rosas-barita-la-union.jpg\"\n\t\t\t\tdata-image-id=\"931\"\n\t\t\t\tdata-title=\"Barita\"\n\t\t\t\tdata-description=\"Rosas de barita. Estrecho de San Gin\u00e9s. Cartagena. Murcia. Encuadre 10 cm\"\n\t\t\t\tdata-image-slug=\"\"\n\t\t\t\tclass=\"ngg-simplelightbox\" rel=\"8ee0419835cd2e34a6cb3a4cce3df8b3\">\n\t\t\t\t<img\n\t\t\t\t\ttitle=\"Barita\"\n\t\t\t\t\talt=\"Barita\"\n\t\t\t\t\tsrc=\"http:\/\/minval.org\/svm\/wp-content\/gallery\/ramon\/thumbs\/thumbs_rosas-barita-la-union.jpg\"\n\t\t\t\t\twidth=\"100\"\n\t\t\t\t\theight=\"75\"\n\t\t\t\t\tstyle=\"max-width:100%;\"\n\t\t\t\t\/>\n\t\t\t<\/a>\n\t\t<\/div>\n\t\t\t\t\t\t\t<\/div> \n\t\t\t\n\t\t\t\t<div id=\"ngg-image-13\" class=\"ngg-gallery-thumbnail-box \n\t\t\t\t\t\t\t\t\t\t\t\" \n\t\t\t>\n\t\t\t\t\t\t<div class=\"ngg-gallery-thumbnail\">\n\t\t\t<a href=\"http:\/\/minval.org\/svm\/wp-content\/gallery\/ramon\/baritina-mina-san-timoteo.jpg\"\n\t\t\t\ttitle=\"Barita. Mina San Timoteo. La Uni\u00f3n (Murcia)\"\n\t\t\t\tdata-src=\"http:\/\/minval.org\/svm\/wp-content\/gallery\/ramon\/baritina-mina-san-timoteo.jpg\"\n\t\t\t\tdata-thumbnail=\"http:\/\/minval.org\/svm\/wp-content\/gallery\/ramon\/thumbs\/thumbs_baritina-mina-san-timoteo.jpg\"\n\t\t\t\tdata-image-id=\"1318\"\n\t\t\t\tdata-title=\"Barita\"\n\t\t\t\tdata-description=\"Barita. Mina San Timoteo. La Uni\u00f3n (Murcia)\"\n\t\t\t\tdata-image-slug=\"\"\n\t\t\t\tclass=\"ngg-simplelightbox\" rel=\"8ee0419835cd2e34a6cb3a4cce3df8b3\">\n\t\t\t\t<img\n\t\t\t\t\ttitle=\"Barita\"\n\t\t\t\t\talt=\"Barita\"\n\t\t\t\t\tsrc=\"http:\/\/minval.org\/svm\/wp-content\/gallery\/ramon\/thumbs\/thumbs_baritina-mina-san-timoteo.jpg\"\n\t\t\t\t\twidth=\"100\"\n\t\t\t\t\theight=\"75\"\n\t\t\t\t\tstyle=\"max-width:100%;\"\n\t\t\t\t\/>\n\t\t\t<\/a>\n\t\t<\/div>\n\t\t\t\t\t\t\t<\/div> \n\t\t\t\n\t\t\t\t<div id=\"ngg-image-14\" class=\"ngg-gallery-thumbnail-box \n\t\t\t\t\t\t\t\t\t\t\t\" \n\t\t\t>\n\t\t\t\t\t\t<div class=\"ngg-gallery-thumbnail\">\n\t\t\t<a href=\"http:\/\/minval.org\/svm\/wp-content\/gallery\/ramon\/baritina-peru.jpg\"\n\t\t\t\ttitle=\"Barita. Miraflores (Per\u00fa). Cristales hasta 50 mm\"\n\t\t\t\tdata-src=\"http:\/\/minval.org\/svm\/wp-content\/gallery\/ramon\/baritina-peru.jpg\"\n\t\t\t\tdata-thumbnail=\"http:\/\/minval.org\/svm\/wp-content\/gallery\/ramon\/thumbs\/thumbs_baritina-peru.jpg\"\n\t\t\t\tdata-image-id=\"1386\"\n\t\t\t\tdata-title=\"Barita\"\n\t\t\t\tdata-description=\"Barita. Miraflores (Per\u00fa). Cristales hasta 50 mm\"\n\t\t\t\tdata-image-slug=\"\"\n\t\t\t\tclass=\"ngg-simplelightbox\" rel=\"8ee0419835cd2e34a6cb3a4cce3df8b3\">\n\t\t\t\t<img\n\t\t\t\t\ttitle=\"Barita\"\n\t\t\t\t\talt=\"Barita\"\n\t\t\t\t\tsrc=\"http:\/\/minval.org\/svm\/wp-content\/gallery\/ramon\/thumbs\/thumbs_baritina-peru.jpg\"\n\t\t\t\t\twidth=\"100\"\n\t\t\t\t\theight=\"75\"\n\t\t\t\t\tstyle=\"max-width:100%;\"\n\t\t\t\t\/>\n\t\t\t<\/a>\n\t\t<\/div>\n\t\t\t\t\t\t\t<\/div> \n\t\t\t\n\t\t\t\t<div id=\"ngg-image-15\" class=\"ngg-gallery-thumbnail-box \n\t\t\t\t\t\t\t\t\t\t\t\" \n\t\t\t>\n\t\t\t\t\t\t<div class=\"ngg-gallery-thumbnail\">\n\t\t\t<a href=\"http:\/\/minval.org\/svm\/wp-content\/gallery\/ramon\/barita-la-union.jpg\"\n\t\t\t\ttitle=\"Barita ,La Uni\u00f3n.Murcia.Espa\u00f1a\"\n\t\t\t\tdata-src=\"http:\/\/minval.org\/svm\/wp-content\/gallery\/ramon\/barita-la-union.jpg\"\n\t\t\t\tdata-thumbnail=\"http:\/\/minval.org\/svm\/wp-content\/gallery\/ramon\/thumbs\/thumbs_barita-la-union.jpg\"\n\t\t\t\tdata-image-id=\"2098\"\n\t\t\t\tdata-title=\"Barita\"\n\t\t\t\tdata-description=\"Barita ,La Uni\u00f3n.Murcia.Espa\u00f1a\"\n\t\t\t\tdata-image-slug=\"\"\n\t\t\t\tclass=\"ngg-simplelightbox\" rel=\"8ee0419835cd2e34a6cb3a4cce3df8b3\">\n\t\t\t\t<img\n\t\t\t\t\ttitle=\"Barita\"\n\t\t\t\t\talt=\"Barita\"\n\t\t\t\t\tsrc=\"http:\/\/minval.org\/svm\/wp-content\/gallery\/ramon\/thumbs\/thumbs_barita-la-union.jpg\"\n\t\t\t\t\twidth=\"91\"\n\t\t\t\t\theight=\"75\"\n\t\t\t\t\tstyle=\"max-width:100%;\"\n\t\t\t\t\/>\n\t\t\t<\/a>\n\t\t<\/div>\n\t\t\t\t\t\t\t<\/div> \n\t\t\t\n\t\t\t\t<div id=\"ngg-image-16\" class=\"ngg-gallery-thumbnail-box \n\t\t\t\t\t\t\t\t\t\t\t\" \n\t\t\t>\n\t\t\t\t\t\t<div class=\"ngg-gallery-thumbnail\">\n\t\t\t<a href=\"http:\/\/minval.org\/svm\/wp-content\/gallery\/ramon\/barita-chovar.jpg\"\n\t\t\t\ttitle=\"Barita.Chovar.Castello.Espa\u00f1a\"\n\t\t\t\tdata-src=\"http:\/\/minval.org\/svm\/wp-content\/gallery\/ramon\/barita-chovar.jpg\"\n\t\t\t\tdata-thumbnail=\"http:\/\/minval.org\/svm\/wp-content\/gallery\/ramon\/thumbs\/thumbs_barita-chovar.jpg\"\n\t\t\t\tdata-image-id=\"2097\"\n\t\t\t\tdata-title=\"Barita\"\n\t\t\t\tdata-description=\"Barita.Chovar.Castello.Espa\u00f1a\"\n\t\t\t\tdata-image-slug=\"\"\n\t\t\t\tclass=\"ngg-simplelightbox\" rel=\"8ee0419835cd2e34a6cb3a4cce3df8b3\">\n\t\t\t\t<img\n\t\t\t\t\ttitle=\"Barita\"\n\t\t\t\t\talt=\"Barita\"\n\t\t\t\t\tsrc=\"http:\/\/minval.org\/svm\/wp-content\/gallery\/ramon\/thumbs\/thumbs_barita-chovar.jpg\"\n\t\t\t\t\twidth=\"91\"\n\t\t\t\t\theight=\"75\"\n\t\t\t\t\tstyle=\"max-width:100%;\"\n\t\t\t\t\/>\n\t\t\t<\/a>\n\t\t<\/div>\n\t\t\t\t\t\t\t<\/div> \n\t\t\t\n\t\t\t\t<div id=\"ngg-image-17\" class=\"ngg-gallery-thumbnail-box \n\t\t\t\t\t\t\t\t\t\t\t\" \n\t\t\t>\n\t\t\t\t\t\t<div class=\"ngg-gallery-thumbnail\">\n\t\t\t<a href=\"http:\/\/minval.org\/svm\/wp-content\/gallery\/ramon\/barita.jpg\"\n\t\t\t\ttitle=\"Barita.Solis.Asturias.60x60 mm\"\n\t\t\t\tdata-src=\"http:\/\/minval.org\/svm\/wp-content\/gallery\/ramon\/barita.jpg\"\n\t\t\t\tdata-thumbnail=\"http:\/\/minval.org\/svm\/wp-content\/gallery\/ramon\/thumbs\/thumbs_barita.jpg\"\n\t\t\t\tdata-image-id=\"2139\"\n\t\t\t\tdata-title=\"Barita.\"\n\t\t\t\tdata-description=\"Barita.Solis.Asturias.60x60 mm\"\n\t\t\t\tdata-image-slug=\"\"\n\t\t\t\tclass=\"ngg-simplelightbox\" rel=\"8ee0419835cd2e34a6cb3a4cce3df8b3\">\n\t\t\t\t<img\n\t\t\t\t\ttitle=\"Barita.\"\n\t\t\t\t\talt=\"Barita.\"\n\t\t\t\t\tsrc=\"http:\/\/minval.org\/svm\/wp-content\/gallery\/ramon\/thumbs\/thumbs_barita.jpg\"\n\t\t\t\t\twidth=\"88\"\n\t\t\t\t\theight=\"75\"\n\t\t\t\t\tstyle=\"max-width:100%;\"\n\t\t\t\t\/>\n\t\t\t<\/a>\n\t\t<\/div>\n\t\t\t\t\t\t\t<\/div> \n\t\t\t\n\t\t\t\t<div id=\"ngg-image-18\" class=\"ngg-gallery-thumbnail-box \n\t\t\t\t\t\t\t\t\t\t\t\" \n\t\t\t>\n\t\t\t\t\t\t<div class=\"ngg-gallery-thumbnail\">\n\t\t\t<a href=\"http:\/\/minval.org\/svm\/wp-content\/gallery\/ramon\/bastnasita-y-allanita.jpg\"\n\t\t\t\ttitle=\"Bastnasita-Ce, allanita-Ce y cuarzo. Trimouns Talc Mine, Luzenac, Ari\u00e8ge, Midi-Pyr\u00e9n\u00e9es, France. El cristal de bastnasita es de 4 mm\"\n\t\t\t\tdata-src=\"http:\/\/minval.org\/svm\/wp-content\/gallery\/ramon\/bastnasita-y-allanita.jpg\"\n\t\t\t\tdata-thumbnail=\"http:\/\/minval.org\/svm\/wp-content\/gallery\/ramon\/thumbs\/thumbs_bastnasita-y-allanita.jpg\"\n\t\t\t\tdata-image-id=\"923\"\n\t\t\t\tdata-title=\"Bastnasita-Ce allanita-Ce\"\n\t\t\t\tdata-description=\"Bastnasita-Ce, allanita-Ce y cuarzo. Trimouns Talc Mine, Luzenac, Ari\u00e8ge, Midi-Pyr\u00e9n\u00e9es, France. El cristal de bastnasita es de 4 mm\"\n\t\t\t\tdata-image-slug=\"\"\n\t\t\t\tclass=\"ngg-simplelightbox\" rel=\"8ee0419835cd2e34a6cb3a4cce3df8b3\">\n\t\t\t\t<img\n\t\t\t\t\ttitle=\"Bastnasita-Ce allanita-Ce\"\n\t\t\t\t\talt=\"Bastnasita-Ce allanita-Ce\"\n\t\t\t\t\tsrc=\"http:\/\/minval.org\/svm\/wp-content\/gallery\/ramon\/thumbs\/thumbs_bastnasita-y-allanita.jpg\"\n\t\t\t\t\twidth=\"100\"\n\t\t\t\t\theight=\"75\"\n\t\t\t\t\tstyle=\"max-width:100%;\"\n\t\t\t\t\/>\n\t\t\t<\/a>\n\t\t<\/div>\n\t\t\t\t\t\t\t<\/div> \n\t\t\t\n\t\t\t\t<div id=\"ngg-image-19\" class=\"ngg-gallery-thumbnail-box \n\t\t\t\t\t\t\t\t\t\t\t\" \n\t\t\t>\n\t\t\t\t\t\t<div class=\"ngg-gallery-thumbnail\">\n\t\t\t<a href=\"http:\/\/minval.org\/svm\/wp-content\/gallery\/ramon\/berilo_0.jpg\"\n\t\t\t\ttitle=\"Berilo.Heliodoro.Gelte Krustle mine.Himalaya Mts.\r\nTajikistan\"\n\t\t\t\tdata-src=\"http:\/\/minval.org\/svm\/wp-content\/gallery\/ramon\/berilo_0.jpg\"\n\t\t\t\tdata-thumbnail=\"http:\/\/minval.org\/svm\/wp-content\/gallery\/ramon\/thumbs\/thumbs_berilo_0.jpg\"\n\t\t\t\tdata-image-id=\"2080\"\n\t\t\t\tdata-title=\"Berilo\"\n\t\t\t\tdata-description=\"Berilo.Heliodoro.Gelte Krustle mine.Himalaya Mts.\r\nTajikistan\"\n\t\t\t\tdata-image-slug=\"\"\n\t\t\t\tclass=\"ngg-simplelightbox\" rel=\"8ee0419835cd2e34a6cb3a4cce3df8b3\">\n\t\t\t\t<img\n\t\t\t\t\ttitle=\"Berilo\"\n\t\t\t\t\talt=\"Berilo\"\n\t\t\t\t\tsrc=\"http:\/\/minval.org\/svm\/wp-content\/gallery\/ramon\/thumbs\/thumbs_berilo_0.jpg\"\n\t\t\t\t\twidth=\"52\"\n\t\t\t\t\theight=\"75\"\n\t\t\t\t\tstyle=\"max-width:100%;\"\n\t\t\t\t\/>\n\t\t\t<\/a>\n\t\t<\/div>\n\t\t\t\t\t\t\t<\/div> \n\t\t\t\n\t\t\t\t<div id=\"ngg-image-20\" class=\"ngg-gallery-thumbnail-box \n\t\t\t\t\t\t\t\t\t\t\t\" \n\t\t\t>\n\t\t\t\t\t\t<div class=\"ngg-gallery-thumbnail\">\n\t\t\t<a href=\"http:\/\/minval.org\/svm\/wp-content\/gallery\/ramon\/b.jpg\"\n\t\t\t\ttitle=\"Berilo rosa , con Lepidolita,Albita,yApatito azul   Parelhas  RGN  Brasil\r\nBerilo rosa ,con lepidolita ,albita y apatito azul .\r\nParelhas.RGN.Brasil ,  139x118 mm\"\n\t\t\t\tdata-src=\"http:\/\/minval.org\/svm\/wp-content\/gallery\/ramon\/b.jpg\"\n\t\t\t\tdata-thumbnail=\"http:\/\/minval.org\/svm\/wp-content\/gallery\/ramon\/thumbs\/thumbs_b.jpg\"\n\t\t\t\tdata-image-id=\"2136\"\n\t\t\t\tdata-title=\"Berilo rosa\"\n\t\t\t\tdata-description=\"Berilo rosa , con Lepidolita,Albita,yApatito azul   Parelhas  RGN  Brasil\r\nBerilo rosa ,con lepidolita ,albita y apatito azul .\r\nParelhas.RGN.Brasil ,  139x118 mm\"\n\t\t\t\tdata-image-slug=\"\"\n\t\t\t\tclass=\"ngg-simplelightbox\" rel=\"8ee0419835cd2e34a6cb3a4cce3df8b3\">\n\t\t\t\t<img\n\t\t\t\t\ttitle=\"Berilo rosa\"\n\t\t\t\t\talt=\"Berilo rosa\"\n\t\t\t\t\tsrc=\"http:\/\/minval.org\/svm\/wp-content\/gallery\/ramon\/thumbs\/thumbs_b.jpg\"\n\t\t\t\t\twidth=\"46\"\n\t\t\t\t\theight=\"75\"\n\t\t\t\t\tstyle=\"max-width:100%;\"\n\t\t\t\t\/>\n\t\t\t<\/a>\n\t\t<\/div>\n\t\t\t\t\t\t\t<\/div> \n\t\t\t\n\t\t\t\t<div id=\"ngg-image-21\" class=\"ngg-gallery-thumbnail-box \n\t\t\t\t\t\t\t\t\t\t\t\" \n\t\t\t>\n\t\t\t\t\t\t<div class=\"ngg-gallery-thumbnail\">\n\t\t\t<a href=\"http:\/\/minval.org\/svm\/wp-content\/gallery\/ramon\/aiguamarina.jpg\"\n\t\t\t\ttitle=\"Berilo.Aguamarina sobre feldespato. Te\u00f3filo Otoni. Minas Gerais (Brasil)\"\n\t\t\t\tdata-src=\"http:\/\/minval.org\/svm\/wp-content\/gallery\/ramon\/aiguamarina.jpg\"\n\t\t\t\tdata-thumbnail=\"http:\/\/minval.org\/svm\/wp-content\/gallery\/ramon\/thumbs\/thumbs_aiguamarina.jpg\"\n\t\t\t\tdata-image-id=\"1412\"\n\t\t\t\tdata-title=\"Berilo.Aguamarina\"\n\t\t\t\tdata-description=\"Berilo.Aguamarina sobre feldespato. Te\u00f3filo Otoni. Minas Gerais (Brasil)\"\n\t\t\t\tdata-image-slug=\"\"\n\t\t\t\tclass=\"ngg-simplelightbox\" rel=\"8ee0419835cd2e34a6cb3a4cce3df8b3\">\n\t\t\t\t<img\n\t\t\t\t\ttitle=\"Berilo.Aguamarina\"\n\t\t\t\t\talt=\"Berilo.Aguamarina\"\n\t\t\t\t\tsrc=\"http:\/\/minval.org\/svm\/wp-content\/gallery\/ramon\/thumbs\/thumbs_aiguamarina.jpg\"\n\t\t\t\t\twidth=\"80\"\n\t\t\t\t\theight=\"75\"\n\t\t\t\t\tstyle=\"max-width:100%;\"\n\t\t\t\t\/>\n\t\t\t<\/a>\n\t\t<\/div>\n\t\t\t\t\t\t\t<\/div> \n\t\t\t\n\t\t\t\t<div id=\"ngg-image-22\" class=\"ngg-gallery-thumbnail-box \n\t\t\t\t\t\t\t\t\t\t\t\" \n\t\t\t>\n\t\t\t\t\t\t<div class=\"ngg-gallery-thumbnail\">\n\t\t\t<a href=\"http:\/\/minval.org\/svm\/wp-content\/gallery\/ramon\/aguamarina3.jpg\"\n\t\t\t\ttitle=\"Berilo.Aguamarina,Erongo Mts. Namibia .7.5 cm\"\n\t\t\t\tdata-src=\"http:\/\/minval.org\/svm\/wp-content\/gallery\/ramon\/aguamarina3.jpg\"\n\t\t\t\tdata-thumbnail=\"http:\/\/minval.org\/svm\/wp-content\/gallery\/ramon\/thumbs\/thumbs_aguamarina3.jpg\"\n\t\t\t\tdata-image-id=\"2134\"\n\t\t\t\tdata-title=\"Berilo.aguamarina\"\n\t\t\t\tdata-description=\"Berilo.Aguamarina,Erongo Mts. Namibia .7.5 cm\"\n\t\t\t\tdata-image-slug=\"\"\n\t\t\t\tclass=\"ngg-simplelightbox\" rel=\"8ee0419835cd2e34a6cb3a4cce3df8b3\">\n\t\t\t\t<img\n\t\t\t\t\ttitle=\"Berilo.aguamarina\"\n\t\t\t\t\talt=\"Berilo.aguamarina\"\n\t\t\t\t\tsrc=\"http:\/\/minval.org\/svm\/wp-content\/gallery\/ramon\/thumbs\/thumbs_aguamarina3.jpg\"\n\t\t\t\t\twidth=\"60\"\n\t\t\t\t\theight=\"75\"\n\t\t\t\t\tstyle=\"max-width:100%;\"\n\t\t\t\t\/>\n\t\t\t<\/a>\n\t\t<\/div>\n\t\t\t\t\t\t\t<\/div> \n\t\t\t\n\t\t\t\t<div id=\"ngg-image-23\" class=\"ngg-gallery-thumbnail-box \n\t\t\t\t\t\t\t\t\t\t\t\" \n\t\t\t>\n\t\t\t\t\t\t<div class=\"ngg-gallery-thumbnail\">\n\t\t\t<a href=\"http:\/\/minval.org\/svm\/wp-content\/gallery\/ramon\/berilo.jpg\"\n\t\t\t\ttitle=\"Berilo.esmeralda . Muzo .Colombia\"\n\t\t\t\tdata-src=\"http:\/\/minval.org\/svm\/wp-content\/gallery\/ramon\/berilo.jpg\"\n\t\t\t\tdata-thumbnail=\"http:\/\/minval.org\/svm\/wp-content\/gallery\/ramon\/thumbs\/thumbs_berilo.jpg\"\n\t\t\t\tdata-image-id=\"2061\"\n\t\t\t\tdata-title=\"Berilo.esmeralda\"\n\t\t\t\tdata-description=\"Berilo.esmeralda . Muzo .Colombia\"\n\t\t\t\tdata-image-slug=\"\"\n\t\t\t\tclass=\"ngg-simplelightbox\" rel=\"8ee0419835cd2e34a6cb3a4cce3df8b3\">\n\t\t\t\t<img\n\t\t\t\t\ttitle=\"Berilo.esmeralda\"\n\t\t\t\t\talt=\"Berilo.esmeralda\"\n\t\t\t\t\tsrc=\"http:\/\/minval.org\/svm\/wp-content\/gallery\/ramon\/thumbs\/thumbs_berilo.jpg\"\n\t\t\t\t\twidth=\"70\"\n\t\t\t\t\theight=\"75\"\n\t\t\t\t\tstyle=\"max-width:100%;\"\n\t\t\t\t\/>\n\t\t\t<\/a>\n\t\t<\/div>\n\t\t\t\t\t\t\t<\/div> \n\t\t\t\n\t\n\t<br style=\"clear: both\" \/>\n\n\t\n\t\t<!-- Pagination -->\n\t\t<div class='ngg-navigation'><span class='current'>1<\/span>\n<a class='page-numbers' data-pageid='2' href='http:\/\/minval.org\/svm\/index.php\/nggallery\/page\/2?p=2724'>2<\/a>\n<span class='ellipsis'>...<\/span>\n<a class='page-numbers' data-pageid='8' href='http:\/\/minval.org\/svm\/index.php\/nggallery\/page\/8?p=2724'>8<\/a>\n<a class='prev' href='http:\/\/minval.org\/svm\/index.php\/nggallery\/page\/2?p=2724' data-pageid=2>&#9658;<\/a><\/div>\t<\/div>\n\n<p><!--:--><!--:en--><\/p>\n<p><!--:--><\/p>\n","protected":false},"excerpt":{"rendered":"<p>La mineralog\u00eda es mi afici\u00f3n preferida, por lo que tiene de interesante y por las amistades que te proporciona. Nada hay m\u00e1s bonito que ir al campo con los amigos y buscar minerales. Si encima los encuentras es maravilloso. Vivo&#8230;<\/p>\n","protected":false},"author":2,"featured_media":0,"comment_status":"closed","ping_status":"closed","sticky":false,"template":"","format":"standard","meta":{"ngg_post_thumbnail":0,"footnotes":""},"categories":[5],"tags":[],"_links":{"self":[{"href":"http:\/\/minval.org\/svm\/index.php?rest_route=\/wp\/v2\/posts\/2724"}],"collection":[{"href":"http:\/\/minval.org\/svm\/index.php?rest_route=\/wp\/v2\/posts"}],"about":[{"href":"http:\/\/minval.org\/svm\/index.php?rest_route=\/wp\/v2\/types\/post"}],"author":[{"embeddable":true,"href":"http:\/\/minval.org\/svm\/index.php?rest_route=\/wp\/v2\/users\/2"}],"replies":[{"embeddable":true,"href":"http:\/\/minval.org\/svm\/index.php?rest_route=%2Fwp%2Fv2%2Fcomments&post=2724"}],"version-history":[{"count":0,"href":"http:\/\/minval.org\/svm\/index.php?rest_route=\/wp\/v2\/posts\/2724\/revisions"}],"wp:attachment":[{"href":"http:\/\/minval.org\/svm\/index.php?rest_route=%2Fwp%2Fv2%2Fmedia&parent=2724"}],"wp:term":[{"taxonomy":"category","embeddable":true,"href":"http:\/\/minval.org\/svm\/index.php?rest_route=%2Fwp%2Fv2%2Fcategories&post=2724"},{"taxonomy":"post_tag","embeddable":true,"href":"http:\/\/minval.org\/svm\/index.php?rest_route=%2Fwp%2Fv2%2Ftags&post=2724"}],"curies":[{"name":"wp","href":"https:\/\/api.w.org\/{rel}","templated":true}]}}