{"id":2750,"date":"2010-01-09T21:06:35","date_gmt":"2010-01-09T19:06:35","guid":{"rendered":"http:\/\/minval.org\/svm\/?p=2750"},"modified":"2010-01-09T21:06:35","modified_gmt":"2010-01-09T19:06:35","slug":"paco-mayor","status":"publish","type":"post","link":"http:\/\/minval.org\/svm\/?p=2750","title":{"rendered":"Paco Mayor"},"content":{"rendered":"<p><!--:es--><img loading=\"lazy\" decoding=\"async\" class=\"alignleft size-full wp-image-2749\" title=\"Paco Mayor\" src=\"http:\/\/minval.org\/svm\/wp-content\/uploads\/2010\/01\/Paco-Mayor.jpg\" alt=\"Paco Mayor\" width=\"339\" height=\"418\" \/>Hola a todos, mi nombre es Paco Mayor y siempre me han gustado los minerales. Lo que m\u00e1s me divierte es ir a picar a donde sea y por eso a lo largo de mi vida he conseguido una extensa e interesante colecci\u00f3n, en la que la mayor\u00eda de las piezas han sido conseguidas por m\u00ed. Tambi\u00e9n soy un buen bateador de oro. Los \u00faltimos veranos acompa\u00f1ado de la familia y amigos he recorrido casi toda Espa\u00f1a bateando y he conseguido algunas pepitas de considerable tama\u00f1o como la que veis de Navelgas. Si quer\u00e9is escribirme mi correo es <a href=\"mailto:pacomayor@wanadoo.es\">pacomayor@wanadoo.es<\/a><\/p>\n<!-- default-view.php -->\n<div\n\tclass=\"ngg-galleryoverview default-view \n\t\t\"\n\tid=\"ngg-gallery-24818fe0c5d01193b0f11e1665092651-1\">\n\n\t\t<!-- Thumbnails -->\n\t\t\t\t<div id=\"ngg-image-0\" class=\"ngg-gallery-thumbnail-box \n\t\t\t\t\t\t\t\t\t\t\t\" \n\t\t\t>\n\t\t\t\t\t\t<div class=\"ngg-gallery-thumbnail\">\n\t\t\t<a href=\"http:\/\/minval.org\/svm\/wp-content\/gallery\/paco-mayor\/adamita-detalle-mapimi-mexico-encuadre-de-3-cm.jpg\"\n\t\t\t\ttitle=\"Adamita, detalle. Mapimi. M\u00e9xico. encuadre de 3 cm\"\n\t\t\t\tdata-src=\"http:\/\/minval.org\/svm\/wp-content\/gallery\/paco-mayor\/adamita-detalle-mapimi-mexico-encuadre-de-3-cm.jpg\"\n\t\t\t\tdata-thumbnail=\"http:\/\/minval.org\/svm\/wp-content\/gallery\/paco-mayor\/thumbs\/thumbs_adamita-detalle-mapimi-mexico-encuadre-de-3-cm.jpg\"\n\t\t\t\tdata-image-id=\"932\"\n\t\t\t\tdata-title=\"adamita\"\n\t\t\t\tdata-description=\"Adamita, detalle. Mapimi. M\u00e9xico. encuadre de 3 cm\"\n\t\t\t\tdata-image-slug=\"\"\n\t\t\t\tclass=\"ngg-simplelightbox\" rel=\"24818fe0c5d01193b0f11e1665092651\">\n\t\t\t\t<img\n\t\t\t\t\ttitle=\"adamita\"\n\t\t\t\t\talt=\"adamita\"\n\t\t\t\t\tsrc=\"http:\/\/minval.org\/svm\/wp-content\/gallery\/paco-mayor\/thumbs\/thumbs_adamita-detalle-mapimi-mexico-encuadre-de-3-cm.jpg\"\n\t\t\t\t\twidth=\"100\"\n\t\t\t\t\theight=\"75\"\n\t\t\t\t\tstyle=\"max-width:100%;\"\n\t\t\t\t\/>\n\t\t\t<\/a>\n\t\t<\/div>\n\t\t\t\t\t\t\t<\/div> \n\t\t\t\n\t\t\t\t<div id=\"ngg-image-1\" class=\"ngg-gallery-thumbnail-box \n\t\t\t\t\t\t\t\t\t\t\t\" \n\t\t\t>\n\t\t\t\t\t\t<div class=\"ngg-gallery-thumbnail\">\n\t\t\t<a href=\"http:\/\/minval.org\/svm\/wp-content\/gallery\/paco-mayor\/apofilita-verde-encuadre-de-8-cm-poona-india.jpg\"\n\t\t\t\ttitle=\"Apofilita. Poona. India encuadre 8 cm\"\n\t\t\t\tdata-src=\"http:\/\/minval.org\/svm\/wp-content\/gallery\/paco-mayor\/apofilita-verde-encuadre-de-8-cm-poona-india.jpg\"\n\t\t\t\tdata-thumbnail=\"http:\/\/minval.org\/svm\/wp-content\/gallery\/paco-mayor\/thumbs\/thumbs_apofilita-verde-encuadre-de-8-cm-poona-india.jpg\"\n\t\t\t\tdata-image-id=\"933\"\n\t\t\t\tdata-title=\"apofilita\"\n\t\t\t\tdata-description=\"Apofilita. Poona. India encuadre 8 cm\"\n\t\t\t\tdata-image-slug=\"\"\n\t\t\t\tclass=\"ngg-simplelightbox\" rel=\"24818fe0c5d01193b0f11e1665092651\">\n\t\t\t\t<img\n\t\t\t\t\ttitle=\"apofilita\"\n\t\t\t\t\talt=\"apofilita\"\n\t\t\t\t\tsrc=\"http:\/\/minval.org\/svm\/wp-content\/gallery\/paco-mayor\/thumbs\/thumbs_apofilita-verde-encuadre-de-8-cm-poona-india.jpg\"\n\t\t\t\t\twidth=\"100\"\n\t\t\t\t\theight=\"75\"\n\t\t\t\t\tstyle=\"max-width:100%;\"\n\t\t\t\t\/>\n\t\t\t<\/a>\n\t\t<\/div>\n\t\t\t\t\t\t\t<\/div> \n\t\t\t\n\t\t\t\t<div id=\"ngg-image-2\" class=\"ngg-gallery-thumbnail-box \n\t\t\t\t\t\t\t\t\t\t\t\" \n\t\t\t>\n\t\t\t\t\t\t<div class=\"ngg-gallery-thumbnail\">\n\t\t\t<a href=\"http:\/\/minval.org\/svm\/wp-content\/gallery\/paco-mayor\/agata-de-fuego-rio-grande-do-sul-brasil-encuadre-de-8-cm.jpg\"\n\t\t\t\ttitle=\"Agata de fuego. Rio Grande do Sul. Brasil. Encuadre 8 cm\"\n\t\t\t\tdata-src=\"http:\/\/minval.org\/svm\/wp-content\/gallery\/paco-mayor\/agata-de-fuego-rio-grande-do-sul-brasil-encuadre-de-8-cm.jpg\"\n\t\t\t\tdata-thumbnail=\"http:\/\/minval.org\/svm\/wp-content\/gallery\/paco-mayor\/thumbs\/thumbs_agata-de-fuego-rio-grande-do-sul-brasil-encuadre-de-8-cm.jpg\"\n\t\t\t\tdata-image-id=\"934\"\n\t\t\t\tdata-title=\"agata de fuego\"\n\t\t\t\tdata-description=\"Agata de fuego. Rio Grande do Sul. Brasil. Encuadre 8 cm\"\n\t\t\t\tdata-image-slug=\"\"\n\t\t\t\tclass=\"ngg-simplelightbox\" rel=\"24818fe0c5d01193b0f11e1665092651\">\n\t\t\t\t<img\n\t\t\t\t\ttitle=\"agata de fuego\"\n\t\t\t\t\talt=\"agata de fuego\"\n\t\t\t\t\tsrc=\"http:\/\/minval.org\/svm\/wp-content\/gallery\/paco-mayor\/thumbs\/thumbs_agata-de-fuego-rio-grande-do-sul-brasil-encuadre-de-8-cm.jpg\"\n\t\t\t\t\twidth=\"100\"\n\t\t\t\t\theight=\"75\"\n\t\t\t\t\tstyle=\"max-width:100%;\"\n\t\t\t\t\/>\n\t\t\t<\/a>\n\t\t<\/div>\n\t\t\t\t\t\t\t<\/div> \n\t\t\t\n\t\t\t\t<div id=\"ngg-image-3\" class=\"ngg-gallery-thumbnail-box \n\t\t\t\t\t\t\t\t\t\t\t\" \n\t\t\t>\n\t\t\t\t\t\t<div class=\"ngg-gallery-thumbnail\">\n\t\t\t<a href=\"http:\/\/minval.org\/svm\/wp-content\/gallery\/paco-mayor\/aguamarina-con-albita-gilgit-pakistan-encuadre-de-10-cm.jpg\"\n\t\t\t\ttitle=\"Aguamarina con albita. Gildit. Pakist\u00e1n. Encuadre 10 cm\"\n\t\t\t\tdata-src=\"http:\/\/minval.org\/svm\/wp-content\/gallery\/paco-mayor\/aguamarina-con-albita-gilgit-pakistan-encuadre-de-10-cm.jpg\"\n\t\t\t\tdata-thumbnail=\"http:\/\/minval.org\/svm\/wp-content\/gallery\/paco-mayor\/thumbs\/thumbs_aguamarina-con-albita-gilgit-pakistan-encuadre-de-10-cm.jpg\"\n\t\t\t\tdata-image-id=\"935\"\n\t\t\t\tdata-title=\"aguamarina          \"\n\t\t\t\tdata-description=\"Aguamarina con albita. Gildit. Pakist\u00e1n. Encuadre 10 cm\"\n\t\t\t\tdata-image-slug=\"\"\n\t\t\t\tclass=\"ngg-simplelightbox\" rel=\"24818fe0c5d01193b0f11e1665092651\">\n\t\t\t\t<img\n\t\t\t\t\ttitle=\"aguamarina          \"\n\t\t\t\t\talt=\"aguamarina          \"\n\t\t\t\t\tsrc=\"http:\/\/minval.org\/svm\/wp-content\/gallery\/paco-mayor\/thumbs\/thumbs_aguamarina-con-albita-gilgit-pakistan-encuadre-de-10-cm.jpg\"\n\t\t\t\t\twidth=\"100\"\n\t\t\t\t\theight=\"75\"\n\t\t\t\t\tstyle=\"max-width:100%;\"\n\t\t\t\t\/>\n\t\t\t<\/a>\n\t\t<\/div>\n\t\t\t\t\t\t\t<\/div> \n\t\t\t\n\t\t\t\t<div id=\"ngg-image-4\" class=\"ngg-gallery-thumbnail-box \n\t\t\t\t\t\t\t\t\t\t\t\" \n\t\t\t>\n\t\t\t\t\t\t<div class=\"ngg-gallery-thumbnail\">\n\t\t\t<a href=\"http:\/\/minval.org\/svm\/wp-content\/gallery\/paco-mayor\/amazonita-xx-aracuat-minas-gerais-brasil-encuadre-de-5-cm.jpg\"\n\t\t\t\ttitle=\"Amazonita. Arasuai. Minas Geraes. Brasil. Encuadre 5 cm\"\n\t\t\t\tdata-src=\"http:\/\/minval.org\/svm\/wp-content\/gallery\/paco-mayor\/amazonita-xx-aracuat-minas-gerais-brasil-encuadre-de-5-cm.jpg\"\n\t\t\t\tdata-thumbnail=\"http:\/\/minval.org\/svm\/wp-content\/gallery\/paco-mayor\/thumbs\/thumbs_amazonita-xx-aracuat-minas-gerais-brasil-encuadre-de-5-cm.jpg\"\n\t\t\t\tdata-image-id=\"936\"\n\t\t\t\tdata-title=\"amazonita          \"\n\t\t\t\tdata-description=\"Amazonita. Arasuai. Minas Geraes. Brasil. Encuadre 5 cm\"\n\t\t\t\tdata-image-slug=\"\"\n\t\t\t\tclass=\"ngg-simplelightbox\" rel=\"24818fe0c5d01193b0f11e1665092651\">\n\t\t\t\t<img\n\t\t\t\t\ttitle=\"amazonita          \"\n\t\t\t\t\talt=\"amazonita          \"\n\t\t\t\t\tsrc=\"http:\/\/minval.org\/svm\/wp-content\/gallery\/paco-mayor\/thumbs\/thumbs_amazonita-xx-aracuat-minas-gerais-brasil-encuadre-de-5-cm.jpg\"\n\t\t\t\t\twidth=\"100\"\n\t\t\t\t\theight=\"75\"\n\t\t\t\t\tstyle=\"max-width:100%;\"\n\t\t\t\t\/>\n\t\t\t<\/a>\n\t\t<\/div>\n\t\t\t\t\t\t\t<\/div> \n\t\t\t\n\t\t\t\t<div id=\"ngg-image-5\" class=\"ngg-gallery-thumbnail-box \n\t\t\t\t\t\t\t\t\t\t\t\" \n\t\t\t>\n\t\t\t\t\t\t<div class=\"ngg-gallery-thumbnail\">\n\t\t\t<a href=\"http:\/\/minval.org\/svm\/wp-content\/gallery\/paco-mayor\/ambligonita-cristal-de-10-cm-zinwa-hunan-china.jpg\"\n\t\t\t\ttitle=\"Ambiglionita. Hunan. China. Cristal 10 cm\"\n\t\t\t\tdata-src=\"http:\/\/minval.org\/svm\/wp-content\/gallery\/paco-mayor\/ambligonita-cristal-de-10-cm-zinwa-hunan-china.jpg\"\n\t\t\t\tdata-thumbnail=\"http:\/\/minval.org\/svm\/wp-content\/gallery\/paco-mayor\/thumbs\/thumbs_ambligonita-cristal-de-10-cm-zinwa-hunan-china.jpg\"\n\t\t\t\tdata-image-id=\"937\"\n\t\t\t\tdata-title=\"ambligonita\"\n\t\t\t\tdata-description=\"Ambiglionita. Hunan. China. Cristal 10 cm\"\n\t\t\t\tdata-image-slug=\"\"\n\t\t\t\tclass=\"ngg-simplelightbox\" rel=\"24818fe0c5d01193b0f11e1665092651\">\n\t\t\t\t<img\n\t\t\t\t\ttitle=\"ambligonita\"\n\t\t\t\t\talt=\"ambligonita\"\n\t\t\t\t\tsrc=\"http:\/\/minval.org\/svm\/wp-content\/gallery\/paco-mayor\/thumbs\/thumbs_ambligonita-cristal-de-10-cm-zinwa-hunan-china.jpg\"\n\t\t\t\t\twidth=\"100\"\n\t\t\t\t\theight=\"75\"\n\t\t\t\t\tstyle=\"max-width:100%;\"\n\t\t\t\t\/>\n\t\t\t<\/a>\n\t\t<\/div>\n\t\t\t\t\t\t\t<\/div> \n\t\t\t\n\t\t\t\t<div id=\"ngg-image-6\" class=\"ngg-gallery-thumbnail-box \n\t\t\t\t\t\t\t\t\t\t\t\" \n\t\t\t>\n\t\t\t\t\t\t<div class=\"ngg-gallery-thumbnail\">\n\t\t\t<a href=\"http:\/\/minval.org\/svm\/wp-content\/gallery\/paco-mayor\/anglesita-1-linares-jaen-cristal-de-1-cm.jpg\"\n\t\t\t\ttitle=\"Anglesita. Linares. Jaen. Cristal 1 cm\"\n\t\t\t\tdata-src=\"http:\/\/minval.org\/svm\/wp-content\/gallery\/paco-mayor\/anglesita-1-linares-jaen-cristal-de-1-cm.jpg\"\n\t\t\t\tdata-thumbnail=\"http:\/\/minval.org\/svm\/wp-content\/gallery\/paco-mayor\/thumbs\/thumbs_anglesita-1-linares-jaen-cristal-de-1-cm.jpg\"\n\t\t\t\tdata-image-id=\"938\"\n\t\t\t\tdata-title=\"anglesita          \"\n\t\t\t\tdata-description=\"Anglesita. Linares. Jaen. Cristal 1 cm\"\n\t\t\t\tdata-image-slug=\"\"\n\t\t\t\tclass=\"ngg-simplelightbox\" rel=\"24818fe0c5d01193b0f11e1665092651\">\n\t\t\t\t<img\n\t\t\t\t\ttitle=\"anglesita          \"\n\t\t\t\t\talt=\"anglesita          \"\n\t\t\t\t\tsrc=\"http:\/\/minval.org\/svm\/wp-content\/gallery\/paco-mayor\/thumbs\/thumbs_anglesita-1-linares-jaen-cristal-de-1-cm.jpg\"\n\t\t\t\t\twidth=\"100\"\n\t\t\t\t\theight=\"75\"\n\t\t\t\t\tstyle=\"max-width:100%;\"\n\t\t\t\t\/>\n\t\t\t<\/a>\n\t\t<\/div>\n\t\t\t\t\t\t\t<\/div> \n\t\t\t\n\t\n\t<br style=\"clear: both\" \/>\n\n\t\n\t\t<!-- Pagination -->\n\t\t<div class='ngg-clear'><\/div>\t<\/div>\n\n<p><a href=\"http:\/\/minval.org\/svm\/?page_id=190\">Volver a Colecciones<\/a><!--:--><!--:ca--><img loading=\"lazy\" decoding=\"async\" class=\"alignleft\" title=\"Paco Mayor\" src=\"http:\/\/minval.org\/svm\/wp-content\/uploads\/2010\/01\/Paco-Mayor.jpg\" alt=\"Paco Mayor\" width=\"339\" height=\"418\" \/><\/p>\n<div><span style=\"font-family: Times New Roman;\">Hola a tots, el meu nom \u00e9s Paco Major i sempre m&#8217;han agradat els minerals. El que m\u00e9s em divertix \u00e9s anar a picar a on siga i per aix\u00f2 al llarg de la meua vida he aconseguit una extensa i interessant col\u00b7lecci\u00f3, en la que la majoria de les peces han sigut aconseguides per mi. Tamb\u00e9 s\u00f3c un bon batedor d&#8217;or. Els \u00faltims estius acompanyat de la fam\u00edlia i amics he recorregut quasi tota Espanya batent i he aconseguit algunes llavors d&#8217;or de considerable grand\u00e0ria com la que veieu de Navelgas. Si voleu escriure&#8217;m el meu correu \u00e9s pacomayor@wanadoo.es<\/span><\/div>\n<p><span style=\"font-family: Times New Roman;\"><\/p>\n<p align=\"justify\">\u00a0<!-- default-view.php -->\n<div\n\tclass=\"ngg-galleryoverview default-view \n\t\t\"\n\tid=\"ngg-gallery-24818fe0c5d01193b0f11e1665092651-1\">\n\n\t\t<!-- Thumbnails -->\n\t\t\t\t<div id=\"ngg-image-0\" class=\"ngg-gallery-thumbnail-box \n\t\t\t\t\t\t\t\t\t\t\t\" \n\t\t\t>\n\t\t\t\t\t\t<div class=\"ngg-gallery-thumbnail\">\n\t\t\t<a href=\"http:\/\/minval.org\/svm\/wp-content\/gallery\/paco-mayor\/adamita-detalle-mapimi-mexico-encuadre-de-3-cm.jpg\"\n\t\t\t\ttitle=\"Adamita, detalle. Mapimi. M\u00e9xico. encuadre de 3 cm\"\n\t\t\t\tdata-src=\"http:\/\/minval.org\/svm\/wp-content\/gallery\/paco-mayor\/adamita-detalle-mapimi-mexico-encuadre-de-3-cm.jpg\"\n\t\t\t\tdata-thumbnail=\"http:\/\/minval.org\/svm\/wp-content\/gallery\/paco-mayor\/thumbs\/thumbs_adamita-detalle-mapimi-mexico-encuadre-de-3-cm.jpg\"\n\t\t\t\tdata-image-id=\"932\"\n\t\t\t\tdata-title=\"adamita\"\n\t\t\t\tdata-description=\"Adamita, detalle. Mapimi. M\u00e9xico. encuadre de 3 cm\"\n\t\t\t\tdata-image-slug=\"\"\n\t\t\t\tclass=\"ngg-simplelightbox\" rel=\"24818fe0c5d01193b0f11e1665092651\">\n\t\t\t\t<img\n\t\t\t\t\ttitle=\"adamita\"\n\t\t\t\t\talt=\"adamita\"\n\t\t\t\t\tsrc=\"http:\/\/minval.org\/svm\/wp-content\/gallery\/paco-mayor\/thumbs\/thumbs_adamita-detalle-mapimi-mexico-encuadre-de-3-cm.jpg\"\n\t\t\t\t\twidth=\"100\"\n\t\t\t\t\theight=\"75\"\n\t\t\t\t\tstyle=\"max-width:100%;\"\n\t\t\t\t\/>\n\t\t\t<\/a>\n\t\t<\/div>\n\t\t\t\t\t\t\t<\/div> \n\t\t\t\n\t\t\t\t<div id=\"ngg-image-1\" class=\"ngg-gallery-thumbnail-box \n\t\t\t\t\t\t\t\t\t\t\t\" \n\t\t\t>\n\t\t\t\t\t\t<div class=\"ngg-gallery-thumbnail\">\n\t\t\t<a href=\"http:\/\/minval.org\/svm\/wp-content\/gallery\/paco-mayor\/apofilita-verde-encuadre-de-8-cm-poona-india.jpg\"\n\t\t\t\ttitle=\"Apofilita. Poona. India encuadre 8 cm\"\n\t\t\t\tdata-src=\"http:\/\/minval.org\/svm\/wp-content\/gallery\/paco-mayor\/apofilita-verde-encuadre-de-8-cm-poona-india.jpg\"\n\t\t\t\tdata-thumbnail=\"http:\/\/minval.org\/svm\/wp-content\/gallery\/paco-mayor\/thumbs\/thumbs_apofilita-verde-encuadre-de-8-cm-poona-india.jpg\"\n\t\t\t\tdata-image-id=\"933\"\n\t\t\t\tdata-title=\"apofilita\"\n\t\t\t\tdata-description=\"Apofilita. Poona. India encuadre 8 cm\"\n\t\t\t\tdata-image-slug=\"\"\n\t\t\t\tclass=\"ngg-simplelightbox\" rel=\"24818fe0c5d01193b0f11e1665092651\">\n\t\t\t\t<img\n\t\t\t\t\ttitle=\"apofilita\"\n\t\t\t\t\talt=\"apofilita\"\n\t\t\t\t\tsrc=\"http:\/\/minval.org\/svm\/wp-content\/gallery\/paco-mayor\/thumbs\/thumbs_apofilita-verde-encuadre-de-8-cm-poona-india.jpg\"\n\t\t\t\t\twidth=\"100\"\n\t\t\t\t\theight=\"75\"\n\t\t\t\t\tstyle=\"max-width:100%;\"\n\t\t\t\t\/>\n\t\t\t<\/a>\n\t\t<\/div>\n\t\t\t\t\t\t\t<\/div> \n\t\t\t\n\t\t\t\t<div id=\"ngg-image-2\" class=\"ngg-gallery-thumbnail-box \n\t\t\t\t\t\t\t\t\t\t\t\" \n\t\t\t>\n\t\t\t\t\t\t<div class=\"ngg-gallery-thumbnail\">\n\t\t\t<a href=\"http:\/\/minval.org\/svm\/wp-content\/gallery\/paco-mayor\/agata-de-fuego-rio-grande-do-sul-brasil-encuadre-de-8-cm.jpg\"\n\t\t\t\ttitle=\"Agata de fuego. Rio Grande do Sul. Brasil. Encuadre 8 cm\"\n\t\t\t\tdata-src=\"http:\/\/minval.org\/svm\/wp-content\/gallery\/paco-mayor\/agata-de-fuego-rio-grande-do-sul-brasil-encuadre-de-8-cm.jpg\"\n\t\t\t\tdata-thumbnail=\"http:\/\/minval.org\/svm\/wp-content\/gallery\/paco-mayor\/thumbs\/thumbs_agata-de-fuego-rio-grande-do-sul-brasil-encuadre-de-8-cm.jpg\"\n\t\t\t\tdata-image-id=\"934\"\n\t\t\t\tdata-title=\"agata de fuego\"\n\t\t\t\tdata-description=\"Agata de fuego. Rio Grande do Sul. Brasil. Encuadre 8 cm\"\n\t\t\t\tdata-image-slug=\"\"\n\t\t\t\tclass=\"ngg-simplelightbox\" rel=\"24818fe0c5d01193b0f11e1665092651\">\n\t\t\t\t<img\n\t\t\t\t\ttitle=\"agata de fuego\"\n\t\t\t\t\talt=\"agata de fuego\"\n\t\t\t\t\tsrc=\"http:\/\/minval.org\/svm\/wp-content\/gallery\/paco-mayor\/thumbs\/thumbs_agata-de-fuego-rio-grande-do-sul-brasil-encuadre-de-8-cm.jpg\"\n\t\t\t\t\twidth=\"100\"\n\t\t\t\t\theight=\"75\"\n\t\t\t\t\tstyle=\"max-width:100%;\"\n\t\t\t\t\/>\n\t\t\t<\/a>\n\t\t<\/div>\n\t\t\t\t\t\t\t<\/div> \n\t\t\t\n\t\t\t\t<div id=\"ngg-image-3\" class=\"ngg-gallery-thumbnail-box \n\t\t\t\t\t\t\t\t\t\t\t\" \n\t\t\t>\n\t\t\t\t\t\t<div class=\"ngg-gallery-thumbnail\">\n\t\t\t<a href=\"http:\/\/minval.org\/svm\/wp-content\/gallery\/paco-mayor\/aguamarina-con-albita-gilgit-pakistan-encuadre-de-10-cm.jpg\"\n\t\t\t\ttitle=\"Aguamarina con albita. Gildit. Pakist\u00e1n. Encuadre 10 cm\"\n\t\t\t\tdata-src=\"http:\/\/minval.org\/svm\/wp-content\/gallery\/paco-mayor\/aguamarina-con-albita-gilgit-pakistan-encuadre-de-10-cm.jpg\"\n\t\t\t\tdata-thumbnail=\"http:\/\/minval.org\/svm\/wp-content\/gallery\/paco-mayor\/thumbs\/thumbs_aguamarina-con-albita-gilgit-pakistan-encuadre-de-10-cm.jpg\"\n\t\t\t\tdata-image-id=\"935\"\n\t\t\t\tdata-title=\"aguamarina          \"\n\t\t\t\tdata-description=\"Aguamarina con albita. Gildit. Pakist\u00e1n. Encuadre 10 cm\"\n\t\t\t\tdata-image-slug=\"\"\n\t\t\t\tclass=\"ngg-simplelightbox\" rel=\"24818fe0c5d01193b0f11e1665092651\">\n\t\t\t\t<img\n\t\t\t\t\ttitle=\"aguamarina          \"\n\t\t\t\t\talt=\"aguamarina          \"\n\t\t\t\t\tsrc=\"http:\/\/minval.org\/svm\/wp-content\/gallery\/paco-mayor\/thumbs\/thumbs_aguamarina-con-albita-gilgit-pakistan-encuadre-de-10-cm.jpg\"\n\t\t\t\t\twidth=\"100\"\n\t\t\t\t\theight=\"75\"\n\t\t\t\t\tstyle=\"max-width:100%;\"\n\t\t\t\t\/>\n\t\t\t<\/a>\n\t\t<\/div>\n\t\t\t\t\t\t\t<\/div> \n\t\t\t\n\t\t\t\t<div id=\"ngg-image-4\" class=\"ngg-gallery-thumbnail-box \n\t\t\t\t\t\t\t\t\t\t\t\" \n\t\t\t>\n\t\t\t\t\t\t<div class=\"ngg-gallery-thumbnail\">\n\t\t\t<a href=\"http:\/\/minval.org\/svm\/wp-content\/gallery\/paco-mayor\/amazonita-xx-aracuat-minas-gerais-brasil-encuadre-de-5-cm.jpg\"\n\t\t\t\ttitle=\"Amazonita. Arasuai. Minas Geraes. Brasil. Encuadre 5 cm\"\n\t\t\t\tdata-src=\"http:\/\/minval.org\/svm\/wp-content\/gallery\/paco-mayor\/amazonita-xx-aracuat-minas-gerais-brasil-encuadre-de-5-cm.jpg\"\n\t\t\t\tdata-thumbnail=\"http:\/\/minval.org\/svm\/wp-content\/gallery\/paco-mayor\/thumbs\/thumbs_amazonita-xx-aracuat-minas-gerais-brasil-encuadre-de-5-cm.jpg\"\n\t\t\t\tdata-image-id=\"936\"\n\t\t\t\tdata-title=\"amazonita          \"\n\t\t\t\tdata-description=\"Amazonita. Arasuai. Minas Geraes. Brasil. Encuadre 5 cm\"\n\t\t\t\tdata-image-slug=\"\"\n\t\t\t\tclass=\"ngg-simplelightbox\" rel=\"24818fe0c5d01193b0f11e1665092651\">\n\t\t\t\t<img\n\t\t\t\t\ttitle=\"amazonita          \"\n\t\t\t\t\talt=\"amazonita          \"\n\t\t\t\t\tsrc=\"http:\/\/minval.org\/svm\/wp-content\/gallery\/paco-mayor\/thumbs\/thumbs_amazonita-xx-aracuat-minas-gerais-brasil-encuadre-de-5-cm.jpg\"\n\t\t\t\t\twidth=\"100\"\n\t\t\t\t\theight=\"75\"\n\t\t\t\t\tstyle=\"max-width:100%;\"\n\t\t\t\t\/>\n\t\t\t<\/a>\n\t\t<\/div>\n\t\t\t\t\t\t\t<\/div> \n\t\t\t\n\t\t\t\t<div id=\"ngg-image-5\" class=\"ngg-gallery-thumbnail-box \n\t\t\t\t\t\t\t\t\t\t\t\" \n\t\t\t>\n\t\t\t\t\t\t<div class=\"ngg-gallery-thumbnail\">\n\t\t\t<a href=\"http:\/\/minval.org\/svm\/wp-content\/gallery\/paco-mayor\/ambligonita-cristal-de-10-cm-zinwa-hunan-china.jpg\"\n\t\t\t\ttitle=\"Ambiglionita. Hunan. China. Cristal 10 cm\"\n\t\t\t\tdata-src=\"http:\/\/minval.org\/svm\/wp-content\/gallery\/paco-mayor\/ambligonita-cristal-de-10-cm-zinwa-hunan-china.jpg\"\n\t\t\t\tdata-thumbnail=\"http:\/\/minval.org\/svm\/wp-content\/gallery\/paco-mayor\/thumbs\/thumbs_ambligonita-cristal-de-10-cm-zinwa-hunan-china.jpg\"\n\t\t\t\tdata-image-id=\"937\"\n\t\t\t\tdata-title=\"ambligonita\"\n\t\t\t\tdata-description=\"Ambiglionita. Hunan. China. Cristal 10 cm\"\n\t\t\t\tdata-image-slug=\"\"\n\t\t\t\tclass=\"ngg-simplelightbox\" rel=\"24818fe0c5d01193b0f11e1665092651\">\n\t\t\t\t<img\n\t\t\t\t\ttitle=\"ambligonita\"\n\t\t\t\t\talt=\"ambligonita\"\n\t\t\t\t\tsrc=\"http:\/\/minval.org\/svm\/wp-content\/gallery\/paco-mayor\/thumbs\/thumbs_ambligonita-cristal-de-10-cm-zinwa-hunan-china.jpg\"\n\t\t\t\t\twidth=\"100\"\n\t\t\t\t\theight=\"75\"\n\t\t\t\t\tstyle=\"max-width:100%;\"\n\t\t\t\t\/>\n\t\t\t<\/a>\n\t\t<\/div>\n\t\t\t\t\t\t\t<\/div> \n\t\t\t\n\t\t\t\t<div id=\"ngg-image-6\" class=\"ngg-gallery-thumbnail-box \n\t\t\t\t\t\t\t\t\t\t\t\" \n\t\t\t>\n\t\t\t\t\t\t<div class=\"ngg-gallery-thumbnail\">\n\t\t\t<a href=\"http:\/\/minval.org\/svm\/wp-content\/gallery\/paco-mayor\/anglesita-1-linares-jaen-cristal-de-1-cm.jpg\"\n\t\t\t\ttitle=\"Anglesita. Linares. Jaen. Cristal 1 cm\"\n\t\t\t\tdata-src=\"http:\/\/minval.org\/svm\/wp-content\/gallery\/paco-mayor\/anglesita-1-linares-jaen-cristal-de-1-cm.jpg\"\n\t\t\t\tdata-thumbnail=\"http:\/\/minval.org\/svm\/wp-content\/gallery\/paco-mayor\/thumbs\/thumbs_anglesita-1-linares-jaen-cristal-de-1-cm.jpg\"\n\t\t\t\tdata-image-id=\"938\"\n\t\t\t\tdata-title=\"anglesita          \"\n\t\t\t\tdata-description=\"Anglesita. Linares. Jaen. Cristal 1 cm\"\n\t\t\t\tdata-image-slug=\"\"\n\t\t\t\tclass=\"ngg-simplelightbox\" rel=\"24818fe0c5d01193b0f11e1665092651\">\n\t\t\t\t<img\n\t\t\t\t\ttitle=\"anglesita          \"\n\t\t\t\t\talt=\"anglesita          \"\n\t\t\t\t\tsrc=\"http:\/\/minval.org\/svm\/wp-content\/gallery\/paco-mayor\/thumbs\/thumbs_anglesita-1-linares-jaen-cristal-de-1-cm.jpg\"\n\t\t\t\t\twidth=\"100\"\n\t\t\t\t\theight=\"75\"\n\t\t\t\t\tstyle=\"max-width:100%;\"\n\t\t\t\t\/>\n\t\t\t<\/a>\n\t\t<\/div>\n\t\t\t\t\t\t\t<\/div> \n\t\t\t\n\t\n\t<br style=\"clear: both\" \/>\n\n\t\n\t\t<!-- Pagination -->\n\t\t<div class='ngg-clear'><\/div>\t<\/div>\n<\/p>\n<p align=\"justify\"><a href=\"http:\/\/minval.org\/svm\/?page_id=190\">Tornar a Col\u00b7leccions<\/a><\/p>\n<p><\/span><!--:--><\/p>\n","protected":false},"excerpt":{"rendered":"<p>Hola a todos, mi nombre es Paco Mayor y siempre me han gustado los minerales. Lo que m\u00e1s me divierte es ir a picar a donde sea y por eso a lo largo de mi vida he conseguido una extensa&#8230;<\/p>\n","protected":false},"author":2,"featured_media":0,"comment_status":"closed","ping_status":"closed","sticky":false,"template":"","format":"standard","meta":{"ngg_post_thumbnail":0,"footnotes":""},"categories":[5],"tags":[],"_links":{"self":[{"href":"http:\/\/minval.org\/svm\/index.php?rest_route=\/wp\/v2\/posts\/2750"}],"collection":[{"href":"http:\/\/minval.org\/svm\/index.php?rest_route=\/wp\/v2\/posts"}],"about":[{"href":"http:\/\/minval.org\/svm\/index.php?rest_route=\/wp\/v2\/types\/post"}],"author":[{"embeddable":true,"href":"http:\/\/minval.org\/svm\/index.php?rest_route=\/wp\/v2\/users\/2"}],"replies":[{"embeddable":true,"href":"http:\/\/minval.org\/svm\/index.php?rest_route=%2Fwp%2Fv2%2Fcomments&post=2750"}],"version-history":[{"count":0,"href":"http:\/\/minval.org\/svm\/index.php?rest_route=\/wp\/v2\/posts\/2750\/revisions"}],"wp:attachment":[{"href":"http:\/\/minval.org\/svm\/index.php?rest_route=%2Fwp%2Fv2%2Fmedia&parent=2750"}],"wp:term":[{"taxonomy":"category","embeddable":true,"href":"http:\/\/minval.org\/svm\/index.php?rest_route=%2Fwp%2Fv2%2Fcategories&post=2750"},{"taxonomy":"post_tag","embeddable":true,"href":"http:\/\/minval.org\/svm\/index.php?rest_route=%2Fwp%2Fv2%2Ftags&post=2750"}],"curies":[{"name":"wp","href":"https:\/\/api.w.org\/{rel}","templated":true}]}}