{"id":2784,"date":"2009-08-13T01:04:51","date_gmt":"2009-08-12T23:04:51","guid":{"rendered":"http:\/\/minval.org\/wp2\/?p=21"},"modified":"2009-08-13T01:04:51","modified_gmt":"2009-08-12T23:04:51","slug":"jornada-mineralogica-festiva-de-la-societat-valenciana-de-mineralogia","status":"publish","type":"post","link":"http:\/\/minval.org\/svm\/?p=2784","title":{"rendered":"Jornada mineral\u00f3gica-festiva de la Societat Valenciana de Mineralogia"},"content":{"rendered":"<p><!--:es--><\/p>\n<p style=\"text-align: justify;\">El domingo d\u00eda 11 de mayo de 2008, nos reunimos en Tor\u00e1s y Soneja miembros de la Societat Valenciana de Mineralogia, acompa\u00f1ados de familiares y amigos, para compartir informaciones, minerales y afici\u00f3n. A pesar del tiempo, que fue generoso en agua por el litoral, fuimos 90 personas las que estuvimos comiendo en la Casa de la Cultura de Soneja.<\/p>\n<p style=\"text-align: justify;\">Con nosotros, la lluvia tuvo un comportamiento respetuoso y se mostr\u00f3 s\u00f3lo en los momentos en que est\u00e1bamos a cubierto.<\/p>\n<p style=\"text-align: justify;\">Entre las 10 y 10:30 fuimos llegando a Tor\u00e1s, donde almorzamos (algunos). Los compa\u00f1eros de Alicante fueron de los primeros en llegar, a pesar de las contingencias meteorol\u00f3gicas adversas que tuvieron que superar.<\/p>\n<p style=\"text-align: justify;\">A las 10:30, con un tiempo magn\u00edfico fuimos a la cantera de Los Arenales de Tor\u00e1s, all\u00ed estuvimos cogiendo clinozoisita, circ\u00f3n, talco, magnetita, aerinita, oligoclasa, biotita, hematites, natrolita, pirita, tinatita, etc. Estuvimos hasta las 13 horas en que empezaron a caer algunas gotas.<\/p>\n<p style=\"text-align: justify;\">Desde Tor\u00e1s nos trasladamos al paraje de Las Fuentes de Soneja, magn\u00edfico lugar al lado del r\u00edo Palancia, donde en un principio estaba previsto realizar la comida. All\u00ed los restauradores y ayudantes de cocina, bajo la direcci\u00f3n de Ram\u00f3n L\u00f3pez, elaboraron dos paellas de 50 plazas.<\/p>\n<p style=\"text-align: justify;\">A las 14 horas nos concentramos en la Casa de la Cultura de Soneja para comer. Primero hicimos un aperitivo y luego degustamos las paellas, de las que no qued\u00f3 casi nada. Despu\u00e9s hubo un concurso al mejor mineral, recogido por los ni\u00f1os y ni\u00f1as en la cantera. Hubo seis premios, siendo el presidente del jurado Paco Mayor. Seguidamente se hizo el intercambio de minerales y a partir de las 16:30 fimos a visitar, en grupos de 20 personas el Museo del yeso, que nos ense\u00f1\u00f3 la concejala de Cultura acompa\u00f1ada de otros miembros de la corporaci\u00f3n, donde prepararon un taller para los ni\u00f1os y ni\u00f1as que tuvo gran aceptaci\u00f3n.<\/p>\n<p style=\"text-align: justify;\">Daba gusto ver tanta gente venida desde lugares tan alejados como Tarragona, Alicante y Murcia, para compartir unos momentos de afici\u00f3n y compa\u00f1erismo. Fueron momentos muy agradables, de ver a amigos con los que hac\u00eda tiempo no coincid\u00edas y de hacer otros nuevos, de invitaciones, de generosidad, de informaciones, de felicitaciones, de comprender que en el mundo de los minerales hay muchas personas, con toda la extensi\u00f3n de la palabra, sanas, positivas y divertidas con las que es vale la pena pasar unas horas. Los organizadores queremos agradeceros vuestro esfuerzo por venir, con ello, todos los trabajos, viajes y horas que emplemos en la preparaci\u00f3n, quedaron compensados.<\/p>\n<p style=\"text-align: justify;\">Queremos reconocer a las autoridades de Tor\u00e1s y Soneja, las facilidades que nos han dado para realizar esta jornada, sobre todo a las de la \u00faltima ciudad, que se han ocupado de buscar las sillas y mesas, trasladarlas de un lugar a otro una vez se confirmaron las inclemencias meteorol\u00f3gicas, cedernos los lugares de reuni\u00f3n, pasar la tarde del domingo ense\u00f1\u00e1ndonos el Museo y realizando un taller para los m\u00e1s j\u00f3venes.<\/p>\n<p style=\"text-align: justify;\">\u00a1Muchas gracias!<\/p>\n<p style=\"text-align: justify;\"><img loading=\"lazy\" decoding=\"async\" class=\"aligncenter\" title=\"Soneja Tor\u00e1s\" src=\"http:\/\/www.minval.org\/F_jornada\/Jornada110508G9.jpg\" alt=\"\" width=\"800\" height=\"600\" \/><\/p>\n<p><!--:--><!--:ca--><\/p>\n<p><!--:--><!--:en--><\/p>\n<p><!--:--><\/p>\n","protected":false},"excerpt":{"rendered":"<p>El domingo d\u00eda 11 de mayo de 2008, nos reunimos en Tor\u00e1s y Soneja miembros de la Societat Valenciana de Mineralogia, acompa\u00f1ados de familiares y amigos, para compartir informaciones, minerales y afici\u00f3n. A pesar del tiempo, que fue generoso en&#8230;<\/p>\n","protected":false},"author":1,"featured_media":0,"comment_status":"open","ping_status":"open","sticky":false,"template":"","format":"standard","meta":{"ngg_post_thumbnail":0,"footnotes":""},"categories":[5],"tags":[],"_links":{"self":[{"href":"http:\/\/minval.org\/svm\/index.php?rest_route=\/wp\/v2\/posts\/2784"}],"collection":[{"href":"http:\/\/minval.org\/svm\/index.php?rest_route=\/wp\/v2\/posts"}],"about":[{"href":"http:\/\/minval.org\/svm\/index.php?rest_route=\/wp\/v2\/types\/post"}],"author":[{"embeddable":true,"href":"http:\/\/minval.org\/svm\/index.php?rest_route=\/wp\/v2\/users\/1"}],"replies":[{"embeddable":true,"href":"http:\/\/minval.org\/svm\/index.php?rest_route=%2Fwp%2Fv2%2Fcomments&post=2784"}],"version-history":[{"count":0,"href":"http:\/\/minval.org\/svm\/index.php?rest_route=\/wp\/v2\/posts\/2784\/revisions"}],"wp:attachment":[{"href":"http:\/\/minval.org\/svm\/index.php?rest_route=%2Fwp%2Fv2%2Fmedia&parent=2784"}],"wp:term":[{"taxonomy":"category","embeddable":true,"href":"http:\/\/minval.org\/svm\/index.php?rest_route=%2Fwp%2Fv2%2Fcategories&post=2784"},{"taxonomy":"post_tag","embeddable":true,"href":"http:\/\/minval.org\/svm\/index.php?rest_route=%2Fwp%2Fv2%2Ftags&post=2784"}],"curies":[{"name":"wp","href":"https:\/\/api.w.org\/{rel}","templated":true}]}}