{"id":2794,"date":"2010-03-03T20:16:52","date_gmt":"2010-03-03T18:16:52","guid":{"rendered":"http:\/\/minval.org\/svm\/?p=2794"},"modified":"2010-03-03T20:16:52","modified_gmt":"2010-03-03T18:16:52","slug":"xxiii-feria-de-minerales-de-castellon","status":"publish","type":"post","link":"http:\/\/minval.org\/svm\/?p=2794","title":{"rendered":"XXIII Fira de minerals de Castell\u00f3"},"content":{"rendered":"<p><!--:es--><!-- default-view.php -->\n<div\n\tclass=\"ngg-galleryoverview default-view \n\t\t\"\n\tid=\"ngg-gallery-e89e15a8ffcec4ecc3f0509128a7ae41-1\">\n\n\t\t<!-- Thumbnails -->\n\t\t\t\t<div id=\"ngg-image-0\" class=\"ngg-gallery-thumbnail-box \n\t\t\t\t\t\t\t\t\t\t\t\" \n\t\t\t>\n\t\t\t\t\t\t<div class=\"ngg-gallery-thumbnail\">\n\t\t\t<a href=\"http:\/\/minval.org\/svm\/wp-content\/gallery\/fira-2010\/1.jpg\"\n\t\t\t\ttitle=\"XXIII Feria de Minerales de Castell\u00f3n\"\n\t\t\t\tdata-src=\"http:\/\/minval.org\/svm\/wp-content\/gallery\/fira-2010\/1.jpg\"\n\t\t\t\tdata-thumbnail=\"http:\/\/minval.org\/svm\/wp-content\/gallery\/fira-2010\/thumbs\/thumbs_1.jpg\"\n\t\t\t\tdata-image-id=\"942\"\n\t\t\t\tdata-title=\"Cartel\"\n\t\t\t\tdata-description=\"XXIII Feria de Minerales de Castell\u00f3n\"\n\t\t\t\tdata-image-slug=\"\"\n\t\t\t\tclass=\"ngg-simplelightbox\" rel=\"e89e15a8ffcec4ecc3f0509128a7ae41\">\n\t\t\t\t<img\n\t\t\t\t\ttitle=\"Cartel\"\n\t\t\t\t\talt=\"Cartel\"\n\t\t\t\t\tsrc=\"http:\/\/minval.org\/svm\/wp-content\/gallery\/fira-2010\/thumbs\/thumbs_1.jpg\"\n\t\t\t\t\twidth=\"100\"\n\t\t\t\t\theight=\"75\"\n\t\t\t\t\tstyle=\"max-width:100%;\"\n\t\t\t\t\/>\n\t\t\t<\/a>\n\t\t<\/div>\n\t\t\t\t\t\t\t<\/div> \n\t\t\t\n\t\t\t\t<div id=\"ngg-image-1\" class=\"ngg-gallery-thumbnail-box \n\t\t\t\t\t\t\t\t\t\t\t\" \n\t\t\t>\n\t\t\t\t\t\t<div class=\"ngg-gallery-thumbnail\">\n\t\t\t<a href=\"http:\/\/minval.org\/svm\/wp-content\/gallery\/fira-2010\/2.jpg\"\n\t\t\t\ttitle=\"Presentaci\u00f3n de la feria a los medios de comunicaci\u00f3n\"\n\t\t\t\tdata-src=\"http:\/\/minval.org\/svm\/wp-content\/gallery\/fira-2010\/2.jpg\"\n\t\t\t\tdata-thumbnail=\"http:\/\/minval.org\/svm\/wp-content\/gallery\/fira-2010\/thumbs\/thumbs_2.jpg\"\n\t\t\t\tdata-image-id=\"945\"\n\t\t\t\tdata-title=\"Presentaci\u00f3n\"\n\t\t\t\tdata-description=\"Presentaci\u00f3n de la feria a los medios de comunicaci\u00f3n\"\n\t\t\t\tdata-image-slug=\"\"\n\t\t\t\tclass=\"ngg-simplelightbox\" rel=\"e89e15a8ffcec4ecc3f0509128a7ae41\">\n\t\t\t\t<img\n\t\t\t\t\ttitle=\"Presentaci\u00f3n\"\n\t\t\t\t\talt=\"Presentaci\u00f3n\"\n\t\t\t\t\tsrc=\"http:\/\/minval.org\/svm\/wp-content\/gallery\/fira-2010\/thumbs\/thumbs_2.jpg\"\n\t\t\t\t\twidth=\"100\"\n\t\t\t\t\theight=\"75\"\n\t\t\t\t\tstyle=\"max-width:100%;\"\n\t\t\t\t\/>\n\t\t\t<\/a>\n\t\t<\/div>\n\t\t\t\t\t\t\t<\/div> \n\t\t\t\n\t\t\t\t<div id=\"ngg-image-2\" class=\"ngg-gallery-thumbnail-box \n\t\t\t\t\t\t\t\t\t\t\t\" \n\t\t\t>\n\t\t\t\t\t\t<div class=\"ngg-gallery-thumbnail\">\n\t\t\t<a href=\"http:\/\/minval.org\/svm\/wp-content\/gallery\/fira-2010\/3.jpg\"\n\t\t\t\ttitle=\"Presentaci\u00f3n en el Museo del IES F. Ribalta de Castell\u00f3n\"\n\t\t\t\tdata-src=\"http:\/\/minval.org\/svm\/wp-content\/gallery\/fira-2010\/3.jpg\"\n\t\t\t\tdata-thumbnail=\"http:\/\/minval.org\/svm\/wp-content\/gallery\/fira-2010\/thumbs\/thumbs_3.jpg\"\n\t\t\t\tdata-image-id=\"946\"\n\t\t\t\tdata-title=\"Presentaci\u00f3n\"\n\t\t\t\tdata-description=\"Presentaci\u00f3n en el Museo del IES F. Ribalta de Castell\u00f3n\"\n\t\t\t\tdata-image-slug=\"\"\n\t\t\t\tclass=\"ngg-simplelightbox\" rel=\"e89e15a8ffcec4ecc3f0509128a7ae41\">\n\t\t\t\t<img\n\t\t\t\t\ttitle=\"Presentaci\u00f3n\"\n\t\t\t\t\talt=\"Presentaci\u00f3n\"\n\t\t\t\t\tsrc=\"http:\/\/minval.org\/svm\/wp-content\/gallery\/fira-2010\/thumbs\/thumbs_3.jpg\"\n\t\t\t\t\twidth=\"100\"\n\t\t\t\t\theight=\"75\"\n\t\t\t\t\tstyle=\"max-width:100%;\"\n\t\t\t\t\/>\n\t\t\t<\/a>\n\t\t<\/div>\n\t\t\t\t\t\t\t<\/div> \n\t\t\t\n\t\t\t\t<div id=\"ngg-image-3\" class=\"ngg-gallery-thumbnail-box \n\t\t\t\t\t\t\t\t\t\t\t\" \n\t\t\t>\n\t\t\t\t\t\t<div class=\"ngg-gallery-thumbnail\">\n\t\t\t<a href=\"http:\/\/minval.org\/svm\/wp-content\/gallery\/fira-2010\/4.jpg\"\n\t\t\t\ttitle=\"Inauguraci\u00f3n de la feria el d\u00eda 27 a las 11 de la ma\u00f1ana\"\n\t\t\t\tdata-src=\"http:\/\/minval.org\/svm\/wp-content\/gallery\/fira-2010\/4.jpg\"\n\t\t\t\tdata-thumbnail=\"http:\/\/minval.org\/svm\/wp-content\/gallery\/fira-2010\/thumbs\/thumbs_4.jpg\"\n\t\t\t\tdata-image-id=\"947\"\n\t\t\t\tdata-title=\"Inauguraci\u00f3n\"\n\t\t\t\tdata-description=\"Inauguraci\u00f3n de la feria el d\u00eda 27 a las 11 de la ma\u00f1ana\"\n\t\t\t\tdata-image-slug=\"\"\n\t\t\t\tclass=\"ngg-simplelightbox\" rel=\"e89e15a8ffcec4ecc3f0509128a7ae41\">\n\t\t\t\t<img\n\t\t\t\t\ttitle=\"Inauguraci\u00f3n\"\n\t\t\t\t\talt=\"Inauguraci\u00f3n\"\n\t\t\t\t\tsrc=\"http:\/\/minval.org\/svm\/wp-content\/gallery\/fira-2010\/thumbs\/thumbs_4.jpg\"\n\t\t\t\t\twidth=\"100\"\n\t\t\t\t\theight=\"75\"\n\t\t\t\t\tstyle=\"max-width:100%;\"\n\t\t\t\t\/>\n\t\t\t<\/a>\n\t\t<\/div>\n\t\t\t\t\t\t\t<\/div> \n\t\t\t\n\t\t\t\t<div id=\"ngg-image-4\" class=\"ngg-gallery-thumbnail-box \n\t\t\t\t\t\t\t\t\t\t\t\" \n\t\t\t>\n\t\t\t\t\t\t<div class=\"ngg-gallery-thumbnail\">\n\t\t\t<a href=\"http:\/\/minval.org\/svm\/wp-content\/gallery\/fira-2010\/5.jpg\"\n\t\t\t\ttitle=\"Visita de las autoridades a los 32 estands de la feria \"\n\t\t\t\tdata-src=\"http:\/\/minval.org\/svm\/wp-content\/gallery\/fira-2010\/5.jpg\"\n\t\t\t\tdata-thumbnail=\"http:\/\/minval.org\/svm\/wp-content\/gallery\/fira-2010\/thumbs\/thumbs_5.jpg\"\n\t\t\t\tdata-image-id=\"948\"\n\t\t\t\tdata-title=\"Visita\"\n\t\t\t\tdata-description=\"Visita de las autoridades a los 32 estands de la feria \"\n\t\t\t\tdata-image-slug=\"\"\n\t\t\t\tclass=\"ngg-simplelightbox\" rel=\"e89e15a8ffcec4ecc3f0509128a7ae41\">\n\t\t\t\t<img\n\t\t\t\t\ttitle=\"Visita\"\n\t\t\t\t\talt=\"Visita\"\n\t\t\t\t\tsrc=\"http:\/\/minval.org\/svm\/wp-content\/gallery\/fira-2010\/thumbs\/thumbs_5.jpg\"\n\t\t\t\t\twidth=\"99\"\n\t\t\t\t\theight=\"75\"\n\t\t\t\t\tstyle=\"max-width:100%;\"\n\t\t\t\t\/>\n\t\t\t<\/a>\n\t\t<\/div>\n\t\t\t\t\t\t\t<\/div> \n\t\t\t\n\t\t\t\t<div id=\"ngg-image-5\" class=\"ngg-gallery-thumbnail-box \n\t\t\t\t\t\t\t\t\t\t\t\" \n\t\t\t>\n\t\t\t\t\t\t<div class=\"ngg-gallery-thumbnail\">\n\t\t\t<a href=\"http:\/\/minval.org\/svm\/wp-content\/gallery\/fira-2010\/6.jpg\"\n\t\t\t\ttitle=\"Estand de Adri\u00e1n Pesudo en el que se expon\u00edan minerales de nuestra Comunidad. Tambi\u00e9n se pod\u00edan encontrar en los de Rafa y Honorio, Juli\u00e1n Mart\u00ednez, Jos\u00e9 Ram\u00f3n Pastor y Jos\u00e9 Antonio D\u00edaz\"\n\t\t\t\tdata-src=\"http:\/\/minval.org\/svm\/wp-content\/gallery\/fira-2010\/6.jpg\"\n\t\t\t\tdata-thumbnail=\"http:\/\/minval.org\/svm\/wp-content\/gallery\/fira-2010\/thumbs\/thumbs_6.jpg\"\n\t\t\t\tdata-image-id=\"949\"\n\t\t\t\tdata-title=\"Expositor de Adri\u00e1n Pesudo\"\n\t\t\t\tdata-description=\"Estand de Adri\u00e1n Pesudo en el que se expon\u00edan minerales de nuestra Comunidad. Tambi\u00e9n se pod\u00edan encontrar en los de Rafa y Honorio, Juli\u00e1n Mart\u00ednez, Jos\u00e9 Ram\u00f3n Pastor y Jos\u00e9 Antonio D\u00edaz\"\n\t\t\t\tdata-image-slug=\"\"\n\t\t\t\tclass=\"ngg-simplelightbox\" rel=\"e89e15a8ffcec4ecc3f0509128a7ae41\">\n\t\t\t\t<img\n\t\t\t\t\ttitle=\"Expositor de Adri\u00e1n Pesudo\"\n\t\t\t\t\talt=\"Expositor de Adri\u00e1n Pesudo\"\n\t\t\t\t\tsrc=\"http:\/\/minval.org\/svm\/wp-content\/gallery\/fira-2010\/thumbs\/thumbs_6.jpg\"\n\t\t\t\t\twidth=\"99\"\n\t\t\t\t\theight=\"75\"\n\t\t\t\t\tstyle=\"max-width:100%;\"\n\t\t\t\t\/>\n\t\t\t<\/a>\n\t\t<\/div>\n\t\t\t\t\t\t\t<\/div> \n\t\t\t\n\t\t\t\t<div id=\"ngg-image-6\" class=\"ngg-gallery-thumbnail-box \n\t\t\t\t\t\t\t\t\t\t\t\" \n\t\t\t>\n\t\t\t\t\t\t<div class=\"ngg-gallery-thumbnail\">\n\t\t\t<a href=\"http:\/\/minval.org\/svm\/wp-content\/gallery\/fira-2010\/7.jpg\"\n\t\t\t\ttitle=\"Expositores de Jos\u00e9 Ram\u00f3n Pastor y Jos\u00e9 Antonio D\u00edaz. En este \u00faltimo se expusieron novedades como rosas de yeso y teruelitas de Gestalgar y maravillosas pi\u00f1as de aragonitos in matrix de Camporrobles\"\n\t\t\t\tdata-src=\"http:\/\/minval.org\/svm\/wp-content\/gallery\/fira-2010\/7.jpg\"\n\t\t\t\tdata-thumbnail=\"http:\/\/minval.org\/svm\/wp-content\/gallery\/fira-2010\/thumbs\/thumbs_7.jpg\"\n\t\t\t\tdata-image-id=\"955\"\n\t\t\t\tdata-title=\"Minerales valencianos\"\n\t\t\t\tdata-description=\"Expositores de Jos\u00e9 Ram\u00f3n Pastor y Jos\u00e9 Antonio D\u00edaz. En este \u00faltimo se expusieron novedades como rosas de yeso y teruelitas de Gestalgar y maravillosas pi\u00f1as de aragonitos in matrix de Camporrobles\"\n\t\t\t\tdata-image-slug=\"\"\n\t\t\t\tclass=\"ngg-simplelightbox\" rel=\"e89e15a8ffcec4ecc3f0509128a7ae41\">\n\t\t\t\t<img\n\t\t\t\t\ttitle=\"Minerales valencianos\"\n\t\t\t\t\talt=\"Minerales valencianos\"\n\t\t\t\t\tsrc=\"http:\/\/minval.org\/svm\/wp-content\/gallery\/fira-2010\/thumbs\/thumbs_7.jpg\"\n\t\t\t\t\twidth=\"100\"\n\t\t\t\t\theight=\"75\"\n\t\t\t\t\tstyle=\"max-width:100%;\"\n\t\t\t\t\/>\n\t\t\t<\/a>\n\t\t<\/div>\n\t\t\t\t\t\t\t<\/div> \n\t\t\t\n\t\t\t\t<div id=\"ngg-image-7\" class=\"ngg-gallery-thumbnail-box \n\t\t\t\t\t\t\t\t\t\t\t\" \n\t\t\t>\n\t\t\t\t\t\t<div class=\"ngg-gallery-thumbnail\">\n\t\t\t<a href=\"http:\/\/minval.org\/svm\/wp-content\/gallery\/fira-2010\/7a.jpg\"\n\t\t\t\ttitle=\"Pi\u00f1a de aragonito de Camporrobles\"\n\t\t\t\tdata-src=\"http:\/\/minval.org\/svm\/wp-content\/gallery\/fira-2010\/7a.jpg\"\n\t\t\t\tdata-thumbnail=\"http:\/\/minval.org\/svm\/wp-content\/gallery\/fira-2010\/thumbs\/thumbs_7a.jpg\"\n\t\t\t\tdata-image-id=\"956\"\n\t\t\t\tdata-title=\"Aragonito\"\n\t\t\t\tdata-description=\"Pi\u00f1a de aragonito de Camporrobles\"\n\t\t\t\tdata-image-slug=\"\"\n\t\t\t\tclass=\"ngg-simplelightbox\" rel=\"e89e15a8ffcec4ecc3f0509128a7ae41\">\n\t\t\t\t<img\n\t\t\t\t\ttitle=\"Aragonito\"\n\t\t\t\t\talt=\"Aragonito\"\n\t\t\t\t\tsrc=\"http:\/\/minval.org\/svm\/wp-content\/gallery\/fira-2010\/thumbs\/thumbs_7a.jpg\"\n\t\t\t\t\twidth=\"96\"\n\t\t\t\t\theight=\"75\"\n\t\t\t\t\tstyle=\"max-width:100%;\"\n\t\t\t\t\/>\n\t\t\t<\/a>\n\t\t<\/div>\n\t\t\t\t\t\t\t<\/div> \n\t\t\t\n\t\t\t\t<div id=\"ngg-image-8\" class=\"ngg-gallery-thumbnail-box \n\t\t\t\t\t\t\t\t\t\t\t\" \n\t\t\t>\n\t\t\t\t\t\t<div class=\"ngg-gallery-thumbnail\">\n\t\t\t<a href=\"http:\/\/minval.org\/svm\/wp-content\/gallery\/fira-2010\/7b.jpg\"\n\t\t\t\ttitle=\"Rosa de yeso de Gestalgar\"\n\t\t\t\tdata-src=\"http:\/\/minval.org\/svm\/wp-content\/gallery\/fira-2010\/7b.jpg\"\n\t\t\t\tdata-thumbnail=\"http:\/\/minval.org\/svm\/wp-content\/gallery\/fira-2010\/thumbs\/thumbs_7b.jpg\"\n\t\t\t\tdata-image-id=\"957\"\n\t\t\t\tdata-title=\"Rosa de yeso\"\n\t\t\t\tdata-description=\"Rosa de yeso de Gestalgar\"\n\t\t\t\tdata-image-slug=\"\"\n\t\t\t\tclass=\"ngg-simplelightbox\" rel=\"e89e15a8ffcec4ecc3f0509128a7ae41\">\n\t\t\t\t<img\n\t\t\t\t\ttitle=\"Rosa de yeso\"\n\t\t\t\t\talt=\"Rosa de yeso\"\n\t\t\t\t\tsrc=\"http:\/\/minval.org\/svm\/wp-content\/gallery\/fira-2010\/thumbs\/thumbs_7b.jpg\"\n\t\t\t\t\twidth=\"96\"\n\t\t\t\t\theight=\"75\"\n\t\t\t\t\tstyle=\"max-width:100%;\"\n\t\t\t\t\/>\n\t\t\t<\/a>\n\t\t<\/div>\n\t\t\t\t\t\t\t<\/div> \n\t\t\t\n\t\t\t\t<div id=\"ngg-image-9\" class=\"ngg-gallery-thumbnail-box \n\t\t\t\t\t\t\t\t\t\t\t\" \n\t\t\t>\n\t\t\t\t\t\t<div class=\"ngg-gallery-thumbnail\">\n\t\t\t<a href=\"http:\/\/minval.org\/svm\/wp-content\/gallery\/fira-2010\/8.jpg\"\n\t\t\t\ttitle=\"Detalle del stand de Antonio \u00c1lvarez\"\n\t\t\t\tdata-src=\"http:\/\/minval.org\/svm\/wp-content\/gallery\/fira-2010\/8.jpg\"\n\t\t\t\tdata-thumbnail=\"http:\/\/minval.org\/svm\/wp-content\/gallery\/fira-2010\/thumbs\/thumbs_8.jpg\"\n\t\t\t\tdata-image-id=\"958\"\n\t\t\t\tdata-title=\"Minerales de A. \u00c1lvarez\"\n\t\t\t\tdata-description=\"Detalle del stand de Antonio \u00c1lvarez\"\n\t\t\t\tdata-image-slug=\"\"\n\t\t\t\tclass=\"ngg-simplelightbox\" rel=\"e89e15a8ffcec4ecc3f0509128a7ae41\">\n\t\t\t\t<img\n\t\t\t\t\ttitle=\"Minerales de A. \u00c1lvarez\"\n\t\t\t\t\talt=\"Minerales de A. \u00c1lvarez\"\n\t\t\t\t\tsrc=\"http:\/\/minval.org\/svm\/wp-content\/gallery\/fira-2010\/thumbs\/thumbs_8.jpg\"\n\t\t\t\t\twidth=\"100\"\n\t\t\t\t\theight=\"75\"\n\t\t\t\t\tstyle=\"max-width:100%;\"\n\t\t\t\t\/>\n\t\t\t<\/a>\n\t\t<\/div>\n\t\t\t\t\t\t\t<\/div> \n\t\t\t\n\t\t\t\t<div id=\"ngg-image-10\" class=\"ngg-gallery-thumbnail-box \n\t\t\t\t\t\t\t\t\t\t\t\" \n\t\t\t>\n\t\t\t\t\t\t<div class=\"ngg-gallery-thumbnail\">\n\t\t\t<a href=\"http:\/\/minval.org\/svm\/wp-content\/gallery\/fira-2010\/9.jpg\"\n\t\t\t\ttitle=\"Vista de algunos expositores bajo los soportales\"\n\t\t\t\tdata-src=\"http:\/\/minval.org\/svm\/wp-content\/gallery\/fira-2010\/9.jpg\"\n\t\t\t\tdata-thumbnail=\"http:\/\/minval.org\/svm\/wp-content\/gallery\/fira-2010\/thumbs\/thumbs_9.jpg\"\n\t\t\t\tdata-image-id=\"961\"\n\t\t\t\tdata-title=\"Vista de algunos expositores\"\n\t\t\t\tdata-description=\"Vista de algunos expositores bajo los soportales\"\n\t\t\t\tdata-image-slug=\"\"\n\t\t\t\tclass=\"ngg-simplelightbox\" rel=\"e89e15a8ffcec4ecc3f0509128a7ae41\">\n\t\t\t\t<img\n\t\t\t\t\ttitle=\"Vista de algunos expositores\"\n\t\t\t\t\talt=\"Vista de algunos expositores\"\n\t\t\t\t\tsrc=\"http:\/\/minval.org\/svm\/wp-content\/gallery\/fira-2010\/thumbs\/thumbs_9.jpg\"\n\t\t\t\t\twidth=\"100\"\n\t\t\t\t\theight=\"75\"\n\t\t\t\t\tstyle=\"max-width:100%;\"\n\t\t\t\t\/>\n\t\t\t<\/a>\n\t\t<\/div>\n\t\t\t\t\t\t\t<\/div> \n\t\t\t\n\t\t\t\t<div id=\"ngg-image-11\" class=\"ngg-gallery-thumbnail-box \n\t\t\t\t\t\t\t\t\t\t\t\" \n\t\t\t>\n\t\t\t\t\t\t<div class=\"ngg-gallery-thumbnail\">\n\t\t\t<a href=\"http:\/\/minval.org\/svm\/wp-content\/gallery\/fira-2010\/9a.jpg\"\n\t\t\t\ttitle=\"Cobre nativo de Roy mine 8USA), del expositor de Joan Vi\u00f1als\"\n\t\t\t\tdata-src=\"http:\/\/minval.org\/svm\/wp-content\/gallery\/fira-2010\/9a.jpg\"\n\t\t\t\tdata-thumbnail=\"http:\/\/minval.org\/svm\/wp-content\/gallery\/fira-2010\/thumbs\/thumbs_9a.jpg\"\n\t\t\t\tdata-image-id=\"962\"\n\t\t\t\tdata-title=\"Cobre nativo\"\n\t\t\t\tdata-description=\"Cobre nativo de Roy mine 8USA), del expositor de Joan Vi\u00f1als\"\n\t\t\t\tdata-image-slug=\"\"\n\t\t\t\tclass=\"ngg-simplelightbox\" rel=\"e89e15a8ffcec4ecc3f0509128a7ae41\">\n\t\t\t\t<img\n\t\t\t\t\ttitle=\"Cobre nativo\"\n\t\t\t\t\talt=\"Cobre nativo\"\n\t\t\t\t\tsrc=\"http:\/\/minval.org\/svm\/wp-content\/gallery\/fira-2010\/thumbs\/thumbs_9a.jpg\"\n\t\t\t\t\twidth=\"100\"\n\t\t\t\t\theight=\"75\"\n\t\t\t\t\tstyle=\"max-width:100%;\"\n\t\t\t\t\/>\n\t\t\t<\/a>\n\t\t<\/div>\n\t\t\t\t\t\t\t<\/div> \n\t\t\t\n\t\t\t\t<div id=\"ngg-image-12\" class=\"ngg-gallery-thumbnail-box \n\t\t\t\t\t\t\t\t\t\t\t\" \n\t\t\t>\n\t\t\t\t\t\t<div class=\"ngg-gallery-thumbnail\">\n\t\t\t<a href=\"http:\/\/minval.org\/svm\/wp-content\/gallery\/fira-2010\/9b.jpg\"\n\t\t\t\ttitle=\"Hyalofanas de la mina Zagradski Potok de Busovaca (Bosnia-Herzegovina). Estand de semka Guso\"\n\t\t\t\tdata-src=\"http:\/\/minval.org\/svm\/wp-content\/gallery\/fira-2010\/9b.jpg\"\n\t\t\t\tdata-thumbnail=\"http:\/\/minval.org\/svm\/wp-content\/gallery\/fira-2010\/thumbs\/thumbs_9b.jpg\"\n\t\t\t\tdata-image-id=\"964\"\n\t\t\t\tdata-title=\"Hyalofanas\"\n\t\t\t\tdata-description=\"Hyalofanas de la mina Zagradski Potok de Busovaca (Bosnia-Herzegovina). Estand de semka Guso\"\n\t\t\t\tdata-image-slug=\"\"\n\t\t\t\tclass=\"ngg-simplelightbox\" rel=\"e89e15a8ffcec4ecc3f0509128a7ae41\">\n\t\t\t\t<img\n\t\t\t\t\ttitle=\"Hyalofanas\"\n\t\t\t\t\talt=\"Hyalofanas\"\n\t\t\t\t\tsrc=\"http:\/\/minval.org\/svm\/wp-content\/gallery\/fira-2010\/thumbs\/thumbs_9b.jpg\"\n\t\t\t\t\twidth=\"100\"\n\t\t\t\t\theight=\"75\"\n\t\t\t\t\tstyle=\"max-width:100%;\"\n\t\t\t\t\/>\n\t\t\t<\/a>\n\t\t<\/div>\n\t\t\t\t\t\t\t<\/div> \n\t\t\t\n\t\n\t<br style=\"clear: both\" \/>\n\n\t\n\t\t<!-- Pagination -->\n\t\t<div class='ngg-clear'><\/div>\t<\/div>\n<!--:--><!--:ca--><\/p>\n<p><!-- default-view.php -->\n<div\n\tclass=\"ngg-galleryoverview default-view \n\t\t\"\n\tid=\"ngg-gallery-e89e15a8ffcec4ecc3f0509128a7ae41-1\">\n\n\t\t<!-- Thumbnails -->\n\t\t\t\t<div id=\"ngg-image-0\" class=\"ngg-gallery-thumbnail-box \n\t\t\t\t\t\t\t\t\t\t\t\" \n\t\t\t>\n\t\t\t\t\t\t<div class=\"ngg-gallery-thumbnail\">\n\t\t\t<a href=\"http:\/\/minval.org\/svm\/wp-content\/gallery\/fira-2010\/1.jpg\"\n\t\t\t\ttitle=\"XXIII Feria de Minerales de Castell\u00f3n\"\n\t\t\t\tdata-src=\"http:\/\/minval.org\/svm\/wp-content\/gallery\/fira-2010\/1.jpg\"\n\t\t\t\tdata-thumbnail=\"http:\/\/minval.org\/svm\/wp-content\/gallery\/fira-2010\/thumbs\/thumbs_1.jpg\"\n\t\t\t\tdata-image-id=\"942\"\n\t\t\t\tdata-title=\"Cartel\"\n\t\t\t\tdata-description=\"XXIII Feria de Minerales de Castell\u00f3n\"\n\t\t\t\tdata-image-slug=\"\"\n\t\t\t\tclass=\"ngg-simplelightbox\" rel=\"e89e15a8ffcec4ecc3f0509128a7ae41\">\n\t\t\t\t<img\n\t\t\t\t\ttitle=\"Cartel\"\n\t\t\t\t\talt=\"Cartel\"\n\t\t\t\t\tsrc=\"http:\/\/minval.org\/svm\/wp-content\/gallery\/fira-2010\/thumbs\/thumbs_1.jpg\"\n\t\t\t\t\twidth=\"100\"\n\t\t\t\t\theight=\"75\"\n\t\t\t\t\tstyle=\"max-width:100%;\"\n\t\t\t\t\/>\n\t\t\t<\/a>\n\t\t<\/div>\n\t\t\t\t\t\t\t<\/div> \n\t\t\t\n\t\t\t\t<div id=\"ngg-image-1\" class=\"ngg-gallery-thumbnail-box \n\t\t\t\t\t\t\t\t\t\t\t\" \n\t\t\t>\n\t\t\t\t\t\t<div class=\"ngg-gallery-thumbnail\">\n\t\t\t<a href=\"http:\/\/minval.org\/svm\/wp-content\/gallery\/fira-2010\/2.jpg\"\n\t\t\t\ttitle=\"Presentaci\u00f3n de la feria a los medios de comunicaci\u00f3n\"\n\t\t\t\tdata-src=\"http:\/\/minval.org\/svm\/wp-content\/gallery\/fira-2010\/2.jpg\"\n\t\t\t\tdata-thumbnail=\"http:\/\/minval.org\/svm\/wp-content\/gallery\/fira-2010\/thumbs\/thumbs_2.jpg\"\n\t\t\t\tdata-image-id=\"945\"\n\t\t\t\tdata-title=\"Presentaci\u00f3n\"\n\t\t\t\tdata-description=\"Presentaci\u00f3n de la feria a los medios de comunicaci\u00f3n\"\n\t\t\t\tdata-image-slug=\"\"\n\t\t\t\tclass=\"ngg-simplelightbox\" rel=\"e89e15a8ffcec4ecc3f0509128a7ae41\">\n\t\t\t\t<img\n\t\t\t\t\ttitle=\"Presentaci\u00f3n\"\n\t\t\t\t\talt=\"Presentaci\u00f3n\"\n\t\t\t\t\tsrc=\"http:\/\/minval.org\/svm\/wp-content\/gallery\/fira-2010\/thumbs\/thumbs_2.jpg\"\n\t\t\t\t\twidth=\"100\"\n\t\t\t\t\theight=\"75\"\n\t\t\t\t\tstyle=\"max-width:100%;\"\n\t\t\t\t\/>\n\t\t\t<\/a>\n\t\t<\/div>\n\t\t\t\t\t\t\t<\/div> \n\t\t\t\n\t\t\t\t<div id=\"ngg-image-2\" class=\"ngg-gallery-thumbnail-box \n\t\t\t\t\t\t\t\t\t\t\t\" \n\t\t\t>\n\t\t\t\t\t\t<div class=\"ngg-gallery-thumbnail\">\n\t\t\t<a href=\"http:\/\/minval.org\/svm\/wp-content\/gallery\/fira-2010\/3.jpg\"\n\t\t\t\ttitle=\"Presentaci\u00f3n en el Museo del IES F. Ribalta de Castell\u00f3n\"\n\t\t\t\tdata-src=\"http:\/\/minval.org\/svm\/wp-content\/gallery\/fira-2010\/3.jpg\"\n\t\t\t\tdata-thumbnail=\"http:\/\/minval.org\/svm\/wp-content\/gallery\/fira-2010\/thumbs\/thumbs_3.jpg\"\n\t\t\t\tdata-image-id=\"946\"\n\t\t\t\tdata-title=\"Presentaci\u00f3n\"\n\t\t\t\tdata-description=\"Presentaci\u00f3n en el Museo del IES F. Ribalta de Castell\u00f3n\"\n\t\t\t\tdata-image-slug=\"\"\n\t\t\t\tclass=\"ngg-simplelightbox\" rel=\"e89e15a8ffcec4ecc3f0509128a7ae41\">\n\t\t\t\t<img\n\t\t\t\t\ttitle=\"Presentaci\u00f3n\"\n\t\t\t\t\talt=\"Presentaci\u00f3n\"\n\t\t\t\t\tsrc=\"http:\/\/minval.org\/svm\/wp-content\/gallery\/fira-2010\/thumbs\/thumbs_3.jpg\"\n\t\t\t\t\twidth=\"100\"\n\t\t\t\t\theight=\"75\"\n\t\t\t\t\tstyle=\"max-width:100%;\"\n\t\t\t\t\/>\n\t\t\t<\/a>\n\t\t<\/div>\n\t\t\t\t\t\t\t<\/div> \n\t\t\t\n\t\t\t\t<div id=\"ngg-image-3\" class=\"ngg-gallery-thumbnail-box \n\t\t\t\t\t\t\t\t\t\t\t\" \n\t\t\t>\n\t\t\t\t\t\t<div class=\"ngg-gallery-thumbnail\">\n\t\t\t<a href=\"http:\/\/minval.org\/svm\/wp-content\/gallery\/fira-2010\/4.jpg\"\n\t\t\t\ttitle=\"Inauguraci\u00f3n de la feria el d\u00eda 27 a las 11 de la ma\u00f1ana\"\n\t\t\t\tdata-src=\"http:\/\/minval.org\/svm\/wp-content\/gallery\/fira-2010\/4.jpg\"\n\t\t\t\tdata-thumbnail=\"http:\/\/minval.org\/svm\/wp-content\/gallery\/fira-2010\/thumbs\/thumbs_4.jpg\"\n\t\t\t\tdata-image-id=\"947\"\n\t\t\t\tdata-title=\"Inauguraci\u00f3n\"\n\t\t\t\tdata-description=\"Inauguraci\u00f3n de la feria el d\u00eda 27 a las 11 de la ma\u00f1ana\"\n\t\t\t\tdata-image-slug=\"\"\n\t\t\t\tclass=\"ngg-simplelightbox\" rel=\"e89e15a8ffcec4ecc3f0509128a7ae41\">\n\t\t\t\t<img\n\t\t\t\t\ttitle=\"Inauguraci\u00f3n\"\n\t\t\t\t\talt=\"Inauguraci\u00f3n\"\n\t\t\t\t\tsrc=\"http:\/\/minval.org\/svm\/wp-content\/gallery\/fira-2010\/thumbs\/thumbs_4.jpg\"\n\t\t\t\t\twidth=\"100\"\n\t\t\t\t\theight=\"75\"\n\t\t\t\t\tstyle=\"max-width:100%;\"\n\t\t\t\t\/>\n\t\t\t<\/a>\n\t\t<\/div>\n\t\t\t\t\t\t\t<\/div> \n\t\t\t\n\t\t\t\t<div id=\"ngg-image-4\" class=\"ngg-gallery-thumbnail-box \n\t\t\t\t\t\t\t\t\t\t\t\" \n\t\t\t>\n\t\t\t\t\t\t<div class=\"ngg-gallery-thumbnail\">\n\t\t\t<a href=\"http:\/\/minval.org\/svm\/wp-content\/gallery\/fira-2010\/5.jpg\"\n\t\t\t\ttitle=\"Visita de las autoridades a los 32 estands de la feria \"\n\t\t\t\tdata-src=\"http:\/\/minval.org\/svm\/wp-content\/gallery\/fira-2010\/5.jpg\"\n\t\t\t\tdata-thumbnail=\"http:\/\/minval.org\/svm\/wp-content\/gallery\/fira-2010\/thumbs\/thumbs_5.jpg\"\n\t\t\t\tdata-image-id=\"948\"\n\t\t\t\tdata-title=\"Visita\"\n\t\t\t\tdata-description=\"Visita de las autoridades a los 32 estands de la feria \"\n\t\t\t\tdata-image-slug=\"\"\n\t\t\t\tclass=\"ngg-simplelightbox\" rel=\"e89e15a8ffcec4ecc3f0509128a7ae41\">\n\t\t\t\t<img\n\t\t\t\t\ttitle=\"Visita\"\n\t\t\t\t\talt=\"Visita\"\n\t\t\t\t\tsrc=\"http:\/\/minval.org\/svm\/wp-content\/gallery\/fira-2010\/thumbs\/thumbs_5.jpg\"\n\t\t\t\t\twidth=\"99\"\n\t\t\t\t\theight=\"75\"\n\t\t\t\t\tstyle=\"max-width:100%;\"\n\t\t\t\t\/>\n\t\t\t<\/a>\n\t\t<\/div>\n\t\t\t\t\t\t\t<\/div> \n\t\t\t\n\t\t\t\t<div id=\"ngg-image-5\" class=\"ngg-gallery-thumbnail-box \n\t\t\t\t\t\t\t\t\t\t\t\" \n\t\t\t>\n\t\t\t\t\t\t<div class=\"ngg-gallery-thumbnail\">\n\t\t\t<a href=\"http:\/\/minval.org\/svm\/wp-content\/gallery\/fira-2010\/6.jpg\"\n\t\t\t\ttitle=\"Estand de Adri\u00e1n Pesudo en el que se expon\u00edan minerales de nuestra Comunidad. Tambi\u00e9n se pod\u00edan encontrar en los de Rafa y Honorio, Juli\u00e1n Mart\u00ednez, Jos\u00e9 Ram\u00f3n Pastor y Jos\u00e9 Antonio D\u00edaz\"\n\t\t\t\tdata-src=\"http:\/\/minval.org\/svm\/wp-content\/gallery\/fira-2010\/6.jpg\"\n\t\t\t\tdata-thumbnail=\"http:\/\/minval.org\/svm\/wp-content\/gallery\/fira-2010\/thumbs\/thumbs_6.jpg\"\n\t\t\t\tdata-image-id=\"949\"\n\t\t\t\tdata-title=\"Expositor de Adri\u00e1n Pesudo\"\n\t\t\t\tdata-description=\"Estand de Adri\u00e1n Pesudo en el que se expon\u00edan minerales de nuestra Comunidad. Tambi\u00e9n se pod\u00edan encontrar en los de Rafa y Honorio, Juli\u00e1n Mart\u00ednez, Jos\u00e9 Ram\u00f3n Pastor y Jos\u00e9 Antonio D\u00edaz\"\n\t\t\t\tdata-image-slug=\"\"\n\t\t\t\tclass=\"ngg-simplelightbox\" rel=\"e89e15a8ffcec4ecc3f0509128a7ae41\">\n\t\t\t\t<img\n\t\t\t\t\ttitle=\"Expositor de Adri\u00e1n Pesudo\"\n\t\t\t\t\talt=\"Expositor de Adri\u00e1n Pesudo\"\n\t\t\t\t\tsrc=\"http:\/\/minval.org\/svm\/wp-content\/gallery\/fira-2010\/thumbs\/thumbs_6.jpg\"\n\t\t\t\t\twidth=\"99\"\n\t\t\t\t\theight=\"75\"\n\t\t\t\t\tstyle=\"max-width:100%;\"\n\t\t\t\t\/>\n\t\t\t<\/a>\n\t\t<\/div>\n\t\t\t\t\t\t\t<\/div> \n\t\t\t\n\t\t\t\t<div id=\"ngg-image-6\" class=\"ngg-gallery-thumbnail-box \n\t\t\t\t\t\t\t\t\t\t\t\" \n\t\t\t>\n\t\t\t\t\t\t<div class=\"ngg-gallery-thumbnail\">\n\t\t\t<a href=\"http:\/\/minval.org\/svm\/wp-content\/gallery\/fira-2010\/7.jpg\"\n\t\t\t\ttitle=\"Expositores de Jos\u00e9 Ram\u00f3n Pastor y Jos\u00e9 Antonio D\u00edaz. En este \u00faltimo se expusieron novedades como rosas de yeso y teruelitas de Gestalgar y maravillosas pi\u00f1as de aragonitos in matrix de Camporrobles\"\n\t\t\t\tdata-src=\"http:\/\/minval.org\/svm\/wp-content\/gallery\/fira-2010\/7.jpg\"\n\t\t\t\tdata-thumbnail=\"http:\/\/minval.org\/svm\/wp-content\/gallery\/fira-2010\/thumbs\/thumbs_7.jpg\"\n\t\t\t\tdata-image-id=\"955\"\n\t\t\t\tdata-title=\"Minerales valencianos\"\n\t\t\t\tdata-description=\"Expositores de Jos\u00e9 Ram\u00f3n Pastor y Jos\u00e9 Antonio D\u00edaz. En este \u00faltimo se expusieron novedades como rosas de yeso y teruelitas de Gestalgar y maravillosas pi\u00f1as de aragonitos in matrix de Camporrobles\"\n\t\t\t\tdata-image-slug=\"\"\n\t\t\t\tclass=\"ngg-simplelightbox\" rel=\"e89e15a8ffcec4ecc3f0509128a7ae41\">\n\t\t\t\t<img\n\t\t\t\t\ttitle=\"Minerales valencianos\"\n\t\t\t\t\talt=\"Minerales valencianos\"\n\t\t\t\t\tsrc=\"http:\/\/minval.org\/svm\/wp-content\/gallery\/fira-2010\/thumbs\/thumbs_7.jpg\"\n\t\t\t\t\twidth=\"100\"\n\t\t\t\t\theight=\"75\"\n\t\t\t\t\tstyle=\"max-width:100%;\"\n\t\t\t\t\/>\n\t\t\t<\/a>\n\t\t<\/div>\n\t\t\t\t\t\t\t<\/div> \n\t\t\t\n\t\t\t\t<div id=\"ngg-image-7\" class=\"ngg-gallery-thumbnail-box \n\t\t\t\t\t\t\t\t\t\t\t\" \n\t\t\t>\n\t\t\t\t\t\t<div class=\"ngg-gallery-thumbnail\">\n\t\t\t<a href=\"http:\/\/minval.org\/svm\/wp-content\/gallery\/fira-2010\/7a.jpg\"\n\t\t\t\ttitle=\"Pi\u00f1a de aragonito de Camporrobles\"\n\t\t\t\tdata-src=\"http:\/\/minval.org\/svm\/wp-content\/gallery\/fira-2010\/7a.jpg\"\n\t\t\t\tdata-thumbnail=\"http:\/\/minval.org\/svm\/wp-content\/gallery\/fira-2010\/thumbs\/thumbs_7a.jpg\"\n\t\t\t\tdata-image-id=\"956\"\n\t\t\t\tdata-title=\"Aragonito\"\n\t\t\t\tdata-description=\"Pi\u00f1a de aragonito de Camporrobles\"\n\t\t\t\tdata-image-slug=\"\"\n\t\t\t\tclass=\"ngg-simplelightbox\" rel=\"e89e15a8ffcec4ecc3f0509128a7ae41\">\n\t\t\t\t<img\n\t\t\t\t\ttitle=\"Aragonito\"\n\t\t\t\t\talt=\"Aragonito\"\n\t\t\t\t\tsrc=\"http:\/\/minval.org\/svm\/wp-content\/gallery\/fira-2010\/thumbs\/thumbs_7a.jpg\"\n\t\t\t\t\twidth=\"96\"\n\t\t\t\t\theight=\"75\"\n\t\t\t\t\tstyle=\"max-width:100%;\"\n\t\t\t\t\/>\n\t\t\t<\/a>\n\t\t<\/div>\n\t\t\t\t\t\t\t<\/div> \n\t\t\t\n\t\t\t\t<div id=\"ngg-image-8\" class=\"ngg-gallery-thumbnail-box \n\t\t\t\t\t\t\t\t\t\t\t\" \n\t\t\t>\n\t\t\t\t\t\t<div class=\"ngg-gallery-thumbnail\">\n\t\t\t<a href=\"http:\/\/minval.org\/svm\/wp-content\/gallery\/fira-2010\/7b.jpg\"\n\t\t\t\ttitle=\"Rosa de yeso de Gestalgar\"\n\t\t\t\tdata-src=\"http:\/\/minval.org\/svm\/wp-content\/gallery\/fira-2010\/7b.jpg\"\n\t\t\t\tdata-thumbnail=\"http:\/\/minval.org\/svm\/wp-content\/gallery\/fira-2010\/thumbs\/thumbs_7b.jpg\"\n\t\t\t\tdata-image-id=\"957\"\n\t\t\t\tdata-title=\"Rosa de yeso\"\n\t\t\t\tdata-description=\"Rosa de yeso de Gestalgar\"\n\t\t\t\tdata-image-slug=\"\"\n\t\t\t\tclass=\"ngg-simplelightbox\" rel=\"e89e15a8ffcec4ecc3f0509128a7ae41\">\n\t\t\t\t<img\n\t\t\t\t\ttitle=\"Rosa de yeso\"\n\t\t\t\t\talt=\"Rosa de yeso\"\n\t\t\t\t\tsrc=\"http:\/\/minval.org\/svm\/wp-content\/gallery\/fira-2010\/thumbs\/thumbs_7b.jpg\"\n\t\t\t\t\twidth=\"96\"\n\t\t\t\t\theight=\"75\"\n\t\t\t\t\tstyle=\"max-width:100%;\"\n\t\t\t\t\/>\n\t\t\t<\/a>\n\t\t<\/div>\n\t\t\t\t\t\t\t<\/div> \n\t\t\t\n\t\t\t\t<div id=\"ngg-image-9\" class=\"ngg-gallery-thumbnail-box \n\t\t\t\t\t\t\t\t\t\t\t\" \n\t\t\t>\n\t\t\t\t\t\t<div class=\"ngg-gallery-thumbnail\">\n\t\t\t<a href=\"http:\/\/minval.org\/svm\/wp-content\/gallery\/fira-2010\/8.jpg\"\n\t\t\t\ttitle=\"Detalle del stand de Antonio \u00c1lvarez\"\n\t\t\t\tdata-src=\"http:\/\/minval.org\/svm\/wp-content\/gallery\/fira-2010\/8.jpg\"\n\t\t\t\tdata-thumbnail=\"http:\/\/minval.org\/svm\/wp-content\/gallery\/fira-2010\/thumbs\/thumbs_8.jpg\"\n\t\t\t\tdata-image-id=\"958\"\n\t\t\t\tdata-title=\"Minerales de A. \u00c1lvarez\"\n\t\t\t\tdata-description=\"Detalle del stand de Antonio \u00c1lvarez\"\n\t\t\t\tdata-image-slug=\"\"\n\t\t\t\tclass=\"ngg-simplelightbox\" rel=\"e89e15a8ffcec4ecc3f0509128a7ae41\">\n\t\t\t\t<img\n\t\t\t\t\ttitle=\"Minerales de A. \u00c1lvarez\"\n\t\t\t\t\talt=\"Minerales de A. \u00c1lvarez\"\n\t\t\t\t\tsrc=\"http:\/\/minval.org\/svm\/wp-content\/gallery\/fira-2010\/thumbs\/thumbs_8.jpg\"\n\t\t\t\t\twidth=\"100\"\n\t\t\t\t\theight=\"75\"\n\t\t\t\t\tstyle=\"max-width:100%;\"\n\t\t\t\t\/>\n\t\t\t<\/a>\n\t\t<\/div>\n\t\t\t\t\t\t\t<\/div> \n\t\t\t\n\t\t\t\t<div id=\"ngg-image-10\" class=\"ngg-gallery-thumbnail-box \n\t\t\t\t\t\t\t\t\t\t\t\" \n\t\t\t>\n\t\t\t\t\t\t<div class=\"ngg-gallery-thumbnail\">\n\t\t\t<a href=\"http:\/\/minval.org\/svm\/wp-content\/gallery\/fira-2010\/9.jpg\"\n\t\t\t\ttitle=\"Vista de algunos expositores bajo los soportales\"\n\t\t\t\tdata-src=\"http:\/\/minval.org\/svm\/wp-content\/gallery\/fira-2010\/9.jpg\"\n\t\t\t\tdata-thumbnail=\"http:\/\/minval.org\/svm\/wp-content\/gallery\/fira-2010\/thumbs\/thumbs_9.jpg\"\n\t\t\t\tdata-image-id=\"961\"\n\t\t\t\tdata-title=\"Vista de algunos expositores\"\n\t\t\t\tdata-description=\"Vista de algunos expositores bajo los soportales\"\n\t\t\t\tdata-image-slug=\"\"\n\t\t\t\tclass=\"ngg-simplelightbox\" rel=\"e89e15a8ffcec4ecc3f0509128a7ae41\">\n\t\t\t\t<img\n\t\t\t\t\ttitle=\"Vista de algunos expositores\"\n\t\t\t\t\talt=\"Vista de algunos expositores\"\n\t\t\t\t\tsrc=\"http:\/\/minval.org\/svm\/wp-content\/gallery\/fira-2010\/thumbs\/thumbs_9.jpg\"\n\t\t\t\t\twidth=\"100\"\n\t\t\t\t\theight=\"75\"\n\t\t\t\t\tstyle=\"max-width:100%;\"\n\t\t\t\t\/>\n\t\t\t<\/a>\n\t\t<\/div>\n\t\t\t\t\t\t\t<\/div> \n\t\t\t\n\t\t\t\t<div id=\"ngg-image-11\" class=\"ngg-gallery-thumbnail-box \n\t\t\t\t\t\t\t\t\t\t\t\" \n\t\t\t>\n\t\t\t\t\t\t<div class=\"ngg-gallery-thumbnail\">\n\t\t\t<a href=\"http:\/\/minval.org\/svm\/wp-content\/gallery\/fira-2010\/9a.jpg\"\n\t\t\t\ttitle=\"Cobre nativo de Roy mine 8USA), del expositor de Joan Vi\u00f1als\"\n\t\t\t\tdata-src=\"http:\/\/minval.org\/svm\/wp-content\/gallery\/fira-2010\/9a.jpg\"\n\t\t\t\tdata-thumbnail=\"http:\/\/minval.org\/svm\/wp-content\/gallery\/fira-2010\/thumbs\/thumbs_9a.jpg\"\n\t\t\t\tdata-image-id=\"962\"\n\t\t\t\tdata-title=\"Cobre nativo\"\n\t\t\t\tdata-description=\"Cobre nativo de Roy mine 8USA), del expositor de Joan Vi\u00f1als\"\n\t\t\t\tdata-image-slug=\"\"\n\t\t\t\tclass=\"ngg-simplelightbox\" rel=\"e89e15a8ffcec4ecc3f0509128a7ae41\">\n\t\t\t\t<img\n\t\t\t\t\ttitle=\"Cobre nativo\"\n\t\t\t\t\talt=\"Cobre nativo\"\n\t\t\t\t\tsrc=\"http:\/\/minval.org\/svm\/wp-content\/gallery\/fira-2010\/thumbs\/thumbs_9a.jpg\"\n\t\t\t\t\twidth=\"100\"\n\t\t\t\t\theight=\"75\"\n\t\t\t\t\tstyle=\"max-width:100%;\"\n\t\t\t\t\/>\n\t\t\t<\/a>\n\t\t<\/div>\n\t\t\t\t\t\t\t<\/div> \n\t\t\t\n\t\t\t\t<div id=\"ngg-image-12\" class=\"ngg-gallery-thumbnail-box \n\t\t\t\t\t\t\t\t\t\t\t\" \n\t\t\t>\n\t\t\t\t\t\t<div class=\"ngg-gallery-thumbnail\">\n\t\t\t<a href=\"http:\/\/minval.org\/svm\/wp-content\/gallery\/fira-2010\/9b.jpg\"\n\t\t\t\ttitle=\"Hyalofanas de la mina Zagradski Potok de Busovaca (Bosnia-Herzegovina). Estand de semka Guso\"\n\t\t\t\tdata-src=\"http:\/\/minval.org\/svm\/wp-content\/gallery\/fira-2010\/9b.jpg\"\n\t\t\t\tdata-thumbnail=\"http:\/\/minval.org\/svm\/wp-content\/gallery\/fira-2010\/thumbs\/thumbs_9b.jpg\"\n\t\t\t\tdata-image-id=\"964\"\n\t\t\t\tdata-title=\"Hyalofanas\"\n\t\t\t\tdata-description=\"Hyalofanas de la mina Zagradski Potok de Busovaca (Bosnia-Herzegovina). Estand de semka Guso\"\n\t\t\t\tdata-image-slug=\"\"\n\t\t\t\tclass=\"ngg-simplelightbox\" rel=\"e89e15a8ffcec4ecc3f0509128a7ae41\">\n\t\t\t\t<img\n\t\t\t\t\ttitle=\"Hyalofanas\"\n\t\t\t\t\talt=\"Hyalofanas\"\n\t\t\t\t\tsrc=\"http:\/\/minval.org\/svm\/wp-content\/gallery\/fira-2010\/thumbs\/thumbs_9b.jpg\"\n\t\t\t\t\twidth=\"100\"\n\t\t\t\t\theight=\"75\"\n\t\t\t\t\tstyle=\"max-width:100%;\"\n\t\t\t\t\/>\n\t\t\t<\/a>\n\t\t<\/div>\n\t\t\t\t\t\t\t<\/div> \n\t\t\t\n\t\n\t<br style=\"clear: both\" \/>\n\n\t\n\t\t<!-- Pagination -->\n\t\t<div class='ngg-clear'><\/div>\t<\/div>\n\n<\/p>\n<p><!--:--><!--:en--><\/p>\n<p><!-- default-view.php -->\n<div\n\tclass=\"ngg-galleryoverview default-view \n\t\t\"\n\tid=\"ngg-gallery-e89e15a8ffcec4ecc3f0509128a7ae41-1\">\n\n\t\t<!-- Thumbnails -->\n\t\t\t\t<div id=\"ngg-image-0\" class=\"ngg-gallery-thumbnail-box \n\t\t\t\t\t\t\t\t\t\t\t\" \n\t\t\t>\n\t\t\t\t\t\t<div class=\"ngg-gallery-thumbnail\">\n\t\t\t<a href=\"http:\/\/minval.org\/svm\/wp-content\/gallery\/fira-2010\/1.jpg\"\n\t\t\t\ttitle=\"XXIII Feria de Minerales de Castell\u00f3n\"\n\t\t\t\tdata-src=\"http:\/\/minval.org\/svm\/wp-content\/gallery\/fira-2010\/1.jpg\"\n\t\t\t\tdata-thumbnail=\"http:\/\/minval.org\/svm\/wp-content\/gallery\/fira-2010\/thumbs\/thumbs_1.jpg\"\n\t\t\t\tdata-image-id=\"942\"\n\t\t\t\tdata-title=\"Cartel\"\n\t\t\t\tdata-description=\"XXIII Feria de Minerales de Castell\u00f3n\"\n\t\t\t\tdata-image-slug=\"\"\n\t\t\t\tclass=\"ngg-simplelightbox\" rel=\"e89e15a8ffcec4ecc3f0509128a7ae41\">\n\t\t\t\t<img\n\t\t\t\t\ttitle=\"Cartel\"\n\t\t\t\t\talt=\"Cartel\"\n\t\t\t\t\tsrc=\"http:\/\/minval.org\/svm\/wp-content\/gallery\/fira-2010\/thumbs\/thumbs_1.jpg\"\n\t\t\t\t\twidth=\"100\"\n\t\t\t\t\theight=\"75\"\n\t\t\t\t\tstyle=\"max-width:100%;\"\n\t\t\t\t\/>\n\t\t\t<\/a>\n\t\t<\/div>\n\t\t\t\t\t\t\t<\/div> \n\t\t\t\n\t\t\t\t<div id=\"ngg-image-1\" class=\"ngg-gallery-thumbnail-box \n\t\t\t\t\t\t\t\t\t\t\t\" \n\t\t\t>\n\t\t\t\t\t\t<div class=\"ngg-gallery-thumbnail\">\n\t\t\t<a href=\"http:\/\/minval.org\/svm\/wp-content\/gallery\/fira-2010\/2.jpg\"\n\t\t\t\ttitle=\"Presentaci\u00f3n de la feria a los medios de comunicaci\u00f3n\"\n\t\t\t\tdata-src=\"http:\/\/minval.org\/svm\/wp-content\/gallery\/fira-2010\/2.jpg\"\n\t\t\t\tdata-thumbnail=\"http:\/\/minval.org\/svm\/wp-content\/gallery\/fira-2010\/thumbs\/thumbs_2.jpg\"\n\t\t\t\tdata-image-id=\"945\"\n\t\t\t\tdata-title=\"Presentaci\u00f3n\"\n\t\t\t\tdata-description=\"Presentaci\u00f3n de la feria a los medios de comunicaci\u00f3n\"\n\t\t\t\tdata-image-slug=\"\"\n\t\t\t\tclass=\"ngg-simplelightbox\" rel=\"e89e15a8ffcec4ecc3f0509128a7ae41\">\n\t\t\t\t<img\n\t\t\t\t\ttitle=\"Presentaci\u00f3n\"\n\t\t\t\t\talt=\"Presentaci\u00f3n\"\n\t\t\t\t\tsrc=\"http:\/\/minval.org\/svm\/wp-content\/gallery\/fira-2010\/thumbs\/thumbs_2.jpg\"\n\t\t\t\t\twidth=\"100\"\n\t\t\t\t\theight=\"75\"\n\t\t\t\t\tstyle=\"max-width:100%;\"\n\t\t\t\t\/>\n\t\t\t<\/a>\n\t\t<\/div>\n\t\t\t\t\t\t\t<\/div> \n\t\t\t\n\t\t\t\t<div id=\"ngg-image-2\" class=\"ngg-gallery-thumbnail-box \n\t\t\t\t\t\t\t\t\t\t\t\" \n\t\t\t>\n\t\t\t\t\t\t<div class=\"ngg-gallery-thumbnail\">\n\t\t\t<a href=\"http:\/\/minval.org\/svm\/wp-content\/gallery\/fira-2010\/3.jpg\"\n\t\t\t\ttitle=\"Presentaci\u00f3n en el Museo del IES F. Ribalta de Castell\u00f3n\"\n\t\t\t\tdata-src=\"http:\/\/minval.org\/svm\/wp-content\/gallery\/fira-2010\/3.jpg\"\n\t\t\t\tdata-thumbnail=\"http:\/\/minval.org\/svm\/wp-content\/gallery\/fira-2010\/thumbs\/thumbs_3.jpg\"\n\t\t\t\tdata-image-id=\"946\"\n\t\t\t\tdata-title=\"Presentaci\u00f3n\"\n\t\t\t\tdata-description=\"Presentaci\u00f3n en el Museo del IES F. Ribalta de Castell\u00f3n\"\n\t\t\t\tdata-image-slug=\"\"\n\t\t\t\tclass=\"ngg-simplelightbox\" rel=\"e89e15a8ffcec4ecc3f0509128a7ae41\">\n\t\t\t\t<img\n\t\t\t\t\ttitle=\"Presentaci\u00f3n\"\n\t\t\t\t\talt=\"Presentaci\u00f3n\"\n\t\t\t\t\tsrc=\"http:\/\/minval.org\/svm\/wp-content\/gallery\/fira-2010\/thumbs\/thumbs_3.jpg\"\n\t\t\t\t\twidth=\"100\"\n\t\t\t\t\theight=\"75\"\n\t\t\t\t\tstyle=\"max-width:100%;\"\n\t\t\t\t\/>\n\t\t\t<\/a>\n\t\t<\/div>\n\t\t\t\t\t\t\t<\/div> \n\t\t\t\n\t\t\t\t<div id=\"ngg-image-3\" class=\"ngg-gallery-thumbnail-box \n\t\t\t\t\t\t\t\t\t\t\t\" \n\t\t\t>\n\t\t\t\t\t\t<div class=\"ngg-gallery-thumbnail\">\n\t\t\t<a href=\"http:\/\/minval.org\/svm\/wp-content\/gallery\/fira-2010\/4.jpg\"\n\t\t\t\ttitle=\"Inauguraci\u00f3n de la feria el d\u00eda 27 a las 11 de la ma\u00f1ana\"\n\t\t\t\tdata-src=\"http:\/\/minval.org\/svm\/wp-content\/gallery\/fira-2010\/4.jpg\"\n\t\t\t\tdata-thumbnail=\"http:\/\/minval.org\/svm\/wp-content\/gallery\/fira-2010\/thumbs\/thumbs_4.jpg\"\n\t\t\t\tdata-image-id=\"947\"\n\t\t\t\tdata-title=\"Inauguraci\u00f3n\"\n\t\t\t\tdata-description=\"Inauguraci\u00f3n de la feria el d\u00eda 27 a las 11 de la ma\u00f1ana\"\n\t\t\t\tdata-image-slug=\"\"\n\t\t\t\tclass=\"ngg-simplelightbox\" rel=\"e89e15a8ffcec4ecc3f0509128a7ae41\">\n\t\t\t\t<img\n\t\t\t\t\ttitle=\"Inauguraci\u00f3n\"\n\t\t\t\t\talt=\"Inauguraci\u00f3n\"\n\t\t\t\t\tsrc=\"http:\/\/minval.org\/svm\/wp-content\/gallery\/fira-2010\/thumbs\/thumbs_4.jpg\"\n\t\t\t\t\twidth=\"100\"\n\t\t\t\t\theight=\"75\"\n\t\t\t\t\tstyle=\"max-width:100%;\"\n\t\t\t\t\/>\n\t\t\t<\/a>\n\t\t<\/div>\n\t\t\t\t\t\t\t<\/div> \n\t\t\t\n\t\t\t\t<div id=\"ngg-image-4\" class=\"ngg-gallery-thumbnail-box \n\t\t\t\t\t\t\t\t\t\t\t\" \n\t\t\t>\n\t\t\t\t\t\t<div class=\"ngg-gallery-thumbnail\">\n\t\t\t<a href=\"http:\/\/minval.org\/svm\/wp-content\/gallery\/fira-2010\/5.jpg\"\n\t\t\t\ttitle=\"Visita de las autoridades a los 32 estands de la feria \"\n\t\t\t\tdata-src=\"http:\/\/minval.org\/svm\/wp-content\/gallery\/fira-2010\/5.jpg\"\n\t\t\t\tdata-thumbnail=\"http:\/\/minval.org\/svm\/wp-content\/gallery\/fira-2010\/thumbs\/thumbs_5.jpg\"\n\t\t\t\tdata-image-id=\"948\"\n\t\t\t\tdata-title=\"Visita\"\n\t\t\t\tdata-description=\"Visita de las autoridades a los 32 estands de la feria \"\n\t\t\t\tdata-image-slug=\"\"\n\t\t\t\tclass=\"ngg-simplelightbox\" rel=\"e89e15a8ffcec4ecc3f0509128a7ae41\">\n\t\t\t\t<img\n\t\t\t\t\ttitle=\"Visita\"\n\t\t\t\t\talt=\"Visita\"\n\t\t\t\t\tsrc=\"http:\/\/minval.org\/svm\/wp-content\/gallery\/fira-2010\/thumbs\/thumbs_5.jpg\"\n\t\t\t\t\twidth=\"99\"\n\t\t\t\t\theight=\"75\"\n\t\t\t\t\tstyle=\"max-width:100%;\"\n\t\t\t\t\/>\n\t\t\t<\/a>\n\t\t<\/div>\n\t\t\t\t\t\t\t<\/div> \n\t\t\t\n\t\t\t\t<div id=\"ngg-image-5\" class=\"ngg-gallery-thumbnail-box \n\t\t\t\t\t\t\t\t\t\t\t\" \n\t\t\t>\n\t\t\t\t\t\t<div class=\"ngg-gallery-thumbnail\">\n\t\t\t<a href=\"http:\/\/minval.org\/svm\/wp-content\/gallery\/fira-2010\/6.jpg\"\n\t\t\t\ttitle=\"Estand de Adri\u00e1n Pesudo en el que se expon\u00edan minerales de nuestra Comunidad. Tambi\u00e9n se pod\u00edan encontrar en los de Rafa y Honorio, Juli\u00e1n Mart\u00ednez, Jos\u00e9 Ram\u00f3n Pastor y Jos\u00e9 Antonio D\u00edaz\"\n\t\t\t\tdata-src=\"http:\/\/minval.org\/svm\/wp-content\/gallery\/fira-2010\/6.jpg\"\n\t\t\t\tdata-thumbnail=\"http:\/\/minval.org\/svm\/wp-content\/gallery\/fira-2010\/thumbs\/thumbs_6.jpg\"\n\t\t\t\tdata-image-id=\"949\"\n\t\t\t\tdata-title=\"Expositor de Adri\u00e1n Pesudo\"\n\t\t\t\tdata-description=\"Estand de Adri\u00e1n Pesudo en el que se expon\u00edan minerales de nuestra Comunidad. Tambi\u00e9n se pod\u00edan encontrar en los de Rafa y Honorio, Juli\u00e1n Mart\u00ednez, Jos\u00e9 Ram\u00f3n Pastor y Jos\u00e9 Antonio D\u00edaz\"\n\t\t\t\tdata-image-slug=\"\"\n\t\t\t\tclass=\"ngg-simplelightbox\" rel=\"e89e15a8ffcec4ecc3f0509128a7ae41\">\n\t\t\t\t<img\n\t\t\t\t\ttitle=\"Expositor de Adri\u00e1n Pesudo\"\n\t\t\t\t\talt=\"Expositor de Adri\u00e1n Pesudo\"\n\t\t\t\t\tsrc=\"http:\/\/minval.org\/svm\/wp-content\/gallery\/fira-2010\/thumbs\/thumbs_6.jpg\"\n\t\t\t\t\twidth=\"99\"\n\t\t\t\t\theight=\"75\"\n\t\t\t\t\tstyle=\"max-width:100%;\"\n\t\t\t\t\/>\n\t\t\t<\/a>\n\t\t<\/div>\n\t\t\t\t\t\t\t<\/div> \n\t\t\t\n\t\t\t\t<div id=\"ngg-image-6\" class=\"ngg-gallery-thumbnail-box \n\t\t\t\t\t\t\t\t\t\t\t\" \n\t\t\t>\n\t\t\t\t\t\t<div class=\"ngg-gallery-thumbnail\">\n\t\t\t<a href=\"http:\/\/minval.org\/svm\/wp-content\/gallery\/fira-2010\/7.jpg\"\n\t\t\t\ttitle=\"Expositores de Jos\u00e9 Ram\u00f3n Pastor y Jos\u00e9 Antonio D\u00edaz. En este \u00faltimo se expusieron novedades como rosas de yeso y teruelitas de Gestalgar y maravillosas pi\u00f1as de aragonitos in matrix de Camporrobles\"\n\t\t\t\tdata-src=\"http:\/\/minval.org\/svm\/wp-content\/gallery\/fira-2010\/7.jpg\"\n\t\t\t\tdata-thumbnail=\"http:\/\/minval.org\/svm\/wp-content\/gallery\/fira-2010\/thumbs\/thumbs_7.jpg\"\n\t\t\t\tdata-image-id=\"955\"\n\t\t\t\tdata-title=\"Minerales valencianos\"\n\t\t\t\tdata-description=\"Expositores de Jos\u00e9 Ram\u00f3n Pastor y Jos\u00e9 Antonio D\u00edaz. En este \u00faltimo se expusieron novedades como rosas de yeso y teruelitas de Gestalgar y maravillosas pi\u00f1as de aragonitos in matrix de Camporrobles\"\n\t\t\t\tdata-image-slug=\"\"\n\t\t\t\tclass=\"ngg-simplelightbox\" rel=\"e89e15a8ffcec4ecc3f0509128a7ae41\">\n\t\t\t\t<img\n\t\t\t\t\ttitle=\"Minerales valencianos\"\n\t\t\t\t\talt=\"Minerales valencianos\"\n\t\t\t\t\tsrc=\"http:\/\/minval.org\/svm\/wp-content\/gallery\/fira-2010\/thumbs\/thumbs_7.jpg\"\n\t\t\t\t\twidth=\"100\"\n\t\t\t\t\theight=\"75\"\n\t\t\t\t\tstyle=\"max-width:100%;\"\n\t\t\t\t\/>\n\t\t\t<\/a>\n\t\t<\/div>\n\t\t\t\t\t\t\t<\/div> \n\t\t\t\n\t\t\t\t<div id=\"ngg-image-7\" class=\"ngg-gallery-thumbnail-box \n\t\t\t\t\t\t\t\t\t\t\t\" \n\t\t\t>\n\t\t\t\t\t\t<div class=\"ngg-gallery-thumbnail\">\n\t\t\t<a href=\"http:\/\/minval.org\/svm\/wp-content\/gallery\/fira-2010\/7a.jpg\"\n\t\t\t\ttitle=\"Pi\u00f1a de aragonito de Camporrobles\"\n\t\t\t\tdata-src=\"http:\/\/minval.org\/svm\/wp-content\/gallery\/fira-2010\/7a.jpg\"\n\t\t\t\tdata-thumbnail=\"http:\/\/minval.org\/svm\/wp-content\/gallery\/fira-2010\/thumbs\/thumbs_7a.jpg\"\n\t\t\t\tdata-image-id=\"956\"\n\t\t\t\tdata-title=\"Aragonito\"\n\t\t\t\tdata-description=\"Pi\u00f1a de aragonito de Camporrobles\"\n\t\t\t\tdata-image-slug=\"\"\n\t\t\t\tclass=\"ngg-simplelightbox\" rel=\"e89e15a8ffcec4ecc3f0509128a7ae41\">\n\t\t\t\t<img\n\t\t\t\t\ttitle=\"Aragonito\"\n\t\t\t\t\talt=\"Aragonito\"\n\t\t\t\t\tsrc=\"http:\/\/minval.org\/svm\/wp-content\/gallery\/fira-2010\/thumbs\/thumbs_7a.jpg\"\n\t\t\t\t\twidth=\"96\"\n\t\t\t\t\theight=\"75\"\n\t\t\t\t\tstyle=\"max-width:100%;\"\n\t\t\t\t\/>\n\t\t\t<\/a>\n\t\t<\/div>\n\t\t\t\t\t\t\t<\/div> \n\t\t\t\n\t\t\t\t<div id=\"ngg-image-8\" class=\"ngg-gallery-thumbnail-box \n\t\t\t\t\t\t\t\t\t\t\t\" \n\t\t\t>\n\t\t\t\t\t\t<div class=\"ngg-gallery-thumbnail\">\n\t\t\t<a href=\"http:\/\/minval.org\/svm\/wp-content\/gallery\/fira-2010\/7b.jpg\"\n\t\t\t\ttitle=\"Rosa de yeso de Gestalgar\"\n\t\t\t\tdata-src=\"http:\/\/minval.org\/svm\/wp-content\/gallery\/fira-2010\/7b.jpg\"\n\t\t\t\tdata-thumbnail=\"http:\/\/minval.org\/svm\/wp-content\/gallery\/fira-2010\/thumbs\/thumbs_7b.jpg\"\n\t\t\t\tdata-image-id=\"957\"\n\t\t\t\tdata-title=\"Rosa de yeso\"\n\t\t\t\tdata-description=\"Rosa de yeso de Gestalgar\"\n\t\t\t\tdata-image-slug=\"\"\n\t\t\t\tclass=\"ngg-simplelightbox\" rel=\"e89e15a8ffcec4ecc3f0509128a7ae41\">\n\t\t\t\t<img\n\t\t\t\t\ttitle=\"Rosa de yeso\"\n\t\t\t\t\talt=\"Rosa de yeso\"\n\t\t\t\t\tsrc=\"http:\/\/minval.org\/svm\/wp-content\/gallery\/fira-2010\/thumbs\/thumbs_7b.jpg\"\n\t\t\t\t\twidth=\"96\"\n\t\t\t\t\theight=\"75\"\n\t\t\t\t\tstyle=\"max-width:100%;\"\n\t\t\t\t\/>\n\t\t\t<\/a>\n\t\t<\/div>\n\t\t\t\t\t\t\t<\/div> \n\t\t\t\n\t\t\t\t<div id=\"ngg-image-9\" class=\"ngg-gallery-thumbnail-box \n\t\t\t\t\t\t\t\t\t\t\t\" \n\t\t\t>\n\t\t\t\t\t\t<div class=\"ngg-gallery-thumbnail\">\n\t\t\t<a href=\"http:\/\/minval.org\/svm\/wp-content\/gallery\/fira-2010\/8.jpg\"\n\t\t\t\ttitle=\"Detalle del stand de Antonio \u00c1lvarez\"\n\t\t\t\tdata-src=\"http:\/\/minval.org\/svm\/wp-content\/gallery\/fira-2010\/8.jpg\"\n\t\t\t\tdata-thumbnail=\"http:\/\/minval.org\/svm\/wp-content\/gallery\/fira-2010\/thumbs\/thumbs_8.jpg\"\n\t\t\t\tdata-image-id=\"958\"\n\t\t\t\tdata-title=\"Minerales de A. \u00c1lvarez\"\n\t\t\t\tdata-description=\"Detalle del stand de Antonio \u00c1lvarez\"\n\t\t\t\tdata-image-slug=\"\"\n\t\t\t\tclass=\"ngg-simplelightbox\" rel=\"e89e15a8ffcec4ecc3f0509128a7ae41\">\n\t\t\t\t<img\n\t\t\t\t\ttitle=\"Minerales de A. \u00c1lvarez\"\n\t\t\t\t\talt=\"Minerales de A. \u00c1lvarez\"\n\t\t\t\t\tsrc=\"http:\/\/minval.org\/svm\/wp-content\/gallery\/fira-2010\/thumbs\/thumbs_8.jpg\"\n\t\t\t\t\twidth=\"100\"\n\t\t\t\t\theight=\"75\"\n\t\t\t\t\tstyle=\"max-width:100%;\"\n\t\t\t\t\/>\n\t\t\t<\/a>\n\t\t<\/div>\n\t\t\t\t\t\t\t<\/div> \n\t\t\t\n\t\t\t\t<div id=\"ngg-image-10\" class=\"ngg-gallery-thumbnail-box \n\t\t\t\t\t\t\t\t\t\t\t\" \n\t\t\t>\n\t\t\t\t\t\t<div class=\"ngg-gallery-thumbnail\">\n\t\t\t<a href=\"http:\/\/minval.org\/svm\/wp-content\/gallery\/fira-2010\/9.jpg\"\n\t\t\t\ttitle=\"Vista de algunos expositores bajo los soportales\"\n\t\t\t\tdata-src=\"http:\/\/minval.org\/svm\/wp-content\/gallery\/fira-2010\/9.jpg\"\n\t\t\t\tdata-thumbnail=\"http:\/\/minval.org\/svm\/wp-content\/gallery\/fira-2010\/thumbs\/thumbs_9.jpg\"\n\t\t\t\tdata-image-id=\"961\"\n\t\t\t\tdata-title=\"Vista de algunos expositores\"\n\t\t\t\tdata-description=\"Vista de algunos expositores bajo los soportales\"\n\t\t\t\tdata-image-slug=\"\"\n\t\t\t\tclass=\"ngg-simplelightbox\" rel=\"e89e15a8ffcec4ecc3f0509128a7ae41\">\n\t\t\t\t<img\n\t\t\t\t\ttitle=\"Vista de algunos expositores\"\n\t\t\t\t\talt=\"Vista de algunos expositores\"\n\t\t\t\t\tsrc=\"http:\/\/minval.org\/svm\/wp-content\/gallery\/fira-2010\/thumbs\/thumbs_9.jpg\"\n\t\t\t\t\twidth=\"100\"\n\t\t\t\t\theight=\"75\"\n\t\t\t\t\tstyle=\"max-width:100%;\"\n\t\t\t\t\/>\n\t\t\t<\/a>\n\t\t<\/div>\n\t\t\t\t\t\t\t<\/div> \n\t\t\t\n\t\t\t\t<div id=\"ngg-image-11\" class=\"ngg-gallery-thumbnail-box \n\t\t\t\t\t\t\t\t\t\t\t\" \n\t\t\t>\n\t\t\t\t\t\t<div class=\"ngg-gallery-thumbnail\">\n\t\t\t<a href=\"http:\/\/minval.org\/svm\/wp-content\/gallery\/fira-2010\/9a.jpg\"\n\t\t\t\ttitle=\"Cobre nativo de Roy mine 8USA), del expositor de Joan Vi\u00f1als\"\n\t\t\t\tdata-src=\"http:\/\/minval.org\/svm\/wp-content\/gallery\/fira-2010\/9a.jpg\"\n\t\t\t\tdata-thumbnail=\"http:\/\/minval.org\/svm\/wp-content\/gallery\/fira-2010\/thumbs\/thumbs_9a.jpg\"\n\t\t\t\tdata-image-id=\"962\"\n\t\t\t\tdata-title=\"Cobre nativo\"\n\t\t\t\tdata-description=\"Cobre nativo de Roy mine 8USA), del expositor de Joan Vi\u00f1als\"\n\t\t\t\tdata-image-slug=\"\"\n\t\t\t\tclass=\"ngg-simplelightbox\" rel=\"e89e15a8ffcec4ecc3f0509128a7ae41\">\n\t\t\t\t<img\n\t\t\t\t\ttitle=\"Cobre nativo\"\n\t\t\t\t\talt=\"Cobre nativo\"\n\t\t\t\t\tsrc=\"http:\/\/minval.org\/svm\/wp-content\/gallery\/fira-2010\/thumbs\/thumbs_9a.jpg\"\n\t\t\t\t\twidth=\"100\"\n\t\t\t\t\theight=\"75\"\n\t\t\t\t\tstyle=\"max-width:100%;\"\n\t\t\t\t\/>\n\t\t\t<\/a>\n\t\t<\/div>\n\t\t\t\t\t\t\t<\/div> \n\t\t\t\n\t\t\t\t<div id=\"ngg-image-12\" class=\"ngg-gallery-thumbnail-box \n\t\t\t\t\t\t\t\t\t\t\t\" \n\t\t\t>\n\t\t\t\t\t\t<div class=\"ngg-gallery-thumbnail\">\n\t\t\t<a href=\"http:\/\/minval.org\/svm\/wp-content\/gallery\/fira-2010\/9b.jpg\"\n\t\t\t\ttitle=\"Hyalofanas de la mina Zagradski Potok de Busovaca (Bosnia-Herzegovina). Estand de semka Guso\"\n\t\t\t\tdata-src=\"http:\/\/minval.org\/svm\/wp-content\/gallery\/fira-2010\/9b.jpg\"\n\t\t\t\tdata-thumbnail=\"http:\/\/minval.org\/svm\/wp-content\/gallery\/fira-2010\/thumbs\/thumbs_9b.jpg\"\n\t\t\t\tdata-image-id=\"964\"\n\t\t\t\tdata-title=\"Hyalofanas\"\n\t\t\t\tdata-description=\"Hyalofanas de la mina Zagradski Potok de Busovaca (Bosnia-Herzegovina). Estand de semka Guso\"\n\t\t\t\tdata-image-slug=\"\"\n\t\t\t\tclass=\"ngg-simplelightbox\" rel=\"e89e15a8ffcec4ecc3f0509128a7ae41\">\n\t\t\t\t<img\n\t\t\t\t\ttitle=\"Hyalofanas\"\n\t\t\t\t\talt=\"Hyalofanas\"\n\t\t\t\t\tsrc=\"http:\/\/minval.org\/svm\/wp-content\/gallery\/fira-2010\/thumbs\/thumbs_9b.jpg\"\n\t\t\t\t\twidth=\"100\"\n\t\t\t\t\theight=\"75\"\n\t\t\t\t\tstyle=\"max-width:100%;\"\n\t\t\t\t\/>\n\t\t\t<\/a>\n\t\t<\/div>\n\t\t\t\t\t\t\t<\/div> \n\t\t\t\n\t\n\t<br style=\"clear: both\" \/>\n\n\t\n\t\t<!-- Pagination -->\n\t\t<div class='ngg-clear'><\/div>\t<\/div>\n\n<\/p>\n<p><!--:--><\/p>\n","protected":false},"excerpt":{"rendered":"","protected":false},"author":2,"featured_media":0,"comment_status":"closed","ping_status":"closed","sticky":false,"template":"","format":"standard","meta":{"ngg_post_thumbnail":0,"footnotes":""},"categories":[5],"tags":[],"_links":{"self":[{"href":"http:\/\/minval.org\/svm\/index.php?rest_route=\/wp\/v2\/posts\/2794"}],"collection":[{"href":"http:\/\/minval.org\/svm\/index.php?rest_route=\/wp\/v2\/posts"}],"about":[{"href":"http:\/\/minval.org\/svm\/index.php?rest_route=\/wp\/v2\/types\/post"}],"author":[{"embeddable":true,"href":"http:\/\/minval.org\/svm\/index.php?rest_route=\/wp\/v2\/users\/2"}],"replies":[{"embeddable":true,"href":"http:\/\/minval.org\/svm\/index.php?rest_route=%2Fwp%2Fv2%2Fcomments&post=2794"}],"version-history":[{"count":0,"href":"http:\/\/minval.org\/svm\/index.php?rest_route=\/wp\/v2\/posts\/2794\/revisions"}],"wp:attachment":[{"href":"http:\/\/minval.org\/svm\/index.php?rest_route=%2Fwp%2Fv2%2Fmedia&parent=2794"}],"wp:term":[{"taxonomy":"category","embeddable":true,"href":"http:\/\/minval.org\/svm\/index.php?rest_route=%2Fwp%2Fv2%2Fcategories&post=2794"},{"taxonomy":"post_tag","embeddable":true,"href":"http:\/\/minval.org\/svm\/index.php?rest_route=%2Fwp%2Fv2%2Ftags&post=2794"}],"curies":[{"name":"wp","href":"https:\/\/api.w.org\/{rel}","templated":true}]}}