{"id":2810,"date":"2010-04-26T12:25:52","date_gmt":"2010-04-26T10:25:52","guid":{"rendered":"http:\/\/minval.org\/svm\/?p=2810"},"modified":"2010-04-26T12:25:52","modified_gmt":"2010-04-26T10:25:52","slug":"mina-teresa-villanueva-de-viver-castello","status":"publish","type":"post","link":"http:\/\/minval.org\/svm\/?p=2810","title":{"rendered":"Mina Teresa. Villanueva de Viver (Castell\u00f3)"},"content":{"rendered":"<p><!--:es-->El\u00a0 d\u00eda 20 de marzo de 2010, nos reunimos Ram\u00f3n L\u00f3pez, Juan Mari Bartol, Carlos Tar\u00edn, Juan Navas, Adri\u00e1n Pesudo y yo, Manuel Canseco, con el objetivo de encontrar la mina Teresa en Villanueva de Viver. Llegamos a las nueve y media\u00a0 y despu\u00e9s de preguntar a dos o tres personas la situaci\u00f3n de la mina, nos indicaron que la persona indicada para que nos dijera la exacta localizaci\u00f3n, era Saturnino Villalba Colas que hab\u00eda trabajado de joven en la misma. Se prest\u00f3 a acompa\u00f1arnos a pesar de su edad, 81 a\u00f1os, y su cojera. Saturnino trabaj\u00f3 en la mina desde los 15 a\u00f1os. Se desplazaba todos los d\u00edas a pie, desde su casa hasta la explotaci\u00f3n (unos dos quil\u00f3metros, monte a trav\u00e9s). La mina Teresa se explot\u00f3 al menos desde 1943, siendo 1943 y 1944 los a\u00f1os de mayor producci\u00f3n, con una extracci\u00f3n de alrededor de 40 Tm de material. Es una mina de manganeso que se encuentra en n\u00f3dulos y bolsadas en forma de pirolusita. Se cerr\u00f3 en 1947. Despu\u00e9s de varios intentos encontramos la senda que estaba tapizada por una alianza de aliagas de un metro de altura, con inmensos matorrales de rosa albar y zarzas de ramas m\u00e9tricas. Despu\u00e9s de unos quinientos metros encontramos la primera entrada derruida y lo que queda de las instalaciones, con varias catas al otro lado del barranco, dos escombreras enormes en medio de las aliagas y un cercado en el que mol\u00edan el mineral. Encontramos buenas muestras de pirolusita estalact\u00edtica y cristalizada, de las que escogimos un magn\u00edfico ejemplar para la colecci\u00f3n de la Societat Valenciana de Mineralogia.<\/p>\n<hr \/>\n<p><!-- default-view.php -->\n<div\n\tclass=\"ngg-galleryoverview default-view \n\t\t\"\n\tid=\"ngg-gallery-f12fe9ae432b2cc40602a21dc133941d-1\">\n\n\t\t<!-- Thumbnails -->\n\t\t\t\t<div id=\"ngg-image-0\" class=\"ngg-gallery-thumbnail-box \n\t\t\t\t\t\t\t\t\t\t\t\" \n\t\t\t>\n\t\t\t\t\t\t<div class=\"ngg-gallery-thumbnail\">\n\t\t\t<a href=\"http:\/\/minval.org\/svm\/wp-content\/gallery\/mina-teresa\/aaa.jpg\"\n\t\t\t\ttitle=\"El d\u00eda 20 de marzo de 2010 salimos de Castell\u00f3n Ram\u00f3n L\u00f3pez, Juan Mari Bartol, Juan Carlos Tar\u00edn, Juan Navas, Adri\u00e1n Pesudo y Manuel Canseco, para localizar la mina Teresa en Villanueva de Viver\"\n\t\t\t\tdata-src=\"http:\/\/minval.org\/svm\/wp-content\/gallery\/mina-teresa\/aaa.jpg\"\n\t\t\t\tdata-thumbnail=\"http:\/\/minval.org\/svm\/wp-content\/gallery\/mina-teresa\/thumbs\/thumbs_aaa.jpg\"\n\t\t\t\tdata-image-id=\"983\"\n\t\t\t\tdata-title=\"Iglesia de Villanueva de Viver\"\n\t\t\t\tdata-description=\"El d\u00eda 20 de marzo de 2010 salimos de Castell\u00f3n Ram\u00f3n L\u00f3pez, Juan Mari Bartol, Juan Carlos Tar\u00edn, Juan Navas, Adri\u00e1n Pesudo y Manuel Canseco, para localizar la mina Teresa en Villanueva de Viver\"\n\t\t\t\tdata-image-slug=\"\"\n\t\t\t\tclass=\"ngg-simplelightbox\" rel=\"f12fe9ae432b2cc40602a21dc133941d\">\n\t\t\t\t<img\n\t\t\t\t\ttitle=\"Iglesia de Villanueva de Viver\"\n\t\t\t\t\talt=\"Iglesia de Villanueva de Viver\"\n\t\t\t\t\tsrc=\"http:\/\/minval.org\/svm\/wp-content\/gallery\/mina-teresa\/thumbs\/thumbs_aaa.jpg\"\n\t\t\t\t\twidth=\"100\"\n\t\t\t\t\theight=\"75\"\n\t\t\t\t\tstyle=\"max-width:100%;\"\n\t\t\t\t\/>\n\t\t\t<\/a>\n\t\t<\/div>\n\t\t\t\t\t\t\t<\/div> \n\t\t\t\n\t\t\t\t<div id=\"ngg-image-1\" class=\"ngg-gallery-thumbnail-box \n\t\t\t\t\t\t\t\t\t\t\t\" \n\t\t\t>\n\t\t\t\t\t\t<div class=\"ngg-gallery-thumbnail\">\n\t\t\t<a href=\"http:\/\/minval.org\/svm\/wp-content\/gallery\/mina-teresa\/bbb.jpg\"\n\t\t\t\ttitle=\"Llegamos a las nueve y media y nos dirigimos a diversas personas para que nos indicaran c\u00f3mo acceder \"\n\t\t\t\tdata-src=\"http:\/\/minval.org\/svm\/wp-content\/gallery\/mina-teresa\/bbb.jpg\"\n\t\t\t\tdata-thumbnail=\"http:\/\/minval.org\/svm\/wp-content\/gallery\/mina-teresa\/thumbs\/thumbs_bbb.jpg\"\n\t\t\t\tdata-image-id=\"984\"\n\t\t\t\tdata-title=\"Ram\u00f3n L\u00f3pez cogiendo el bocadillo\"\n\t\t\t\tdata-description=\"Llegamos a las nueve y media y nos dirigimos a diversas personas para que nos indicaran c\u00f3mo acceder \"\n\t\t\t\tdata-image-slug=\"\"\n\t\t\t\tclass=\"ngg-simplelightbox\" rel=\"f12fe9ae432b2cc40602a21dc133941d\">\n\t\t\t\t<img\n\t\t\t\t\ttitle=\"Ram\u00f3n L\u00f3pez cogiendo el bocadillo\"\n\t\t\t\t\talt=\"Ram\u00f3n L\u00f3pez cogiendo el bocadillo\"\n\t\t\t\t\tsrc=\"http:\/\/minval.org\/svm\/wp-content\/gallery\/mina-teresa\/thumbs\/thumbs_bbb.jpg\"\n\t\t\t\t\twidth=\"100\"\n\t\t\t\t\theight=\"75\"\n\t\t\t\t\tstyle=\"max-width:100%;\"\n\t\t\t\t\/>\n\t\t\t<\/a>\n\t\t<\/div>\n\t\t\t\t\t\t\t<\/div> \n\t\t\t\n\t\t\t\t<div id=\"ngg-image-2\" class=\"ngg-gallery-thumbnail-box \n\t\t\t\t\t\t\t\t\t\t\t\" \n\t\t\t>\n\t\t\t\t\t\t<div class=\"ngg-gallery-thumbnail\">\n\t\t\t<a href=\"http:\/\/minval.org\/svm\/wp-content\/gallery\/mina-teresa\/ccc.jpg\"\n\t\t\t\ttitle=\"Todos coincidieron que la persona indicada era Saturnino Villalba Col\u00e1s que hab\u00eda trabajado de joven en la misma\"\n\t\t\t\tdata-src=\"http:\/\/minval.org\/svm\/wp-content\/gallery\/mina-teresa\/ccc.jpg\"\n\t\t\t\tdata-thumbnail=\"http:\/\/minval.org\/svm\/wp-content\/gallery\/mina-teresa\/thumbs\/thumbs_ccc.jpg\"\n\t\t\t\tdata-image-id=\"985\"\n\t\t\t\tdata-title=\"Juan Mari Bartol\"\n\t\t\t\tdata-description=\"Todos coincidieron que la persona indicada era Saturnino Villalba Col\u00e1s que hab\u00eda trabajado de joven en la misma\"\n\t\t\t\tdata-image-slug=\"\"\n\t\t\t\tclass=\"ngg-simplelightbox\" rel=\"f12fe9ae432b2cc40602a21dc133941d\">\n\t\t\t\t<img\n\t\t\t\t\ttitle=\"Juan Mari Bartol\"\n\t\t\t\t\talt=\"Juan Mari Bartol\"\n\t\t\t\t\tsrc=\"http:\/\/minval.org\/svm\/wp-content\/gallery\/mina-teresa\/thumbs\/thumbs_ccc.jpg\"\n\t\t\t\t\twidth=\"100\"\n\t\t\t\t\theight=\"75\"\n\t\t\t\t\tstyle=\"max-width:100%;\"\n\t\t\t\t\/>\n\t\t\t<\/a>\n\t\t<\/div>\n\t\t\t\t\t\t\t<\/div> \n\t\t\t\n\t\t\t\t<div id=\"ngg-image-3\" class=\"ngg-gallery-thumbnail-box \n\t\t\t\t\t\t\t\t\t\t\t\" \n\t\t\t>\n\t\t\t\t\t\t<div class=\"ngg-gallery-thumbnail\">\n\t\t\t<a href=\"http:\/\/minval.org\/svm\/wp-content\/gallery\/mina-teresa\/daa.jpg\"\n\t\t\t\ttitle=\"Saturnino, a pesar de su edad, 81 a\u00f1os y su cojera ostensible se prest\u00f3 a acompa\u00f1arnos \"\n\t\t\t\tdata-src=\"http:\/\/minval.org\/svm\/wp-content\/gallery\/mina-teresa\/daa.jpg\"\n\t\t\t\tdata-thumbnail=\"http:\/\/minval.org\/svm\/wp-content\/gallery\/mina-teresa\/thumbs\/thumbs_daa.jpg\"\n\t\t\t\tdata-image-id=\"986\"\n\t\t\t\tdata-title=\"Saturnino Villalba Col\u00e1s y Juan Mari Bartol\"\n\t\t\t\tdata-description=\"Saturnino, a pesar de su edad, 81 a\u00f1os y su cojera ostensible se prest\u00f3 a acompa\u00f1arnos \"\n\t\t\t\tdata-image-slug=\"\"\n\t\t\t\tclass=\"ngg-simplelightbox\" rel=\"f12fe9ae432b2cc40602a21dc133941d\">\n\t\t\t\t<img\n\t\t\t\t\ttitle=\"Saturnino Villalba Col\u00e1s y Juan Mari Bartol\"\n\t\t\t\t\talt=\"Saturnino Villalba Col\u00e1s y Juan Mari Bartol\"\n\t\t\t\t\tsrc=\"http:\/\/minval.org\/svm\/wp-content\/gallery\/mina-teresa\/thumbs\/thumbs_daa.jpg\"\n\t\t\t\t\twidth=\"100\"\n\t\t\t\t\theight=\"75\"\n\t\t\t\t\tstyle=\"max-width:100%;\"\n\t\t\t\t\/>\n\t\t\t<\/a>\n\t\t<\/div>\n\t\t\t\t\t\t\t<\/div> \n\t\t\t\n\t\t\t\t<div id=\"ngg-image-4\" class=\"ngg-gallery-thumbnail-box \n\t\t\t\t\t\t\t\t\t\t\t\" \n\t\t\t>\n\t\t\t\t\t\t<div class=\"ngg-gallery-thumbnail\">\n\t\t\t<a href=\"http:\/\/minval.org\/svm\/wp-content\/gallery\/mina-teresa\/ddd.jpg\"\n\t\t\t\ttitle=\"Saturnino trabaj\u00f3 en la mina desde los 15 a\u00f1os. Se desplazaba todos los d\u00edas a pie, desde su casa hasta la explotaci\u00f3n (unos dos quil\u00f3metros, monte a trav\u00e9s).\"\n\t\t\t\tdata-src=\"http:\/\/minval.org\/svm\/wp-content\/gallery\/mina-teresa\/ddd.jpg\"\n\t\t\t\tdata-thumbnail=\"http:\/\/minval.org\/svm\/wp-content\/gallery\/mina-teresa\/thumbs\/thumbs_ddd.jpg\"\n\t\t\t\tdata-image-id=\"987\"\n\t\t\t\tdata-title=\"Localizando la mina\"\n\t\t\t\tdata-description=\"Saturnino trabaj\u00f3 en la mina desde los 15 a\u00f1os. Se desplazaba todos los d\u00edas a pie, desde su casa hasta la explotaci\u00f3n (unos dos quil\u00f3metros, monte a trav\u00e9s).\"\n\t\t\t\tdata-image-slug=\"\"\n\t\t\t\tclass=\"ngg-simplelightbox\" rel=\"f12fe9ae432b2cc40602a21dc133941d\">\n\t\t\t\t<img\n\t\t\t\t\ttitle=\"Localizando la mina\"\n\t\t\t\t\talt=\"Localizando la mina\"\n\t\t\t\t\tsrc=\"http:\/\/minval.org\/svm\/wp-content\/gallery\/mina-teresa\/thumbs\/thumbs_ddd.jpg\"\n\t\t\t\t\twidth=\"100\"\n\t\t\t\t\theight=\"75\"\n\t\t\t\t\tstyle=\"max-width:100%;\"\n\t\t\t\t\/>\n\t\t\t<\/a>\n\t\t<\/div>\n\t\t\t\t\t\t\t<\/div> \n\t\t\t\n\t\t\t\t<div id=\"ngg-image-5\" class=\"ngg-gallery-thumbnail-box \n\t\t\t\t\t\t\t\t\t\t\t\" \n\t\t\t>\n\t\t\t\t\t\t<div class=\"ngg-gallery-thumbnail\">\n\t\t\t<a href=\"http:\/\/minval.org\/svm\/wp-content\/gallery\/mina-teresa\/eee.jpg\"\n\t\t\t\ttitle=\"Nuestro primer intento, fue acceder a la mina a trav\u00e9s del barranco de Maimona\"\n\t\t\t\tdata-src=\"http:\/\/minval.org\/svm\/wp-content\/gallery\/mina-teresa\/eee.jpg\"\n\t\t\t\tdata-thumbnail=\"http:\/\/minval.org\/svm\/wp-content\/gallery\/mina-teresa\/thumbs\/thumbs_eee.jpg\"\n\t\t\t\tdata-image-id=\"988\"\n\t\t\t\tdata-title=\"Saturnino y Manuel Canseco\"\n\t\t\t\tdata-description=\"Nuestro primer intento, fue acceder a la mina a trav\u00e9s del barranco de Maimona\"\n\t\t\t\tdata-image-slug=\"\"\n\t\t\t\tclass=\"ngg-simplelightbox\" rel=\"f12fe9ae432b2cc40602a21dc133941d\">\n\t\t\t\t<img\n\t\t\t\t\ttitle=\"Saturnino y Manuel Canseco\"\n\t\t\t\t\talt=\"Saturnino y Manuel Canseco\"\n\t\t\t\t\tsrc=\"http:\/\/minval.org\/svm\/wp-content\/gallery\/mina-teresa\/thumbs\/thumbs_eee.jpg\"\n\t\t\t\t\twidth=\"56\"\n\t\t\t\t\theight=\"75\"\n\t\t\t\t\tstyle=\"max-width:100%;\"\n\t\t\t\t\/>\n\t\t\t<\/a>\n\t\t<\/div>\n\t\t\t\t\t\t\t<\/div> \n\t\t\t\n\t\t\t\t<div id=\"ngg-image-6\" class=\"ngg-gallery-thumbnail-box \n\t\t\t\t\t\t\t\t\t\t\t\" \n\t\t\t>\n\t\t\t\t\t\t<div class=\"ngg-gallery-thumbnail\">\n\t\t\t<a href=\"http:\/\/minval.org\/svm\/wp-content\/gallery\/mina-teresa\/fff.jpg\"\n\t\t\t\ttitle=\"Pero \u00e9ste se encontraba lleno de agua, por lo que nos fue imposible vadearlo\"\n\t\t\t\tdata-src=\"http:\/\/minval.org\/svm\/wp-content\/gallery\/mina-teresa\/fff.jpg\"\n\t\t\t\tdata-thumbnail=\"http:\/\/minval.org\/svm\/wp-content\/gallery\/mina-teresa\/thumbs\/thumbs_fff.jpg\"\n\t\t\t\tdata-image-id=\"989\"\n\t\t\t\tdata-title=\"Primer obast\u00e1culo, el barranco viene lleno de agua\"\n\t\t\t\tdata-description=\"Pero \u00e9ste se encontraba lleno de agua, por lo que nos fue imposible vadearlo\"\n\t\t\t\tdata-image-slug=\"\"\n\t\t\t\tclass=\"ngg-simplelightbox\" rel=\"f12fe9ae432b2cc40602a21dc133941d\">\n\t\t\t\t<img\n\t\t\t\t\ttitle=\"Primer obast\u00e1culo, el barranco viene lleno de agua\"\n\t\t\t\t\talt=\"Primer obast\u00e1culo, el barranco viene lleno de agua\"\n\t\t\t\t\tsrc=\"http:\/\/minval.org\/svm\/wp-content\/gallery\/mina-teresa\/thumbs\/thumbs_fff.jpg\"\n\t\t\t\t\twidth=\"100\"\n\t\t\t\t\theight=\"75\"\n\t\t\t\t\tstyle=\"max-width:100%;\"\n\t\t\t\t\/>\n\t\t\t<\/a>\n\t\t<\/div>\n\t\t\t\t\t\t\t<\/div> \n\t\t\t\n\t\t\t\t<div id=\"ngg-image-7\" class=\"ngg-gallery-thumbnail-box \n\t\t\t\t\t\t\t\t\t\t\t\" \n\t\t\t>\n\t\t\t\t\t\t<div class=\"ngg-gallery-thumbnail\">\n\t\t\t<a href=\"http:\/\/minval.org\/svm\/wp-content\/gallery\/mina-teresa\/ggg.jpg\"\n\t\t\t\ttitle=\"\"\n\t\t\t\tdata-src=\"http:\/\/minval.org\/svm\/wp-content\/gallery\/mina-teresa\/ggg.jpg\"\n\t\t\t\tdata-thumbnail=\"http:\/\/minval.org\/svm\/wp-content\/gallery\/mina-teresa\/thumbs\/thumbs_ggg.jpg\"\n\t\t\t\tdata-image-id=\"990\"\n\t\t\t\tdata-title=\"Barranco de Maimona\"\n\t\t\t\tdata-description=\"\"\n\t\t\t\tdata-image-slug=\"\"\n\t\t\t\tclass=\"ngg-simplelightbox\" rel=\"f12fe9ae432b2cc40602a21dc133941d\">\n\t\t\t\t<img\n\t\t\t\t\ttitle=\"Barranco de Maimona\"\n\t\t\t\t\talt=\"Barranco de Maimona\"\n\t\t\t\t\tsrc=\"http:\/\/minval.org\/svm\/wp-content\/gallery\/mina-teresa\/thumbs\/thumbs_ggg.jpg\"\n\t\t\t\t\twidth=\"100\"\n\t\t\t\t\theight=\"75\"\n\t\t\t\t\tstyle=\"max-width:100%;\"\n\t\t\t\t\/>\n\t\t\t<\/a>\n\t\t<\/div>\n\t\t\t\t\t\t\t<\/div> \n\t\t\t\n\t\t\t\t<div id=\"ngg-image-8\" class=\"ngg-gallery-thumbnail-box \n\t\t\t\t\t\t\t\t\t\t\t\" \n\t\t\t>\n\t\t\t\t\t\t<div class=\"ngg-gallery-thumbnail\">\n\t\t\t<a href=\"http:\/\/minval.org\/svm\/wp-content\/gallery\/mina-teresa\/hhh.jpg\"\n\t\t\t\ttitle=\"No se amilan\u00f3 nuestro gu\u00eda por ese inconveniente y nos hizo volver a los coches\"\n\t\t\t\tdata-src=\"http:\/\/minval.org\/svm\/wp-content\/gallery\/mina-teresa\/hhh.jpg\"\n\t\t\t\tdata-thumbnail=\"http:\/\/minval.org\/svm\/wp-content\/gallery\/mina-teresa\/thumbs\/thumbs_hhh.jpg\"\n\t\t\t\tdata-image-id=\"991\"\n\t\t\t\tdata-title=\"Regreso a los coches\"\n\t\t\t\tdata-description=\"No se amilan\u00f3 nuestro gu\u00eda por ese inconveniente y nos hizo volver a los coches\"\n\t\t\t\tdata-image-slug=\"\"\n\t\t\t\tclass=\"ngg-simplelightbox\" rel=\"f12fe9ae432b2cc40602a21dc133941d\">\n\t\t\t\t<img\n\t\t\t\t\ttitle=\"Regreso a los coches\"\n\t\t\t\t\talt=\"Regreso a los coches\"\n\t\t\t\t\tsrc=\"http:\/\/minval.org\/svm\/wp-content\/gallery\/mina-teresa\/thumbs\/thumbs_hhh.jpg\"\n\t\t\t\t\twidth=\"100\"\n\t\t\t\t\theight=\"75\"\n\t\t\t\t\tstyle=\"max-width:100%;\"\n\t\t\t\t\/>\n\t\t\t<\/a>\n\t\t<\/div>\n\t\t\t\t\t\t\t<\/div> \n\t\t\t\n\t\t\t\t<div id=\"ngg-image-9\" class=\"ngg-gallery-thumbnail-box \n\t\t\t\t\t\t\t\t\t\t\t\" \n\t\t\t>\n\t\t\t\t\t\t<div class=\"ngg-gallery-thumbnail\">\n\t\t\t<a href=\"http:\/\/minval.org\/svm\/wp-content\/gallery\/mina-teresa\/iii.jpg\"\n\t\t\t\ttitle=\"Desde un lugar elevado nos indic\u00f3 el lugar exacto\"\n\t\t\t\tdata-src=\"http:\/\/minval.org\/svm\/wp-content\/gallery\/mina-teresa\/iii.jpg\"\n\t\t\t\tdata-thumbnail=\"http:\/\/minval.org\/svm\/wp-content\/gallery\/mina-teresa\/thumbs\/thumbs_iii.jpg\"\n\t\t\t\tdata-image-id=\"992\"\n\t\t\t\tdata-title=\"Localizaci\u00f3n desde el otro lado del barranco\"\n\t\t\t\tdata-description=\"Desde un lugar elevado nos indic\u00f3 el lugar exacto\"\n\t\t\t\tdata-image-slug=\"\"\n\t\t\t\tclass=\"ngg-simplelightbox\" rel=\"f12fe9ae432b2cc40602a21dc133941d\">\n\t\t\t\t<img\n\t\t\t\t\ttitle=\"Localizaci\u00f3n desde el otro lado del barranco\"\n\t\t\t\t\talt=\"Localizaci\u00f3n desde el otro lado del barranco\"\n\t\t\t\t\tsrc=\"http:\/\/minval.org\/svm\/wp-content\/gallery\/mina-teresa\/thumbs\/thumbs_iii.jpg\"\n\t\t\t\t\twidth=\"100\"\n\t\t\t\t\theight=\"75\"\n\t\t\t\t\tstyle=\"max-width:100%;\"\n\t\t\t\t\/>\n\t\t\t<\/a>\n\t\t<\/div>\n\t\t\t\t\t\t\t<\/div> \n\t\t\t\n\t\t\t\t<div id=\"ngg-image-10\" class=\"ngg-gallery-thumbnail-box \n\t\t\t\t\t\t\t\t\t\t\t\" \n\t\t\t>\n\t\t\t\t\t\t<div class=\"ngg-gallery-thumbnail\">\n\t\t\t<a href=\"http:\/\/minval.org\/svm\/wp-content\/gallery\/mina-teresa\/jjj.jpg\"\n\t\t\t\ttitle=\"Est\u00e1 al otro lado del barranco en la ladera del monte que est\u00e1 detr\u00e1s del pino\"\n\t\t\t\tdata-src=\"http:\/\/minval.org\/svm\/wp-content\/gallery\/mina-teresa\/jjj.jpg\"\n\t\t\t\tdata-thumbnail=\"http:\/\/minval.org\/svm\/wp-content\/gallery\/mina-teresa\/thumbs\/thumbs_jjj.jpg\"\n\t\t\t\tdata-image-id=\"993\"\n\t\t\t\tdata-title=\"Se encuentra en la monta\u00f1a que se ve detr\u00e1s del pino \"\n\t\t\t\tdata-description=\"Est\u00e1 al otro lado del barranco en la ladera del monte que est\u00e1 detr\u00e1s del pino\"\n\t\t\t\tdata-image-slug=\"\"\n\t\t\t\tclass=\"ngg-simplelightbox\" rel=\"f12fe9ae432b2cc40602a21dc133941d\">\n\t\t\t\t<img\n\t\t\t\t\ttitle=\"Se encuentra en la monta\u00f1a que se ve detr\u00e1s del pino \"\n\t\t\t\t\talt=\"Se encuentra en la monta\u00f1a que se ve detr\u00e1s del pino \"\n\t\t\t\t\tsrc=\"http:\/\/minval.org\/svm\/wp-content\/gallery\/mina-teresa\/thumbs\/thumbs_jjj.jpg\"\n\t\t\t\t\twidth=\"100\"\n\t\t\t\t\theight=\"75\"\n\t\t\t\t\tstyle=\"max-width:100%;\"\n\t\t\t\t\/>\n\t\t\t<\/a>\n\t\t<\/div>\n\t\t\t\t\t\t\t<\/div> \n\t\t\t\n\t\t\t\t<div id=\"ngg-image-11\" class=\"ngg-gallery-thumbnail-box \n\t\t\t\t\t\t\t\t\t\t\t\" \n\t\t\t>\n\t\t\t\t\t\t<div class=\"ngg-gallery-thumbnail\">\n\t\t\t<a href=\"http:\/\/minval.org\/svm\/wp-content\/gallery\/mina-teresa\/kaa.jpg\"\n\t\t\t\ttitle=\"Intentamos acceder siguiendo la ruta que Saturnino hac\u00eda desde el pueblo todos los d\u00edas\"\n\t\t\t\tdata-src=\"http:\/\/minval.org\/svm\/wp-content\/gallery\/mina-teresa\/kaa.jpg\"\n\t\t\t\tdata-thumbnail=\"http:\/\/minval.org\/svm\/wp-content\/gallery\/mina-teresa\/thumbs\/thumbs_kaa.jpg\"\n\t\t\t\tdata-image-id=\"994\"\n\t\t\t\tdata-title=\"Ermita de San Mart\u00edn\"\n\t\t\t\tdata-description=\"Intentamos acceder siguiendo la ruta que Saturnino hac\u00eda desde el pueblo todos los d\u00edas\"\n\t\t\t\tdata-image-slug=\"\"\n\t\t\t\tclass=\"ngg-simplelightbox\" rel=\"f12fe9ae432b2cc40602a21dc133941d\">\n\t\t\t\t<img\n\t\t\t\t\ttitle=\"Ermita de San Mart\u00edn\"\n\t\t\t\t\talt=\"Ermita de San Mart\u00edn\"\n\t\t\t\t\tsrc=\"http:\/\/minval.org\/svm\/wp-content\/gallery\/mina-teresa\/thumbs\/thumbs_kaa.jpg\"\n\t\t\t\t\twidth=\"100\"\n\t\t\t\t\theight=\"75\"\n\t\t\t\t\tstyle=\"max-width:100%;\"\n\t\t\t\t\/>\n\t\t\t<\/a>\n\t\t<\/div>\n\t\t\t\t\t\t\t<\/div> \n\t\t\t\n\t\t\t\t<div id=\"ngg-image-12\" class=\"ngg-gallery-thumbnail-box \n\t\t\t\t\t\t\t\t\t\t\t\" \n\t\t\t>\n\t\t\t\t\t\t<div class=\"ngg-gallery-thumbnail\">\n\t\t\t<a href=\"http:\/\/minval.org\/svm\/wp-content\/gallery\/mina-teresa\/kkk.jpg\"\n\t\t\t\ttitle=\"Con coche seguimos el camino que lleva a la ermita de San Mart\u00edn, pasada esta, seguimos por el primer camino a la izquierda hasta que se perdi\u00f3. All\u00ed aparcamos y seguimos a pie por el lado del barranco siguiendo las instrucciones de nuestro gu\u00eda\"\n\t\t\t\tdata-src=\"http:\/\/minval.org\/svm\/wp-content\/gallery\/mina-teresa\/kkk.jpg\"\n\t\t\t\tdata-thumbnail=\"http:\/\/minval.org\/svm\/wp-content\/gallery\/mina-teresa\/thumbs\/thumbs_kkk.jpg\"\n\t\t\t\tdata-image-id=\"995\"\n\t\t\t\tdata-title=\"Bocamina derruida, protegida por la vegetaci\u00f3n\"\n\t\t\t\tdata-description=\"Con coche seguimos el camino que lleva a la ermita de San Mart\u00edn, pasada esta, seguimos por el primer camino a la izquierda hasta que se perdi\u00f3. All\u00ed aparcamos y seguimos a pie por el lado del barranco siguiendo las instrucciones de nuestro gu\u00eda\"\n\t\t\t\tdata-image-slug=\"\"\n\t\t\t\tclass=\"ngg-simplelightbox\" rel=\"f12fe9ae432b2cc40602a21dc133941d\">\n\t\t\t\t<img\n\t\t\t\t\ttitle=\"Bocamina derruida, protegida por la vegetaci\u00f3n\"\n\t\t\t\t\talt=\"Bocamina derruida, protegida por la vegetaci\u00f3n\"\n\t\t\t\t\tsrc=\"http:\/\/minval.org\/svm\/wp-content\/gallery\/mina-teresa\/thumbs\/thumbs_kkk.jpg\"\n\t\t\t\t\twidth=\"100\"\n\t\t\t\t\theight=\"75\"\n\t\t\t\t\tstyle=\"max-width:100%;\"\n\t\t\t\t\/>\n\t\t\t<\/a>\n\t\t<\/div>\n\t\t\t\t\t\t\t<\/div> \n\t\t\t\n\t\t\t\t<div id=\"ngg-image-13\" class=\"ngg-gallery-thumbnail-box \n\t\t\t\t\t\t\t\t\t\t\t\" \n\t\t\t>\n\t\t\t\t\t\t<div class=\"ngg-gallery-thumbnail\">\n\t\t\t<a href=\"http:\/\/minval.org\/svm\/wp-content\/gallery\/mina-teresa\/lll.jpg\"\n\t\t\t\ttitle=\"Despu\u00e9s de unos quinientos metros encontramos la primera entrada derruida y lo que queda de las instalaciones, con varias catas al otro lado del barranco, dos escombreras enormes en medio de las aliagas y un cercado en el que mol\u00edan el mineral\"\n\t\t\t\tdata-src=\"http:\/\/minval.org\/svm\/wp-content\/gallery\/mina-teresa\/lll.jpg\"\n\t\t\t\tdata-thumbnail=\"http:\/\/minval.org\/svm\/wp-content\/gallery\/mina-teresa\/thumbs\/thumbs_lll.jpg\"\n\t\t\t\tdata-image-id=\"996\"\n\t\t\t\tdata-title=\"Juan Carlos y Juan Mari en la mina Teresa\"\n\t\t\t\tdata-description=\"Despu\u00e9s de unos quinientos metros encontramos la primera entrada derruida y lo que queda de las instalaciones, con varias catas al otro lado del barranco, dos escombreras enormes en medio de las aliagas y un cercado en el que mol\u00edan el mineral\"\n\t\t\t\tdata-image-slug=\"\"\n\t\t\t\tclass=\"ngg-simplelightbox\" rel=\"f12fe9ae432b2cc40602a21dc133941d\">\n\t\t\t\t<img\n\t\t\t\t\ttitle=\"Juan Carlos y Juan Mari en la mina Teresa\"\n\t\t\t\t\talt=\"Juan Carlos y Juan Mari en la mina Teresa\"\n\t\t\t\t\tsrc=\"http:\/\/minval.org\/svm\/wp-content\/gallery\/mina-teresa\/thumbs\/thumbs_lll.jpg\"\n\t\t\t\t\twidth=\"100\"\n\t\t\t\t\theight=\"75\"\n\t\t\t\t\tstyle=\"max-width:100%;\"\n\t\t\t\t\/>\n\t\t\t<\/a>\n\t\t<\/div>\n\t\t\t\t\t\t\t<\/div> \n\t\t\t\n\t\t\t\t<div id=\"ngg-image-14\" class=\"ngg-gallery-thumbnail-box \n\t\t\t\t\t\t\t\t\t\t\t\" \n\t\t\t>\n\t\t\t\t\t\t<div class=\"ngg-gallery-thumbnail\">\n\t\t\t<a href=\"http:\/\/minval.org\/svm\/wp-content\/gallery\/mina-teresa\/mmm.jpg\"\n\t\t\t\ttitle=\"Catas en el barranco\"\n\t\t\t\tdata-src=\"http:\/\/minval.org\/svm\/wp-content\/gallery\/mina-teresa\/mmm.jpg\"\n\t\t\t\tdata-thumbnail=\"http:\/\/minval.org\/svm\/wp-content\/gallery\/mina-teresa\/thumbs\/thumbs_mmm.jpg\"\n\t\t\t\tdata-image-id=\"997\"\n\t\t\t\tdata-title=\"Catas en el barranco\"\n\t\t\t\tdata-description=\"Catas en el barranco\"\n\t\t\t\tdata-image-slug=\"\"\n\t\t\t\tclass=\"ngg-simplelightbox\" rel=\"f12fe9ae432b2cc40602a21dc133941d\">\n\t\t\t\t<img\n\t\t\t\t\ttitle=\"Catas en el barranco\"\n\t\t\t\t\talt=\"Catas en el barranco\"\n\t\t\t\t\tsrc=\"http:\/\/minval.org\/svm\/wp-content\/gallery\/mina-teresa\/thumbs\/thumbs_mmm.jpg\"\n\t\t\t\t\twidth=\"100\"\n\t\t\t\t\theight=\"75\"\n\t\t\t\t\tstyle=\"max-width:100%;\"\n\t\t\t\t\/>\n\t\t\t<\/a>\n\t\t<\/div>\n\t\t\t\t\t\t\t<\/div> \n\t\t\t\n\t\t\t\t<div id=\"ngg-image-15\" class=\"ngg-gallery-thumbnail-box \n\t\t\t\t\t\t\t\t\t\t\t\" \n\t\t\t>\n\t\t\t\t\t\t<div class=\"ngg-gallery-thumbnail\">\n\t\t\t<a href=\"http:\/\/minval.org\/svm\/wp-content\/gallery\/mina-teresa\/nnn.jpg\"\n\t\t\t\ttitle=\"Mientras se distribu\u00edan por las escombreras recogiendo material, me qued\u00e9 en la primera bocamina (puesto base) a esperar a Ram\u00f3n, que hab\u00eda llevado a Saturnino al pueblo\"\n\t\t\t\tdata-src=\"http:\/\/minval.org\/svm\/wp-content\/gallery\/mina-teresa\/nnn.jpg\"\n\t\t\t\tdata-thumbnail=\"http:\/\/minval.org\/svm\/wp-content\/gallery\/mina-teresa\/thumbs\/thumbs_nnn.jpg\"\n\t\t\t\tdata-image-id=\"998\"\n\t\t\t\tdata-title=\"Delante de la mina\"\n\t\t\t\tdata-description=\"Mientras se distribu\u00edan por las escombreras recogiendo material, me qued\u00e9 en la primera bocamina (puesto base) a esperar a Ram\u00f3n, que hab\u00eda llevado a Saturnino al pueblo\"\n\t\t\t\tdata-image-slug=\"\"\n\t\t\t\tclass=\"ngg-simplelightbox\" rel=\"f12fe9ae432b2cc40602a21dc133941d\">\n\t\t\t\t<img\n\t\t\t\t\ttitle=\"Delante de la mina\"\n\t\t\t\t\talt=\"Delante de la mina\"\n\t\t\t\t\tsrc=\"http:\/\/minval.org\/svm\/wp-content\/gallery\/mina-teresa\/thumbs\/thumbs_nnn.jpg\"\n\t\t\t\t\twidth=\"97\"\n\t\t\t\t\theight=\"75\"\n\t\t\t\t\tstyle=\"max-width:100%;\"\n\t\t\t\t\/>\n\t\t\t<\/a>\n\t\t<\/div>\n\t\t\t\t\t\t\t<\/div> \n\t\t\t\n\t\t\t\t<div id=\"ngg-image-16\" class=\"ngg-gallery-thumbnail-box \n\t\t\t\t\t\t\t\t\t\t\t\" \n\t\t\t>\n\t\t\t\t\t\t<div class=\"ngg-gallery-thumbnail\">\n\t\t\t<a href=\"http:\/\/minval.org\/svm\/wp-content\/gallery\/mina-teresa\/ooo.jpg\"\n\t\t\t\ttitle=\"Bocamina derruida\"\n\t\t\t\tdata-src=\"http:\/\/minval.org\/svm\/wp-content\/gallery\/mina-teresa\/ooo.jpg\"\n\t\t\t\tdata-thumbnail=\"http:\/\/minval.org\/svm\/wp-content\/gallery\/mina-teresa\/thumbs\/thumbs_ooo.jpg\"\n\t\t\t\tdata-image-id=\"999\"\n\t\t\t\tdata-title=\"Juan Carlos intentando recoger material\"\n\t\t\t\tdata-description=\"Bocamina derruida\"\n\t\t\t\tdata-image-slug=\"\"\n\t\t\t\tclass=\"ngg-simplelightbox\" rel=\"f12fe9ae432b2cc40602a21dc133941d\">\n\t\t\t\t<img\n\t\t\t\t\ttitle=\"Juan Carlos intentando recoger material\"\n\t\t\t\t\talt=\"Juan Carlos intentando recoger material\"\n\t\t\t\t\tsrc=\"http:\/\/minval.org\/svm\/wp-content\/gallery\/mina-teresa\/thumbs\/thumbs_ooo.jpg\"\n\t\t\t\t\twidth=\"100\"\n\t\t\t\t\theight=\"75\"\n\t\t\t\t\tstyle=\"max-width:100%;\"\n\t\t\t\t\/>\n\t\t\t<\/a>\n\t\t<\/div>\n\t\t\t\t\t\t\t<\/div> \n\t\t\t\n\t\t\t\t<div id=\"ngg-image-17\" class=\"ngg-gallery-thumbnail-box \n\t\t\t\t\t\t\t\t\t\t\t\" \n\t\t\t>\n\t\t\t\t\t\t<div class=\"ngg-gallery-thumbnail\">\n\t\t\t<a href=\"http:\/\/minval.org\/svm\/wp-content\/gallery\/mina-teresa\/ppp.jpg\"\n\t\t\t\ttitle=\"La mina Teresa se explot\u00f3 al menos desde 1943, siendo 1943 y 1944 los a\u00f1os de mayor producci\u00f3n, con una extracci\u00f3n de alrededor de 40 Tm de material\"\n\t\t\t\tdata-src=\"http:\/\/minval.org\/svm\/wp-content\/gallery\/mina-teresa\/ppp.jpg\"\n\t\t\t\tdata-thumbnail=\"http:\/\/minval.org\/svm\/wp-content\/gallery\/mina-teresa\/thumbs\/thumbs_ppp.jpg\"\n\t\t\t\tdata-image-id=\"1000\"\n\t\t\t\tdata-title=\"Afloramientos de pirolusita terrosa\"\n\t\t\t\tdata-description=\"La mina Teresa se explot\u00f3 al menos desde 1943, siendo 1943 y 1944 los a\u00f1os de mayor producci\u00f3n, con una extracci\u00f3n de alrededor de 40 Tm de material\"\n\t\t\t\tdata-image-slug=\"\"\n\t\t\t\tclass=\"ngg-simplelightbox\" rel=\"f12fe9ae432b2cc40602a21dc133941d\">\n\t\t\t\t<img\n\t\t\t\t\ttitle=\"Afloramientos de pirolusita terrosa\"\n\t\t\t\t\talt=\"Afloramientos de pirolusita terrosa\"\n\t\t\t\t\tsrc=\"http:\/\/minval.org\/svm\/wp-content\/gallery\/mina-teresa\/thumbs\/thumbs_ppp.jpg\"\n\t\t\t\t\twidth=\"100\"\n\t\t\t\t\theight=\"75\"\n\t\t\t\t\tstyle=\"max-width:100%;\"\n\t\t\t\t\/>\n\t\t\t<\/a>\n\t\t<\/div>\n\t\t\t\t\t\t\t<\/div> \n\t\t\t\n\t\t\t\t<div id=\"ngg-image-18\" class=\"ngg-gallery-thumbnail-box \n\t\t\t\t\t\t\t\t\t\t\t\" \n\t\t\t>\n\t\t\t\t\t\t<div class=\"ngg-gallery-thumbnail\">\n\t\t\t<a href=\"http:\/\/minval.org\/svm\/wp-content\/gallery\/mina-teresa\/qqq.jpg\"\n\t\t\t\ttitle=\"Es una mina de manganeso que se encuentra en n\u00f3dulos y bolsadas en forma de pirolusita. Se cerr\u00f3 en 1947\"\n\t\t\t\tdata-src=\"http:\/\/minval.org\/svm\/wp-content\/gallery\/mina-teresa\/qqq.jpg\"\n\t\t\t\tdata-thumbnail=\"http:\/\/minval.org\/svm\/wp-content\/gallery\/mina-teresa\/thumbs\/thumbs_qqq.jpg\"\n\t\t\t\tdata-image-id=\"1001\"\n\t\t\t\tdata-title=\"N\u00f3dulo de pirolusita\"\n\t\t\t\tdata-description=\"Es una mina de manganeso que se encuentra en n\u00f3dulos y bolsadas en forma de pirolusita. Se cerr\u00f3 en 1947\"\n\t\t\t\tdata-image-slug=\"\"\n\t\t\t\tclass=\"ngg-simplelightbox\" rel=\"f12fe9ae432b2cc40602a21dc133941d\">\n\t\t\t\t<img\n\t\t\t\t\ttitle=\"N\u00f3dulo de pirolusita\"\n\t\t\t\t\talt=\"N\u00f3dulo de pirolusita\"\n\t\t\t\t\tsrc=\"http:\/\/minval.org\/svm\/wp-content\/gallery\/mina-teresa\/thumbs\/thumbs_qqq.jpg\"\n\t\t\t\t\twidth=\"100\"\n\t\t\t\t\theight=\"75\"\n\t\t\t\t\tstyle=\"max-width:100%;\"\n\t\t\t\t\/>\n\t\t\t<\/a>\n\t\t<\/div>\n\t\t\t\t\t\t\t<\/div> \n\t\t\t\n\t\t\t\t<div id=\"ngg-image-19\" class=\"ngg-gallery-thumbnail-box \n\t\t\t\t\t\t\t\t\t\t\t\" \n\t\t\t>\n\t\t\t\t\t\t<div class=\"ngg-gallery-thumbnail\">\n\t\t\t<a href=\"http:\/\/minval.org\/svm\/wp-content\/gallery\/mina-teresa\/rrr.jpg\"\n\t\t\t\ttitle=\"Escombrera\"\n\t\t\t\tdata-src=\"http:\/\/minval.org\/svm\/wp-content\/gallery\/mina-teresa\/rrr.jpg\"\n\t\t\t\tdata-thumbnail=\"http:\/\/minval.org\/svm\/wp-content\/gallery\/mina-teresa\/thumbs\/thumbs_rrr.jpg\"\n\t\t\t\tdata-image-id=\"1002\"\n\t\t\t\tdata-title=\"Una de las escombreras\"\n\t\t\t\tdata-description=\"Escombrera\"\n\t\t\t\tdata-image-slug=\"\"\n\t\t\t\tclass=\"ngg-simplelightbox\" rel=\"f12fe9ae432b2cc40602a21dc133941d\">\n\t\t\t\t<img\n\t\t\t\t\ttitle=\"Una de las escombreras\"\n\t\t\t\t\talt=\"Una de las escombreras\"\n\t\t\t\t\tsrc=\"http:\/\/minval.org\/svm\/wp-content\/gallery\/mina-teresa\/thumbs\/thumbs_rrr.jpg\"\n\t\t\t\t\twidth=\"100\"\n\t\t\t\t\theight=\"75\"\n\t\t\t\t\tstyle=\"max-width:100%;\"\n\t\t\t\t\/>\n\t\t\t<\/a>\n\t\t<\/div>\n\t\t\t\t\t\t\t<\/div> \n\t\t\t\n\t\t\t\t<div id=\"ngg-image-20\" class=\"ngg-gallery-thumbnail-box \n\t\t\t\t\t\t\t\t\t\t\t\" \n\t\t\t>\n\t\t\t\t\t\t<div class=\"ngg-gallery-thumbnail\">\n\t\t\t<a href=\"http:\/\/minval.org\/svm\/wp-content\/gallery\/mina-teresa\/sss.jpg\"\n\t\t\t\ttitle=\"Obteniendo material\"\n\t\t\t\tdata-src=\"http:\/\/minval.org\/svm\/wp-content\/gallery\/mina-teresa\/sss.jpg\"\n\t\t\t\tdata-thumbnail=\"http:\/\/minval.org\/svm\/wp-content\/gallery\/mina-teresa\/thumbs\/thumbs_sss.jpg\"\n\t\t\t\tdata-image-id=\"1003\"\n\t\t\t\tdata-title=\"Juan Mari picando\"\n\t\t\t\tdata-description=\"Obteniendo material\"\n\t\t\t\tdata-image-slug=\"\"\n\t\t\t\tclass=\"ngg-simplelightbox\" rel=\"f12fe9ae432b2cc40602a21dc133941d\">\n\t\t\t\t<img\n\t\t\t\t\ttitle=\"Juan Mari picando\"\n\t\t\t\t\talt=\"Juan Mari picando\"\n\t\t\t\t\tsrc=\"http:\/\/minval.org\/svm\/wp-content\/gallery\/mina-teresa\/thumbs\/thumbs_sss.jpg\"\n\t\t\t\t\twidth=\"100\"\n\t\t\t\t\theight=\"75\"\n\t\t\t\t\tstyle=\"max-width:100%;\"\n\t\t\t\t\/>\n\t\t\t<\/a>\n\t\t<\/div>\n\t\t\t\t\t\t\t<\/div> \n\t\t\t\n\t\t\t\t<div id=\"ngg-image-21\" class=\"ngg-gallery-thumbnail-box \n\t\t\t\t\t\t\t\t\t\t\t\" \n\t\t\t>\n\t\t\t\t\t\t<div class=\"ngg-gallery-thumbnail\">\n\t\t\t<a href=\"http:\/\/minval.org\/svm\/wp-content\/gallery\/mina-teresa\/ttt.jpg\"\n\t\t\t\ttitle=\"N\u00f3dulo\"\n\t\t\t\tdata-src=\"http:\/\/minval.org\/svm\/wp-content\/gallery\/mina-teresa\/ttt.jpg\"\n\t\t\t\tdata-thumbnail=\"http:\/\/minval.org\/svm\/wp-content\/gallery\/mina-teresa\/thumbs\/thumbs_ttt.jpg\"\n\t\t\t\tdata-image-id=\"1004\"\n\t\t\t\tdata-title=\"Detalle \"\n\t\t\t\tdata-description=\"N\u00f3dulo\"\n\t\t\t\tdata-image-slug=\"\"\n\t\t\t\tclass=\"ngg-simplelightbox\" rel=\"f12fe9ae432b2cc40602a21dc133941d\">\n\t\t\t\t<img\n\t\t\t\t\ttitle=\"Detalle \"\n\t\t\t\t\talt=\"Detalle \"\n\t\t\t\t\tsrc=\"http:\/\/minval.org\/svm\/wp-content\/gallery\/mina-teresa\/thumbs\/thumbs_ttt.jpg\"\n\t\t\t\t\twidth=\"100\"\n\t\t\t\t\theight=\"75\"\n\t\t\t\t\tstyle=\"max-width:100%;\"\n\t\t\t\t\/>\n\t\t\t<\/a>\n\t\t<\/div>\n\t\t\t\t\t\t\t<\/div> \n\t\t\t\n\t\t\t\t<div id=\"ngg-image-22\" class=\"ngg-gallery-thumbnail-box \n\t\t\t\t\t\t\t\t\t\t\t\" \n\t\t\t>\n\t\t\t\t\t\t<div class=\"ngg-gallery-thumbnail\">\n\t\t\t<a href=\"http:\/\/minval.org\/svm\/wp-content\/gallery\/mina-teresa\/uuu.jpg\"\n\t\t\t\ttitle=\"Potente escombrera\"\n\t\t\t\tdata-src=\"http:\/\/minval.org\/svm\/wp-content\/gallery\/mina-teresa\/uuu.jpg\"\n\t\t\t\tdata-thumbnail=\"http:\/\/minval.org\/svm\/wp-content\/gallery\/mina-teresa\/thumbs\/thumbs_uuu.jpg\"\n\t\t\t\tdata-image-id=\"1005\"\n\t\t\t\tdata-title=\"Juan Carlos picando con Adri\u00e1n al fondo\"\n\t\t\t\tdata-description=\"Potente escombrera\"\n\t\t\t\tdata-image-slug=\"\"\n\t\t\t\tclass=\"ngg-simplelightbox\" rel=\"f12fe9ae432b2cc40602a21dc133941d\">\n\t\t\t\t<img\n\t\t\t\t\ttitle=\"Juan Carlos picando con Adri\u00e1n al fondo\"\n\t\t\t\t\talt=\"Juan Carlos picando con Adri\u00e1n al fondo\"\n\t\t\t\t\tsrc=\"http:\/\/minval.org\/svm\/wp-content\/gallery\/mina-teresa\/thumbs\/thumbs_uuu.jpg\"\n\t\t\t\t\twidth=\"99\"\n\t\t\t\t\theight=\"75\"\n\t\t\t\t\tstyle=\"max-width:100%;\"\n\t\t\t\t\/>\n\t\t\t<\/a>\n\t\t<\/div>\n\t\t\t\t\t\t\t<\/div> \n\t\t\t\n\t\t\t\t<div id=\"ngg-image-23\" class=\"ngg-gallery-thumbnail-box \n\t\t\t\t\t\t\t\t\t\t\t\" \n\t\t\t>\n\t\t\t\t\t\t<div class=\"ngg-gallery-thumbnail\">\n\t\t\t<a href=\"http:\/\/minval.org\/svm\/wp-content\/gallery\/mina-teresa\/vvv.jpg\"\n\t\t\t\ttitle=\"Material de Juan Carlos Tar\u00edn, primero en llegar al puesto base\"\n\t\t\t\tdata-src=\"http:\/\/minval.org\/svm\/wp-content\/gallery\/mina-teresa\/vvv.jpg\"\n\t\t\t\tdata-thumbnail=\"http:\/\/minval.org\/svm\/wp-content\/gallery\/mina-teresa\/thumbs\/thumbs_vvv.jpg\"\n\t\t\t\tdata-image-id=\"1006\"\n\t\t\t\tdata-title=\"Material recogido por Juan Carlos\"\n\t\t\t\tdata-description=\"Material de Juan Carlos Tar\u00edn, primero en llegar al puesto base\"\n\t\t\t\tdata-image-slug=\"\"\n\t\t\t\tclass=\"ngg-simplelightbox\" rel=\"f12fe9ae432b2cc40602a21dc133941d\">\n\t\t\t\t<img\n\t\t\t\t\ttitle=\"Material recogido por Juan Carlos\"\n\t\t\t\t\talt=\"Material recogido por Juan Carlos\"\n\t\t\t\t\tsrc=\"http:\/\/minval.org\/svm\/wp-content\/gallery\/mina-teresa\/thumbs\/thumbs_vvv.jpg\"\n\t\t\t\t\twidth=\"100\"\n\t\t\t\t\theight=\"75\"\n\t\t\t\t\tstyle=\"max-width:100%;\"\n\t\t\t\t\/>\n\t\t\t<\/a>\n\t\t<\/div>\n\t\t\t\t\t\t\t<\/div> \n\t\t\t\n\t\n\t<br style=\"clear: both\" \/>\n\n\t\n\t\t<!-- Pagination -->\n\t\t<div class='ngg-navigation'><span class='current'>1<\/span>\n<a class='page-numbers' data-pageid='2' href='http:\/\/minval.org\/svm\/index.php\/nggallery\/page\/2?p=2810'>2<\/a>\n<a class='prev' href='http:\/\/minval.org\/svm\/index.php\/nggallery\/page\/2?p=2810' data-pageid=2>&#9658;<\/a><\/div>\t<\/div>\n<!--:--><!--:ca--><\/p>\n<p><p>El\u00a0 dia 20 de mar\u00e7 del 2010, ens vam reunir Ram\u00f3n L\u00f3pez, Juan Mari Bartol, Carlos Tar\u00edn, Juan Comes, Adri\u00e1n Pesudo i jo, Manuel Canseco, amb l&#8217;objectiu de trobar la mina Teresa a Vilanova de la Reina. Vam arribar al poble a les nou i mitja\u00a0 i despr\u00e9s de preguntar a algunes persones la situaci\u00f3 de la mina, ens van indicar que la persona indicada perqu\u00e8 ens diguera l&#8217;exacta localitzaci\u00f3, era Saturnino Villalba Col\u00e1s que havia treballat de jove en la mateixa. Es va prestar a acompanyar-nos a pesar de la seua edat, 81 anys, i la seua coixera. Saturnino va treballar en la mina des dels 15 anys. Es despla\u00e7ava tots els dies a peu, des de sa casa fins a l&#8217;explotaci\u00f3 (uns dos quil\u00f2metres, pel mig del monte). La mina Teresa es va explotar almenys des de 1943, sent 1943 i 1944 els anys de major producci\u00f3, amb una extracci\u00f3 d&#8217;al voltant de 40 Tm de material. \u00c9s una mina de mangan\u00e9s que es troba en n\u00f2duls i bosses en forma de pirolusita. Es va tancar en 1947. Despr\u00e9s de diversos intents vam trobar la senda que estava entapissada per una alian\u00e7a d&#8217;argilagues d&#8217;un metre d&#8217;al\u00e7ada, amb immensos matolls de rosa albar i albarzers de branques m\u00e8triques. Despr\u00e9s d&#8217;uns cinc-cents metres de cam\u00ed vam trobar la primera entrada derru\u00efda i el que queda de les instal\u00b7lacions, amb varis cates a l&#8217;altre costat del barranc, dos pedreres enormes enmig de les argilagues i un cercat en qu\u00e8 molien el mineral. Vam trobar bones mostres de pirolusita estalact\u00edtica i cristal\u00b7litzada, de les que vam triar un magn\u00edfic exemplar per a la col\u00b7lecci\u00f3 de la Societat Valenciana de Mineralogia.<\/p>\n<hr \/>\n<!-- default-view.php -->\n<div\n\tclass=\"ngg-galleryoverview default-view \n\t\t\"\n\tid=\"ngg-gallery-f12fe9ae432b2cc40602a21dc133941d-1\">\n\n\t\t<!-- Thumbnails -->\n\t\t\t\t<div id=\"ngg-image-0\" class=\"ngg-gallery-thumbnail-box \n\t\t\t\t\t\t\t\t\t\t\t\" \n\t\t\t>\n\t\t\t\t\t\t<div class=\"ngg-gallery-thumbnail\">\n\t\t\t<a href=\"http:\/\/minval.org\/svm\/wp-content\/gallery\/mina-teresa\/aaa.jpg\"\n\t\t\t\ttitle=\"El d\u00eda 20 de marzo de 2010 salimos de Castell\u00f3n Ram\u00f3n L\u00f3pez, Juan Mari Bartol, Juan Carlos Tar\u00edn, Juan Navas, Adri\u00e1n Pesudo y Manuel Canseco, para localizar la mina Teresa en Villanueva de Viver\"\n\t\t\t\tdata-src=\"http:\/\/minval.org\/svm\/wp-content\/gallery\/mina-teresa\/aaa.jpg\"\n\t\t\t\tdata-thumbnail=\"http:\/\/minval.org\/svm\/wp-content\/gallery\/mina-teresa\/thumbs\/thumbs_aaa.jpg\"\n\t\t\t\tdata-image-id=\"983\"\n\t\t\t\tdata-title=\"Iglesia de Villanueva de Viver\"\n\t\t\t\tdata-description=\"El d\u00eda 20 de marzo de 2010 salimos de Castell\u00f3n Ram\u00f3n L\u00f3pez, Juan Mari Bartol, Juan Carlos Tar\u00edn, Juan Navas, Adri\u00e1n Pesudo y Manuel Canseco, para localizar la mina Teresa en Villanueva de Viver\"\n\t\t\t\tdata-image-slug=\"\"\n\t\t\t\tclass=\"ngg-simplelightbox\" rel=\"f12fe9ae432b2cc40602a21dc133941d\">\n\t\t\t\t<img\n\t\t\t\t\ttitle=\"Iglesia de Villanueva de Viver\"\n\t\t\t\t\talt=\"Iglesia de Villanueva de Viver\"\n\t\t\t\t\tsrc=\"http:\/\/minval.org\/svm\/wp-content\/gallery\/mina-teresa\/thumbs\/thumbs_aaa.jpg\"\n\t\t\t\t\twidth=\"100\"\n\t\t\t\t\theight=\"75\"\n\t\t\t\t\tstyle=\"max-width:100%;\"\n\t\t\t\t\/>\n\t\t\t<\/a>\n\t\t<\/div>\n\t\t\t\t\t\t\t<\/div> \n\t\t\t\n\t\t\t\t<div id=\"ngg-image-1\" class=\"ngg-gallery-thumbnail-box \n\t\t\t\t\t\t\t\t\t\t\t\" \n\t\t\t>\n\t\t\t\t\t\t<div class=\"ngg-gallery-thumbnail\">\n\t\t\t<a href=\"http:\/\/minval.org\/svm\/wp-content\/gallery\/mina-teresa\/bbb.jpg\"\n\t\t\t\ttitle=\"Llegamos a las nueve y media y nos dirigimos a diversas personas para que nos indicaran c\u00f3mo acceder \"\n\t\t\t\tdata-src=\"http:\/\/minval.org\/svm\/wp-content\/gallery\/mina-teresa\/bbb.jpg\"\n\t\t\t\tdata-thumbnail=\"http:\/\/minval.org\/svm\/wp-content\/gallery\/mina-teresa\/thumbs\/thumbs_bbb.jpg\"\n\t\t\t\tdata-image-id=\"984\"\n\t\t\t\tdata-title=\"Ram\u00f3n L\u00f3pez cogiendo el bocadillo\"\n\t\t\t\tdata-description=\"Llegamos a las nueve y media y nos dirigimos a diversas personas para que nos indicaran c\u00f3mo acceder \"\n\t\t\t\tdata-image-slug=\"\"\n\t\t\t\tclass=\"ngg-simplelightbox\" rel=\"f12fe9ae432b2cc40602a21dc133941d\">\n\t\t\t\t<img\n\t\t\t\t\ttitle=\"Ram\u00f3n L\u00f3pez cogiendo el bocadillo\"\n\t\t\t\t\talt=\"Ram\u00f3n L\u00f3pez cogiendo el bocadillo\"\n\t\t\t\t\tsrc=\"http:\/\/minval.org\/svm\/wp-content\/gallery\/mina-teresa\/thumbs\/thumbs_bbb.jpg\"\n\t\t\t\t\twidth=\"100\"\n\t\t\t\t\theight=\"75\"\n\t\t\t\t\tstyle=\"max-width:100%;\"\n\t\t\t\t\/>\n\t\t\t<\/a>\n\t\t<\/div>\n\t\t\t\t\t\t\t<\/div> \n\t\t\t\n\t\t\t\t<div id=\"ngg-image-2\" class=\"ngg-gallery-thumbnail-box \n\t\t\t\t\t\t\t\t\t\t\t\" \n\t\t\t>\n\t\t\t\t\t\t<div class=\"ngg-gallery-thumbnail\">\n\t\t\t<a href=\"http:\/\/minval.org\/svm\/wp-content\/gallery\/mina-teresa\/ccc.jpg\"\n\t\t\t\ttitle=\"Todos coincidieron que la persona indicada era Saturnino Villalba Col\u00e1s que hab\u00eda trabajado de joven en la misma\"\n\t\t\t\tdata-src=\"http:\/\/minval.org\/svm\/wp-content\/gallery\/mina-teresa\/ccc.jpg\"\n\t\t\t\tdata-thumbnail=\"http:\/\/minval.org\/svm\/wp-content\/gallery\/mina-teresa\/thumbs\/thumbs_ccc.jpg\"\n\t\t\t\tdata-image-id=\"985\"\n\t\t\t\tdata-title=\"Juan Mari Bartol\"\n\t\t\t\tdata-description=\"Todos coincidieron que la persona indicada era Saturnino Villalba Col\u00e1s que hab\u00eda trabajado de joven en la misma\"\n\t\t\t\tdata-image-slug=\"\"\n\t\t\t\tclass=\"ngg-simplelightbox\" rel=\"f12fe9ae432b2cc40602a21dc133941d\">\n\t\t\t\t<img\n\t\t\t\t\ttitle=\"Juan Mari Bartol\"\n\t\t\t\t\talt=\"Juan Mari Bartol\"\n\t\t\t\t\tsrc=\"http:\/\/minval.org\/svm\/wp-content\/gallery\/mina-teresa\/thumbs\/thumbs_ccc.jpg\"\n\t\t\t\t\twidth=\"100\"\n\t\t\t\t\theight=\"75\"\n\t\t\t\t\tstyle=\"max-width:100%;\"\n\t\t\t\t\/>\n\t\t\t<\/a>\n\t\t<\/div>\n\t\t\t\t\t\t\t<\/div> \n\t\t\t\n\t\t\t\t<div id=\"ngg-image-3\" class=\"ngg-gallery-thumbnail-box \n\t\t\t\t\t\t\t\t\t\t\t\" \n\t\t\t>\n\t\t\t\t\t\t<div class=\"ngg-gallery-thumbnail\">\n\t\t\t<a href=\"http:\/\/minval.org\/svm\/wp-content\/gallery\/mina-teresa\/daa.jpg\"\n\t\t\t\ttitle=\"Saturnino, a pesar de su edad, 81 a\u00f1os y su cojera ostensible se prest\u00f3 a acompa\u00f1arnos \"\n\t\t\t\tdata-src=\"http:\/\/minval.org\/svm\/wp-content\/gallery\/mina-teresa\/daa.jpg\"\n\t\t\t\tdata-thumbnail=\"http:\/\/minval.org\/svm\/wp-content\/gallery\/mina-teresa\/thumbs\/thumbs_daa.jpg\"\n\t\t\t\tdata-image-id=\"986\"\n\t\t\t\tdata-title=\"Saturnino Villalba Col\u00e1s y Juan Mari Bartol\"\n\t\t\t\tdata-description=\"Saturnino, a pesar de su edad, 81 a\u00f1os y su cojera ostensible se prest\u00f3 a acompa\u00f1arnos \"\n\t\t\t\tdata-image-slug=\"\"\n\t\t\t\tclass=\"ngg-simplelightbox\" rel=\"f12fe9ae432b2cc40602a21dc133941d\">\n\t\t\t\t<img\n\t\t\t\t\ttitle=\"Saturnino Villalba Col\u00e1s y Juan Mari Bartol\"\n\t\t\t\t\talt=\"Saturnino Villalba Col\u00e1s y Juan Mari Bartol\"\n\t\t\t\t\tsrc=\"http:\/\/minval.org\/svm\/wp-content\/gallery\/mina-teresa\/thumbs\/thumbs_daa.jpg\"\n\t\t\t\t\twidth=\"100\"\n\t\t\t\t\theight=\"75\"\n\t\t\t\t\tstyle=\"max-width:100%;\"\n\t\t\t\t\/>\n\t\t\t<\/a>\n\t\t<\/div>\n\t\t\t\t\t\t\t<\/div> \n\t\t\t\n\t\t\t\t<div id=\"ngg-image-4\" class=\"ngg-gallery-thumbnail-box \n\t\t\t\t\t\t\t\t\t\t\t\" \n\t\t\t>\n\t\t\t\t\t\t<div class=\"ngg-gallery-thumbnail\">\n\t\t\t<a href=\"http:\/\/minval.org\/svm\/wp-content\/gallery\/mina-teresa\/ddd.jpg\"\n\t\t\t\ttitle=\"Saturnino trabaj\u00f3 en la mina desde los 15 a\u00f1os. Se desplazaba todos los d\u00edas a pie, desde su casa hasta la explotaci\u00f3n (unos dos quil\u00f3metros, monte a trav\u00e9s).\"\n\t\t\t\tdata-src=\"http:\/\/minval.org\/svm\/wp-content\/gallery\/mina-teresa\/ddd.jpg\"\n\t\t\t\tdata-thumbnail=\"http:\/\/minval.org\/svm\/wp-content\/gallery\/mina-teresa\/thumbs\/thumbs_ddd.jpg\"\n\t\t\t\tdata-image-id=\"987\"\n\t\t\t\tdata-title=\"Localizando la mina\"\n\t\t\t\tdata-description=\"Saturnino trabaj\u00f3 en la mina desde los 15 a\u00f1os. Se desplazaba todos los d\u00edas a pie, desde su casa hasta la explotaci\u00f3n (unos dos quil\u00f3metros, monte a trav\u00e9s).\"\n\t\t\t\tdata-image-slug=\"\"\n\t\t\t\tclass=\"ngg-simplelightbox\" rel=\"f12fe9ae432b2cc40602a21dc133941d\">\n\t\t\t\t<img\n\t\t\t\t\ttitle=\"Localizando la mina\"\n\t\t\t\t\talt=\"Localizando la mina\"\n\t\t\t\t\tsrc=\"http:\/\/minval.org\/svm\/wp-content\/gallery\/mina-teresa\/thumbs\/thumbs_ddd.jpg\"\n\t\t\t\t\twidth=\"100\"\n\t\t\t\t\theight=\"75\"\n\t\t\t\t\tstyle=\"max-width:100%;\"\n\t\t\t\t\/>\n\t\t\t<\/a>\n\t\t<\/div>\n\t\t\t\t\t\t\t<\/div> \n\t\t\t\n\t\t\t\t<div id=\"ngg-image-5\" class=\"ngg-gallery-thumbnail-box \n\t\t\t\t\t\t\t\t\t\t\t\" \n\t\t\t>\n\t\t\t\t\t\t<div class=\"ngg-gallery-thumbnail\">\n\t\t\t<a href=\"http:\/\/minval.org\/svm\/wp-content\/gallery\/mina-teresa\/eee.jpg\"\n\t\t\t\ttitle=\"Nuestro primer intento, fue acceder a la mina a trav\u00e9s del barranco de Maimona\"\n\t\t\t\tdata-src=\"http:\/\/minval.org\/svm\/wp-content\/gallery\/mina-teresa\/eee.jpg\"\n\t\t\t\tdata-thumbnail=\"http:\/\/minval.org\/svm\/wp-content\/gallery\/mina-teresa\/thumbs\/thumbs_eee.jpg\"\n\t\t\t\tdata-image-id=\"988\"\n\t\t\t\tdata-title=\"Saturnino y Manuel Canseco\"\n\t\t\t\tdata-description=\"Nuestro primer intento, fue acceder a la mina a trav\u00e9s del barranco de Maimona\"\n\t\t\t\tdata-image-slug=\"\"\n\t\t\t\tclass=\"ngg-simplelightbox\" rel=\"f12fe9ae432b2cc40602a21dc133941d\">\n\t\t\t\t<img\n\t\t\t\t\ttitle=\"Saturnino y Manuel Canseco\"\n\t\t\t\t\talt=\"Saturnino y Manuel Canseco\"\n\t\t\t\t\tsrc=\"http:\/\/minval.org\/svm\/wp-content\/gallery\/mina-teresa\/thumbs\/thumbs_eee.jpg\"\n\t\t\t\t\twidth=\"56\"\n\t\t\t\t\theight=\"75\"\n\t\t\t\t\tstyle=\"max-width:100%;\"\n\t\t\t\t\/>\n\t\t\t<\/a>\n\t\t<\/div>\n\t\t\t\t\t\t\t<\/div> \n\t\t\t\n\t\t\t\t<div id=\"ngg-image-6\" class=\"ngg-gallery-thumbnail-box \n\t\t\t\t\t\t\t\t\t\t\t\" \n\t\t\t>\n\t\t\t\t\t\t<div class=\"ngg-gallery-thumbnail\">\n\t\t\t<a href=\"http:\/\/minval.org\/svm\/wp-content\/gallery\/mina-teresa\/fff.jpg\"\n\t\t\t\ttitle=\"Pero \u00e9ste se encontraba lleno de agua, por lo que nos fue imposible vadearlo\"\n\t\t\t\tdata-src=\"http:\/\/minval.org\/svm\/wp-content\/gallery\/mina-teresa\/fff.jpg\"\n\t\t\t\tdata-thumbnail=\"http:\/\/minval.org\/svm\/wp-content\/gallery\/mina-teresa\/thumbs\/thumbs_fff.jpg\"\n\t\t\t\tdata-image-id=\"989\"\n\t\t\t\tdata-title=\"Primer obast\u00e1culo, el barranco viene lleno de agua\"\n\t\t\t\tdata-description=\"Pero \u00e9ste se encontraba lleno de agua, por lo que nos fue imposible vadearlo\"\n\t\t\t\tdata-image-slug=\"\"\n\t\t\t\tclass=\"ngg-simplelightbox\" rel=\"f12fe9ae432b2cc40602a21dc133941d\">\n\t\t\t\t<img\n\t\t\t\t\ttitle=\"Primer obast\u00e1culo, el barranco viene lleno de agua\"\n\t\t\t\t\talt=\"Primer obast\u00e1culo, el barranco viene lleno de agua\"\n\t\t\t\t\tsrc=\"http:\/\/minval.org\/svm\/wp-content\/gallery\/mina-teresa\/thumbs\/thumbs_fff.jpg\"\n\t\t\t\t\twidth=\"100\"\n\t\t\t\t\theight=\"75\"\n\t\t\t\t\tstyle=\"max-width:100%;\"\n\t\t\t\t\/>\n\t\t\t<\/a>\n\t\t<\/div>\n\t\t\t\t\t\t\t<\/div> \n\t\t\t\n\t\t\t\t<div id=\"ngg-image-7\" class=\"ngg-gallery-thumbnail-box \n\t\t\t\t\t\t\t\t\t\t\t\" \n\t\t\t>\n\t\t\t\t\t\t<div class=\"ngg-gallery-thumbnail\">\n\t\t\t<a href=\"http:\/\/minval.org\/svm\/wp-content\/gallery\/mina-teresa\/ggg.jpg\"\n\t\t\t\ttitle=\"\"\n\t\t\t\tdata-src=\"http:\/\/minval.org\/svm\/wp-content\/gallery\/mina-teresa\/ggg.jpg\"\n\t\t\t\tdata-thumbnail=\"http:\/\/minval.org\/svm\/wp-content\/gallery\/mina-teresa\/thumbs\/thumbs_ggg.jpg\"\n\t\t\t\tdata-image-id=\"990\"\n\t\t\t\tdata-title=\"Barranco de Maimona\"\n\t\t\t\tdata-description=\"\"\n\t\t\t\tdata-image-slug=\"\"\n\t\t\t\tclass=\"ngg-simplelightbox\" rel=\"f12fe9ae432b2cc40602a21dc133941d\">\n\t\t\t\t<img\n\t\t\t\t\ttitle=\"Barranco de Maimona\"\n\t\t\t\t\talt=\"Barranco de Maimona\"\n\t\t\t\t\tsrc=\"http:\/\/minval.org\/svm\/wp-content\/gallery\/mina-teresa\/thumbs\/thumbs_ggg.jpg\"\n\t\t\t\t\twidth=\"100\"\n\t\t\t\t\theight=\"75\"\n\t\t\t\t\tstyle=\"max-width:100%;\"\n\t\t\t\t\/>\n\t\t\t<\/a>\n\t\t<\/div>\n\t\t\t\t\t\t\t<\/div> \n\t\t\t\n\t\t\t\t<div id=\"ngg-image-8\" class=\"ngg-gallery-thumbnail-box \n\t\t\t\t\t\t\t\t\t\t\t\" \n\t\t\t>\n\t\t\t\t\t\t<div class=\"ngg-gallery-thumbnail\">\n\t\t\t<a href=\"http:\/\/minval.org\/svm\/wp-content\/gallery\/mina-teresa\/hhh.jpg\"\n\t\t\t\ttitle=\"No se amilan\u00f3 nuestro gu\u00eda por ese inconveniente y nos hizo volver a los coches\"\n\t\t\t\tdata-src=\"http:\/\/minval.org\/svm\/wp-content\/gallery\/mina-teresa\/hhh.jpg\"\n\t\t\t\tdata-thumbnail=\"http:\/\/minval.org\/svm\/wp-content\/gallery\/mina-teresa\/thumbs\/thumbs_hhh.jpg\"\n\t\t\t\tdata-image-id=\"991\"\n\t\t\t\tdata-title=\"Regreso a los coches\"\n\t\t\t\tdata-description=\"No se amilan\u00f3 nuestro gu\u00eda por ese inconveniente y nos hizo volver a los coches\"\n\t\t\t\tdata-image-slug=\"\"\n\t\t\t\tclass=\"ngg-simplelightbox\" rel=\"f12fe9ae432b2cc40602a21dc133941d\">\n\t\t\t\t<img\n\t\t\t\t\ttitle=\"Regreso a los coches\"\n\t\t\t\t\talt=\"Regreso a los coches\"\n\t\t\t\t\tsrc=\"http:\/\/minval.org\/svm\/wp-content\/gallery\/mina-teresa\/thumbs\/thumbs_hhh.jpg\"\n\t\t\t\t\twidth=\"100\"\n\t\t\t\t\theight=\"75\"\n\t\t\t\t\tstyle=\"max-width:100%;\"\n\t\t\t\t\/>\n\t\t\t<\/a>\n\t\t<\/div>\n\t\t\t\t\t\t\t<\/div> \n\t\t\t\n\t\t\t\t<div id=\"ngg-image-9\" class=\"ngg-gallery-thumbnail-box \n\t\t\t\t\t\t\t\t\t\t\t\" \n\t\t\t>\n\t\t\t\t\t\t<div class=\"ngg-gallery-thumbnail\">\n\t\t\t<a href=\"http:\/\/minval.org\/svm\/wp-content\/gallery\/mina-teresa\/iii.jpg\"\n\t\t\t\ttitle=\"Desde un lugar elevado nos indic\u00f3 el lugar exacto\"\n\t\t\t\tdata-src=\"http:\/\/minval.org\/svm\/wp-content\/gallery\/mina-teresa\/iii.jpg\"\n\t\t\t\tdata-thumbnail=\"http:\/\/minval.org\/svm\/wp-content\/gallery\/mina-teresa\/thumbs\/thumbs_iii.jpg\"\n\t\t\t\tdata-image-id=\"992\"\n\t\t\t\tdata-title=\"Localizaci\u00f3n desde el otro lado del barranco\"\n\t\t\t\tdata-description=\"Desde un lugar elevado nos indic\u00f3 el lugar exacto\"\n\t\t\t\tdata-image-slug=\"\"\n\t\t\t\tclass=\"ngg-simplelightbox\" rel=\"f12fe9ae432b2cc40602a21dc133941d\">\n\t\t\t\t<img\n\t\t\t\t\ttitle=\"Localizaci\u00f3n desde el otro lado del barranco\"\n\t\t\t\t\talt=\"Localizaci\u00f3n desde el otro lado del barranco\"\n\t\t\t\t\tsrc=\"http:\/\/minval.org\/svm\/wp-content\/gallery\/mina-teresa\/thumbs\/thumbs_iii.jpg\"\n\t\t\t\t\twidth=\"100\"\n\t\t\t\t\theight=\"75\"\n\t\t\t\t\tstyle=\"max-width:100%;\"\n\t\t\t\t\/>\n\t\t\t<\/a>\n\t\t<\/div>\n\t\t\t\t\t\t\t<\/div> \n\t\t\t\n\t\t\t\t<div id=\"ngg-image-10\" class=\"ngg-gallery-thumbnail-box \n\t\t\t\t\t\t\t\t\t\t\t\" \n\t\t\t>\n\t\t\t\t\t\t<div class=\"ngg-gallery-thumbnail\">\n\t\t\t<a href=\"http:\/\/minval.org\/svm\/wp-content\/gallery\/mina-teresa\/jjj.jpg\"\n\t\t\t\ttitle=\"Est\u00e1 al otro lado del barranco en la ladera del monte que est\u00e1 detr\u00e1s del pino\"\n\t\t\t\tdata-src=\"http:\/\/minval.org\/svm\/wp-content\/gallery\/mina-teresa\/jjj.jpg\"\n\t\t\t\tdata-thumbnail=\"http:\/\/minval.org\/svm\/wp-content\/gallery\/mina-teresa\/thumbs\/thumbs_jjj.jpg\"\n\t\t\t\tdata-image-id=\"993\"\n\t\t\t\tdata-title=\"Se encuentra en la monta\u00f1a que se ve detr\u00e1s del pino \"\n\t\t\t\tdata-description=\"Est\u00e1 al otro lado del barranco en la ladera del monte que est\u00e1 detr\u00e1s del pino\"\n\t\t\t\tdata-image-slug=\"\"\n\t\t\t\tclass=\"ngg-simplelightbox\" rel=\"f12fe9ae432b2cc40602a21dc133941d\">\n\t\t\t\t<img\n\t\t\t\t\ttitle=\"Se encuentra en la monta\u00f1a que se ve detr\u00e1s del pino \"\n\t\t\t\t\talt=\"Se encuentra en la monta\u00f1a que se ve detr\u00e1s del pino \"\n\t\t\t\t\tsrc=\"http:\/\/minval.org\/svm\/wp-content\/gallery\/mina-teresa\/thumbs\/thumbs_jjj.jpg\"\n\t\t\t\t\twidth=\"100\"\n\t\t\t\t\theight=\"75\"\n\t\t\t\t\tstyle=\"max-width:100%;\"\n\t\t\t\t\/>\n\t\t\t<\/a>\n\t\t<\/div>\n\t\t\t\t\t\t\t<\/div> \n\t\t\t\n\t\t\t\t<div id=\"ngg-image-11\" class=\"ngg-gallery-thumbnail-box \n\t\t\t\t\t\t\t\t\t\t\t\" \n\t\t\t>\n\t\t\t\t\t\t<div class=\"ngg-gallery-thumbnail\">\n\t\t\t<a href=\"http:\/\/minval.org\/svm\/wp-content\/gallery\/mina-teresa\/kaa.jpg\"\n\t\t\t\ttitle=\"Intentamos acceder siguiendo la ruta que Saturnino hac\u00eda desde el pueblo todos los d\u00edas\"\n\t\t\t\tdata-src=\"http:\/\/minval.org\/svm\/wp-content\/gallery\/mina-teresa\/kaa.jpg\"\n\t\t\t\tdata-thumbnail=\"http:\/\/minval.org\/svm\/wp-content\/gallery\/mina-teresa\/thumbs\/thumbs_kaa.jpg\"\n\t\t\t\tdata-image-id=\"994\"\n\t\t\t\tdata-title=\"Ermita de San Mart\u00edn\"\n\t\t\t\tdata-description=\"Intentamos acceder siguiendo la ruta que Saturnino hac\u00eda desde el pueblo todos los d\u00edas\"\n\t\t\t\tdata-image-slug=\"\"\n\t\t\t\tclass=\"ngg-simplelightbox\" rel=\"f12fe9ae432b2cc40602a21dc133941d\">\n\t\t\t\t<img\n\t\t\t\t\ttitle=\"Ermita de San Mart\u00edn\"\n\t\t\t\t\talt=\"Ermita de San Mart\u00edn\"\n\t\t\t\t\tsrc=\"http:\/\/minval.org\/svm\/wp-content\/gallery\/mina-teresa\/thumbs\/thumbs_kaa.jpg\"\n\t\t\t\t\twidth=\"100\"\n\t\t\t\t\theight=\"75\"\n\t\t\t\t\tstyle=\"max-width:100%;\"\n\t\t\t\t\/>\n\t\t\t<\/a>\n\t\t<\/div>\n\t\t\t\t\t\t\t<\/div> \n\t\t\t\n\t\t\t\t<div id=\"ngg-image-12\" class=\"ngg-gallery-thumbnail-box \n\t\t\t\t\t\t\t\t\t\t\t\" \n\t\t\t>\n\t\t\t\t\t\t<div class=\"ngg-gallery-thumbnail\">\n\t\t\t<a href=\"http:\/\/minval.org\/svm\/wp-content\/gallery\/mina-teresa\/kkk.jpg\"\n\t\t\t\ttitle=\"Con coche seguimos el camino que lleva a la ermita de San Mart\u00edn, pasada esta, seguimos por el primer camino a la izquierda hasta que se perdi\u00f3. All\u00ed aparcamos y seguimos a pie por el lado del barranco siguiendo las instrucciones de nuestro gu\u00eda\"\n\t\t\t\tdata-src=\"http:\/\/minval.org\/svm\/wp-content\/gallery\/mina-teresa\/kkk.jpg\"\n\t\t\t\tdata-thumbnail=\"http:\/\/minval.org\/svm\/wp-content\/gallery\/mina-teresa\/thumbs\/thumbs_kkk.jpg\"\n\t\t\t\tdata-image-id=\"995\"\n\t\t\t\tdata-title=\"Bocamina derruida, protegida por la vegetaci\u00f3n\"\n\t\t\t\tdata-description=\"Con coche seguimos el camino que lleva a la ermita de San Mart\u00edn, pasada esta, seguimos por el primer camino a la izquierda hasta que se perdi\u00f3. All\u00ed aparcamos y seguimos a pie por el lado del barranco siguiendo las instrucciones de nuestro gu\u00eda\"\n\t\t\t\tdata-image-slug=\"\"\n\t\t\t\tclass=\"ngg-simplelightbox\" rel=\"f12fe9ae432b2cc40602a21dc133941d\">\n\t\t\t\t<img\n\t\t\t\t\ttitle=\"Bocamina derruida, protegida por la vegetaci\u00f3n\"\n\t\t\t\t\talt=\"Bocamina derruida, protegida por la vegetaci\u00f3n\"\n\t\t\t\t\tsrc=\"http:\/\/minval.org\/svm\/wp-content\/gallery\/mina-teresa\/thumbs\/thumbs_kkk.jpg\"\n\t\t\t\t\twidth=\"100\"\n\t\t\t\t\theight=\"75\"\n\t\t\t\t\tstyle=\"max-width:100%;\"\n\t\t\t\t\/>\n\t\t\t<\/a>\n\t\t<\/div>\n\t\t\t\t\t\t\t<\/div> \n\t\t\t\n\t\t\t\t<div id=\"ngg-image-13\" class=\"ngg-gallery-thumbnail-box \n\t\t\t\t\t\t\t\t\t\t\t\" \n\t\t\t>\n\t\t\t\t\t\t<div class=\"ngg-gallery-thumbnail\">\n\t\t\t<a href=\"http:\/\/minval.org\/svm\/wp-content\/gallery\/mina-teresa\/lll.jpg\"\n\t\t\t\ttitle=\"Despu\u00e9s de unos quinientos metros encontramos la primera entrada derruida y lo que queda de las instalaciones, con varias catas al otro lado del barranco, dos escombreras enormes en medio de las aliagas y un cercado en el que mol\u00edan el mineral\"\n\t\t\t\tdata-src=\"http:\/\/minval.org\/svm\/wp-content\/gallery\/mina-teresa\/lll.jpg\"\n\t\t\t\tdata-thumbnail=\"http:\/\/minval.org\/svm\/wp-content\/gallery\/mina-teresa\/thumbs\/thumbs_lll.jpg\"\n\t\t\t\tdata-image-id=\"996\"\n\t\t\t\tdata-title=\"Juan Carlos y Juan Mari en la mina Teresa\"\n\t\t\t\tdata-description=\"Despu\u00e9s de unos quinientos metros encontramos la primera entrada derruida y lo que queda de las instalaciones, con varias catas al otro lado del barranco, dos escombreras enormes en medio de las aliagas y un cercado en el que mol\u00edan el mineral\"\n\t\t\t\tdata-image-slug=\"\"\n\t\t\t\tclass=\"ngg-simplelightbox\" rel=\"f12fe9ae432b2cc40602a21dc133941d\">\n\t\t\t\t<img\n\t\t\t\t\ttitle=\"Juan Carlos y Juan Mari en la mina Teresa\"\n\t\t\t\t\talt=\"Juan Carlos y Juan Mari en la mina Teresa\"\n\t\t\t\t\tsrc=\"http:\/\/minval.org\/svm\/wp-content\/gallery\/mina-teresa\/thumbs\/thumbs_lll.jpg\"\n\t\t\t\t\twidth=\"100\"\n\t\t\t\t\theight=\"75\"\n\t\t\t\t\tstyle=\"max-width:100%;\"\n\t\t\t\t\/>\n\t\t\t<\/a>\n\t\t<\/div>\n\t\t\t\t\t\t\t<\/div> \n\t\t\t\n\t\t\t\t<div id=\"ngg-image-14\" class=\"ngg-gallery-thumbnail-box \n\t\t\t\t\t\t\t\t\t\t\t\" \n\t\t\t>\n\t\t\t\t\t\t<div class=\"ngg-gallery-thumbnail\">\n\t\t\t<a href=\"http:\/\/minval.org\/svm\/wp-content\/gallery\/mina-teresa\/mmm.jpg\"\n\t\t\t\ttitle=\"Catas en el barranco\"\n\t\t\t\tdata-src=\"http:\/\/minval.org\/svm\/wp-content\/gallery\/mina-teresa\/mmm.jpg\"\n\t\t\t\tdata-thumbnail=\"http:\/\/minval.org\/svm\/wp-content\/gallery\/mina-teresa\/thumbs\/thumbs_mmm.jpg\"\n\t\t\t\tdata-image-id=\"997\"\n\t\t\t\tdata-title=\"Catas en el barranco\"\n\t\t\t\tdata-description=\"Catas en el barranco\"\n\t\t\t\tdata-image-slug=\"\"\n\t\t\t\tclass=\"ngg-simplelightbox\" rel=\"f12fe9ae432b2cc40602a21dc133941d\">\n\t\t\t\t<img\n\t\t\t\t\ttitle=\"Catas en el barranco\"\n\t\t\t\t\talt=\"Catas en el barranco\"\n\t\t\t\t\tsrc=\"http:\/\/minval.org\/svm\/wp-content\/gallery\/mina-teresa\/thumbs\/thumbs_mmm.jpg\"\n\t\t\t\t\twidth=\"100\"\n\t\t\t\t\theight=\"75\"\n\t\t\t\t\tstyle=\"max-width:100%;\"\n\t\t\t\t\/>\n\t\t\t<\/a>\n\t\t<\/div>\n\t\t\t\t\t\t\t<\/div> \n\t\t\t\n\t\t\t\t<div id=\"ngg-image-15\" class=\"ngg-gallery-thumbnail-box \n\t\t\t\t\t\t\t\t\t\t\t\" \n\t\t\t>\n\t\t\t\t\t\t<div class=\"ngg-gallery-thumbnail\">\n\t\t\t<a href=\"http:\/\/minval.org\/svm\/wp-content\/gallery\/mina-teresa\/nnn.jpg\"\n\t\t\t\ttitle=\"Mientras se distribu\u00edan por las escombreras recogiendo material, me qued\u00e9 en la primera bocamina (puesto base) a esperar a Ram\u00f3n, que hab\u00eda llevado a Saturnino al pueblo\"\n\t\t\t\tdata-src=\"http:\/\/minval.org\/svm\/wp-content\/gallery\/mina-teresa\/nnn.jpg\"\n\t\t\t\tdata-thumbnail=\"http:\/\/minval.org\/svm\/wp-content\/gallery\/mina-teresa\/thumbs\/thumbs_nnn.jpg\"\n\t\t\t\tdata-image-id=\"998\"\n\t\t\t\tdata-title=\"Delante de la mina\"\n\t\t\t\tdata-description=\"Mientras se distribu\u00edan por las escombreras recogiendo material, me qued\u00e9 en la primera bocamina (puesto base) a esperar a Ram\u00f3n, que hab\u00eda llevado a Saturnino al pueblo\"\n\t\t\t\tdata-image-slug=\"\"\n\t\t\t\tclass=\"ngg-simplelightbox\" rel=\"f12fe9ae432b2cc40602a21dc133941d\">\n\t\t\t\t<img\n\t\t\t\t\ttitle=\"Delante de la mina\"\n\t\t\t\t\talt=\"Delante de la mina\"\n\t\t\t\t\tsrc=\"http:\/\/minval.org\/svm\/wp-content\/gallery\/mina-teresa\/thumbs\/thumbs_nnn.jpg\"\n\t\t\t\t\twidth=\"97\"\n\t\t\t\t\theight=\"75\"\n\t\t\t\t\tstyle=\"max-width:100%;\"\n\t\t\t\t\/>\n\t\t\t<\/a>\n\t\t<\/div>\n\t\t\t\t\t\t\t<\/div> \n\t\t\t\n\t\t\t\t<div id=\"ngg-image-16\" class=\"ngg-gallery-thumbnail-box \n\t\t\t\t\t\t\t\t\t\t\t\" \n\t\t\t>\n\t\t\t\t\t\t<div class=\"ngg-gallery-thumbnail\">\n\t\t\t<a href=\"http:\/\/minval.org\/svm\/wp-content\/gallery\/mina-teresa\/ooo.jpg\"\n\t\t\t\ttitle=\"Bocamina derruida\"\n\t\t\t\tdata-src=\"http:\/\/minval.org\/svm\/wp-content\/gallery\/mina-teresa\/ooo.jpg\"\n\t\t\t\tdata-thumbnail=\"http:\/\/minval.org\/svm\/wp-content\/gallery\/mina-teresa\/thumbs\/thumbs_ooo.jpg\"\n\t\t\t\tdata-image-id=\"999\"\n\t\t\t\tdata-title=\"Juan Carlos intentando recoger material\"\n\t\t\t\tdata-description=\"Bocamina derruida\"\n\t\t\t\tdata-image-slug=\"\"\n\t\t\t\tclass=\"ngg-simplelightbox\" rel=\"f12fe9ae432b2cc40602a21dc133941d\">\n\t\t\t\t<img\n\t\t\t\t\ttitle=\"Juan Carlos intentando recoger material\"\n\t\t\t\t\talt=\"Juan Carlos intentando recoger material\"\n\t\t\t\t\tsrc=\"http:\/\/minval.org\/svm\/wp-content\/gallery\/mina-teresa\/thumbs\/thumbs_ooo.jpg\"\n\t\t\t\t\twidth=\"100\"\n\t\t\t\t\theight=\"75\"\n\t\t\t\t\tstyle=\"max-width:100%;\"\n\t\t\t\t\/>\n\t\t\t<\/a>\n\t\t<\/div>\n\t\t\t\t\t\t\t<\/div> \n\t\t\t\n\t\t\t\t<div id=\"ngg-image-17\" class=\"ngg-gallery-thumbnail-box \n\t\t\t\t\t\t\t\t\t\t\t\" \n\t\t\t>\n\t\t\t\t\t\t<div class=\"ngg-gallery-thumbnail\">\n\t\t\t<a href=\"http:\/\/minval.org\/svm\/wp-content\/gallery\/mina-teresa\/ppp.jpg\"\n\t\t\t\ttitle=\"La mina Teresa se explot\u00f3 al menos desde 1943, siendo 1943 y 1944 los a\u00f1os de mayor producci\u00f3n, con una extracci\u00f3n de alrededor de 40 Tm de material\"\n\t\t\t\tdata-src=\"http:\/\/minval.org\/svm\/wp-content\/gallery\/mina-teresa\/ppp.jpg\"\n\t\t\t\tdata-thumbnail=\"http:\/\/minval.org\/svm\/wp-content\/gallery\/mina-teresa\/thumbs\/thumbs_ppp.jpg\"\n\t\t\t\tdata-image-id=\"1000\"\n\t\t\t\tdata-title=\"Afloramientos de pirolusita terrosa\"\n\t\t\t\tdata-description=\"La mina Teresa se explot\u00f3 al menos desde 1943, siendo 1943 y 1944 los a\u00f1os de mayor producci\u00f3n, con una extracci\u00f3n de alrededor de 40 Tm de material\"\n\t\t\t\tdata-image-slug=\"\"\n\t\t\t\tclass=\"ngg-simplelightbox\" rel=\"f12fe9ae432b2cc40602a21dc133941d\">\n\t\t\t\t<img\n\t\t\t\t\ttitle=\"Afloramientos de pirolusita terrosa\"\n\t\t\t\t\talt=\"Afloramientos de pirolusita terrosa\"\n\t\t\t\t\tsrc=\"http:\/\/minval.org\/svm\/wp-content\/gallery\/mina-teresa\/thumbs\/thumbs_ppp.jpg\"\n\t\t\t\t\twidth=\"100\"\n\t\t\t\t\theight=\"75\"\n\t\t\t\t\tstyle=\"max-width:100%;\"\n\t\t\t\t\/>\n\t\t\t<\/a>\n\t\t<\/div>\n\t\t\t\t\t\t\t<\/div> \n\t\t\t\n\t\t\t\t<div id=\"ngg-image-18\" class=\"ngg-gallery-thumbnail-box \n\t\t\t\t\t\t\t\t\t\t\t\" \n\t\t\t>\n\t\t\t\t\t\t<div class=\"ngg-gallery-thumbnail\">\n\t\t\t<a href=\"http:\/\/minval.org\/svm\/wp-content\/gallery\/mina-teresa\/qqq.jpg\"\n\t\t\t\ttitle=\"Es una mina de manganeso que se encuentra en n\u00f3dulos y bolsadas en forma de pirolusita. Se cerr\u00f3 en 1947\"\n\t\t\t\tdata-src=\"http:\/\/minval.org\/svm\/wp-content\/gallery\/mina-teresa\/qqq.jpg\"\n\t\t\t\tdata-thumbnail=\"http:\/\/minval.org\/svm\/wp-content\/gallery\/mina-teresa\/thumbs\/thumbs_qqq.jpg\"\n\t\t\t\tdata-image-id=\"1001\"\n\t\t\t\tdata-title=\"N\u00f3dulo de pirolusita\"\n\t\t\t\tdata-description=\"Es una mina de manganeso que se encuentra en n\u00f3dulos y bolsadas en forma de pirolusita. Se cerr\u00f3 en 1947\"\n\t\t\t\tdata-image-slug=\"\"\n\t\t\t\tclass=\"ngg-simplelightbox\" rel=\"f12fe9ae432b2cc40602a21dc133941d\">\n\t\t\t\t<img\n\t\t\t\t\ttitle=\"N\u00f3dulo de pirolusita\"\n\t\t\t\t\talt=\"N\u00f3dulo de pirolusita\"\n\t\t\t\t\tsrc=\"http:\/\/minval.org\/svm\/wp-content\/gallery\/mina-teresa\/thumbs\/thumbs_qqq.jpg\"\n\t\t\t\t\twidth=\"100\"\n\t\t\t\t\theight=\"75\"\n\t\t\t\t\tstyle=\"max-width:100%;\"\n\t\t\t\t\/>\n\t\t\t<\/a>\n\t\t<\/div>\n\t\t\t\t\t\t\t<\/div> \n\t\t\t\n\t\t\t\t<div id=\"ngg-image-19\" class=\"ngg-gallery-thumbnail-box \n\t\t\t\t\t\t\t\t\t\t\t\" \n\t\t\t>\n\t\t\t\t\t\t<div class=\"ngg-gallery-thumbnail\">\n\t\t\t<a href=\"http:\/\/minval.org\/svm\/wp-content\/gallery\/mina-teresa\/rrr.jpg\"\n\t\t\t\ttitle=\"Escombrera\"\n\t\t\t\tdata-src=\"http:\/\/minval.org\/svm\/wp-content\/gallery\/mina-teresa\/rrr.jpg\"\n\t\t\t\tdata-thumbnail=\"http:\/\/minval.org\/svm\/wp-content\/gallery\/mina-teresa\/thumbs\/thumbs_rrr.jpg\"\n\t\t\t\tdata-image-id=\"1002\"\n\t\t\t\tdata-title=\"Una de las escombreras\"\n\t\t\t\tdata-description=\"Escombrera\"\n\t\t\t\tdata-image-slug=\"\"\n\t\t\t\tclass=\"ngg-simplelightbox\" rel=\"f12fe9ae432b2cc40602a21dc133941d\">\n\t\t\t\t<img\n\t\t\t\t\ttitle=\"Una de las escombreras\"\n\t\t\t\t\talt=\"Una de las escombreras\"\n\t\t\t\t\tsrc=\"http:\/\/minval.org\/svm\/wp-content\/gallery\/mina-teresa\/thumbs\/thumbs_rrr.jpg\"\n\t\t\t\t\twidth=\"100\"\n\t\t\t\t\theight=\"75\"\n\t\t\t\t\tstyle=\"max-width:100%;\"\n\t\t\t\t\/>\n\t\t\t<\/a>\n\t\t<\/div>\n\t\t\t\t\t\t\t<\/div> \n\t\t\t\n\t\t\t\t<div id=\"ngg-image-20\" class=\"ngg-gallery-thumbnail-box \n\t\t\t\t\t\t\t\t\t\t\t\" \n\t\t\t>\n\t\t\t\t\t\t<div class=\"ngg-gallery-thumbnail\">\n\t\t\t<a href=\"http:\/\/minval.org\/svm\/wp-content\/gallery\/mina-teresa\/sss.jpg\"\n\t\t\t\ttitle=\"Obteniendo material\"\n\t\t\t\tdata-src=\"http:\/\/minval.org\/svm\/wp-content\/gallery\/mina-teresa\/sss.jpg\"\n\t\t\t\tdata-thumbnail=\"http:\/\/minval.org\/svm\/wp-content\/gallery\/mina-teresa\/thumbs\/thumbs_sss.jpg\"\n\t\t\t\tdata-image-id=\"1003\"\n\t\t\t\tdata-title=\"Juan Mari picando\"\n\t\t\t\tdata-description=\"Obteniendo material\"\n\t\t\t\tdata-image-slug=\"\"\n\t\t\t\tclass=\"ngg-simplelightbox\" rel=\"f12fe9ae432b2cc40602a21dc133941d\">\n\t\t\t\t<img\n\t\t\t\t\ttitle=\"Juan Mari picando\"\n\t\t\t\t\talt=\"Juan Mari picando\"\n\t\t\t\t\tsrc=\"http:\/\/minval.org\/svm\/wp-content\/gallery\/mina-teresa\/thumbs\/thumbs_sss.jpg\"\n\t\t\t\t\twidth=\"100\"\n\t\t\t\t\theight=\"75\"\n\t\t\t\t\tstyle=\"max-width:100%;\"\n\t\t\t\t\/>\n\t\t\t<\/a>\n\t\t<\/div>\n\t\t\t\t\t\t\t<\/div> \n\t\t\t\n\t\t\t\t<div id=\"ngg-image-21\" class=\"ngg-gallery-thumbnail-box \n\t\t\t\t\t\t\t\t\t\t\t\" \n\t\t\t>\n\t\t\t\t\t\t<div class=\"ngg-gallery-thumbnail\">\n\t\t\t<a href=\"http:\/\/minval.org\/svm\/wp-content\/gallery\/mina-teresa\/ttt.jpg\"\n\t\t\t\ttitle=\"N\u00f3dulo\"\n\t\t\t\tdata-src=\"http:\/\/minval.org\/svm\/wp-content\/gallery\/mina-teresa\/ttt.jpg\"\n\t\t\t\tdata-thumbnail=\"http:\/\/minval.org\/svm\/wp-content\/gallery\/mina-teresa\/thumbs\/thumbs_ttt.jpg\"\n\t\t\t\tdata-image-id=\"1004\"\n\t\t\t\tdata-title=\"Detalle \"\n\t\t\t\tdata-description=\"N\u00f3dulo\"\n\t\t\t\tdata-image-slug=\"\"\n\t\t\t\tclass=\"ngg-simplelightbox\" rel=\"f12fe9ae432b2cc40602a21dc133941d\">\n\t\t\t\t<img\n\t\t\t\t\ttitle=\"Detalle \"\n\t\t\t\t\talt=\"Detalle \"\n\t\t\t\t\tsrc=\"http:\/\/minval.org\/svm\/wp-content\/gallery\/mina-teresa\/thumbs\/thumbs_ttt.jpg\"\n\t\t\t\t\twidth=\"100\"\n\t\t\t\t\theight=\"75\"\n\t\t\t\t\tstyle=\"max-width:100%;\"\n\t\t\t\t\/>\n\t\t\t<\/a>\n\t\t<\/div>\n\t\t\t\t\t\t\t<\/div> \n\t\t\t\n\t\t\t\t<div id=\"ngg-image-22\" class=\"ngg-gallery-thumbnail-box \n\t\t\t\t\t\t\t\t\t\t\t\" \n\t\t\t>\n\t\t\t\t\t\t<div class=\"ngg-gallery-thumbnail\">\n\t\t\t<a href=\"http:\/\/minval.org\/svm\/wp-content\/gallery\/mina-teresa\/uuu.jpg\"\n\t\t\t\ttitle=\"Potente escombrera\"\n\t\t\t\tdata-src=\"http:\/\/minval.org\/svm\/wp-content\/gallery\/mina-teresa\/uuu.jpg\"\n\t\t\t\tdata-thumbnail=\"http:\/\/minval.org\/svm\/wp-content\/gallery\/mina-teresa\/thumbs\/thumbs_uuu.jpg\"\n\t\t\t\tdata-image-id=\"1005\"\n\t\t\t\tdata-title=\"Juan Carlos picando con Adri\u00e1n al fondo\"\n\t\t\t\tdata-description=\"Potente escombrera\"\n\t\t\t\tdata-image-slug=\"\"\n\t\t\t\tclass=\"ngg-simplelightbox\" rel=\"f12fe9ae432b2cc40602a21dc133941d\">\n\t\t\t\t<img\n\t\t\t\t\ttitle=\"Juan Carlos picando con Adri\u00e1n al fondo\"\n\t\t\t\t\talt=\"Juan Carlos picando con Adri\u00e1n al fondo\"\n\t\t\t\t\tsrc=\"http:\/\/minval.org\/svm\/wp-content\/gallery\/mina-teresa\/thumbs\/thumbs_uuu.jpg\"\n\t\t\t\t\twidth=\"99\"\n\t\t\t\t\theight=\"75\"\n\t\t\t\t\tstyle=\"max-width:100%;\"\n\t\t\t\t\/>\n\t\t\t<\/a>\n\t\t<\/div>\n\t\t\t\t\t\t\t<\/div> \n\t\t\t\n\t\t\t\t<div id=\"ngg-image-23\" class=\"ngg-gallery-thumbnail-box \n\t\t\t\t\t\t\t\t\t\t\t\" \n\t\t\t>\n\t\t\t\t\t\t<div class=\"ngg-gallery-thumbnail\">\n\t\t\t<a href=\"http:\/\/minval.org\/svm\/wp-content\/gallery\/mina-teresa\/vvv.jpg\"\n\t\t\t\ttitle=\"Material de Juan Carlos Tar\u00edn, primero en llegar al puesto base\"\n\t\t\t\tdata-src=\"http:\/\/minval.org\/svm\/wp-content\/gallery\/mina-teresa\/vvv.jpg\"\n\t\t\t\tdata-thumbnail=\"http:\/\/minval.org\/svm\/wp-content\/gallery\/mina-teresa\/thumbs\/thumbs_vvv.jpg\"\n\t\t\t\tdata-image-id=\"1006\"\n\t\t\t\tdata-title=\"Material recogido por Juan Carlos\"\n\t\t\t\tdata-description=\"Material de Juan Carlos Tar\u00edn, primero en llegar al puesto base\"\n\t\t\t\tdata-image-slug=\"\"\n\t\t\t\tclass=\"ngg-simplelightbox\" rel=\"f12fe9ae432b2cc40602a21dc133941d\">\n\t\t\t\t<img\n\t\t\t\t\ttitle=\"Material recogido por Juan Carlos\"\n\t\t\t\t\talt=\"Material recogido por Juan Carlos\"\n\t\t\t\t\tsrc=\"http:\/\/minval.org\/svm\/wp-content\/gallery\/mina-teresa\/thumbs\/thumbs_vvv.jpg\"\n\t\t\t\t\twidth=\"100\"\n\t\t\t\t\theight=\"75\"\n\t\t\t\t\tstyle=\"max-width:100%;\"\n\t\t\t\t\/>\n\t\t\t<\/a>\n\t\t<\/div>\n\t\t\t\t\t\t\t<\/div> \n\t\t\t\n\t\n\t<br style=\"clear: both\" \/>\n\n\t\n\t\t<!-- Pagination -->\n\t\t<div class='ngg-navigation'><span class='current'>1<\/span>\n<a class='page-numbers' data-pageid='2' href='http:\/\/minval.org\/svm\/index.php\/nggallery\/page\/2?p=2810'>2<\/a>\n<a class='prev' href='http:\/\/minval.org\/svm\/index.php\/nggallery\/page\/2?p=2810' data-pageid=2>&#9658;<\/a><\/div>\t<\/div>\n\n<\/p>\n<p><!--:--><!--:en--><\/p>\n<\/p>\n<p><!--:--><\/p>\n","protected":false},"excerpt":{"rendered":"<p>El\u00a0 d\u00eda 20 de marzo de 2010, nos reunimos Ram\u00f3n L\u00f3pez, Juan Mari Bartol, Carlos Tar\u00edn, Juan Navas, Adri\u00e1n Pesudo y yo, Manuel Canseco, con el objetivo de encontrar la mina Teresa en Villanueva de Viver. Llegamos a las nueve&#8230;<\/p>\n","protected":false},"author":2,"featured_media":0,"comment_status":"closed","ping_status":"closed","sticky":false,"template":"","format":"standard","meta":{"ngg_post_thumbnail":0,"footnotes":""},"categories":[5],"tags":[],"_links":{"self":[{"href":"http:\/\/minval.org\/svm\/index.php?rest_route=\/wp\/v2\/posts\/2810"}],"collection":[{"href":"http:\/\/minval.org\/svm\/index.php?rest_route=\/wp\/v2\/posts"}],"about":[{"href":"http:\/\/minval.org\/svm\/index.php?rest_route=\/wp\/v2\/types\/post"}],"author":[{"embeddable":true,"href":"http:\/\/minval.org\/svm\/index.php?rest_route=\/wp\/v2\/users\/2"}],"replies":[{"embeddable":true,"href":"http:\/\/minval.org\/svm\/index.php?rest_route=%2Fwp%2Fv2%2Fcomments&post=2810"}],"version-history":[{"count":0,"href":"http:\/\/minval.org\/svm\/index.php?rest_route=\/wp\/v2\/posts\/2810\/revisions"}],"wp:attachment":[{"href":"http:\/\/minval.org\/svm\/index.php?rest_route=%2Fwp%2Fv2%2Fmedia&parent=2810"}],"wp:term":[{"taxonomy":"category","embeddable":true,"href":"http:\/\/minval.org\/svm\/index.php?rest_route=%2Fwp%2Fv2%2Fcategories&post=2810"},{"taxonomy":"post_tag","embeddable":true,"href":"http:\/\/minval.org\/svm\/index.php?rest_route=%2Fwp%2Fv2%2Ftags&post=2810"}],"curies":[{"name":"wp","href":"https:\/\/api.w.org\/{rel}","templated":true}]}}