{"id":2819,"date":"2010-05-21T19:36:24","date_gmt":"2010-05-21T17:36:24","guid":{"rendered":"http:\/\/minval.org\/svm\/?p=2819"},"modified":"2010-05-21T19:36:24","modified_gmt":"2010-05-21T17:36:24","slug":"concesion-minera-san-rafael-villahermosa-del-rio","status":"publish","type":"post","link":"http:\/\/minval.org\/svm\/?p=2819","title":{"rendered":"Concesi\u00f3n minera San Rafael (Villahermosa del R\u00edo)"},"content":{"rendered":"<p><!--:es-->El d\u00eda 8 de mayo de 2010 hicimos una visita a la concesi\u00f3n minera San Rafael que comprende las minas de La Amorosa y de La Guerra Antigua, para acompa\u00f1ar al coleccionista holand\u00e9s Jos Hens que se puso en contacto con nuestra Sociedad.\u00a0 Lo hicimos Juan Carlos Tar\u00edn, Fernando Tar\u00edn, Juan Mari Bartol y Honorio Cocera. Nos reunimos en la salida sur de la autopista, pues estaba pasando las vacaciones en Benicarl\u00f3. Pasamos un d\u00eda muy agradable en el que recogimos algunos buenos ejemplares. Despu\u00e9s pas\u00f3 a ver alguna de nuestras colecciones. Adem\u00e1s de divertirnos entablamos una sincera amistad. En sus correos posteriores refleja la emoci\u00f3n de ese d\u00eda con su agradecimiento<\/p>\n<hr \/>\n<p><!-- default-view.php -->\n<div\n\tclass=\"ngg-galleryoverview default-view \n\t\t\"\n\tid=\"ngg-gallery-f4fa34810529f86bb52928d693883234-1\">\n\n\t\t<!-- Thumbnails -->\n\t\t\t\t<div id=\"ngg-image-0\" class=\"ngg-gallery-thumbnail-box \n\t\t\t\t\t\t\t\t\t\t\t\" \n\t\t\t>\n\t\t\t\t\t\t<div class=\"ngg-gallery-thumbnail\">\n\t\t\t<a href=\"http:\/\/minval.org\/svm\/wp-content\/gallery\/villahermosa-08052010\/01.jpg\"\n\t\t\t\ttitle=\"El s\u00e1bado 8 de mayo de 2010 hicimos una salida a las minas de Villahermosa del R\u00edo, para ense\u00f1\u00e1rselas a Jos Hens, colecionista holand\u00e9s\"\n\t\t\t\tdata-src=\"http:\/\/minval.org\/svm\/wp-content\/gallery\/villahermosa-08052010\/01.jpg\"\n\t\t\t\tdata-thumbnail=\"http:\/\/minval.org\/svm\/wp-content\/gallery\/villahermosa-08052010\/thumbs\/thumbs_01.jpg\"\n\t\t\t\tdata-image-id=\"1019\"\n\t\t\t\tdata-title=\"Parada en Lucena\"\n\t\t\t\tdata-description=\"El s\u00e1bado 8 de mayo de 2010 hicimos una salida a las minas de Villahermosa del R\u00edo, para ense\u00f1\u00e1rselas a Jos Hens, colecionista holand\u00e9s\"\n\t\t\t\tdata-image-slug=\"\"\n\t\t\t\tclass=\"ngg-simplelightbox\" rel=\"f4fa34810529f86bb52928d693883234\">\n\t\t\t\t<img\n\t\t\t\t\ttitle=\"Parada en Lucena\"\n\t\t\t\t\talt=\"Parada en Lucena\"\n\t\t\t\t\tsrc=\"http:\/\/minval.org\/svm\/wp-content\/gallery\/villahermosa-08052010\/thumbs\/thumbs_01.jpg\"\n\t\t\t\t\twidth=\"100\"\n\t\t\t\t\theight=\"75\"\n\t\t\t\t\tstyle=\"max-width:100%;\"\n\t\t\t\t\/>\n\t\t\t<\/a>\n\t\t<\/div>\n\t\t\t\t\t\t\t<\/div> \n\t\t\t\n\t\t\t\t<div id=\"ngg-image-1\" class=\"ngg-gallery-thumbnail-box \n\t\t\t\t\t\t\t\t\t\t\t\" \n\t\t\t>\n\t\t\t\t\t\t<div class=\"ngg-gallery-thumbnail\">\n\t\t\t<a href=\"http:\/\/minval.org\/svm\/wp-content\/gallery\/villahermosa-08052010\/02.jpg\"\n\t\t\t\ttitle=\"Le acompa\u00f1amos Juan Carlos Tar\u00edn, Fernando Tar\u00edn, Juan Mari Bartol y Honorio Cocera\"\n\t\t\t\tdata-src=\"http:\/\/minval.org\/svm\/wp-content\/gallery\/villahermosa-08052010\/02.jpg\"\n\t\t\t\tdata-thumbnail=\"http:\/\/minval.org\/svm\/wp-content\/gallery\/villahermosa-08052010\/thumbs\/thumbs_02.jpg\"\n\t\t\t\tdata-image-id=\"1020\"\n\t\t\t\tdata-title=\"Vista de la mina La Amorosa desde la carretera\"\n\t\t\t\tdata-description=\"Le acompa\u00f1amos Juan Carlos Tar\u00edn, Fernando Tar\u00edn, Juan Mari Bartol y Honorio Cocera\"\n\t\t\t\tdata-image-slug=\"\"\n\t\t\t\tclass=\"ngg-simplelightbox\" rel=\"f4fa34810529f86bb52928d693883234\">\n\t\t\t\t<img\n\t\t\t\t\ttitle=\"Vista de la mina La Amorosa desde la carretera\"\n\t\t\t\t\talt=\"Vista de la mina La Amorosa desde la carretera\"\n\t\t\t\t\tsrc=\"http:\/\/minval.org\/svm\/wp-content\/gallery\/villahermosa-08052010\/thumbs\/thumbs_02.jpg\"\n\t\t\t\t\twidth=\"100\"\n\t\t\t\t\theight=\"75\"\n\t\t\t\t\tstyle=\"max-width:100%;\"\n\t\t\t\t\/>\n\t\t\t<\/a>\n\t\t<\/div>\n\t\t\t\t\t\t\t<\/div> \n\t\t\t\n\t\t\t\t<div id=\"ngg-image-2\" class=\"ngg-gallery-thumbnail-box \n\t\t\t\t\t\t\t\t\t\t\t\" \n\t\t\t>\n\t\t\t\t\t\t<div class=\"ngg-gallery-thumbnail\">\n\t\t\t<a href=\"http:\/\/minval.org\/svm\/wp-content\/gallery\/villahermosa-08052010\/03.jpg\"\n\t\t\t\ttitle=\"El r\u00edo Carb\u00f3 casi siempre seco, llevaba bastante caudal\"\n\t\t\t\tdata-src=\"http:\/\/minval.org\/svm\/wp-content\/gallery\/villahermosa-08052010\/03.jpg\"\n\t\t\t\tdata-thumbnail=\"http:\/\/minval.org\/svm\/wp-content\/gallery\/villahermosa-08052010\/thumbs\/thumbs_03.jpg\"\n\t\t\t\tdata-image-id=\"1021\"\n\t\t\t\tdata-title=\"R\u00edo Carb\u00f3\"\n\t\t\t\tdata-description=\"El r\u00edo Carb\u00f3 casi siempre seco, llevaba bastante caudal\"\n\t\t\t\tdata-image-slug=\"\"\n\t\t\t\tclass=\"ngg-simplelightbox\" rel=\"f4fa34810529f86bb52928d693883234\">\n\t\t\t\t<img\n\t\t\t\t\ttitle=\"R\u00edo Carb\u00f3\"\n\t\t\t\t\talt=\"R\u00edo Carb\u00f3\"\n\t\t\t\t\tsrc=\"http:\/\/minval.org\/svm\/wp-content\/gallery\/villahermosa-08052010\/thumbs\/thumbs_03.jpg\"\n\t\t\t\t\twidth=\"100\"\n\t\t\t\t\theight=\"75\"\n\t\t\t\t\tstyle=\"max-width:100%;\"\n\t\t\t\t\/>\n\t\t\t<\/a>\n\t\t<\/div>\n\t\t\t\t\t\t\t<\/div> \n\t\t\t\n\t\t\t\t<div id=\"ngg-image-3\" class=\"ngg-gallery-thumbnail-box \n\t\t\t\t\t\t\t\t\t\t\t\" \n\t\t\t>\n\t\t\t\t\t\t<div class=\"ngg-gallery-thumbnail\">\n\t\t\t<a href=\"http:\/\/minval.org\/svm\/wp-content\/gallery\/villahermosa-08052010\/04.jpg\"\n\t\t\t\ttitle=\"Cogiendo las herramientas\"\n\t\t\t\tdata-src=\"http:\/\/minval.org\/svm\/wp-content\/gallery\/villahermosa-08052010\/04.jpg\"\n\t\t\t\tdata-thumbnail=\"http:\/\/minval.org\/svm\/wp-content\/gallery\/villahermosa-08052010\/thumbs\/thumbs_04.jpg\"\n\t\t\t\tdata-image-id=\"1022\"\n\t\t\t\tdata-title=\"Haciendo los preparativos\"\n\t\t\t\tdata-description=\"Cogiendo las herramientas\"\n\t\t\t\tdata-image-slug=\"\"\n\t\t\t\tclass=\"ngg-simplelightbox\" rel=\"f4fa34810529f86bb52928d693883234\">\n\t\t\t\t<img\n\t\t\t\t\ttitle=\"Haciendo los preparativos\"\n\t\t\t\t\talt=\"Haciendo los preparativos\"\n\t\t\t\t\tsrc=\"http:\/\/minval.org\/svm\/wp-content\/gallery\/villahermosa-08052010\/thumbs\/thumbs_04.jpg\"\n\t\t\t\t\twidth=\"100\"\n\t\t\t\t\theight=\"75\"\n\t\t\t\t\tstyle=\"max-width:100%;\"\n\t\t\t\t\/>\n\t\t\t<\/a>\n\t\t<\/div>\n\t\t\t\t\t\t\t<\/div> \n\t\t\t\n\t\t\t\t<div id=\"ngg-image-4\" class=\"ngg-gallery-thumbnail-box \n\t\t\t\t\t\t\t\t\t\t\t\" \n\t\t\t>\n\t\t\t\t\t\t<div class=\"ngg-gallery-thumbnail\">\n\t\t\t<a href=\"http:\/\/minval.org\/svm\/wp-content\/gallery\/villahermosa-08052010\/05.jpg\"\n\t\t\t\ttitle=\"Dificultad en la ascensi\u00f3n a La Amorosa\"\n\t\t\t\tdata-src=\"http:\/\/minval.org\/svm\/wp-content\/gallery\/villahermosa-08052010\/05.jpg\"\n\t\t\t\tdata-thumbnail=\"http:\/\/minval.org\/svm\/wp-content\/gallery\/villahermosa-08052010\/thumbs\/thumbs_05.jpg\"\n\t\t\t\tdata-image-id=\"1023\"\n\t\t\t\tdata-title=\"Subiendo a la mina La Amorosa\"\n\t\t\t\tdata-description=\"Dificultad en la ascensi\u00f3n a La Amorosa\"\n\t\t\t\tdata-image-slug=\"\"\n\t\t\t\tclass=\"ngg-simplelightbox\" rel=\"f4fa34810529f86bb52928d693883234\">\n\t\t\t\t<img\n\t\t\t\t\ttitle=\"Subiendo a la mina La Amorosa\"\n\t\t\t\t\talt=\"Subiendo a la mina La Amorosa\"\n\t\t\t\t\tsrc=\"http:\/\/minval.org\/svm\/wp-content\/gallery\/villahermosa-08052010\/thumbs\/thumbs_05.jpg\"\n\t\t\t\t\twidth=\"100\"\n\t\t\t\t\theight=\"75\"\n\t\t\t\t\tstyle=\"max-width:100%;\"\n\t\t\t\t\/>\n\t\t\t<\/a>\n\t\t<\/div>\n\t\t\t\t\t\t\t<\/div> \n\t\t\t\n\t\t\t\t<div id=\"ngg-image-5\" class=\"ngg-gallery-thumbnail-box \n\t\t\t\t\t\t\t\t\t\t\t\" \n\t\t\t>\n\t\t\t\t\t\t<div class=\"ngg-gallery-thumbnail\">\n\t\t\t<a href=\"http:\/\/minval.org\/svm\/wp-content\/gallery\/villahermosa-08052010\/06.jpg\"\n\t\t\t\ttitle=\"\u00daltimo escollo antes de la bocamina\"\n\t\t\t\tdata-src=\"http:\/\/minval.org\/svm\/wp-content\/gallery\/villahermosa-08052010\/06.jpg\"\n\t\t\t\tdata-thumbnail=\"http:\/\/minval.org\/svm\/wp-content\/gallery\/villahermosa-08052010\/thumbs\/thumbs_06.jpg\"\n\t\t\t\tdata-image-id=\"1024\"\n\t\t\t\tdata-title=\"Subiendo a la mina La Amorosa\"\n\t\t\t\tdata-description=\"\u00daltimo escollo antes de la bocamina\"\n\t\t\t\tdata-image-slug=\"\"\n\t\t\t\tclass=\"ngg-simplelightbox\" rel=\"f4fa34810529f86bb52928d693883234\">\n\t\t\t\t<img\n\t\t\t\t\ttitle=\"Subiendo a la mina La Amorosa\"\n\t\t\t\t\talt=\"Subiendo a la mina La Amorosa\"\n\t\t\t\t\tsrc=\"http:\/\/minval.org\/svm\/wp-content\/gallery\/villahermosa-08052010\/thumbs\/thumbs_06.jpg\"\n\t\t\t\t\twidth=\"100\"\n\t\t\t\t\theight=\"75\"\n\t\t\t\t\tstyle=\"max-width:100%;\"\n\t\t\t\t\/>\n\t\t\t<\/a>\n\t\t<\/div>\n\t\t\t\t\t\t\t<\/div> \n\t\t\t\n\t\t\t\t<div id=\"ngg-image-6\" class=\"ngg-gallery-thumbnail-box \n\t\t\t\t\t\t\t\t\t\t\t\" \n\t\t\t>\n\t\t\t\t\t\t<div class=\"ngg-gallery-thumbnail\">\n\t\t\t<a href=\"http:\/\/minval.org\/svm\/wp-content\/gallery\/villahermosa-08052010\/07.jpg\"\n\t\t\t\ttitle=\"Examinando la mineralizaci\u00f3n\"\n\t\t\t\tdata-src=\"http:\/\/minval.org\/svm\/wp-content\/gallery\/villahermosa-08052010\/07.jpg\"\n\t\t\t\tdata-thumbnail=\"http:\/\/minval.org\/svm\/wp-content\/gallery\/villahermosa-08052010\/thumbs\/thumbs_07.jpg\"\n\t\t\t\tdata-image-id=\"1025\"\n\t\t\t\tdata-title=\"Galer\u00eda principal\"\n\t\t\t\tdata-description=\"Examinando la mineralizaci\u00f3n\"\n\t\t\t\tdata-image-slug=\"\"\n\t\t\t\tclass=\"ngg-simplelightbox\" rel=\"f4fa34810529f86bb52928d693883234\">\n\t\t\t\t<img\n\t\t\t\t\ttitle=\"Galer\u00eda principal\"\n\t\t\t\t\talt=\"Galer\u00eda principal\"\n\t\t\t\t\tsrc=\"http:\/\/minval.org\/svm\/wp-content\/gallery\/villahermosa-08052010\/thumbs\/thumbs_07.jpg\"\n\t\t\t\t\twidth=\"100\"\n\t\t\t\t\theight=\"75\"\n\t\t\t\t\tstyle=\"max-width:100%;\"\n\t\t\t\t\/>\n\t\t\t<\/a>\n\t\t<\/div>\n\t\t\t\t\t\t\t<\/div> \n\t\t\t\n\t\t\t\t<div id=\"ngg-image-7\" class=\"ngg-gallery-thumbnail-box \n\t\t\t\t\t\t\t\t\t\t\t\" \n\t\t\t>\n\t\t\t\t\t\t<div class=\"ngg-gallery-thumbnail\">\n\t\t\t<a href=\"http:\/\/minval.org\/svm\/wp-content\/gallery\/villahermosa-08052010\/08.jpg\"\n\t\t\t\ttitle=\"Galer\u00edas anexas a la principal\"\n\t\t\t\tdata-src=\"http:\/\/minval.org\/svm\/wp-content\/gallery\/villahermosa-08052010\/08.jpg\"\n\t\t\t\tdata-thumbnail=\"http:\/\/minval.org\/svm\/wp-content\/gallery\/villahermosa-08052010\/thumbs\/thumbs_08.jpg\"\n\t\t\t\tdata-image-id=\"1026\"\n\t\t\t\tdata-title=\"Otras galer\u00edas\"\n\t\t\t\tdata-description=\"Galer\u00edas anexas a la principal\"\n\t\t\t\tdata-image-slug=\"\"\n\t\t\t\tclass=\"ngg-simplelightbox\" rel=\"f4fa34810529f86bb52928d693883234\">\n\t\t\t\t<img\n\t\t\t\t\ttitle=\"Otras galer\u00edas\"\n\t\t\t\t\talt=\"Otras galer\u00edas\"\n\t\t\t\t\tsrc=\"http:\/\/minval.org\/svm\/wp-content\/gallery\/villahermosa-08052010\/thumbs\/thumbs_08.jpg\"\n\t\t\t\t\twidth=\"100\"\n\t\t\t\t\theight=\"75\"\n\t\t\t\t\tstyle=\"max-width:100%;\"\n\t\t\t\t\/>\n\t\t\t<\/a>\n\t\t<\/div>\n\t\t\t\t\t\t\t<\/div> \n\t\t\t\n\t\t\t\t<div id=\"ngg-image-8\" class=\"ngg-gallery-thumbnail-box \n\t\t\t\t\t\t\t\t\t\t\t\" \n\t\t\t>\n\t\t\t\t\t\t<div class=\"ngg-gallery-thumbnail\">\n\t\t\t<a href=\"http:\/\/minval.org\/svm\/wp-content\/gallery\/villahermosa-08052010\/09.jpg\"\n\t\t\t\ttitle=\"La mineralizaci\u00f3n salta a la vista con un tapiz verdeazulado\"\n\t\t\t\tdata-src=\"http:\/\/minval.org\/svm\/wp-content\/gallery\/villahermosa-08052010\/09.jpg\"\n\t\t\t\tdata-thumbnail=\"http:\/\/minval.org\/svm\/wp-content\/gallery\/villahermosa-08052010\/thumbs\/thumbs_09.jpg\"\n\t\t\t\tdata-image-id=\"1027\"\n\t\t\t\tdata-title=\"Mineralizaci\u00f3n\"\n\t\t\t\tdata-description=\"La mineralizaci\u00f3n salta a la vista con un tapiz verdeazulado\"\n\t\t\t\tdata-image-slug=\"\"\n\t\t\t\tclass=\"ngg-simplelightbox\" rel=\"f4fa34810529f86bb52928d693883234\">\n\t\t\t\t<img\n\t\t\t\t\ttitle=\"Mineralizaci\u00f3n\"\n\t\t\t\t\talt=\"Mineralizaci\u00f3n\"\n\t\t\t\t\tsrc=\"http:\/\/minval.org\/svm\/wp-content\/gallery\/villahermosa-08052010\/thumbs\/thumbs_09.jpg\"\n\t\t\t\t\twidth=\"100\"\n\t\t\t\t\theight=\"75\"\n\t\t\t\t\tstyle=\"max-width:100%;\"\n\t\t\t\t\/>\n\t\t\t<\/a>\n\t\t<\/div>\n\t\t\t\t\t\t\t<\/div> \n\t\t\t\n\t\t\t\t<div id=\"ngg-image-9\" class=\"ngg-gallery-thumbnail-box \n\t\t\t\t\t\t\t\t\t\t\t\" \n\t\t\t>\n\t\t\t\t\t\t<div class=\"ngg-gallery-thumbnail\">\n\t\t\t<a href=\"http:\/\/minval.org\/svm\/wp-content\/gallery\/villahermosa-08052010\/10.jpg\"\n\t\t\t\ttitle=\"Fernando en plena tarea y Jos observando\"\n\t\t\t\tdata-src=\"http:\/\/minval.org\/svm\/wp-content\/gallery\/villahermosa-08052010\/10.jpg\"\n\t\t\t\tdata-thumbnail=\"http:\/\/minval.org\/svm\/wp-content\/gallery\/villahermosa-08052010\/thumbs\/thumbs_10.jpg\"\n\t\t\t\tdata-image-id=\"1028\"\n\t\t\t\tdata-title=\"Picando\"\n\t\t\t\tdata-description=\"Fernando en plena tarea y Jos observando\"\n\t\t\t\tdata-image-slug=\"\"\n\t\t\t\tclass=\"ngg-simplelightbox\" rel=\"f4fa34810529f86bb52928d693883234\">\n\t\t\t\t<img\n\t\t\t\t\ttitle=\"Picando\"\n\t\t\t\t\talt=\"Picando\"\n\t\t\t\t\tsrc=\"http:\/\/minval.org\/svm\/wp-content\/gallery\/villahermosa-08052010\/thumbs\/thumbs_10.jpg\"\n\t\t\t\t\twidth=\"100\"\n\t\t\t\t\theight=\"75\"\n\t\t\t\t\tstyle=\"max-width:100%;\"\n\t\t\t\t\/>\n\t\t\t<\/a>\n\t\t<\/div>\n\t\t\t\t\t\t\t<\/div> \n\t\t\t\n\t\t\t\t<div id=\"ngg-image-10\" class=\"ngg-gallery-thumbnail-box \n\t\t\t\t\t\t\t\t\t\t\t\" \n\t\t\t>\n\t\t\t\t\t\t<div class=\"ngg-gallery-thumbnail\">\n\t\t\t<a href=\"http:\/\/minval.org\/svm\/wp-content\/gallery\/villahermosa-08052010\/11.jpg\"\n\t\t\t\ttitle=\"Muestra de los ejemplares recolectados\"\n\t\t\t\tdata-src=\"http:\/\/minval.org\/svm\/wp-content\/gallery\/villahermosa-08052010\/11.jpg\"\n\t\t\t\tdata-thumbnail=\"http:\/\/minval.org\/svm\/wp-content\/gallery\/villahermosa-08052010\/thumbs\/thumbs_11.jpg\"\n\t\t\t\tdata-image-id=\"1029\"\n\t\t\t\tdata-title=\"Ejemplares recolectados\"\n\t\t\t\tdata-description=\"Muestra de los ejemplares recolectados\"\n\t\t\t\tdata-image-slug=\"\"\n\t\t\t\tclass=\"ngg-simplelightbox\" rel=\"f4fa34810529f86bb52928d693883234\">\n\t\t\t\t<img\n\t\t\t\t\ttitle=\"Ejemplares recolectados\"\n\t\t\t\t\talt=\"Ejemplares recolectados\"\n\t\t\t\t\tsrc=\"http:\/\/minval.org\/svm\/wp-content\/gallery\/villahermosa-08052010\/thumbs\/thumbs_11.jpg\"\n\t\t\t\t\twidth=\"100\"\n\t\t\t\t\theight=\"75\"\n\t\t\t\t\tstyle=\"max-width:100%;\"\n\t\t\t\t\/>\n\t\t\t<\/a>\n\t\t<\/div>\n\t\t\t\t\t\t\t<\/div> \n\t\t\t\n\t\t\t\t<div id=\"ngg-image-11\" class=\"ngg-gallery-thumbnail-box \n\t\t\t\t\t\t\t\t\t\t\t\" \n\t\t\t>\n\t\t\t\t\t\t<div class=\"ngg-gallery-thumbnail\">\n\t\t\t<a href=\"http:\/\/minval.org\/svm\/wp-content\/gallery\/villahermosa-08052010\/12.jpg\"\n\t\t\t\ttitle=\"Preciosa vista del barranco y al fondo el cortado de la mina de La Guerra Antigua\"\n\t\t\t\tdata-src=\"http:\/\/minval.org\/svm\/wp-content\/gallery\/villahermosa-08052010\/12.jpg\"\n\t\t\t\tdata-thumbnail=\"http:\/\/minval.org\/svm\/wp-content\/gallery\/villahermosa-08052010\/thumbs\/thumbs_12.jpg\"\n\t\t\t\tdata-image-id=\"1030\"\n\t\t\t\tdata-title=\"Vista de la mina de La Guerra Antigua desde La Amorosa\"\n\t\t\t\tdata-description=\"Preciosa vista del barranco y al fondo el cortado de la mina de La Guerra Antigua\"\n\t\t\t\tdata-image-slug=\"\"\n\t\t\t\tclass=\"ngg-simplelightbox\" rel=\"f4fa34810529f86bb52928d693883234\">\n\t\t\t\t<img\n\t\t\t\t\ttitle=\"Vista de la mina de La Guerra Antigua desde La Amorosa\"\n\t\t\t\t\talt=\"Vista de la mina de La Guerra Antigua desde La Amorosa\"\n\t\t\t\t\tsrc=\"http:\/\/minval.org\/svm\/wp-content\/gallery\/villahermosa-08052010\/thumbs\/thumbs_12.jpg\"\n\t\t\t\t\twidth=\"100\"\n\t\t\t\t\theight=\"75\"\n\t\t\t\t\tstyle=\"max-width:100%;\"\n\t\t\t\t\/>\n\t\t\t<\/a>\n\t\t<\/div>\n\t\t\t\t\t\t\t<\/div> \n\t\t\t\n\t\t\t\t<div id=\"ngg-image-12\" class=\"ngg-gallery-thumbnail-box \n\t\t\t\t\t\t\t\t\t\t\t\" \n\t\t\t>\n\t\t\t\t\t\t<div class=\"ngg-gallery-thumbnail\">\n\t\t\t<a href=\"http:\/\/minval.org\/svm\/wp-content\/gallery\/villahermosa-08052010\/13.jpg\"\n\t\t\t\ttitle=\"Juan Carlos saliendo de la mina con la caja de ejemplares recolectados\"\n\t\t\t\tdata-src=\"http:\/\/minval.org\/svm\/wp-content\/gallery\/villahermosa-08052010\/13.jpg\"\n\t\t\t\tdata-thumbnail=\"http:\/\/minval.org\/svm\/wp-content\/gallery\/villahermosa-08052010\/thumbs\/thumbs_13.jpg\"\n\t\t\t\tdata-image-id=\"1031\"\n\t\t\t\tdata-title=\"Juan Carlos saliendo de la mina La Amorosa\"\n\t\t\t\tdata-description=\"Juan Carlos saliendo de la mina con la caja de ejemplares recolectados\"\n\t\t\t\tdata-image-slug=\"\"\n\t\t\t\tclass=\"ngg-simplelightbox\" rel=\"f4fa34810529f86bb52928d693883234\">\n\t\t\t\t<img\n\t\t\t\t\ttitle=\"Juan Carlos saliendo de la mina La Amorosa\"\n\t\t\t\t\talt=\"Juan Carlos saliendo de la mina La Amorosa\"\n\t\t\t\t\tsrc=\"http:\/\/minval.org\/svm\/wp-content\/gallery\/villahermosa-08052010\/thumbs\/thumbs_13.jpg\"\n\t\t\t\t\twidth=\"100\"\n\t\t\t\t\theight=\"75\"\n\t\t\t\t\tstyle=\"max-width:100%;\"\n\t\t\t\t\/>\n\t\t\t<\/a>\n\t\t<\/div>\n\t\t\t\t\t\t\t<\/div> \n\t\t\t\n\t\t\t\t<div id=\"ngg-image-13\" class=\"ngg-gallery-thumbnail-box \n\t\t\t\t\t\t\t\t\t\t\t\" \n\t\t\t>\n\t\t\t\t\t\t<div class=\"ngg-gallery-thumbnail\">\n\t\t\t<a href=\"http:\/\/minval.org\/svm\/wp-content\/gallery\/villahermosa-08052010\/14.jpg\"\n\t\t\t\ttitle=\"Honorio y Jos intentando lavarse las manos en el r\u00edo Villahermosa\"\n\t\t\t\tdata-src=\"http:\/\/minval.org\/svm\/wp-content\/gallery\/villahermosa-08052010\/14.jpg\"\n\t\t\t\tdata-thumbnail=\"http:\/\/minval.org\/svm\/wp-content\/gallery\/villahermosa-08052010\/thumbs\/thumbs_14.jpg\"\n\t\t\t\tdata-image-id=\"1032\"\n\t\t\t\tdata-title=\"R\u00edo Villahermosa\"\n\t\t\t\tdata-description=\"Honorio y Jos intentando lavarse las manos en el r\u00edo Villahermosa\"\n\t\t\t\tdata-image-slug=\"\"\n\t\t\t\tclass=\"ngg-simplelightbox\" rel=\"f4fa34810529f86bb52928d693883234\">\n\t\t\t\t<img\n\t\t\t\t\ttitle=\"R\u00edo Villahermosa\"\n\t\t\t\t\talt=\"R\u00edo Villahermosa\"\n\t\t\t\t\tsrc=\"http:\/\/minval.org\/svm\/wp-content\/gallery\/villahermosa-08052010\/thumbs\/thumbs_14.jpg\"\n\t\t\t\t\twidth=\"100\"\n\t\t\t\t\theight=\"75\"\n\t\t\t\t\tstyle=\"max-width:100%;\"\n\t\t\t\t\/>\n\t\t\t<\/a>\n\t\t<\/div>\n\t\t\t\t\t\t\t<\/div> \n\t\t\t\n\t\t\t\t<div id=\"ngg-image-14\" class=\"ngg-gallery-thumbnail-box \n\t\t\t\t\t\t\t\t\t\t\t\" \n\t\t\t>\n\t\t\t\t\t\t<div class=\"ngg-gallery-thumbnail\">\n\t\t\t<a href=\"http:\/\/minval.org\/svm\/wp-content\/gallery\/villahermosa-08052010\/15.jpg\"\n\t\t\t\ttitle=\"De izquierda a derecha Honorio, Jos, Juan Carlos, Fernando y Juan Mari\"\n\t\t\t\tdata-src=\"http:\/\/minval.org\/svm\/wp-content\/gallery\/villahermosa-08052010\/15.jpg\"\n\t\t\t\tdata-thumbnail=\"http:\/\/minval.org\/svm\/wp-content\/gallery\/villahermosa-08052010\/thumbs\/thumbs_15.jpg\"\n\t\t\t\tdata-image-id=\"1033\"\n\t\t\t\tdata-title=\"Comida al lado del r\u00edo\"\n\t\t\t\tdata-description=\"De izquierda a derecha Honorio, Jos, Juan Carlos, Fernando y Juan Mari\"\n\t\t\t\tdata-image-slug=\"\"\n\t\t\t\tclass=\"ngg-simplelightbox\" rel=\"f4fa34810529f86bb52928d693883234\">\n\t\t\t\t<img\n\t\t\t\t\ttitle=\"Comida al lado del r\u00edo\"\n\t\t\t\t\talt=\"Comida al lado del r\u00edo\"\n\t\t\t\t\tsrc=\"http:\/\/minval.org\/svm\/wp-content\/gallery\/villahermosa-08052010\/thumbs\/thumbs_15.jpg\"\n\t\t\t\t\twidth=\"100\"\n\t\t\t\t\theight=\"75\"\n\t\t\t\t\tstyle=\"max-width:100%;\"\n\t\t\t\t\/>\n\t\t\t<\/a>\n\t\t<\/div>\n\t\t\t\t\t\t\t<\/div> \n\t\t\t\n\t\t\t\t<div id=\"ngg-image-15\" class=\"ngg-gallery-thumbnail-box \n\t\t\t\t\t\t\t\t\t\t\t\" \n\t\t\t>\n\t\t\t\t\t\t<div class=\"ngg-gallery-thumbnail\">\n\t\t\t<a href=\"http:\/\/minval.org\/svm\/wp-content\/gallery\/villahermosa-08052010\/16.jpg\"\n\t\t\t\ttitle=\"Vista de la mina de La Guerra Antigua\"\n\t\t\t\tdata-src=\"http:\/\/minval.org\/svm\/wp-content\/gallery\/villahermosa-08052010\/16.jpg\"\n\t\t\t\tdata-thumbnail=\"http:\/\/minval.org\/svm\/wp-content\/gallery\/villahermosa-08052010\/thumbs\/thumbs_16.jpg\"\n\t\t\t\tdata-image-id=\"1034\"\n\t\t\t\tdata-title=\"Cortado c\u00e1rstico de la mina de La Guerra Antigua\"\n\t\t\t\tdata-description=\"Vista de la mina de La Guerra Antigua\"\n\t\t\t\tdata-image-slug=\"\"\n\t\t\t\tclass=\"ngg-simplelightbox\" rel=\"f4fa34810529f86bb52928d693883234\">\n\t\t\t\t<img\n\t\t\t\t\ttitle=\"Cortado c\u00e1rstico de la mina de La Guerra Antigua\"\n\t\t\t\t\talt=\"Cortado c\u00e1rstico de la mina de La Guerra Antigua\"\n\t\t\t\t\tsrc=\"http:\/\/minval.org\/svm\/wp-content\/gallery\/villahermosa-08052010\/thumbs\/thumbs_16.jpg\"\n\t\t\t\t\twidth=\"100\"\n\t\t\t\t\theight=\"75\"\n\t\t\t\t\tstyle=\"max-width:100%;\"\n\t\t\t\t\/>\n\t\t\t<\/a>\n\t\t<\/div>\n\t\t\t\t\t\t\t<\/div> \n\t\t\t\n\t\t\t\t<div id=\"ngg-image-16\" class=\"ngg-gallery-thumbnail-box \n\t\t\t\t\t\t\t\t\t\t\t\" \n\t\t\t>\n\t\t\t\t\t\t<div class=\"ngg-gallery-thumbnail\">\n\t\t\t<a href=\"http:\/\/minval.org\/svm\/wp-content\/gallery\/villahermosa-08052010\/17.jpg\"\n\t\t\t\ttitle=\"Fernando picando en una angosta cueva\"\n\t\t\t\tdata-src=\"http:\/\/minval.org\/svm\/wp-content\/gallery\/villahermosa-08052010\/17.jpg\"\n\t\t\t\tdata-thumbnail=\"http:\/\/minval.org\/svm\/wp-content\/gallery\/villahermosa-08052010\/thumbs\/thumbs_17.jpg\"\n\t\t\t\tdata-image-id=\"1035\"\n\t\t\t\tdata-title=\"Fernando picando\"\n\t\t\t\tdata-description=\"Fernando picando en una angosta cueva\"\n\t\t\t\tdata-image-slug=\"\"\n\t\t\t\tclass=\"ngg-simplelightbox\" rel=\"f4fa34810529f86bb52928d693883234\">\n\t\t\t\t<img\n\t\t\t\t\ttitle=\"Fernando picando\"\n\t\t\t\t\talt=\"Fernando picando\"\n\t\t\t\t\tsrc=\"http:\/\/minval.org\/svm\/wp-content\/gallery\/villahermosa-08052010\/thumbs\/thumbs_17.jpg\"\n\t\t\t\t\twidth=\"100\"\n\t\t\t\t\theight=\"75\"\n\t\t\t\t\tstyle=\"max-width:100%;\"\n\t\t\t\t\/>\n\t\t\t<\/a>\n\t\t<\/div>\n\t\t\t\t\t\t\t<\/div> \n\t\t\t\n\t\t\t\t<div id=\"ngg-image-17\" class=\"ngg-gallery-thumbnail-box \n\t\t\t\t\t\t\t\t\t\t\t\" \n\t\t\t>\n\t\t\t\t\t\t<div class=\"ngg-gallery-thumbnail\">\n\t\t\t<a href=\"http:\/\/minval.org\/svm\/wp-content\/gallery\/villahermosa-08052010\/18.jpg\"\n\t\t\t\ttitle=\"Se ve el contorsionismo de Juan Carlos para picar\"\n\t\t\t\tdata-src=\"http:\/\/minval.org\/svm\/wp-content\/gallery\/villahermosa-08052010\/18.jpg\"\n\t\t\t\tdata-thumbnail=\"http:\/\/minval.org\/svm\/wp-content\/gallery\/villahermosa-08052010\/thumbs\/thumbs_18.jpg\"\n\t\t\t\tdata-image-id=\"1036\"\n\t\t\t\tdata-title=\"Juan Carlos picando\"\n\t\t\t\tdata-description=\"Se ve el contorsionismo de Juan Carlos para picar\"\n\t\t\t\tdata-image-slug=\"\"\n\t\t\t\tclass=\"ngg-simplelightbox\" rel=\"f4fa34810529f86bb52928d693883234\">\n\t\t\t\t<img\n\t\t\t\t\ttitle=\"Juan Carlos picando\"\n\t\t\t\t\talt=\"Juan Carlos picando\"\n\t\t\t\t\tsrc=\"http:\/\/minval.org\/svm\/wp-content\/gallery\/villahermosa-08052010\/thumbs\/thumbs_18.jpg\"\n\t\t\t\t\twidth=\"100\"\n\t\t\t\t\theight=\"75\"\n\t\t\t\t\tstyle=\"max-width:100%;\"\n\t\t\t\t\/>\n\t\t\t<\/a>\n\t\t<\/div>\n\t\t\t\t\t\t\t<\/div> \n\t\t\t\n\t\t\t\t<div id=\"ngg-image-18\" class=\"ngg-gallery-thumbnail-box \n\t\t\t\t\t\t\t\t\t\t\t\" \n\t\t\t>\n\t\t\t\t\t\t<div class=\"ngg-gallery-thumbnail\">\n\t\t\t<a href=\"http:\/\/minval.org\/svm\/wp-content\/gallery\/villahermosa-08052010\/19.jpg\"\n\t\t\t\ttitle=\"Despu\u00e9s de un d\u00eda perfecto nos dispusimos a volver\"\n\t\t\t\tdata-src=\"http:\/\/minval.org\/svm\/wp-content\/gallery\/villahermosa-08052010\/19.jpg\"\n\t\t\t\tdata-thumbnail=\"http:\/\/minval.org\/svm\/wp-content\/gallery\/villahermosa-08052010\/thumbs\/thumbs_19.jpg\"\n\t\t\t\tdata-image-id=\"1037\"\n\t\t\t\tdata-title=\"Trabajo realizado\"\n\t\t\t\tdata-description=\"Despu\u00e9s de un d\u00eda perfecto nos dispusimos a volver\"\n\t\t\t\tdata-image-slug=\"\"\n\t\t\t\tclass=\"ngg-simplelightbox\" rel=\"f4fa34810529f86bb52928d693883234\">\n\t\t\t\t<img\n\t\t\t\t\ttitle=\"Trabajo realizado\"\n\t\t\t\t\talt=\"Trabajo realizado\"\n\t\t\t\t\tsrc=\"http:\/\/minval.org\/svm\/wp-content\/gallery\/villahermosa-08052010\/thumbs\/thumbs_19.jpg\"\n\t\t\t\t\twidth=\"100\"\n\t\t\t\t\theight=\"75\"\n\t\t\t\t\tstyle=\"max-width:100%;\"\n\t\t\t\t\/>\n\t\t\t<\/a>\n\t\t<\/div>\n\t\t\t\t\t\t\t<\/div> \n\t\t\t\n\t\n\t<br style=\"clear: both\" \/>\n\n\t\n\t\t<!-- Pagination -->\n\t\t<div class='ngg-clear'><\/div>\t<\/div>\n<!--:--><!--:ca--><\/p>\n<\/p>\n<p><!--:--><!--:en--><\/p>\n<\/p>\n<p><!--:--><\/p>\n","protected":false},"excerpt":{"rendered":"<p>El d\u00eda 8 de mayo de 2010 hicimos una visita a la concesi\u00f3n minera San Rafael que comprende las minas de La Amorosa y de La Guerra Antigua, para acompa\u00f1ar al coleccionista holand\u00e9s Jos Hens que se puso en contacto&#8230;<\/p>\n","protected":false},"author":2,"featured_media":0,"comment_status":"closed","ping_status":"closed","sticky":false,"template":"","format":"standard","meta":{"ngg_post_thumbnail":0,"footnotes":""},"categories":[5],"tags":[],"_links":{"self":[{"href":"http:\/\/minval.org\/svm\/index.php?rest_route=\/wp\/v2\/posts\/2819"}],"collection":[{"href":"http:\/\/minval.org\/svm\/index.php?rest_route=\/wp\/v2\/posts"}],"about":[{"href":"http:\/\/minval.org\/svm\/index.php?rest_route=\/wp\/v2\/types\/post"}],"author":[{"embeddable":true,"href":"http:\/\/minval.org\/svm\/index.php?rest_route=\/wp\/v2\/users\/2"}],"replies":[{"embeddable":true,"href":"http:\/\/minval.org\/svm\/index.php?rest_route=%2Fwp%2Fv2%2Fcomments&post=2819"}],"version-history":[{"count":0,"href":"http:\/\/minval.org\/svm\/index.php?rest_route=\/wp\/v2\/posts\/2819\/revisions"}],"wp:attachment":[{"href":"http:\/\/minval.org\/svm\/index.php?rest_route=%2Fwp%2Fv2%2Fmedia&parent=2819"}],"wp:term":[{"taxonomy":"category","embeddable":true,"href":"http:\/\/minval.org\/svm\/index.php?rest_route=%2Fwp%2Fv2%2Fcategories&post=2819"},{"taxonomy":"post_tag","embeddable":true,"href":"http:\/\/minval.org\/svm\/index.php?rest_route=%2Fwp%2Fv2%2Ftags&post=2819"}],"curies":[{"name":"wp","href":"https:\/\/api.w.org\/{rel}","templated":true}]}}