{"id":2836,"date":"2010-05-22T10:37:38","date_gmt":"2010-05-22T08:37:38","guid":{"rendered":"http:\/\/minval.org\/svm\/?p=2836"},"modified":"2010-05-22T10:37:38","modified_gmt":"2010-05-22T08:37:38","slug":"vii-feria-de-minerales-y-fosiles-sant-vicent-del-raspeig","status":"publish","type":"post","link":"http:\/\/minval.org\/svm\/?p=2836","title":{"rendered":"VII Feria de minerales y f\u00f3siles. Sant Vicent del Raspeig"},"content":{"rendered":"<p><!--:es--><a href=\"http:\/\/minval.org\/svm\/wp-content\/uploads\/2010\/05\/Feria-de-Minerales.jpg\"><img loading=\"lazy\" decoding=\"async\" class=\"alignleft size-full wp-image-2837\" title=\"Feria de Minerales\" src=\"http:\/\/minval.org\/svm\/wp-content\/uploads\/2010\/05\/Feria-de-Minerales.jpg\" alt=\"\" width=\"188\" height=\"267\" srcset=\"http:\/\/minval.org\/svm\/wp-content\/uploads\/2010\/05\/Feria-de-Minerales.jpg 600w, http:\/\/minval.org\/svm\/wp-content\/uploads\/2010\/05\/Feria-de-Minerales-212x300.jpg 212w\" sizes=\"(max-width: 188px) 100vw, 188px\" \/><\/a><\/p>\n<p>Los d\u00edas 3, 4 y 5 de septiembre de 2010 se celebrar\u00e1 en la Sala de  Exposiciones del Centro Social de Sant Vicent del Raspeig, calle  Cervantes, 10, la VII Feria de Minerales y F\u00f3siles. El horarios ser\u00e1 el  viernes 3, de 17 a 21 horas y los otros dos d\u00edas, de 10 a 14 horas y de  17 a 21 horas. Habr\u00e1 una mesa de intercambio el domingo d\u00eda 5, de 10 a  14 horas.<!--:--><!--:ca--><\/p>\n<\/p>\n<p><!--:--><!--:en--><\/p>\n<\/p>\n<p><!--:--><\/p>\n","protected":false},"excerpt":{"rendered":"<p>Los d\u00edas 3, 4 y 5 de septiembre de 2010 se celebrar\u00e1 en la Sala de Exposiciones del Centro Social de Sant Vicent del Raspeig, calle Cervantes, 10, la VII Feria de Minerales y F\u00f3siles. El horarios ser\u00e1 el viernes&#8230;<\/p>\n","protected":false},"author":2,"featured_media":0,"comment_status":"closed","ping_status":"closed","sticky":false,"template":"","format":"standard","meta":{"ngg_post_thumbnail":0,"footnotes":""},"categories":[5],"tags":[],"_links":{"self":[{"href":"http:\/\/minval.org\/svm\/index.php?rest_route=\/wp\/v2\/posts\/2836"}],"collection":[{"href":"http:\/\/minval.org\/svm\/index.php?rest_route=\/wp\/v2\/posts"}],"about":[{"href":"http:\/\/minval.org\/svm\/index.php?rest_route=\/wp\/v2\/types\/post"}],"author":[{"embeddable":true,"href":"http:\/\/minval.org\/svm\/index.php?rest_route=\/wp\/v2\/users\/2"}],"replies":[{"embeddable":true,"href":"http:\/\/minval.org\/svm\/index.php?rest_route=%2Fwp%2Fv2%2Fcomments&post=2836"}],"version-history":[{"count":0,"href":"http:\/\/minval.org\/svm\/index.php?rest_route=\/wp\/v2\/posts\/2836\/revisions"}],"wp:attachment":[{"href":"http:\/\/minval.org\/svm\/index.php?rest_route=%2Fwp%2Fv2%2Fmedia&parent=2836"}],"wp:term":[{"taxonomy":"category","embeddable":true,"href":"http:\/\/minval.org\/svm\/index.php?rest_route=%2Fwp%2Fv2%2Fcategories&post=2836"},{"taxonomy":"post_tag","embeddable":true,"href":"http:\/\/minval.org\/svm\/index.php?rest_route=%2Fwp%2Fv2%2Ftags&post=2836"}],"curies":[{"name":"wp","href":"https:\/\/api.w.org\/{rel}","templated":true}]}}