{"id":2843,"date":"2010-10-31T20:13:31","date_gmt":"2010-10-31T18:13:31","guid":{"rendered":"http:\/\/minval.org\/svm\/?p=2843"},"modified":"2010-10-31T20:13:31","modified_gmt":"2010-10-31T18:13:31","slug":"24-feria-de-minerales-fosiles-y-gemas","status":"publish","type":"post","link":"http:\/\/minval.org\/svm\/?p=2843","title":{"rendered":"MINERVAL&#8217;14"},"content":{"rendered":"<p><!--:es--><a href=\"http:\/\/minval.org\/svm\/wp-content\/uploads\/2010\/10\/Minerval-14.jpg\"><img loading=\"lazy\" decoding=\"async\" title=\"Minerval 14\" class=\"alignleft size-medium wp-image-3105\" src=\"http:\/\/minval.org\/svm\/wp-content\/uploads\/2010\/10\/Minerval-14-300x224.jpg\" alt=\"\" width=\"300\" height=\"224\" srcset=\"http:\/\/minval.org\/svm\/wp-content\/uploads\/2010\/10\/Minerval-14-300x224.jpg 300w, http:\/\/minval.org\/svm\/wp-content\/uploads\/2010\/10\/Minerval-14.jpg 449w\" sizes=\"(max-width: 300px) 100vw, 300px\" \/><\/a><\/p>\n<h3>Los D\u00edas 8 y 9 de noviembre en el Expo Hotel, Avda. Pio XII, 4 (junto a Nuevo Centro) de Valencia, se celebrar\u00e1 la 28 Feria de minerales, f\u00f3siles y gemas, MINERVAL.<\/h3>\n<h3>El horario ser\u00e1 de 10 a 14 horas y de 16:30 a 21 horas.<\/h3>\n<h3>La entrada es gratuita.<\/h3>\n<h3>Su finalidad es la divulgaci\u00f3n de la mineralog\u00eda, la paleontolog\u00eda y la gemolog\u00eda.<\/h3>\n<h3>Ser\u00e1 la ocasi\u00f3n de reunirnos los aficionados y coleccionistas de la Comunidad.<\/h3>\n<p><!--:--><!--:ca--><\/p>\n<\/p>\n<p><!--:--><!--:en--><\/p>\n<\/p>\n<p><!--:--><\/p>\n","protected":false},"excerpt":{"rendered":"<p>Los D\u00edas 8 y 9 de noviembre en el Expo Hotel, Avda. Pio XII, 4 (junto a Nuevo Centro) de Valencia, se celebrar\u00e1 la 28 Feria de minerales, f\u00f3siles y gemas, MINERVAL. El horario ser\u00e1 de 10 a 14 horas&#8230;<\/p>\n","protected":false},"author":2,"featured_media":0,"comment_status":"closed","ping_status":"closed","sticky":false,"template":"","format":"standard","meta":{"ngg_post_thumbnail":0,"footnotes":""},"categories":[5],"tags":[],"_links":{"self":[{"href":"http:\/\/minval.org\/svm\/index.php?rest_route=\/wp\/v2\/posts\/2843"}],"collection":[{"href":"http:\/\/minval.org\/svm\/index.php?rest_route=\/wp\/v2\/posts"}],"about":[{"href":"http:\/\/minval.org\/svm\/index.php?rest_route=\/wp\/v2\/types\/post"}],"author":[{"embeddable":true,"href":"http:\/\/minval.org\/svm\/index.php?rest_route=\/wp\/v2\/users\/2"}],"replies":[{"embeddable":true,"href":"http:\/\/minval.org\/svm\/index.php?rest_route=%2Fwp%2Fv2%2Fcomments&post=2843"}],"version-history":[{"count":0,"href":"http:\/\/minval.org\/svm\/index.php?rest_route=\/wp\/v2\/posts\/2843\/revisions"}],"wp:attachment":[{"href":"http:\/\/minval.org\/svm\/index.php?rest_route=%2Fwp%2Fv2%2Fmedia&parent=2843"}],"wp:term":[{"taxonomy":"category","embeddable":true,"href":"http:\/\/minval.org\/svm\/index.php?rest_route=%2Fwp%2Fv2%2Fcategories&post=2843"},{"taxonomy":"post_tag","embeddable":true,"href":"http:\/\/minval.org\/svm\/index.php?rest_route=%2Fwp%2Fv2%2Ftags&post=2843"}],"curies":[{"name":"wp","href":"https:\/\/api.w.org\/{rel}","templated":true}]}}