{"id":2848,"date":"2010-11-30T21:18:41","date_gmt":"2010-11-30T19:18:41","guid":{"rendered":"http:\/\/minval.org\/svm\/?p=2848"},"modified":"2010-11-30T21:18:41","modified_gmt":"2010-11-30T19:18:41","slug":"cronica-de-la-feria-de-minerales-de-valencia-minerval-2010","status":"publish","type":"post","link":"http:\/\/minval.org\/svm\/?p=2848","title":{"rendered":"Cr\u00f3nica de la Feria de Minerales de Valencia. MINERVAL 2010"},"content":{"rendered":"<p><!--:es--><strong>Feria de Minerales de Valencia. Mi visi\u00f3n particular<\/strong>.<\/p>\n<p><strong>por Adri\u00e1n Pesudo<\/strong><\/p>\n<p style=\"text-align: justify;\"><!-- default-view.php -->\n<div\n\tclass=\"ngg-galleryoverview default-view \n\t\t\"\n\tid=\"ngg-gallery-1081239b44bf00e032c5b9e8869993aa-1\">\n\n\t\t<!-- Thumbnails -->\n\t\t\t\t<div id=\"ngg-image-0\" class=\"ngg-gallery-thumbnail-box \n\t\t\t\t\t\t\t\t\t\t\t\" \n\t\t\t>\n\t\t\t\t\t\t<div class=\"ngg-gallery-thumbnail\">\n\t\t\t<a href=\"http:\/\/minval.org\/svm\/wp-content\/gallery\/minerval-2010\/01-expohotel-lugar-del-evento-situado-en-el-complejo-de-nuevo-centro-en-valencia.jpg\"\n\t\t\t\ttitle=\"Expohotel. Lugar del evento, situado en el complejo de Nuevo Centro en Valencia\"\n\t\t\t\tdata-src=\"http:\/\/minval.org\/svm\/wp-content\/gallery\/minerval-2010\/01-expohotel-lugar-del-evento-situado-en-el-complejo-de-nuevo-centro-en-valencia.jpg\"\n\t\t\t\tdata-thumbnail=\"http:\/\/minval.org\/svm\/wp-content\/gallery\/minerval-2010\/thumbs\/thumbs_01-expohotel-lugar-del-evento-situado-en-el-complejo-de-nuevo-centro-en-valencia.jpg\"\n\t\t\t\tdata-image-id=\"1079\"\n\t\t\t\tdata-title=\"Expohotel\"\n\t\t\t\tdata-description=\"Expohotel. Lugar del evento, situado en el complejo de Nuevo Centro en Valencia\"\n\t\t\t\tdata-image-slug=\"\"\n\t\t\t\tclass=\"ngg-simplelightbox\" rel=\"1081239b44bf00e032c5b9e8869993aa\">\n\t\t\t\t<img\n\t\t\t\t\ttitle=\"Expohotel\"\n\t\t\t\t\talt=\"Expohotel\"\n\t\t\t\t\tsrc=\"http:\/\/minval.org\/svm\/wp-content\/gallery\/minerval-2010\/thumbs\/thumbs_01-expohotel-lugar-del-evento-situado-en-el-complejo-de-nuevo-centro-en-valencia.jpg\"\n\t\t\t\t\twidth=\"100\"\n\t\t\t\t\theight=\"75\"\n\t\t\t\t\tstyle=\"max-width:100%;\"\n\t\t\t\t\/>\n\t\t\t<\/a>\n\t\t<\/div>\n\t\t\t\t\t\t\t<\/div> \n\t\t\t\n\t\t\t\t<div id=\"ngg-image-1\" class=\"ngg-gallery-thumbnail-box \n\t\t\t\t\t\t\t\t\t\t\t\" \n\t\t\t>\n\t\t\t\t\t\t<div class=\"ngg-gallery-thumbnail\">\n\t\t\t<a href=\"http:\/\/minval.org\/svm\/wp-content\/gallery\/minerval-2010\/02-imagen-del-lateral-del-edifico.jpg\"\n\t\t\t\ttitle=\"Imagen del lateral del edificio\"\n\t\t\t\tdata-src=\"http:\/\/minval.org\/svm\/wp-content\/gallery\/minerval-2010\/02-imagen-del-lateral-del-edifico.jpg\"\n\t\t\t\tdata-thumbnail=\"http:\/\/minval.org\/svm\/wp-content\/gallery\/minerval-2010\/thumbs\/thumbs_02-imagen-del-lateral-del-edifico.jpg\"\n\t\t\t\tdata-image-id=\"1080\"\n\t\t\t\tdata-title=\"Expohotel\"\n\t\t\t\tdata-description=\"Imagen del lateral del edificio\"\n\t\t\t\tdata-image-slug=\"\"\n\t\t\t\tclass=\"ngg-simplelightbox\" rel=\"1081239b44bf00e032c5b9e8869993aa\">\n\t\t\t\t<img\n\t\t\t\t\ttitle=\"Expohotel\"\n\t\t\t\t\talt=\"Expohotel\"\n\t\t\t\t\tsrc=\"http:\/\/minval.org\/svm\/wp-content\/gallery\/minerval-2010\/thumbs\/thumbs_02-imagen-del-lateral-del-edifico.jpg\"\n\t\t\t\t\twidth=\"100\"\n\t\t\t\t\theight=\"75\"\n\t\t\t\t\tstyle=\"max-width:100%;\"\n\t\t\t\t\/>\n\t\t\t<\/a>\n\t\t<\/div>\n\t\t\t\t\t\t\t<\/div> \n\t\t\t\n\t\t\t\t<div id=\"ngg-image-2\" class=\"ngg-gallery-thumbnail-box \n\t\t\t\t\t\t\t\t\t\t\t\" \n\t\t\t>\n\t\t\t\t\t\t<div class=\"ngg-gallery-thumbnail\">\n\t\t\t<a href=\"http:\/\/minval.org\/svm\/wp-content\/gallery\/minerval-2010\/03-entrada-al-salon-de-la-feria.jpg\"\n\t\t\t\ttitle=\"Entrada al sal\u00f3n de la feria\"\n\t\t\t\tdata-src=\"http:\/\/minval.org\/svm\/wp-content\/gallery\/minerval-2010\/03-entrada-al-salon-de-la-feria.jpg\"\n\t\t\t\tdata-thumbnail=\"http:\/\/minval.org\/svm\/wp-content\/gallery\/minerval-2010\/thumbs\/thumbs_03-entrada-al-salon-de-la-feria.jpg\"\n\t\t\t\tdata-image-id=\"1081\"\n\t\t\t\tdata-title=\"Entrada\"\n\t\t\t\tdata-description=\"Entrada al sal\u00f3n de la feria\"\n\t\t\t\tdata-image-slug=\"\"\n\t\t\t\tclass=\"ngg-simplelightbox\" rel=\"1081239b44bf00e032c5b9e8869993aa\">\n\t\t\t\t<img\n\t\t\t\t\ttitle=\"Entrada\"\n\t\t\t\t\talt=\"Entrada\"\n\t\t\t\t\tsrc=\"http:\/\/minval.org\/svm\/wp-content\/gallery\/minerval-2010\/thumbs\/thumbs_03-entrada-al-salon-de-la-feria.jpg\"\n\t\t\t\t\twidth=\"100\"\n\t\t\t\t\theight=\"75\"\n\t\t\t\t\tstyle=\"max-width:100%;\"\n\t\t\t\t\/>\n\t\t\t<\/a>\n\t\t<\/div>\n\t\t\t\t\t\t\t<\/div> \n\t\t\t\n\t\t\t\t<div id=\"ngg-image-3\" class=\"ngg-gallery-thumbnail-box \n\t\t\t\t\t\t\t\t\t\t\t\" \n\t\t\t>\n\t\t\t\t\t\t<div class=\"ngg-gallery-thumbnail\">\n\t\t\t<a href=\"http:\/\/minval.org\/svm\/wp-content\/gallery\/minerval-2010\/04-stand-de-julio.jpg\"\n\t\t\t\ttitle=\"Stand de Julio\"\n\t\t\t\tdata-src=\"http:\/\/minval.org\/svm\/wp-content\/gallery\/minerval-2010\/04-stand-de-julio.jpg\"\n\t\t\t\tdata-thumbnail=\"http:\/\/minval.org\/svm\/wp-content\/gallery\/minerval-2010\/thumbs\/thumbs_04-stand-de-julio.jpg\"\n\t\t\t\tdata-image-id=\"1082\"\n\t\t\t\tdata-title=\"Stand de Julio\"\n\t\t\t\tdata-description=\"Stand de Julio\"\n\t\t\t\tdata-image-slug=\"\"\n\t\t\t\tclass=\"ngg-simplelightbox\" rel=\"1081239b44bf00e032c5b9e8869993aa\">\n\t\t\t\t<img\n\t\t\t\t\ttitle=\"Stand de Julio\"\n\t\t\t\t\talt=\"Stand de Julio\"\n\t\t\t\t\tsrc=\"http:\/\/minval.org\/svm\/wp-content\/gallery\/minerval-2010\/thumbs\/thumbs_04-stand-de-julio.jpg\"\n\t\t\t\t\twidth=\"56\"\n\t\t\t\t\theight=\"75\"\n\t\t\t\t\tstyle=\"max-width:100%;\"\n\t\t\t\t\/>\n\t\t\t<\/a>\n\t\t<\/div>\n\t\t\t\t\t\t\t<\/div> \n\t\t\t\n\t\t\t\t<div id=\"ngg-image-4\" class=\"ngg-gallery-thumbnail-box \n\t\t\t\t\t\t\t\t\t\t\t\" \n\t\t\t>\n\t\t\t\t\t\t<div class=\"ngg-gallery-thumbnail\">\n\t\t\t<a href=\"http:\/\/minval.org\/svm\/wp-content\/gallery\/minerval-2010\/05-pina-de-jacintos-chella-tamano-aproximado-de-4x4-cms-actualmente-es-practicamente-imposible-ver-una-buena-pina-en-matriz-de-yeso-arcilla.jpg\"\n\t\t\t\ttitle=\"Pi\u00f1a de jacintos, Chella. Tama\u00f1o aproximado de 4x4 cms. Actualmente es pr\u00e1cticamente imposible ver una buena pi\u00f1a en matriz de yeso-arcilla\"\n\t\t\t\tdata-src=\"http:\/\/minval.org\/svm\/wp-content\/gallery\/minerval-2010\/05-pina-de-jacintos-chella-tamano-aproximado-de-4x4-cms-actualmente-es-practicamente-imposible-ver-una-buena-pina-en-matriz-de-yeso-arcilla.jpg\"\n\t\t\t\tdata-thumbnail=\"http:\/\/minval.org\/svm\/wp-content\/gallery\/minerval-2010\/thumbs\/thumbs_05-pina-de-jacintos-chella-tamano-aproximado-de-4x4-cms-actualmente-es-practicamente-imposible-ver-una-buena-pina-en-matriz-de-yeso-arcilla.jpg\"\n\t\t\t\tdata-image-id=\"1083\"\n\t\t\t\tdata-title=\"Pi\u00f1a de jacintos, Chella\"\n\t\t\t\tdata-description=\"Pi\u00f1a de jacintos, Chella. Tama\u00f1o aproximado de 4x4 cms. Actualmente es pr\u00e1cticamente imposible ver una buena pi\u00f1a en matriz de yeso-arcilla\"\n\t\t\t\tdata-image-slug=\"\"\n\t\t\t\tclass=\"ngg-simplelightbox\" rel=\"1081239b44bf00e032c5b9e8869993aa\">\n\t\t\t\t<img\n\t\t\t\t\ttitle=\"Pi\u00f1a de jacintos, Chella\"\n\t\t\t\t\talt=\"Pi\u00f1a de jacintos, Chella\"\n\t\t\t\t\tsrc=\"http:\/\/minval.org\/svm\/wp-content\/gallery\/minerval-2010\/thumbs\/thumbs_05-pina-de-jacintos-chella-tamano-aproximado-de-4x4-cms-actualmente-es-practicamente-imposible-ver-una-buena-pina-en-matriz-de-yeso-arcilla.jpg\"\n\t\t\t\t\twidth=\"100\"\n\t\t\t\t\theight=\"75\"\n\t\t\t\t\tstyle=\"max-width:100%;\"\n\t\t\t\t\/>\n\t\t\t<\/a>\n\t\t<\/div>\n\t\t\t\t\t\t\t<\/div> \n\t\t\t\n\t\t\t\t<div id=\"ngg-image-5\" class=\"ngg-gallery-thumbnail-box \n\t\t\t\t\t\t\t\t\t\t\t\" \n\t\t\t>\n\t\t\t\t\t\t<div class=\"ngg-gallery-thumbnail\">\n\t\t\t<a href=\"http:\/\/minval.org\/svm\/wp-content\/gallery\/minerval-2010\/05b-jacintos-de-compostela-en-matriz-chella.jpg\"\n\t\t\t\ttitle=\"Jacintos de Compostela en matriz, Chella\"\n\t\t\t\tdata-src=\"http:\/\/minval.org\/svm\/wp-content\/gallery\/minerval-2010\/05b-jacintos-de-compostela-en-matriz-chella.jpg\"\n\t\t\t\tdata-thumbnail=\"http:\/\/minval.org\/svm\/wp-content\/gallery\/minerval-2010\/thumbs\/thumbs_05b-jacintos-de-compostela-en-matriz-chella.jpg\"\n\t\t\t\tdata-image-id=\"1084\"\n\t\t\t\tdata-title=\"Jacintos de Compostela en matriz, Chella\"\n\t\t\t\tdata-description=\"Jacintos de Compostela en matriz, Chella\"\n\t\t\t\tdata-image-slug=\"\"\n\t\t\t\tclass=\"ngg-simplelightbox\" rel=\"1081239b44bf00e032c5b9e8869993aa\">\n\t\t\t\t<img\n\t\t\t\t\ttitle=\"Jacintos de Compostela en matriz, Chella\"\n\t\t\t\t\talt=\"Jacintos de Compostela en matriz, Chella\"\n\t\t\t\t\tsrc=\"http:\/\/minval.org\/svm\/wp-content\/gallery\/minerval-2010\/thumbs\/thumbs_05b-jacintos-de-compostela-en-matriz-chella.jpg\"\n\t\t\t\t\twidth=\"100\"\n\t\t\t\t\theight=\"75\"\n\t\t\t\t\tstyle=\"max-width:100%;\"\n\t\t\t\t\/>\n\t\t\t<\/a>\n\t\t<\/div>\n\t\t\t\t\t\t\t<\/div> \n\t\t\t\n\t\t\t\t<div id=\"ngg-image-6\" class=\"ngg-gallery-thumbnail-box \n\t\t\t\t\t\t\t\t\t\t\t\" \n\t\t\t>\n\t\t\t\t\t\t<div class=\"ngg-gallery-thumbnail\">\n\t\t\t<a href=\"http:\/\/minval.org\/svm\/wp-content\/gallery\/minerval-2010\/06-vista-general-del-stand-de-bareche.jpg\"\n\t\t\t\ttitle=\"Vista general del stand de Bareche\"\n\t\t\t\tdata-src=\"http:\/\/minval.org\/svm\/wp-content\/gallery\/minerval-2010\/06-vista-general-del-stand-de-bareche.jpg\"\n\t\t\t\tdata-thumbnail=\"http:\/\/minval.org\/svm\/wp-content\/gallery\/minerval-2010\/thumbs\/thumbs_06-vista-general-del-stand-de-bareche.jpg\"\n\t\t\t\tdata-image-id=\"1085\"\n\t\t\t\tdata-title=\"Vista general del stand de Bareche\"\n\t\t\t\tdata-description=\"Vista general del stand de Bareche\"\n\t\t\t\tdata-image-slug=\"\"\n\t\t\t\tclass=\"ngg-simplelightbox\" rel=\"1081239b44bf00e032c5b9e8869993aa\">\n\t\t\t\t<img\n\t\t\t\t\ttitle=\"Vista general del stand de Bareche\"\n\t\t\t\t\talt=\"Vista general del stand de Bareche\"\n\t\t\t\t\tsrc=\"http:\/\/minval.org\/svm\/wp-content\/gallery\/minerval-2010\/thumbs\/thumbs_06-vista-general-del-stand-de-bareche.jpg\"\n\t\t\t\t\twidth=\"100\"\n\t\t\t\t\theight=\"75\"\n\t\t\t\t\tstyle=\"max-width:100%;\"\n\t\t\t\t\/>\n\t\t\t<\/a>\n\t\t<\/div>\n\t\t\t\t\t\t\t<\/div> \n\t\t\t\n\t\t\t\t<div id=\"ngg-image-7\" class=\"ngg-gallery-thumbnail-box \n\t\t\t\t\t\t\t\t\t\t\t\" \n\t\t\t>\n\t\t\t\t\t\t<div class=\"ngg-gallery-thumbnail\">\n\t\t\t<a href=\"http:\/\/minval.org\/svm\/wp-content\/gallery\/minerval-2010\/07-una-pargasita.jpg\"\n\t\t\t\ttitle=\"Una pargasita\"\n\t\t\t\tdata-src=\"http:\/\/minval.org\/svm\/wp-content\/gallery\/minerval-2010\/07-una-pargasita.jpg\"\n\t\t\t\tdata-thumbnail=\"http:\/\/minval.org\/svm\/wp-content\/gallery\/minerval-2010\/thumbs\/thumbs_07-una-pargasita.jpg\"\n\t\t\t\tdata-image-id=\"1086\"\n\t\t\t\tdata-title=\"Una pargasita\"\n\t\t\t\tdata-description=\"Una pargasita\"\n\t\t\t\tdata-image-slug=\"\"\n\t\t\t\tclass=\"ngg-simplelightbox\" rel=\"1081239b44bf00e032c5b9e8869993aa\">\n\t\t\t\t<img\n\t\t\t\t\ttitle=\"Una pargasita\"\n\t\t\t\t\talt=\"Una pargasita\"\n\t\t\t\t\tsrc=\"http:\/\/minval.org\/svm\/wp-content\/gallery\/minerval-2010\/thumbs\/thumbs_07-una-pargasita.jpg\"\n\t\t\t\t\twidth=\"100\"\n\t\t\t\t\theight=\"75\"\n\t\t\t\t\tstyle=\"max-width:100%;\"\n\t\t\t\t\/>\n\t\t\t<\/a>\n\t\t<\/div>\n\t\t\t\t\t\t\t<\/div> \n\t\t\t\n\t\t\t\t<div id=\"ngg-image-8\" class=\"ngg-gallery-thumbnail-box \n\t\t\t\t\t\t\t\t\t\t\t\" \n\t\t\t>\n\t\t\t\t\t\t<div class=\"ngg-gallery-thumbnail\">\n\t\t\t<a href=\"http:\/\/minval.org\/svm\/wp-content\/gallery\/minerval-2010\/08-otra-cuando-salio-como-novedad-muchas-de-estas-piezas-se-clasificaron-como-fluor-cannilloita.jpg\"\n\t\t\t\ttitle=\"Otra. cuando sali\u00f3 como novedad , muchas de estas piezas se clasificaron como fluor-cannilloita\"\n\t\t\t\tdata-src=\"http:\/\/minval.org\/svm\/wp-content\/gallery\/minerval-2010\/08-otra-cuando-salio-como-novedad-muchas-de-estas-piezas-se-clasificaron-como-fluor-cannilloita.jpg\"\n\t\t\t\tdata-thumbnail=\"http:\/\/minval.org\/svm\/wp-content\/gallery\/minerval-2010\/thumbs\/thumbs_08-otra-cuando-salio-como-novedad-muchas-de-estas-piezas-se-clasificaron-como-fluor-cannilloita.jpg\"\n\t\t\t\tdata-image-id=\"1087\"\n\t\t\t\tdata-title=\"Pargasita\"\n\t\t\t\tdata-description=\"Otra. cuando sali\u00f3 como novedad , muchas de estas piezas se clasificaron como fluor-cannilloita\"\n\t\t\t\tdata-image-slug=\"\"\n\t\t\t\tclass=\"ngg-simplelightbox\" rel=\"1081239b44bf00e032c5b9e8869993aa\">\n\t\t\t\t<img\n\t\t\t\t\ttitle=\"Pargasita\"\n\t\t\t\t\talt=\"Pargasita\"\n\t\t\t\t\tsrc=\"http:\/\/minval.org\/svm\/wp-content\/gallery\/minerval-2010\/thumbs\/thumbs_08-otra-cuando-salio-como-novedad-muchas-de-estas-piezas-se-clasificaron-como-fluor-cannilloita.jpg\"\n\t\t\t\t\twidth=\"100\"\n\t\t\t\t\theight=\"75\"\n\t\t\t\t\tstyle=\"max-width:100%;\"\n\t\t\t\t\/>\n\t\t\t<\/a>\n\t\t<\/div>\n\t\t\t\t\t\t\t<\/div> \n\t\t\t\n\t\t\t\t<div id=\"ngg-image-9\" class=\"ngg-gallery-thumbnail-box \n\t\t\t\t\t\t\t\t\t\t\t\" \n\t\t\t>\n\t\t\t\t\t\t<div class=\"ngg-gallery-thumbnail\">\n\t\t\t<a href=\"http:\/\/minval.org\/svm\/wp-content\/gallery\/minerval-2010\/08b-espinelas-de-vietnam.jpg\"\n\t\t\t\ttitle=\"Espinelas de Vietnam\"\n\t\t\t\tdata-src=\"http:\/\/minval.org\/svm\/wp-content\/gallery\/minerval-2010\/08b-espinelas-de-vietnam.jpg\"\n\t\t\t\tdata-thumbnail=\"http:\/\/minval.org\/svm\/wp-content\/gallery\/minerval-2010\/thumbs\/thumbs_08b-espinelas-de-vietnam.jpg\"\n\t\t\t\tdata-image-id=\"1088\"\n\t\t\t\tdata-title=\"Espinelas de Vietnam\"\n\t\t\t\tdata-description=\"Espinelas de Vietnam\"\n\t\t\t\tdata-image-slug=\"\"\n\t\t\t\tclass=\"ngg-simplelightbox\" rel=\"1081239b44bf00e032c5b9e8869993aa\">\n\t\t\t\t<img\n\t\t\t\t\ttitle=\"Espinelas de Vietnam\"\n\t\t\t\t\talt=\"Espinelas de Vietnam\"\n\t\t\t\t\tsrc=\"http:\/\/minval.org\/svm\/wp-content\/gallery\/minerval-2010\/thumbs\/thumbs_08b-espinelas-de-vietnam.jpg\"\n\t\t\t\t\twidth=\"100\"\n\t\t\t\t\theight=\"75\"\n\t\t\t\t\tstyle=\"max-width:100%;\"\n\t\t\t\t\/>\n\t\t\t<\/a>\n\t\t<\/div>\n\t\t\t\t\t\t\t<\/div> \n\t\t\t\n\t\t\t\t<div id=\"ngg-image-10\" class=\"ngg-gallery-thumbnail-box \n\t\t\t\t\t\t\t\t\t\t\t\" \n\t\t\t>\n\t\t\t\t\t\t<div class=\"ngg-gallery-thumbnail\">\n\t\t\t<a href=\"http:\/\/minval.org\/svm\/wp-content\/gallery\/minerval-2010\/09-mas-piezas.jpg\"\n\t\t\t\ttitle=\"M\u00e1s piezas\"\n\t\t\t\tdata-src=\"http:\/\/minval.org\/svm\/wp-content\/gallery\/minerval-2010\/09-mas-piezas.jpg\"\n\t\t\t\tdata-thumbnail=\"http:\/\/minval.org\/svm\/wp-content\/gallery\/minerval-2010\/thumbs\/thumbs_09-mas-piezas.jpg\"\n\t\t\t\tdata-image-id=\"1089\"\n\t\t\t\tdata-title=\"M\u00e1s piezas\"\n\t\t\t\tdata-description=\"M\u00e1s piezas\"\n\t\t\t\tdata-image-slug=\"\"\n\t\t\t\tclass=\"ngg-simplelightbox\" rel=\"1081239b44bf00e032c5b9e8869993aa\">\n\t\t\t\t<img\n\t\t\t\t\ttitle=\"M\u00e1s piezas\"\n\t\t\t\t\talt=\"M\u00e1s piezas\"\n\t\t\t\t\tsrc=\"http:\/\/minval.org\/svm\/wp-content\/gallery\/minerval-2010\/thumbs\/thumbs_09-mas-piezas.jpg\"\n\t\t\t\t\twidth=\"100\"\n\t\t\t\t\theight=\"75\"\n\t\t\t\t\tstyle=\"max-width:100%;\"\n\t\t\t\t\/>\n\t\t\t<\/a>\n\t\t<\/div>\n\t\t\t\t\t\t\t<\/div> \n\t\t\t\n\t\t\t\t<div id=\"ngg-image-11\" class=\"ngg-gallery-thumbnail-box \n\t\t\t\t\t\t\t\t\t\t\t\" \n\t\t\t>\n\t\t\t\t\t\t<div class=\"ngg-gallery-thumbnail\">\n\t\t\t<a href=\"http:\/\/minval.org\/svm\/wp-content\/gallery\/minerval-2010\/10-pieza-de-fluorita-americana-de-aproximadamente-12x8-cms.jpg\"\n\t\t\t\ttitle=\"Pieza de fluorita americana de aproximadamente 12x8 cms\"\n\t\t\t\tdata-src=\"http:\/\/minval.org\/svm\/wp-content\/gallery\/minerval-2010\/10-pieza-de-fluorita-americana-de-aproximadamente-12x8-cms.jpg\"\n\t\t\t\tdata-thumbnail=\"http:\/\/minval.org\/svm\/wp-content\/gallery\/minerval-2010\/thumbs\/thumbs_10-pieza-de-fluorita-americana-de-aproximadamente-12x8-cms.jpg\"\n\t\t\t\tdata-image-id=\"1090\"\n\t\t\t\tdata-title=\"Fluorita americana\"\n\t\t\t\tdata-description=\"Pieza de fluorita americana de aproximadamente 12x8 cms\"\n\t\t\t\tdata-image-slug=\"\"\n\t\t\t\tclass=\"ngg-simplelightbox\" rel=\"1081239b44bf00e032c5b9e8869993aa\">\n\t\t\t\t<img\n\t\t\t\t\ttitle=\"Fluorita americana\"\n\t\t\t\t\talt=\"Fluorita americana\"\n\t\t\t\t\tsrc=\"http:\/\/minval.org\/svm\/wp-content\/gallery\/minerval-2010\/thumbs\/thumbs_10-pieza-de-fluorita-americana-de-aproximadamente-12x8-cms.jpg\"\n\t\t\t\t\twidth=\"100\"\n\t\t\t\t\theight=\"75\"\n\t\t\t\t\tstyle=\"max-width:100%;\"\n\t\t\t\t\/>\n\t\t\t<\/a>\n\t\t<\/div>\n\t\t\t\t\t\t\t<\/div> \n\t\t\t\n\t\t\t\t<div id=\"ngg-image-12\" class=\"ngg-gallery-thumbnail-box \n\t\t\t\t\t\t\t\t\t\t\t\" \n\t\t\t>\n\t\t\t\t\t\t<div class=\"ngg-gallery-thumbnail\">\n\t\t\t<a href=\"http:\/\/minval.org\/svm\/wp-content\/gallery\/minerval-2010\/11-heliodoro-vietnamita.jpg\"\n\t\t\t\ttitle=\"Heliodoro vietnamita\"\n\t\t\t\tdata-src=\"http:\/\/minval.org\/svm\/wp-content\/gallery\/minerval-2010\/11-heliodoro-vietnamita.jpg\"\n\t\t\t\tdata-thumbnail=\"http:\/\/minval.org\/svm\/wp-content\/gallery\/minerval-2010\/thumbs\/thumbs_11-heliodoro-vietnamita.jpg\"\n\t\t\t\tdata-image-id=\"1091\"\n\t\t\t\tdata-title=\"Heliodoro vietnamita\"\n\t\t\t\tdata-description=\"Heliodoro vietnamita\"\n\t\t\t\tdata-image-slug=\"\"\n\t\t\t\tclass=\"ngg-simplelightbox\" rel=\"1081239b44bf00e032c5b9e8869993aa\">\n\t\t\t\t<img\n\t\t\t\t\ttitle=\"Heliodoro vietnamita\"\n\t\t\t\t\talt=\"Heliodoro vietnamita\"\n\t\t\t\t\tsrc=\"http:\/\/minval.org\/svm\/wp-content\/gallery\/minerval-2010\/thumbs\/thumbs_11-heliodoro-vietnamita.jpg\"\n\t\t\t\t\twidth=\"56\"\n\t\t\t\t\theight=\"75\"\n\t\t\t\t\tstyle=\"max-width:100%;\"\n\t\t\t\t\/>\n\t\t\t<\/a>\n\t\t<\/div>\n\t\t\t\t\t\t\t<\/div> \n\t\t\t\n\t\t\t\t<div id=\"ngg-image-13\" class=\"ngg-gallery-thumbnail-box \n\t\t\t\t\t\t\t\t\t\t\t\" \n\t\t\t>\n\t\t\t\t\t\t<div class=\"ngg-gallery-thumbnail\">\n\t\t\t<a href=\"http:\/\/minval.org\/svm\/wp-content\/gallery\/minerval-2010\/12-detalle-del-stand-en-el-que-se-observan-mayoria-de-minerales-del-vietnam.jpg\"\n\t\t\t\ttitle=\"Detalle del stand, en el que se observan mayor\u00eda de minerales del Vietnam\"\n\t\t\t\tdata-src=\"http:\/\/minval.org\/svm\/wp-content\/gallery\/minerval-2010\/12-detalle-del-stand-en-el-que-se-observan-mayoria-de-minerales-del-vietnam.jpg\"\n\t\t\t\tdata-thumbnail=\"http:\/\/minval.org\/svm\/wp-content\/gallery\/minerval-2010\/thumbs\/thumbs_12-detalle-del-stand-en-el-que-se-observan-mayoria-de-minerales-del-vietnam.jpg\"\n\t\t\t\tdata-image-id=\"1092\"\n\t\t\t\tdata-title=\"Minerales del Vietnam\"\n\t\t\t\tdata-description=\"Detalle del stand, en el que se observan mayor\u00eda de minerales del Vietnam\"\n\t\t\t\tdata-image-slug=\"\"\n\t\t\t\tclass=\"ngg-simplelightbox\" rel=\"1081239b44bf00e032c5b9e8869993aa\">\n\t\t\t\t<img\n\t\t\t\t\ttitle=\"Minerales del Vietnam\"\n\t\t\t\t\talt=\"Minerales del Vietnam\"\n\t\t\t\t\tsrc=\"http:\/\/minval.org\/svm\/wp-content\/gallery\/minerval-2010\/thumbs\/thumbs_12-detalle-del-stand-en-el-que-se-observan-mayoria-de-minerales-del-vietnam.jpg\"\n\t\t\t\t\twidth=\"100\"\n\t\t\t\t\theight=\"75\"\n\t\t\t\t\tstyle=\"max-width:100%;\"\n\t\t\t\t\/>\n\t\t\t<\/a>\n\t\t<\/div>\n\t\t\t\t\t\t\t<\/div> \n\t\t\t\n\t\t\t\t<div id=\"ngg-image-14\" class=\"ngg-gallery-thumbnail-box \n\t\t\t\t\t\t\t\t\t\t\t\" \n\t\t\t>\n\t\t\t\t\t\t<div class=\"ngg-gallery-thumbnail\">\n\t\t\t<a href=\"http:\/\/minval.org\/svm\/wp-content\/gallery\/minerval-2010\/13-stand-de-antonio-alvarez.jpg\"\n\t\t\t\ttitle=\"Stand de Antonio Alvarez\"\n\t\t\t\tdata-src=\"http:\/\/minval.org\/svm\/wp-content\/gallery\/minerval-2010\/13-stand-de-antonio-alvarez.jpg\"\n\t\t\t\tdata-thumbnail=\"http:\/\/minval.org\/svm\/wp-content\/gallery\/minerval-2010\/thumbs\/thumbs_13-stand-de-antonio-alvarez.jpg\"\n\t\t\t\tdata-image-id=\"1093\"\n\t\t\t\tdata-title=\"Stand de Antonio Alvarez\"\n\t\t\t\tdata-description=\"Stand de Antonio Alvarez\"\n\t\t\t\tdata-image-slug=\"\"\n\t\t\t\tclass=\"ngg-simplelightbox\" rel=\"1081239b44bf00e032c5b9e8869993aa\">\n\t\t\t\t<img\n\t\t\t\t\ttitle=\"Stand de Antonio Alvarez\"\n\t\t\t\t\talt=\"Stand de Antonio Alvarez\"\n\t\t\t\t\tsrc=\"http:\/\/minval.org\/svm\/wp-content\/gallery\/minerval-2010\/thumbs\/thumbs_13-stand-de-antonio-alvarez.jpg\"\n\t\t\t\t\twidth=\"100\"\n\t\t\t\t\theight=\"75\"\n\t\t\t\t\tstyle=\"max-width:100%;\"\n\t\t\t\t\/>\n\t\t\t<\/a>\n\t\t<\/div>\n\t\t\t\t\t\t\t<\/div> \n\t\t\t\n\t\t\t\t<div id=\"ngg-image-15\" class=\"ngg-gallery-thumbnail-box \n\t\t\t\t\t\t\t\t\t\t\t\" \n\t\t\t>\n\t\t\t\t\t\t<div class=\"ngg-gallery-thumbnail\">\n\t\t\t<a href=\"http:\/\/minval.org\/svm\/wp-content\/gallery\/minerval-2010\/14-detalle-de-conocido-material-espanol-en-su-stand.jpg\"\n\t\t\t\ttitle=\"Detalle de conocido material espa\u00f1ol en su stand\"\n\t\t\t\tdata-src=\"http:\/\/minval.org\/svm\/wp-content\/gallery\/minerval-2010\/14-detalle-de-conocido-material-espanol-en-su-stand.jpg\"\n\t\t\t\tdata-thumbnail=\"http:\/\/minval.org\/svm\/wp-content\/gallery\/minerval-2010\/thumbs\/thumbs_14-detalle-de-conocido-material-espanol-en-su-stand.jpg\"\n\t\t\t\tdata-image-id=\"1094\"\n\t\t\t\tdata-title=\"Material espa\u00f1ol\"\n\t\t\t\tdata-description=\"Detalle de conocido material espa\u00f1ol en su stand\"\n\t\t\t\tdata-image-slug=\"\"\n\t\t\t\tclass=\"ngg-simplelightbox\" rel=\"1081239b44bf00e032c5b9e8869993aa\">\n\t\t\t\t<img\n\t\t\t\t\ttitle=\"Material espa\u00f1ol\"\n\t\t\t\t\talt=\"Material espa\u00f1ol\"\n\t\t\t\t\tsrc=\"http:\/\/minval.org\/svm\/wp-content\/gallery\/minerval-2010\/thumbs\/thumbs_14-detalle-de-conocido-material-espanol-en-su-stand.jpg\"\n\t\t\t\t\twidth=\"100\"\n\t\t\t\t\theight=\"75\"\n\t\t\t\t\tstyle=\"max-width:100%;\"\n\t\t\t\t\/>\n\t\t\t<\/a>\n\t\t<\/div>\n\t\t\t\t\t\t\t<\/div> \n\t\t\t\n\t\t\t\t<div id=\"ngg-image-16\" class=\"ngg-gallery-thumbnail-box \n\t\t\t\t\t\t\t\t\t\t\t\" \n\t\t\t>\n\t\t\t\t\t\t<div class=\"ngg-gallery-thumbnail\">\n\t\t\t<a href=\"http:\/\/minval.org\/svm\/wp-content\/gallery\/minerval-2010\/15-zona-minera-con-casimiro-detras-acompanado-de-marcos.jpg\"\n\t\t\t\ttitle=\"Zona Minera con Casimiro detr\u00e1s, acompa\u00f1ado de Marcos\"\n\t\t\t\tdata-src=\"http:\/\/minval.org\/svm\/wp-content\/gallery\/minerval-2010\/15-zona-minera-con-casimiro-detras-acompanado-de-marcos.jpg\"\n\t\t\t\tdata-thumbnail=\"http:\/\/minval.org\/svm\/wp-content\/gallery\/minerval-2010\/thumbs\/thumbs_15-zona-minera-con-casimiro-detras-acompanado-de-marcos.jpg\"\n\t\t\t\tdata-image-id=\"1095\"\n\t\t\t\tdata-title=\"Zona Minera\"\n\t\t\t\tdata-description=\"Zona Minera con Casimiro detr\u00e1s, acompa\u00f1ado de Marcos\"\n\t\t\t\tdata-image-slug=\"\"\n\t\t\t\tclass=\"ngg-simplelightbox\" rel=\"1081239b44bf00e032c5b9e8869993aa\">\n\t\t\t\t<img\n\t\t\t\t\ttitle=\"Zona Minera\"\n\t\t\t\t\talt=\"Zona Minera\"\n\t\t\t\t\tsrc=\"http:\/\/minval.org\/svm\/wp-content\/gallery\/minerval-2010\/thumbs\/thumbs_15-zona-minera-con-casimiro-detras-acompanado-de-marcos.jpg\"\n\t\t\t\t\twidth=\"100\"\n\t\t\t\t\theight=\"75\"\n\t\t\t\t\tstyle=\"max-width:100%;\"\n\t\t\t\t\/>\n\t\t\t<\/a>\n\t\t<\/div>\n\t\t\t\t\t\t\t<\/div> \n\t\t\t\n\t\t\t\t<div id=\"ngg-image-17\" class=\"ngg-gallery-thumbnail-box \n\t\t\t\t\t\t\t\t\t\t\t\" \n\t\t\t>\n\t\t\t\t\t\t<div class=\"ngg-gallery-thumbnail\">\n\t\t\t<a href=\"http:\/\/minval.org\/svm\/wp-content\/gallery\/minerval-2010\/16-buena-pieza-de-azufre-siciliano-de-zona-minera.jpg\"\n\t\t\t\ttitle=\"Buena pieza de azufre siciliano de Zona Minera\"\n\t\t\t\tdata-src=\"http:\/\/minval.org\/svm\/wp-content\/gallery\/minerval-2010\/16-buena-pieza-de-azufre-siciliano-de-zona-minera.jpg\"\n\t\t\t\tdata-thumbnail=\"http:\/\/minval.org\/svm\/wp-content\/gallery\/minerval-2010\/thumbs\/thumbs_16-buena-pieza-de-azufre-siciliano-de-zona-minera.jpg\"\n\t\t\t\tdata-image-id=\"1096\"\n\t\t\t\tdata-title=\"Azufre siciliano\"\n\t\t\t\tdata-description=\"Buena pieza de azufre siciliano de Zona Minera\"\n\t\t\t\tdata-image-slug=\"\"\n\t\t\t\tclass=\"ngg-simplelightbox\" rel=\"1081239b44bf00e032c5b9e8869993aa\">\n\t\t\t\t<img\n\t\t\t\t\ttitle=\"Azufre siciliano\"\n\t\t\t\t\talt=\"Azufre siciliano\"\n\t\t\t\t\tsrc=\"http:\/\/minval.org\/svm\/wp-content\/gallery\/minerval-2010\/thumbs\/thumbs_16-buena-pieza-de-azufre-siciliano-de-zona-minera.jpg\"\n\t\t\t\t\twidth=\"100\"\n\t\t\t\t\theight=\"75\"\n\t\t\t\t\tstyle=\"max-width:100%;\"\n\t\t\t\t\/>\n\t\t\t<\/a>\n\t\t<\/div>\n\t\t\t\t\t\t\t<\/div> \n\t\t\t\n\t\t\t\t<div id=\"ngg-image-18\" class=\"ngg-gallery-thumbnail-box \n\t\t\t\t\t\t\t\t\t\t\t\" \n\t\t\t>\n\t\t\t\t\t\t<div class=\"ngg-gallery-thumbnail\">\n\t\t\t<a href=\"http:\/\/minval.org\/svm\/wp-content\/gallery\/minerval-2010\/17-muy-buenos-azufres-sicilianos-a-precios-muy-correctos.jpg\"\n\t\t\t\ttitle=\"Muy buenos azufres sicilianos a precios muy correctos\"\n\t\t\t\tdata-src=\"http:\/\/minval.org\/svm\/wp-content\/gallery\/minerval-2010\/17-muy-buenos-azufres-sicilianos-a-precios-muy-correctos.jpg\"\n\t\t\t\tdata-thumbnail=\"http:\/\/minval.org\/svm\/wp-content\/gallery\/minerval-2010\/thumbs\/thumbs_17-muy-buenos-azufres-sicilianos-a-precios-muy-correctos.jpg\"\n\t\t\t\tdata-image-id=\"1097\"\n\t\t\t\tdata-title=\"Azufre siciliano\"\n\t\t\t\tdata-description=\"Muy buenos azufres sicilianos a precios muy correctos\"\n\t\t\t\tdata-image-slug=\"\"\n\t\t\t\tclass=\"ngg-simplelightbox\" rel=\"1081239b44bf00e032c5b9e8869993aa\">\n\t\t\t\t<img\n\t\t\t\t\ttitle=\"Azufre siciliano\"\n\t\t\t\t\talt=\"Azufre siciliano\"\n\t\t\t\t\tsrc=\"http:\/\/minval.org\/svm\/wp-content\/gallery\/minerval-2010\/thumbs\/thumbs_17-muy-buenos-azufres-sicilianos-a-precios-muy-correctos.jpg\"\n\t\t\t\t\twidth=\"99\"\n\t\t\t\t\theight=\"75\"\n\t\t\t\t\tstyle=\"max-width:100%;\"\n\t\t\t\t\/>\n\t\t\t<\/a>\n\t\t<\/div>\n\t\t\t\t\t\t\t<\/div> \n\t\t\t\n\t\t\t\t<div id=\"ngg-image-19\" class=\"ngg-gallery-thumbnail-box \n\t\t\t\t\t\t\t\t\t\t\t\" \n\t\t\t>\n\t\t\t\t\t\t<div class=\"ngg-gallery-thumbnail\">\n\t\t\t<a href=\"http:\/\/minval.org\/svm\/wp-content\/gallery\/minerval-2010\/19-manuel-de-torres-sieempre-acompanado-de-su-esposa-a-pie-de-canon-en-uno-de-los-pocos-stands-puros-con-sus-minerales-de-vitrina-y-sistematica.jpg\"\n\t\t\t\ttitle=\"Manuel de Torres, sieempre acompa\u00f1ado de su esposa, a pi\u00e9 de ca\u00f1on en uno de los pocos stands puros, con sus minerales de vitrina y sistem\u00e1tica\"\n\t\t\t\tdata-src=\"http:\/\/minval.org\/svm\/wp-content\/gallery\/minerval-2010\/19-manuel-de-torres-sieempre-acompanado-de-su-esposa-a-pie-de-canon-en-uno-de-los-pocos-stands-puros-con-sus-minerales-de-vitrina-y-sistematica.jpg\"\n\t\t\t\tdata-thumbnail=\"http:\/\/minval.org\/svm\/wp-content\/gallery\/minerval-2010\/thumbs\/thumbs_19-manuel-de-torres-sieempre-acompanado-de-su-esposa-a-pie-de-canon-en-uno-de-los-pocos-stands-puros-con-sus-minerales-de-vitrina-y-sistematica.jpg\"\n\t\t\t\tdata-image-id=\"1099\"\n\t\t\t\tdata-title=\"Manuel de Torres\"\n\t\t\t\tdata-description=\"Manuel de Torres, sieempre acompa\u00f1ado de su esposa, a pi\u00e9 de ca\u00f1on en uno de los pocos stands puros, con sus minerales de vitrina y sistem\u00e1tica\"\n\t\t\t\tdata-image-slug=\"\"\n\t\t\t\tclass=\"ngg-simplelightbox\" rel=\"1081239b44bf00e032c5b9e8869993aa\">\n\t\t\t\t<img\n\t\t\t\t\ttitle=\"Manuel de Torres\"\n\t\t\t\t\talt=\"Manuel de Torres\"\n\t\t\t\t\tsrc=\"http:\/\/minval.org\/svm\/wp-content\/gallery\/minerval-2010\/thumbs\/thumbs_19-manuel-de-torres-sieempre-acompanado-de-su-esposa-a-pie-de-canon-en-uno-de-los-pocos-stands-puros-con-sus-minerales-de-vitrina-y-sistematica.jpg\"\n\t\t\t\t\twidth=\"100\"\n\t\t\t\t\theight=\"75\"\n\t\t\t\t\tstyle=\"max-width:100%;\"\n\t\t\t\t\/>\n\t\t\t<\/a>\n\t\t<\/div>\n\t\t\t\t\t\t\t<\/div> \n\t\t\t\n\t\t\t\t<div id=\"ngg-image-20\" class=\"ngg-gallery-thumbnail-box \n\t\t\t\t\t\t\t\t\t\t\t\" \n\t\t\t>\n\t\t\t\t\t\t<div class=\"ngg-gallery-thumbnail\">\n\t\t\t<a href=\"http:\/\/minval.org\/svm\/wp-content\/gallery\/minerval-2010\/19-stand-de-baikal.jpg\"\n\t\t\t\ttitle=\"Stand de Baikal\"\n\t\t\t\tdata-src=\"http:\/\/minval.org\/svm\/wp-content\/gallery\/minerval-2010\/19-stand-de-baikal.jpg\"\n\t\t\t\tdata-thumbnail=\"http:\/\/minval.org\/svm\/wp-content\/gallery\/minerval-2010\/thumbs\/thumbs_19-stand-de-baikal.jpg\"\n\t\t\t\tdata-image-id=\"1100\"\n\t\t\t\tdata-title=\"Stand de Baikal\"\n\t\t\t\tdata-description=\"Stand de Baikal\"\n\t\t\t\tdata-image-slug=\"\"\n\t\t\t\tclass=\"ngg-simplelightbox\" rel=\"1081239b44bf00e032c5b9e8869993aa\">\n\t\t\t\t<img\n\t\t\t\t\ttitle=\"Stand de Baikal\"\n\t\t\t\t\talt=\"Stand de Baikal\"\n\t\t\t\t\tsrc=\"http:\/\/minval.org\/svm\/wp-content\/gallery\/minerval-2010\/thumbs\/thumbs_19-stand-de-baikal.jpg\"\n\t\t\t\t\twidth=\"56\"\n\t\t\t\t\theight=\"75\"\n\t\t\t\t\tstyle=\"max-width:100%;\"\n\t\t\t\t\/>\n\t\t\t<\/a>\n\t\t<\/div>\n\t\t\t\t\t\t\t<\/div> \n\t\t\t\n\t\t\t\t<div id=\"ngg-image-21\" class=\"ngg-gallery-thumbnail-box \n\t\t\t\t\t\t\t\t\t\t\t\" \n\t\t\t>\n\t\t\t\t\t\t<div class=\"ngg-gallery-thumbnail\">\n\t\t\t<a href=\"http:\/\/minval.org\/svm\/wp-content\/gallery\/minerval-2010\/20-inesita-de-baikal.jpg\"\n\t\t\t\ttitle=\"Inesita de Baikal\"\n\t\t\t\tdata-src=\"http:\/\/minval.org\/svm\/wp-content\/gallery\/minerval-2010\/20-inesita-de-baikal.jpg\"\n\t\t\t\tdata-thumbnail=\"http:\/\/minval.org\/svm\/wp-content\/gallery\/minerval-2010\/thumbs\/thumbs_20-inesita-de-baikal.jpg\"\n\t\t\t\tdata-image-id=\"1101\"\n\t\t\t\tdata-title=\"Inesita\"\n\t\t\t\tdata-description=\"Inesita de Baikal\"\n\t\t\t\tdata-image-slug=\"\"\n\t\t\t\tclass=\"ngg-simplelightbox\" rel=\"1081239b44bf00e032c5b9e8869993aa\">\n\t\t\t\t<img\n\t\t\t\t\ttitle=\"Inesita\"\n\t\t\t\t\talt=\"Inesita\"\n\t\t\t\t\tsrc=\"http:\/\/minval.org\/svm\/wp-content\/gallery\/minerval-2010\/thumbs\/thumbs_20-inesita-de-baikal.jpg\"\n\t\t\t\t\twidth=\"99\"\n\t\t\t\t\theight=\"75\"\n\t\t\t\t\tstyle=\"max-width:100%;\"\n\t\t\t\t\/>\n\t\t\t<\/a>\n\t\t<\/div>\n\t\t\t\t\t\t\t<\/div> \n\t\t\t\n\t\t\t\t<div id=\"ngg-image-22\" class=\"ngg-gallery-thumbnail-box \n\t\t\t\t\t\t\t\t\t\t\t\" \n\t\t\t>\n\t\t\t\t\t\t<div class=\"ngg-gallery-thumbnail\">\n\t\t\t<a href=\"http:\/\/minval.org\/svm\/wp-content\/gallery\/minerval-2010\/21-scheelita-de-baikal.jpg\"\n\t\t\t\ttitle=\"Scheelita de Baikal\"\n\t\t\t\tdata-src=\"http:\/\/minval.org\/svm\/wp-content\/gallery\/minerval-2010\/21-scheelita-de-baikal.jpg\"\n\t\t\t\tdata-thumbnail=\"http:\/\/minval.org\/svm\/wp-content\/gallery\/minerval-2010\/thumbs\/thumbs_21-scheelita-de-baikal.jpg\"\n\t\t\t\tdata-image-id=\"1102\"\n\t\t\t\tdata-title=\"Scheelita\"\n\t\t\t\tdata-description=\"Scheelita de Baikal\"\n\t\t\t\tdata-image-slug=\"\"\n\t\t\t\tclass=\"ngg-simplelightbox\" rel=\"1081239b44bf00e032c5b9e8869993aa\">\n\t\t\t\t<img\n\t\t\t\t\ttitle=\"Scheelita\"\n\t\t\t\t\talt=\"Scheelita\"\n\t\t\t\t\tsrc=\"http:\/\/minval.org\/svm\/wp-content\/gallery\/minerval-2010\/thumbs\/thumbs_21-scheelita-de-baikal.jpg\"\n\t\t\t\t\twidth=\"99\"\n\t\t\t\t\theight=\"75\"\n\t\t\t\t\tstyle=\"max-width:100%;\"\n\t\t\t\t\/>\n\t\t\t<\/a>\n\t\t<\/div>\n\t\t\t\t\t\t\t<\/div> \n\t\t\t\n\t\t\t\t<div id=\"ngg-image-23\" class=\"ngg-gallery-thumbnail-box \n\t\t\t\t\t\t\t\t\t\t\t\" \n\t\t\t>\n\t\t\t\t\t\t<div class=\"ngg-gallery-thumbnail\">\n\t\t\t<a href=\"http:\/\/minval.org\/svm\/wp-content\/gallery\/minerval-2010\/22-calcopirita-muy-irisada-de-trapiche.jpg\"\n\t\t\t\ttitle=\"Calcopirita muy irisada de Trapiche\"\n\t\t\t\tdata-src=\"http:\/\/minval.org\/svm\/wp-content\/gallery\/minerval-2010\/22-calcopirita-muy-irisada-de-trapiche.jpg\"\n\t\t\t\tdata-thumbnail=\"http:\/\/minval.org\/svm\/wp-content\/gallery\/minerval-2010\/thumbs\/thumbs_22-calcopirita-muy-irisada-de-trapiche.jpg\"\n\t\t\t\tdata-image-id=\"1103\"\n\t\t\t\tdata-title=\"Calcopirita \"\n\t\t\t\tdata-description=\"Calcopirita muy irisada de Trapiche\"\n\t\t\t\tdata-image-slug=\"\"\n\t\t\t\tclass=\"ngg-simplelightbox\" rel=\"1081239b44bf00e032c5b9e8869993aa\">\n\t\t\t\t<img\n\t\t\t\t\ttitle=\"Calcopirita \"\n\t\t\t\t\talt=\"Calcopirita \"\n\t\t\t\t\tsrc=\"http:\/\/minval.org\/svm\/wp-content\/gallery\/minerval-2010\/thumbs\/thumbs_22-calcopirita-muy-irisada-de-trapiche.jpg\"\n\t\t\t\t\twidth=\"99\"\n\t\t\t\t\theight=\"75\"\n\t\t\t\t\tstyle=\"max-width:100%;\"\n\t\t\t\t\/>\n\t\t\t<\/a>\n\t\t<\/div>\n\t\t\t\t\t\t\t<\/div> \n\t\t\t\n\t\n\t<br style=\"clear: both\" \/>\n\n\t\n\t\t<!-- Pagination -->\n\t\t<div class='ngg-navigation'><span class='current'>1<\/span>\n<a class='page-numbers' data-pageid='2' href='http:\/\/minval.org\/svm\/index.php\/nggallery\/page\/2?p=2848'>2<\/a>\n<a class='prev' href='http:\/\/minval.org\/svm\/index.php\/nggallery\/page\/2?p=2848' data-pageid=2>&#9658;<\/a><\/div>\t<\/div>\n<\/p>\n<p><!--:--><!--:ca--><\/p>\n<\/p>\n<p><!--:--><!--:en--><\/p>\n<\/p>\n<p><!--:--><\/p>\n","protected":false},"excerpt":{"rendered":"<p>Feria de Minerales de Valencia. Mi visi\u00f3n particular. por Adri\u00e1n Pesudo<\/p>\n","protected":false},"author":2,"featured_media":0,"comment_status":"closed","ping_status":"closed","sticky":false,"template":"","format":"standard","meta":{"ngg_post_thumbnail":0,"footnotes":""},"categories":[5],"tags":[],"_links":{"self":[{"href":"http:\/\/minval.org\/svm\/index.php?rest_route=\/wp\/v2\/posts\/2848"}],"collection":[{"href":"http:\/\/minval.org\/svm\/index.php?rest_route=\/wp\/v2\/posts"}],"about":[{"href":"http:\/\/minval.org\/svm\/index.php?rest_route=\/wp\/v2\/types\/post"}],"author":[{"embeddable":true,"href":"http:\/\/minval.org\/svm\/index.php?rest_route=\/wp\/v2\/users\/2"}],"replies":[{"embeddable":true,"href":"http:\/\/minval.org\/svm\/index.php?rest_route=%2Fwp%2Fv2%2Fcomments&post=2848"}],"version-history":[{"count":0,"href":"http:\/\/minval.org\/svm\/index.php?rest_route=\/wp\/v2\/posts\/2848\/revisions"}],"wp:attachment":[{"href":"http:\/\/minval.org\/svm\/index.php?rest_route=%2Fwp%2Fv2%2Fmedia&parent=2848"}],"wp:term":[{"taxonomy":"category","embeddable":true,"href":"http:\/\/minval.org\/svm\/index.php?rest_route=%2Fwp%2Fv2%2Fcategories&post=2848"},{"taxonomy":"post_tag","embeddable":true,"href":"http:\/\/minval.org\/svm\/index.php?rest_route=%2Fwp%2Fv2%2Ftags&post=2848"}],"curies":[{"name":"wp","href":"https:\/\/api.w.org\/{rel}","templated":true}]}}