{"id":2858,"date":"2010-12-07T21:14:02","date_gmt":"2010-12-07T19:14:02","guid":{"rendered":"http:\/\/minval.org\/svm\/?p=2858"},"modified":"2010-12-07T21:14:02","modified_gmt":"2010-12-07T19:14:02","slug":"expedicion-a-la-mina-la-amorosa-19112010","status":"publish","type":"post","link":"http:\/\/minval.org\/svm\/?p=2858","title":{"rendered":"Expedici\u00f3n a la mina La Amorosa 19\/11\/2010. Juan Carlos Tar\u00edn y Adri\u00e1n Pesudo"},"content":{"rendered":"<p><!--:es-->El d\u00eda 19 de noviembre de 2010 realizamos una expedici\u00f3n a la mina La Amorosa de Villahermosa del R\u00edo, Georges Favreau, presidente de la AFM, Roberto Pecorini, miembro de la AFM, Adri\u00e1n Pesudo y Juan Carlos Tar\u00edn de la SVM.<\/p>\n<p>Georges Favreau es muy conocido en el mundo de la micromineralog\u00eda, coautor del estudio realizado en las minas de Cerro Minado de Hu\u00e9rcal-Overa (Almer\u00eda) y otras publicaciones. En la visita Georges descubri\u00f3 una magn\u00edfica geoda de la que se obtuvieron numerosos y excepcionales ejemplares<\/p>\n<p><!-- default-view.php -->\n<div\n\tclass=\"ngg-galleryoverview default-view \n\t\t\"\n\tid=\"ngg-gallery-10c2d06f8c2b4bfec8a2e02a772cee58-1\">\n\n\t\t<!-- Thumbnails -->\n\t\t\t\t<div id=\"ngg-image-0\" class=\"ngg-gallery-thumbnail-box \n\t\t\t\t\t\t\t\t\t\t\t\" \n\t\t\t>\n\t\t\t\t\t\t<div class=\"ngg-gallery-thumbnail\">\n\t\t\t<a href=\"http:\/\/minval.org\/svm\/wp-content\/gallery\/la-amorosa\/la-amorosa-mine-xi-2010-00.jpg\"\n\t\t\t\ttitle=\"Georges Favreau y Adri\u00e1n Pesudo\"\n\t\t\t\tdata-src=\"http:\/\/minval.org\/svm\/wp-content\/gallery\/la-amorosa\/la-amorosa-mine-xi-2010-00.jpg\"\n\t\t\t\tdata-thumbnail=\"http:\/\/minval.org\/svm\/wp-content\/gallery\/la-amorosa\/thumbs\/thumbs_la-amorosa-mine-xi-2010-00.jpg\"\n\t\t\t\tdata-image-id=\"1129\"\n\t\t\t\tdata-title=\"Llegada a la mina\"\n\t\t\t\tdata-description=\"Georges Favreau y Adri\u00e1n Pesudo\"\n\t\t\t\tdata-image-slug=\"\"\n\t\t\t\tclass=\"ngg-simplelightbox\" rel=\"10c2d06f8c2b4bfec8a2e02a772cee58\">\n\t\t\t\t<img\n\t\t\t\t\ttitle=\"Llegada a la mina\"\n\t\t\t\t\talt=\"Llegada a la mina\"\n\t\t\t\t\tsrc=\"http:\/\/minval.org\/svm\/wp-content\/gallery\/la-amorosa\/thumbs\/thumbs_la-amorosa-mine-xi-2010-00.jpg\"\n\t\t\t\t\twidth=\"100\"\n\t\t\t\t\theight=\"75\"\n\t\t\t\t\tstyle=\"max-width:100%;\"\n\t\t\t\t\/>\n\t\t\t<\/a>\n\t\t<\/div>\n\t\t\t\t\t\t\t<\/div> \n\t\t\t\n\t\t\t\t<div id=\"ngg-image-1\" class=\"ngg-gallery-thumbnail-box \n\t\t\t\t\t\t\t\t\t\t\t\" \n\t\t\t>\n\t\t\t\t\t\t<div class=\"ngg-gallery-thumbnail\">\n\t\t\t<a href=\"http:\/\/minval.org\/svm\/wp-content\/gallery\/la-amorosa\/la-amorosa-mine-xi-2010-01.jpg\"\n\t\t\t\ttitle=\"Roberto Pecorini\"\n\t\t\t\tdata-src=\"http:\/\/minval.org\/svm\/wp-content\/gallery\/la-amorosa\/la-amorosa-mine-xi-2010-01.jpg\"\n\t\t\t\tdata-thumbnail=\"http:\/\/minval.org\/svm\/wp-content\/gallery\/la-amorosa\/thumbs\/thumbs_la-amorosa-mine-xi-2010-01.jpg\"\n\t\t\t\tdata-image-id=\"1130\"\n\t\t\t\tdata-title=\"Roberto Pecorini\"\n\t\t\t\tdata-description=\"Roberto Pecorini\"\n\t\t\t\tdata-image-slug=\"\"\n\t\t\t\tclass=\"ngg-simplelightbox\" rel=\"10c2d06f8c2b4bfec8a2e02a772cee58\">\n\t\t\t\t<img\n\t\t\t\t\ttitle=\"Roberto Pecorini\"\n\t\t\t\t\talt=\"Roberto Pecorini\"\n\t\t\t\t\tsrc=\"http:\/\/minval.org\/svm\/wp-content\/gallery\/la-amorosa\/thumbs\/thumbs_la-amorosa-mine-xi-2010-01.jpg\"\n\t\t\t\t\twidth=\"100\"\n\t\t\t\t\theight=\"75\"\n\t\t\t\t\tstyle=\"max-width:100%;\"\n\t\t\t\t\/>\n\t\t\t<\/a>\n\t\t<\/div>\n\t\t\t\t\t\t\t<\/div> \n\t\t\t\n\t\t\t\t<div id=\"ngg-image-2\" class=\"ngg-gallery-thumbnail-box \n\t\t\t\t\t\t\t\t\t\t\t\" \n\t\t\t>\n\t\t\t\t\t\t<div class=\"ngg-gallery-thumbnail\">\n\t\t\t<a href=\"http:\/\/minval.org\/svm\/wp-content\/gallery\/la-amorosa\/la-amorosa-mine-xi-2010-02.jpg\"\n\t\t\t\ttitle=\"Geoda abierta por Georges Favreau\"\n\t\t\t\tdata-src=\"http:\/\/minval.org\/svm\/wp-content\/gallery\/la-amorosa\/la-amorosa-mine-xi-2010-02.jpg\"\n\t\t\t\tdata-thumbnail=\"http:\/\/minval.org\/svm\/wp-content\/gallery\/la-amorosa\/thumbs\/thumbs_la-amorosa-mine-xi-2010-02.jpg\"\n\t\t\t\tdata-image-id=\"1131\"\n\t\t\t\tdata-title=\"Geoda abierta por Georges Favreau\"\n\t\t\t\tdata-description=\"Geoda abierta por Georges Favreau\"\n\t\t\t\tdata-image-slug=\"\"\n\t\t\t\tclass=\"ngg-simplelightbox\" rel=\"10c2d06f8c2b4bfec8a2e02a772cee58\">\n\t\t\t\t<img\n\t\t\t\t\ttitle=\"Geoda abierta por Georges Favreau\"\n\t\t\t\t\talt=\"Geoda abierta por Georges Favreau\"\n\t\t\t\t\tsrc=\"http:\/\/minval.org\/svm\/wp-content\/gallery\/la-amorosa\/thumbs\/thumbs_la-amorosa-mine-xi-2010-02.jpg\"\n\t\t\t\t\twidth=\"100\"\n\t\t\t\t\theight=\"75\"\n\t\t\t\t\tstyle=\"max-width:100%;\"\n\t\t\t\t\/>\n\t\t\t<\/a>\n\t\t<\/div>\n\t\t\t\t\t\t\t<\/div> \n\t\t\t\n\t\t\t\t<div id=\"ngg-image-3\" class=\"ngg-gallery-thumbnail-box \n\t\t\t\t\t\t\t\t\t\t\t\" \n\t\t\t>\n\t\t\t\t\t\t<div class=\"ngg-gallery-thumbnail\">\n\t\t\t<a href=\"http:\/\/minval.org\/svm\/wp-content\/gallery\/la-amorosa\/la-amorosa-mine-xi-2010-03.jpg\"\n\t\t\t\ttitle=\"Comparativa de la geoda con un euro\"\n\t\t\t\tdata-src=\"http:\/\/minval.org\/svm\/wp-content\/gallery\/la-amorosa\/la-amorosa-mine-xi-2010-03.jpg\"\n\t\t\t\tdata-thumbnail=\"http:\/\/minval.org\/svm\/wp-content\/gallery\/la-amorosa\/thumbs\/thumbs_la-amorosa-mine-xi-2010-03.jpg\"\n\t\t\t\tdata-image-id=\"1132\"\n\t\t\t\tdata-title=\"Tama\u00f1o de la geoda\"\n\t\t\t\tdata-description=\"Comparativa de la geoda con un euro\"\n\t\t\t\tdata-image-slug=\"\"\n\t\t\t\tclass=\"ngg-simplelightbox\" rel=\"10c2d06f8c2b4bfec8a2e02a772cee58\">\n\t\t\t\t<img\n\t\t\t\t\ttitle=\"Tama\u00f1o de la geoda\"\n\t\t\t\t\talt=\"Tama\u00f1o de la geoda\"\n\t\t\t\t\tsrc=\"http:\/\/minval.org\/svm\/wp-content\/gallery\/la-amorosa\/thumbs\/thumbs_la-amorosa-mine-xi-2010-03.jpg\"\n\t\t\t\t\twidth=\"100\"\n\t\t\t\t\theight=\"75\"\n\t\t\t\t\tstyle=\"max-width:100%;\"\n\t\t\t\t\/>\n\t\t\t<\/a>\n\t\t<\/div>\n\t\t\t\t\t\t\t<\/div> \n\t\t\t\n\t\t\t\t<div id=\"ngg-image-4\" class=\"ngg-gallery-thumbnail-box \n\t\t\t\t\t\t\t\t\t\t\t\" \n\t\t\t>\n\t\t\t\t\t\t<div class=\"ngg-gallery-thumbnail\">\n\t\t\t<a href=\"http:\/\/minval.org\/svm\/wp-content\/gallery\/la-amorosa\/la-amorosa-mine-xi-2010-04.jpg\"\n\t\t\t\ttitle=\"Georges Favreau se\u00f1alando su geoda\"\n\t\t\t\tdata-src=\"http:\/\/minval.org\/svm\/wp-content\/gallery\/la-amorosa\/la-amorosa-mine-xi-2010-04.jpg\"\n\t\t\t\tdata-thumbnail=\"http:\/\/minval.org\/svm\/wp-content\/gallery\/la-amorosa\/thumbs\/thumbs_la-amorosa-mine-xi-2010-04.jpg\"\n\t\t\t\tdata-image-id=\"1133\"\n\t\t\t\tdata-title=\"Georges Favreau se\u00f1alando su geoda\"\n\t\t\t\tdata-description=\"Georges Favreau se\u00f1alando su geoda\"\n\t\t\t\tdata-image-slug=\"\"\n\t\t\t\tclass=\"ngg-simplelightbox\" rel=\"10c2d06f8c2b4bfec8a2e02a772cee58\">\n\t\t\t\t<img\n\t\t\t\t\ttitle=\"Georges Favreau se\u00f1alando su geoda\"\n\t\t\t\t\talt=\"Georges Favreau se\u00f1alando su geoda\"\n\t\t\t\t\tsrc=\"http:\/\/minval.org\/svm\/wp-content\/gallery\/la-amorosa\/thumbs\/thumbs_la-amorosa-mine-xi-2010-04.jpg\"\n\t\t\t\t\twidth=\"100\"\n\t\t\t\t\theight=\"75\"\n\t\t\t\t\tstyle=\"max-width:100%;\"\n\t\t\t\t\/>\n\t\t\t<\/a>\n\t\t<\/div>\n\t\t\t\t\t\t\t<\/div> \n\t\t\t\n\t\t\t\t<div id=\"ngg-image-5\" class=\"ngg-gallery-thumbnail-box \n\t\t\t\t\t\t\t\t\t\t\t\" \n\t\t\t>\n\t\t\t\t\t\t<div class=\"ngg-gallery-thumbnail\">\n\t\t\t<a href=\"http:\/\/minval.org\/svm\/wp-content\/gallery\/la-amorosa\/la-amorosa-mine-xi-2010-05.jpg\"\n\t\t\t\ttitle=\"Algunas muestras\"\n\t\t\t\tdata-src=\"http:\/\/minval.org\/svm\/wp-content\/gallery\/la-amorosa\/la-amorosa-mine-xi-2010-05.jpg\"\n\t\t\t\tdata-thumbnail=\"http:\/\/minval.org\/svm\/wp-content\/gallery\/la-amorosa\/thumbs\/thumbs_la-amorosa-mine-xi-2010-05.jpg\"\n\t\t\t\tdata-image-id=\"1134\"\n\t\t\t\tdata-title=\"Algunas muestras\"\n\t\t\t\tdata-description=\"Algunas muestras\"\n\t\t\t\tdata-image-slug=\"\"\n\t\t\t\tclass=\"ngg-simplelightbox\" rel=\"10c2d06f8c2b4bfec8a2e02a772cee58\">\n\t\t\t\t<img\n\t\t\t\t\ttitle=\"Algunas muestras\"\n\t\t\t\t\talt=\"Algunas muestras\"\n\t\t\t\t\tsrc=\"http:\/\/minval.org\/svm\/wp-content\/gallery\/la-amorosa\/thumbs\/thumbs_la-amorosa-mine-xi-2010-05.jpg\"\n\t\t\t\t\twidth=\"100\"\n\t\t\t\t\theight=\"75\"\n\t\t\t\t\tstyle=\"max-width:100%;\"\n\t\t\t\t\/>\n\t\t\t<\/a>\n\t\t<\/div>\n\t\t\t\t\t\t\t<\/div> \n\t\t\t\n\t\t\t\t<div id=\"ngg-image-6\" class=\"ngg-gallery-thumbnail-box \n\t\t\t\t\t\t\t\t\t\t\t\" \n\t\t\t>\n\t\t\t\t\t\t<div class=\"ngg-gallery-thumbnail\">\n\t\t\t<a href=\"http:\/\/minval.org\/svm\/wp-content\/gallery\/la-amorosa\/la-amorosa-mine-xi-2010-06.jpg\"\n\t\t\t\ttitle=\"Roberto Pecorini picando con entusiasmo\"\n\t\t\t\tdata-src=\"http:\/\/minval.org\/svm\/wp-content\/gallery\/la-amorosa\/la-amorosa-mine-xi-2010-06.jpg\"\n\t\t\t\tdata-thumbnail=\"http:\/\/minval.org\/svm\/wp-content\/gallery\/la-amorosa\/thumbs\/thumbs_la-amorosa-mine-xi-2010-06.jpg\"\n\t\t\t\tdata-image-id=\"1135\"\n\t\t\t\tdata-title=\"Roberto Pecorini picando con entusiasmo\"\n\t\t\t\tdata-description=\"Roberto Pecorini picando con entusiasmo\"\n\t\t\t\tdata-image-slug=\"\"\n\t\t\t\tclass=\"ngg-simplelightbox\" rel=\"10c2d06f8c2b4bfec8a2e02a772cee58\">\n\t\t\t\t<img\n\t\t\t\t\ttitle=\"Roberto Pecorini picando con entusiasmo\"\n\t\t\t\t\talt=\"Roberto Pecorini picando con entusiasmo\"\n\t\t\t\t\tsrc=\"http:\/\/minval.org\/svm\/wp-content\/gallery\/la-amorosa\/thumbs\/thumbs_la-amorosa-mine-xi-2010-06.jpg\"\n\t\t\t\t\twidth=\"100\"\n\t\t\t\t\theight=\"75\"\n\t\t\t\t\tstyle=\"max-width:100%;\"\n\t\t\t\t\/>\n\t\t\t<\/a>\n\t\t<\/div>\n\t\t\t\t\t\t\t<\/div> \n\t\t\t\n\t\t\t\t<div id=\"ngg-image-7\" class=\"ngg-gallery-thumbnail-box \n\t\t\t\t\t\t\t\t\t\t\t\" \n\t\t\t>\n\t\t\t\t\t\t<div class=\"ngg-gallery-thumbnail\">\n\t\t\t<a href=\"http:\/\/minval.org\/svm\/wp-content\/gallery\/la-amorosa\/la-amorosa-mine-xi-2010-08.jpg\"\n\t\t\t\ttitle=\"Techo de la geoda en la que se pueden apreciar cristales de cuarzo y dolomita\"\n\t\t\t\tdata-src=\"http:\/\/minval.org\/svm\/wp-content\/gallery\/la-amorosa\/la-amorosa-mine-xi-2010-08.jpg\"\n\t\t\t\tdata-thumbnail=\"http:\/\/minval.org\/svm\/wp-content\/gallery\/la-amorosa\/thumbs\/thumbs_la-amorosa-mine-xi-2010-08.jpg\"\n\t\t\t\tdata-image-id=\"1137\"\n\t\t\t\tdata-title=\"Techo de la geoda\"\n\t\t\t\tdata-description=\"Techo de la geoda en la que se pueden apreciar cristales de cuarzo y dolomita\"\n\t\t\t\tdata-image-slug=\"\"\n\t\t\t\tclass=\"ngg-simplelightbox\" rel=\"10c2d06f8c2b4bfec8a2e02a772cee58\">\n\t\t\t\t<img\n\t\t\t\t\ttitle=\"Techo de la geoda\"\n\t\t\t\t\talt=\"Techo de la geoda\"\n\t\t\t\t\tsrc=\"http:\/\/minval.org\/svm\/wp-content\/gallery\/la-amorosa\/thumbs\/thumbs_la-amorosa-mine-xi-2010-08.jpg\"\n\t\t\t\t\twidth=\"100\"\n\t\t\t\t\theight=\"75\"\n\t\t\t\t\tstyle=\"max-width:100%;\"\n\t\t\t\t\/>\n\t\t\t<\/a>\n\t\t<\/div>\n\t\t\t\t\t\t\t<\/div> \n\t\t\t\n\t\t\t\t<div id=\"ngg-image-8\" class=\"ngg-gallery-thumbnail-box \n\t\t\t\t\t\t\t\t\t\t\t\" \n\t\t\t>\n\t\t\t\t\t\t<div class=\"ngg-gallery-thumbnail\">\n\t\t\t<a href=\"http:\/\/minval.org\/svm\/wp-content\/gallery\/la-amorosa\/la-amorosa-mine-xi-2010-09.jpg\"\n\t\t\t\ttitle=\"George observando un ejemplar\"\n\t\t\t\tdata-src=\"http:\/\/minval.org\/svm\/wp-content\/gallery\/la-amorosa\/la-amorosa-mine-xi-2010-09.jpg\"\n\t\t\t\tdata-thumbnail=\"http:\/\/minval.org\/svm\/wp-content\/gallery\/la-amorosa\/thumbs\/thumbs_la-amorosa-mine-xi-2010-09.jpg\"\n\t\t\t\tdata-image-id=\"1138\"\n\t\t\t\tdata-title=\"George observando un ejemplar\"\n\t\t\t\tdata-description=\"George observando un ejemplar\"\n\t\t\t\tdata-image-slug=\"\"\n\t\t\t\tclass=\"ngg-simplelightbox\" rel=\"10c2d06f8c2b4bfec8a2e02a772cee58\">\n\t\t\t\t<img\n\t\t\t\t\ttitle=\"George observando un ejemplar\"\n\t\t\t\t\talt=\"George observando un ejemplar\"\n\t\t\t\t\tsrc=\"http:\/\/minval.org\/svm\/wp-content\/gallery\/la-amorosa\/thumbs\/thumbs_la-amorosa-mine-xi-2010-09.jpg\"\n\t\t\t\t\twidth=\"100\"\n\t\t\t\t\theight=\"75\"\n\t\t\t\t\tstyle=\"max-width:100%;\"\n\t\t\t\t\/>\n\t\t\t<\/a>\n\t\t<\/div>\n\t\t\t\t\t\t\t<\/div> \n\t\t\t\n\t\t\t\t<div id=\"ngg-image-9\" class=\"ngg-gallery-thumbnail-box \n\t\t\t\t\t\t\t\t\t\t\t\" \n\t\t\t>\n\t\t\t\t\t\t<div class=\"ngg-gallery-thumbnail\">\n\t\t\t<a href=\"http:\/\/minval.org\/svm\/wp-content\/gallery\/la-amorosa\/la-amorosa-mine-xi-2010-13.jpg\"\n\t\t\t\ttitle=\"Roberto examinando una muestra in situ\"\n\t\t\t\tdata-src=\"http:\/\/minval.org\/svm\/wp-content\/gallery\/la-amorosa\/la-amorosa-mine-xi-2010-13.jpg\"\n\t\t\t\tdata-thumbnail=\"http:\/\/minval.org\/svm\/wp-content\/gallery\/la-amorosa\/thumbs\/thumbs_la-amorosa-mine-xi-2010-13.jpg\"\n\t\t\t\tdata-image-id=\"1141\"\n\t\t\t\tdata-title=\"Roberto\"\n\t\t\t\tdata-description=\"Roberto examinando una muestra in situ\"\n\t\t\t\tdata-image-slug=\"\"\n\t\t\t\tclass=\"ngg-simplelightbox\" rel=\"10c2d06f8c2b4bfec8a2e02a772cee58\">\n\t\t\t\t<img\n\t\t\t\t\ttitle=\"Roberto\"\n\t\t\t\t\talt=\"Roberto\"\n\t\t\t\t\tsrc=\"http:\/\/minval.org\/svm\/wp-content\/gallery\/la-amorosa\/thumbs\/thumbs_la-amorosa-mine-xi-2010-13.jpg\"\n\t\t\t\t\twidth=\"100\"\n\t\t\t\t\theight=\"75\"\n\t\t\t\t\tstyle=\"max-width:100%;\"\n\t\t\t\t\/>\n\t\t\t<\/a>\n\t\t<\/div>\n\t\t\t\t\t\t\t<\/div> \n\t\t\t\n\t\t\t\t<div id=\"ngg-image-10\" class=\"ngg-gallery-thumbnail-box \n\t\t\t\t\t\t\t\t\t\t\t\" \n\t\t\t>\n\t\t\t\t\t\t<div class=\"ngg-gallery-thumbnail\">\n\t\t\t<a href=\"http:\/\/minval.org\/svm\/wp-content\/gallery\/la-amorosa\/la-amorosa-mine-xi-2010-14.jpg\"\n\t\t\t\ttitle=\"Georges sacando una buena muestra\"\n\t\t\t\tdata-src=\"http:\/\/minval.org\/svm\/wp-content\/gallery\/la-amorosa\/la-amorosa-mine-xi-2010-14.jpg\"\n\t\t\t\tdata-thumbnail=\"http:\/\/minval.org\/svm\/wp-content\/gallery\/la-amorosa\/thumbs\/thumbs_la-amorosa-mine-xi-2010-14.jpg\"\n\t\t\t\tdata-image-id=\"1142\"\n\t\t\t\tdata-title=\"Georges \"\n\t\t\t\tdata-description=\"Georges sacando una buena muestra\"\n\t\t\t\tdata-image-slug=\"\"\n\t\t\t\tclass=\"ngg-simplelightbox\" rel=\"10c2d06f8c2b4bfec8a2e02a772cee58\">\n\t\t\t\t<img\n\t\t\t\t\ttitle=\"Georges \"\n\t\t\t\t\talt=\"Georges \"\n\t\t\t\t\tsrc=\"http:\/\/minval.org\/svm\/wp-content\/gallery\/la-amorosa\/thumbs\/thumbs_la-amorosa-mine-xi-2010-14.jpg\"\n\t\t\t\t\twidth=\"100\"\n\t\t\t\t\theight=\"75\"\n\t\t\t\t\tstyle=\"max-width:100%;\"\n\t\t\t\t\/>\n\t\t\t<\/a>\n\t\t<\/div>\n\t\t\t\t\t\t\t<\/div> \n\t\t\t\n\t\t\t\t<div id=\"ngg-image-11\" class=\"ngg-gallery-thumbnail-box \n\t\t\t\t\t\t\t\t\t\t\t\" \n\t\t\t>\n\t\t\t\t\t\t<div class=\"ngg-gallery-thumbnail\">\n\t\t\t<a href=\"http:\/\/minval.org\/svm\/wp-content\/gallery\/la-amorosa\/la-amorosa-mine-xi-2010-18.jpg\"\n\t\t\t\ttitle=\"Ejemplar de tirolita y otros arseniatos\"\n\t\t\t\tdata-src=\"http:\/\/minval.org\/svm\/wp-content\/gallery\/la-amorosa\/la-amorosa-mine-xi-2010-18.jpg\"\n\t\t\t\tdata-thumbnail=\"http:\/\/minval.org\/svm\/wp-content\/gallery\/la-amorosa\/thumbs\/thumbs_la-amorosa-mine-xi-2010-18.jpg\"\n\t\t\t\tdata-image-id=\"1146\"\n\t\t\t\tdata-title=\"La muestra anterior\"\n\t\t\t\tdata-description=\"Ejemplar de tirolita y otros arseniatos\"\n\t\t\t\tdata-image-slug=\"\"\n\t\t\t\tclass=\"ngg-simplelightbox\" rel=\"10c2d06f8c2b4bfec8a2e02a772cee58\">\n\t\t\t\t<img\n\t\t\t\t\ttitle=\"La muestra anterior\"\n\t\t\t\t\talt=\"La muestra anterior\"\n\t\t\t\t\tsrc=\"http:\/\/minval.org\/svm\/wp-content\/gallery\/la-amorosa\/thumbs\/thumbs_la-amorosa-mine-xi-2010-18.jpg\"\n\t\t\t\t\twidth=\"100\"\n\t\t\t\t\theight=\"75\"\n\t\t\t\t\tstyle=\"max-width:100%;\"\n\t\t\t\t\/>\n\t\t\t<\/a>\n\t\t<\/div>\n\t\t\t\t\t\t\t<\/div> \n\t\t\t\n\t\t\t\t<div id=\"ngg-image-12\" class=\"ngg-gallery-thumbnail-box \n\t\t\t\t\t\t\t\t\t\t\t\" \n\t\t\t>\n\t\t\t\t\t\t<div class=\"ngg-gallery-thumbnail\">\n\t\t\t<a href=\"http:\/\/minval.org\/svm\/wp-content\/gallery\/la-amorosa\/la-amorosa-mine-xi-2010-21.jpg\"\n\t\t\t\ttitle=\"Juan Carlos Tar\u00edn y Adri\u00e1n observando la geoda\"\n\t\t\t\tdata-src=\"http:\/\/minval.org\/svm\/wp-content\/gallery\/la-amorosa\/la-amorosa-mine-xi-2010-21.jpg\"\n\t\t\t\tdata-thumbnail=\"http:\/\/minval.org\/svm\/wp-content\/gallery\/la-amorosa\/thumbs\/thumbs_la-amorosa-mine-xi-2010-21.jpg\"\n\t\t\t\tdata-image-id=\"1149\"\n\t\t\t\tdata-title=\"Juan Carlos y Adri\u00e1n\"\n\t\t\t\tdata-description=\"Juan Carlos Tar\u00edn y Adri\u00e1n observando la geoda\"\n\t\t\t\tdata-image-slug=\"\"\n\t\t\t\tclass=\"ngg-simplelightbox\" rel=\"10c2d06f8c2b4bfec8a2e02a772cee58\">\n\t\t\t\t<img\n\t\t\t\t\ttitle=\"Juan Carlos y Adri\u00e1n\"\n\t\t\t\t\talt=\"Juan Carlos y Adri\u00e1n\"\n\t\t\t\t\tsrc=\"http:\/\/minval.org\/svm\/wp-content\/gallery\/la-amorosa\/thumbs\/thumbs_la-amorosa-mine-xi-2010-21.jpg\"\n\t\t\t\t\twidth=\"100\"\n\t\t\t\t\theight=\"75\"\n\t\t\t\t\tstyle=\"max-width:100%;\"\n\t\t\t\t\/>\n\t\t\t<\/a>\n\t\t<\/div>\n\t\t\t\t\t\t\t<\/div> \n\t\t\t\n\t\t\t\t<div id=\"ngg-image-13\" class=\"ngg-gallery-thumbnail-box \n\t\t\t\t\t\t\t\t\t\t\t\" \n\t\t\t>\n\t\t\t\t\t\t<div class=\"ngg-gallery-thumbnail\">\n\t\t\t<a href=\"http:\/\/minval.org\/svm\/wp-content\/gallery\/la-amorosa\/la-amorosa-mine-xi-2010-24.jpg\"\n\t\t\t\ttitle=\"Los cuatro miembros de la expedici\u00f3n\"\n\t\t\t\tdata-src=\"http:\/\/minval.org\/svm\/wp-content\/gallery\/la-amorosa\/la-amorosa-mine-xi-2010-24.jpg\"\n\t\t\t\tdata-thumbnail=\"http:\/\/minval.org\/svm\/wp-content\/gallery\/la-amorosa\/thumbs\/thumbs_la-amorosa-mine-xi-2010-24.jpg\"\n\t\t\t\tdata-image-id=\"1152\"\n\t\t\t\tdata-title=\"Los cuatro miembros de la expedici\u00f3n\"\n\t\t\t\tdata-description=\"Los cuatro miembros de la expedici\u00f3n\"\n\t\t\t\tdata-image-slug=\"\"\n\t\t\t\tclass=\"ngg-simplelightbox\" rel=\"10c2d06f8c2b4bfec8a2e02a772cee58\">\n\t\t\t\t<img\n\t\t\t\t\ttitle=\"Los cuatro miembros de la expedici\u00f3n\"\n\t\t\t\t\talt=\"Los cuatro miembros de la expedici\u00f3n\"\n\t\t\t\t\tsrc=\"http:\/\/minval.org\/svm\/wp-content\/gallery\/la-amorosa\/thumbs\/thumbs_la-amorosa-mine-xi-2010-24.jpg\"\n\t\t\t\t\twidth=\"100\"\n\t\t\t\t\theight=\"75\"\n\t\t\t\t\tstyle=\"max-width:100%;\"\n\t\t\t\t\/>\n\t\t\t<\/a>\n\t\t<\/div>\n\t\t\t\t\t\t\t<\/div> \n\t\t\t\n\t\t\t\t<div id=\"ngg-image-14\" class=\"ngg-gallery-thumbnail-box \n\t\t\t\t\t\t\t\t\t\t\t\" \n\t\t\t>\n\t\t\t\t\t\t<div class=\"ngg-gallery-thumbnail\">\n\t\t\t<a href=\"http:\/\/minval.org\/svm\/wp-content\/gallery\/la-amorosa\/la-amorosa-mine-xi-2010-25.jpg\"\n\t\t\t\ttitle=\"Juan Carlos Tar\u00edn observando las muestras\"\n\t\t\t\tdata-src=\"http:\/\/minval.org\/svm\/wp-content\/gallery\/la-amorosa\/la-amorosa-mine-xi-2010-25.jpg\"\n\t\t\t\tdata-thumbnail=\"http:\/\/minval.org\/svm\/wp-content\/gallery\/la-amorosa\/thumbs\/thumbs_la-amorosa-mine-xi-2010-25.jpg\"\n\t\t\t\tdata-image-id=\"1153\"\n\t\t\t\tdata-title=\"Juan Carlos\"\n\t\t\t\tdata-description=\"Juan Carlos Tar\u00edn observando las muestras\"\n\t\t\t\tdata-image-slug=\"\"\n\t\t\t\tclass=\"ngg-simplelightbox\" rel=\"10c2d06f8c2b4bfec8a2e02a772cee58\">\n\t\t\t\t<img\n\t\t\t\t\ttitle=\"Juan Carlos\"\n\t\t\t\t\talt=\"Juan Carlos\"\n\t\t\t\t\tsrc=\"http:\/\/minval.org\/svm\/wp-content\/gallery\/la-amorosa\/thumbs\/thumbs_la-amorosa-mine-xi-2010-25.jpg\"\n\t\t\t\t\twidth=\"100\"\n\t\t\t\t\theight=\"75\"\n\t\t\t\t\tstyle=\"max-width:100%;\"\n\t\t\t\t\/>\n\t\t\t<\/a>\n\t\t<\/div>\n\t\t\t\t\t\t\t<\/div> \n\t\t\t\n\t\t\t\t<div id=\"ngg-image-15\" class=\"ngg-gallery-thumbnail-box \n\t\t\t\t\t\t\t\t\t\t\t\" \n\t\t\t>\n\t\t\t\t\t\t<div class=\"ngg-gallery-thumbnail\">\n\t\t\t<a href=\"http:\/\/minval.org\/svm\/wp-content\/gallery\/la-amorosa\/la-amorosa-mine-xi-2010-28.jpg\"\n\t\t\t\ttitle=\"Juan Carlos picando los restos de la geoda con Georges al lado\"\n\t\t\t\tdata-src=\"http:\/\/minval.org\/svm\/wp-content\/gallery\/la-amorosa\/la-amorosa-mine-xi-2010-28.jpg\"\n\t\t\t\tdata-thumbnail=\"http:\/\/minval.org\/svm\/wp-content\/gallery\/la-amorosa\/thumbs\/thumbs_la-amorosa-mine-xi-2010-28.jpg\"\n\t\t\t\tdata-image-id=\"1156\"\n\t\t\t\tdata-title=\"Juan Carlos picando\"\n\t\t\t\tdata-description=\"Juan Carlos picando los restos de la geoda con Georges al lado\"\n\t\t\t\tdata-image-slug=\"\"\n\t\t\t\tclass=\"ngg-simplelightbox\" rel=\"10c2d06f8c2b4bfec8a2e02a772cee58\">\n\t\t\t\t<img\n\t\t\t\t\ttitle=\"Juan Carlos picando\"\n\t\t\t\t\talt=\"Juan Carlos picando\"\n\t\t\t\t\tsrc=\"http:\/\/minval.org\/svm\/wp-content\/gallery\/la-amorosa\/thumbs\/thumbs_la-amorosa-mine-xi-2010-28.jpg\"\n\t\t\t\t\twidth=\"100\"\n\t\t\t\t\theight=\"75\"\n\t\t\t\t\tstyle=\"max-width:100%;\"\n\t\t\t\t\/>\n\t\t\t<\/a>\n\t\t<\/div>\n\t\t\t\t\t\t\t<\/div> \n\t\t\t\n\t\t\t\t<div id=\"ngg-image-16\" class=\"ngg-gallery-thumbnail-box \n\t\t\t\t\t\t\t\t\t\t\t\" \n\t\t\t>\n\t\t\t\t\t\t<div class=\"ngg-gallery-thumbnail\">\n\t\t\t<a href=\"http:\/\/minval.org\/svm\/wp-content\/gallery\/la-amorosa\/la-amorosa-mine-xi-2010-31.jpg\"\n\t\t\t\ttitle=\"Roberto terminando de recoger muestras en la geoda\"\n\t\t\t\tdata-src=\"http:\/\/minval.org\/svm\/wp-content\/gallery\/la-amorosa\/la-amorosa-mine-xi-2010-31.jpg\"\n\t\t\t\tdata-thumbnail=\"http:\/\/minval.org\/svm\/wp-content\/gallery\/la-amorosa\/thumbs\/thumbs_la-amorosa-mine-xi-2010-31.jpg\"\n\t\t\t\tdata-image-id=\"1159\"\n\t\t\t\tdata-title=\"Roberto y la geoda\"\n\t\t\t\tdata-description=\"Roberto terminando de recoger muestras en la geoda\"\n\t\t\t\tdata-image-slug=\"\"\n\t\t\t\tclass=\"ngg-simplelightbox\" rel=\"10c2d06f8c2b4bfec8a2e02a772cee58\">\n\t\t\t\t<img\n\t\t\t\t\ttitle=\"Roberto y la geoda\"\n\t\t\t\t\talt=\"Roberto y la geoda\"\n\t\t\t\t\tsrc=\"http:\/\/minval.org\/svm\/wp-content\/gallery\/la-amorosa\/thumbs\/thumbs_la-amorosa-mine-xi-2010-31.jpg\"\n\t\t\t\t\twidth=\"100\"\n\t\t\t\t\theight=\"75\"\n\t\t\t\t\tstyle=\"max-width:100%;\"\n\t\t\t\t\/>\n\t\t\t<\/a>\n\t\t<\/div>\n\t\t\t\t\t\t\t<\/div> \n\t\t\t\n\t\t\t\t<div id=\"ngg-image-17\" class=\"ngg-gallery-thumbnail-box \n\t\t\t\t\t\t\t\t\t\t\t\" \n\t\t\t>\n\t\t\t\t\t\t<div class=\"ngg-gallery-thumbnail\">\n\t\t\t<a href=\"http:\/\/minval.org\/svm\/wp-content\/gallery\/la-amorosa\/la-amorosa-mine-xi-2010-33.jpg\"\n\t\t\t\ttitle=\"Algunos ejemplares recogidos por Juan Carlos\"\n\t\t\t\tdata-src=\"http:\/\/minval.org\/svm\/wp-content\/gallery\/la-amorosa\/la-amorosa-mine-xi-2010-33.jpg\"\n\t\t\t\tdata-thumbnail=\"http:\/\/minval.org\/svm\/wp-content\/gallery\/la-amorosa\/thumbs\/thumbs_la-amorosa-mine-xi-2010-33.jpg\"\n\t\t\t\tdata-image-id=\"1161\"\n\t\t\t\tdata-title=\"Ejemplares de Juan Carlos\"\n\t\t\t\tdata-description=\"Algunos ejemplares recogidos por Juan Carlos\"\n\t\t\t\tdata-image-slug=\"\"\n\t\t\t\tclass=\"ngg-simplelightbox\" rel=\"10c2d06f8c2b4bfec8a2e02a772cee58\">\n\t\t\t\t<img\n\t\t\t\t\ttitle=\"Ejemplares de Juan Carlos\"\n\t\t\t\t\talt=\"Ejemplares de Juan Carlos\"\n\t\t\t\t\tsrc=\"http:\/\/minval.org\/svm\/wp-content\/gallery\/la-amorosa\/thumbs\/thumbs_la-amorosa-mine-xi-2010-33.jpg\"\n\t\t\t\t\twidth=\"100\"\n\t\t\t\t\theight=\"75\"\n\t\t\t\t\tstyle=\"max-width:100%;\"\n\t\t\t\t\/>\n\t\t\t<\/a>\n\t\t<\/div>\n\t\t\t\t\t\t\t<\/div> \n\t\t\t\n\t\t\t\t<div id=\"ngg-image-18\" class=\"ngg-gallery-thumbnail-box \n\t\t\t\t\t\t\t\t\t\t\t\" \n\t\t\t>\n\t\t\t\t\t\t<div class=\"ngg-gallery-thumbnail\">\n\t\t\t<a href=\"http:\/\/minval.org\/svm\/wp-content\/gallery\/la-amorosa\/la-amorosa-mine-xi-2010-36.jpg\"\n\t\t\t\ttitle=\"Magn\u00edfico ejemplar de cuarzo y dolomita obtenido por Juan Carlos\"\n\t\t\t\tdata-src=\"http:\/\/minval.org\/svm\/wp-content\/gallery\/la-amorosa\/la-amorosa-mine-xi-2010-36.jpg\"\n\t\t\t\tdata-thumbnail=\"http:\/\/minval.org\/svm\/wp-content\/gallery\/la-amorosa\/thumbs\/thumbs_la-amorosa-mine-xi-2010-36.jpg\"\n\t\t\t\tdata-image-id=\"1164\"\n\t\t\t\tdata-title=\"Cuarzo y dolomita\"\n\t\t\t\tdata-description=\"Magn\u00edfico ejemplar de cuarzo y dolomita obtenido por Juan Carlos\"\n\t\t\t\tdata-image-slug=\"\"\n\t\t\t\tclass=\"ngg-simplelightbox\" rel=\"10c2d06f8c2b4bfec8a2e02a772cee58\">\n\t\t\t\t<img\n\t\t\t\t\ttitle=\"Cuarzo y dolomita\"\n\t\t\t\t\talt=\"Cuarzo y dolomita\"\n\t\t\t\t\tsrc=\"http:\/\/minval.org\/svm\/wp-content\/gallery\/la-amorosa\/thumbs\/thumbs_la-amorosa-mine-xi-2010-36.jpg\"\n\t\t\t\t\twidth=\"100\"\n\t\t\t\t\theight=\"75\"\n\t\t\t\t\tstyle=\"max-width:100%;\"\n\t\t\t\t\/>\n\t\t\t<\/a>\n\t\t<\/div>\n\t\t\t\t\t\t\t<\/div> \n\t\t\t\n\t\t\t\t<div id=\"ngg-image-19\" class=\"ngg-gallery-thumbnail-box \n\t\t\t\t\t\t\t\t\t\t\t\" \n\t\t\t>\n\t\t\t\t\t\t<div class=\"ngg-gallery-thumbnail\">\n\t\t\t<a href=\"http:\/\/minval.org\/svm\/wp-content\/gallery\/la-amorosa\/la-amorosa-mine-xi-2010-38.jpg\"\n\t\t\t\ttitle=\"Georges observando los ejemplares de Juan Carlos\"\n\t\t\t\tdata-src=\"http:\/\/minval.org\/svm\/wp-content\/gallery\/la-amorosa\/la-amorosa-mine-xi-2010-38.jpg\"\n\t\t\t\tdata-thumbnail=\"http:\/\/minval.org\/svm\/wp-content\/gallery\/la-amorosa\/thumbs\/thumbs_la-amorosa-mine-xi-2010-38.jpg\"\n\t\t\t\tdata-image-id=\"1166\"\n\t\t\t\tdata-title=\"Georges y Juan Carlos\"\n\t\t\t\tdata-description=\"Georges observando los ejemplares de Juan Carlos\"\n\t\t\t\tdata-image-slug=\"\"\n\t\t\t\tclass=\"ngg-simplelightbox\" rel=\"10c2d06f8c2b4bfec8a2e02a772cee58\">\n\t\t\t\t<img\n\t\t\t\t\ttitle=\"Georges y Juan Carlos\"\n\t\t\t\t\talt=\"Georges y Juan Carlos\"\n\t\t\t\t\tsrc=\"http:\/\/minval.org\/svm\/wp-content\/gallery\/la-amorosa\/thumbs\/thumbs_la-amorosa-mine-xi-2010-38.jpg\"\n\t\t\t\t\twidth=\"100\"\n\t\t\t\t\theight=\"75\"\n\t\t\t\t\tstyle=\"max-width:100%;\"\n\t\t\t\t\/>\n\t\t\t<\/a>\n\t\t<\/div>\n\t\t\t\t\t\t\t<\/div> \n\t\t\t\n\t\t\t\t<div id=\"ngg-image-20\" class=\"ngg-gallery-thumbnail-box \n\t\t\t\t\t\t\t\t\t\t\t\" \n\t\t\t>\n\t\t\t\t\t\t<div class=\"ngg-gallery-thumbnail\">\n\t\t\t<a href=\"http:\/\/minval.org\/svm\/wp-content\/gallery\/la-amorosa\/la-amorosa-mine-xi-2010-41.jpg\"\n\t\t\t\ttitle=\"Final de una feliz jornada\"\n\t\t\t\tdata-src=\"http:\/\/minval.org\/svm\/wp-content\/gallery\/la-amorosa\/la-amorosa-mine-xi-2010-41.jpg\"\n\t\t\t\tdata-thumbnail=\"http:\/\/minval.org\/svm\/wp-content\/gallery\/la-amorosa\/thumbs\/thumbs_la-amorosa-mine-xi-2010-41.jpg\"\n\t\t\t\tdata-image-id=\"1169\"\n\t\t\t\tdata-title=\"Final de una feliz jornada\"\n\t\t\t\tdata-description=\"Final de una feliz jornada\"\n\t\t\t\tdata-image-slug=\"\"\n\t\t\t\tclass=\"ngg-simplelightbox\" rel=\"10c2d06f8c2b4bfec8a2e02a772cee58\">\n\t\t\t\t<img\n\t\t\t\t\ttitle=\"Final de una feliz jornada\"\n\t\t\t\t\talt=\"Final de una feliz jornada\"\n\t\t\t\t\tsrc=\"http:\/\/minval.org\/svm\/wp-content\/gallery\/la-amorosa\/thumbs\/thumbs_la-amorosa-mine-xi-2010-41.jpg\"\n\t\t\t\t\twidth=\"100\"\n\t\t\t\t\theight=\"75\"\n\t\t\t\t\tstyle=\"max-width:100%;\"\n\t\t\t\t\/>\n\t\t\t<\/a>\n\t\t<\/div>\n\t\t\t\t\t\t\t<\/div> \n\t\t\t\n\t\t\t\t<div id=\"ngg-image-21\" class=\"ngg-gallery-thumbnail-box \n\t\t\t\t\t\t\t\t\t\t\t\" \n\t\t\t>\n\t\t\t\t\t\t<div class=\"ngg-gallery-thumbnail\">\n\t\t\t<a href=\"http:\/\/minval.org\/svm\/wp-content\/gallery\/la-amorosa\/la-amorosa-mine-xi-2010-42.jpg\"\n\t\t\t\ttitle=\"Celebrando la excursi\u00f3n\"\n\t\t\t\tdata-src=\"http:\/\/minval.org\/svm\/wp-content\/gallery\/la-amorosa\/la-amorosa-mine-xi-2010-42.jpg\"\n\t\t\t\tdata-thumbnail=\"http:\/\/minval.org\/svm\/wp-content\/gallery\/la-amorosa\/thumbs\/thumbs_la-amorosa-mine-xi-2010-42.jpg\"\n\t\t\t\tdata-image-id=\"1170\"\n\t\t\t\tdata-title=\"Celebrando la excursi\u00f3n\"\n\t\t\t\tdata-description=\"Celebrando la excursi\u00f3n\"\n\t\t\t\tdata-image-slug=\"\"\n\t\t\t\tclass=\"ngg-simplelightbox\" rel=\"10c2d06f8c2b4bfec8a2e02a772cee58\">\n\t\t\t\t<img\n\t\t\t\t\ttitle=\"Celebrando la excursi\u00f3n\"\n\t\t\t\t\talt=\"Celebrando la excursi\u00f3n\"\n\t\t\t\t\tsrc=\"http:\/\/minval.org\/svm\/wp-content\/gallery\/la-amorosa\/thumbs\/thumbs_la-amorosa-mine-xi-2010-42.jpg\"\n\t\t\t\t\twidth=\"100\"\n\t\t\t\t\theight=\"75\"\n\t\t\t\t\tstyle=\"max-width:100%;\"\n\t\t\t\t\/>\n\t\t\t<\/a>\n\t\t<\/div>\n\t\t\t\t\t\t\t<\/div> \n\t\t\t\n\t\n\t<br style=\"clear: both\" \/>\n\n\t\n\t\t<!-- Pagination -->\n\t\t<div class='ngg-clear'><\/div>\t<\/div>\n<!--:--><!--:ca--><\/p>\n<\/p>\n<p><!--:--><!--:en--><\/p>\n<\/p>\n<p><!--:--><\/p>\n","protected":false},"excerpt":{"rendered":"<p>El d\u00eda 19 de noviembre de 2010 realizamos una expedici\u00f3n a la mina La Amorosa de Villahermosa del R\u00edo, Georges Favreau, presidente de la AFM, Roberto Pecorini, miembro de la AFM, Adri\u00e1n Pesudo y Juan Carlos Tar\u00edn de la SVM&#8230;.<\/p>\n","protected":false},"author":2,"featured_media":0,"comment_status":"open","ping_status":"open","sticky":false,"template":"","format":"standard","meta":{"ngg_post_thumbnail":0,"footnotes":""},"categories":[5],"tags":[],"_links":{"self":[{"href":"http:\/\/minval.org\/svm\/index.php?rest_route=\/wp\/v2\/posts\/2858"}],"collection":[{"href":"http:\/\/minval.org\/svm\/index.php?rest_route=\/wp\/v2\/posts"}],"about":[{"href":"http:\/\/minval.org\/svm\/index.php?rest_route=\/wp\/v2\/types\/post"}],"author":[{"embeddable":true,"href":"http:\/\/minval.org\/svm\/index.php?rest_route=\/wp\/v2\/users\/2"}],"replies":[{"embeddable":true,"href":"http:\/\/minval.org\/svm\/index.php?rest_route=%2Fwp%2Fv2%2Fcomments&post=2858"}],"version-history":[{"count":0,"href":"http:\/\/minval.org\/svm\/index.php?rest_route=\/wp\/v2\/posts\/2858\/revisions"}],"wp:attachment":[{"href":"http:\/\/minval.org\/svm\/index.php?rest_route=%2Fwp%2Fv2%2Fmedia&parent=2858"}],"wp:term":[{"taxonomy":"category","embeddable":true,"href":"http:\/\/minval.org\/svm\/index.php?rest_route=%2Fwp%2Fv2%2Fcategories&post=2858"},{"taxonomy":"post_tag","embeddable":true,"href":"http:\/\/minval.org\/svm\/index.php?rest_route=%2Fwp%2Fv2%2Ftags&post=2858"}],"curies":[{"name":"wp","href":"https:\/\/api.w.org\/{rel}","templated":true}]}}