{"id":2866,"date":"2011-01-29T15:32:22","date_gmt":"2011-01-29T13:32:22","guid":{"rendered":"http:\/\/minval.org\/svm\/?p=2866"},"modified":"2011-01-29T15:32:22","modified_gmt":"2011-01-29T13:32:22","slug":"xxiv-fira-de-minerals-de-castello","status":"publish","type":"post","link":"http:\/\/minval.org\/svm\/?p=2866","title":{"rendered":"XXIV Fira de Minerals de Castell\u00f3"},"content":{"rendered":"<p><!--:es--><a href=\"http:\/\/minval.org\/svm\/wp-content\/uploads\/2011\/01\/Cartell-fira.jpg\"><img loading=\"lazy\" decoding=\"async\" class=\"alignleft size-full wp-image-2868\" title=\"Cartell fira\" src=\"http:\/\/minval.org\/svm\/wp-content\/uploads\/2011\/01\/Cartell-fira.jpg\" alt=\"\" width=\"260\" height=\"368\" srcset=\"http:\/\/minval.org\/svm\/wp-content\/uploads\/2011\/01\/Cartell-fira.jpg 514w, http:\/\/minval.org\/svm\/wp-content\/uploads\/2011\/01\/Cartell-fira-212x300.jpg 212w\" sizes=\"(max-width: 260px) 100vw, 260px\" \/><\/a><\/p>\n<h3><strong>Los d\u00edas 26 y 27 de febrero, se celebrar\u00e1 en la Plaza Santa Clara de Castell\u00f3n la XXIV feria de Minerales con horario de 10 a 22 horas. La feria est\u00e1 organizada por el GRUP GEODA y patrocinada por el Exmo. Ayuntamiento de la ciudad.<\/strong><\/h3>\n<h3><strong>Esperemos que el tiempo nos acompa\u00f1e y podamos pasar unos d\u00edas en un buen ambiente mineral\u00f3gico.<\/strong><\/h3>\n<h3><strong>La Asociaci\u00f3n Mineral\u00f3gica y Paleontol\u00f3gica de Sant Vicent del Raspeig presentar\u00e1 la revista correspondiente a este a\u00f1o.<\/strong><\/h3>\n<h3><strong>Os esperamos.<\/strong><\/h3>\n<p><!--:--><!--:ca--><\/p>\n<\/p>\n<p><!--:--><!--:en--><\/p>\n<\/p>\n<p><!--:--><\/p>\n","protected":false},"excerpt":{"rendered":"<p>Los d\u00edas 26 y 27 de febrero, se celebrar\u00e1 en la Plaza Santa Clara de Castell\u00f3n la XXIV feria de Minerales con horario de 10 a 22 horas. La feria est\u00e1 organizada por el GRUP GEODA y patrocinada por el&#8230;<\/p>\n","protected":false},"author":2,"featured_media":0,"comment_status":"closed","ping_status":"closed","sticky":false,"template":"","format":"standard","meta":{"ngg_post_thumbnail":0,"footnotes":""},"categories":[5],"tags":[],"_links":{"self":[{"href":"http:\/\/minval.org\/svm\/index.php?rest_route=\/wp\/v2\/posts\/2866"}],"collection":[{"href":"http:\/\/minval.org\/svm\/index.php?rest_route=\/wp\/v2\/posts"}],"about":[{"href":"http:\/\/minval.org\/svm\/index.php?rest_route=\/wp\/v2\/types\/post"}],"author":[{"embeddable":true,"href":"http:\/\/minval.org\/svm\/index.php?rest_route=\/wp\/v2\/users\/2"}],"replies":[{"embeddable":true,"href":"http:\/\/minval.org\/svm\/index.php?rest_route=%2Fwp%2Fv2%2Fcomments&post=2866"}],"version-history":[{"count":0,"href":"http:\/\/minval.org\/svm\/index.php?rest_route=\/wp\/v2\/posts\/2866\/revisions"}],"wp:attachment":[{"href":"http:\/\/minval.org\/svm\/index.php?rest_route=%2Fwp%2Fv2%2Fmedia&parent=2866"}],"wp:term":[{"taxonomy":"category","embeddable":true,"href":"http:\/\/minval.org\/svm\/index.php?rest_route=%2Fwp%2Fv2%2Fcategories&post=2866"},{"taxonomy":"post_tag","embeddable":true,"href":"http:\/\/minval.org\/svm\/index.php?rest_route=%2Fwp%2Fv2%2Ftags&post=2866"}],"curies":[{"name":"wp","href":"https:\/\/api.w.org\/{rel}","templated":true}]}}