{"id":2889,"date":"2011-02-28T22:24:37","date_gmt":"2011-02-28T20:24:37","guid":{"rendered":"http:\/\/minval.org\/svm\/?p=2889"},"modified":"2011-02-28T22:24:37","modified_gmt":"2011-02-28T20:24:37","slug":"cronica-de-la-xxiv-feria-de-minerales-de-castellon-2011","status":"publish","type":"post","link":"http:\/\/minval.org\/svm\/?p=2889","title":{"rendered":"Cr\u00f3nica de la XXIV Feria de Minerales de Castell\u00f3n (2011)"},"content":{"rendered":"<p><!--:es-->Cr\u00f3nica gr\u00e1fica de la XXIV feria de minerales de Castell\u00f3n celebrada los d\u00edas 26 y 27 de febrero de 2011 en la Plaza de Santa Clara de esa ciudad.<\/p>\n<p>Para verlo en presentaci\u00f3n panor\u00e1mica pulsar en [View with PicLens] y luego elegir pantalla completa.<\/p>\n<p><!-- default-view.php -->\n<div\n\tclass=\"ngg-galleryoverview default-view \n\t\t\"\n\tid=\"ngg-gallery-edb2ed45afa696e59a7e36976c6bc5b7-1\">\n\n\t\t<!-- Thumbnails -->\n\t\t\t\t<div id=\"ngg-image-0\" class=\"ngg-gallery-thumbnail-box \n\t\t\t\t\t\t\t\t\t\t\t\" \n\t\t\t>\n\t\t\t\t\t\t<div class=\"ngg-gallery-thumbnail\">\n\t\t\t<a href=\"http:\/\/minval.org\/svm\/wp-content\/gallery\/fira_2011\/001.jpg\"\n\t\t\t\ttitle=\"Primera hora de la ma\u00f1ana \"\n\t\t\t\tdata-src=\"http:\/\/minval.org\/svm\/wp-content\/gallery\/fira_2011\/001.jpg\"\n\t\t\t\tdata-thumbnail=\"http:\/\/minval.org\/svm\/wp-content\/gallery\/fira_2011\/thumbs\/thumbs_001.jpg\"\n\t\t\t\tdata-image-id=\"1171\"\n\t\t\t\tdata-title=\"Primera hora de la ma\u00f1ana \"\n\t\t\t\tdata-description=\"Primera hora de la ma\u00f1ana \"\n\t\t\t\tdata-image-slug=\"\"\n\t\t\t\tclass=\"ngg-simplelightbox\" rel=\"edb2ed45afa696e59a7e36976c6bc5b7\">\n\t\t\t\t<img\n\t\t\t\t\ttitle=\"Primera hora de la ma\u00f1ana \"\n\t\t\t\t\talt=\"Primera hora de la ma\u00f1ana \"\n\t\t\t\t\tsrc=\"http:\/\/minval.org\/svm\/wp-content\/gallery\/fira_2011\/thumbs\/thumbs_001.jpg\"\n\t\t\t\t\twidth=\"100\"\n\t\t\t\t\theight=\"75\"\n\t\t\t\t\tstyle=\"max-width:100%;\"\n\t\t\t\t\/>\n\t\t\t<\/a>\n\t\t<\/div>\n\t\t\t\t\t\t\t<\/div> \n\t\t\t\n\t\t\t\t<div id=\"ngg-image-1\" class=\"ngg-gallery-thumbnail-box \n\t\t\t\t\t\t\t\t\t\t\t\" \n\t\t\t>\n\t\t\t\t\t\t<div class=\"ngg-gallery-thumbnail\">\n\t\t\t<a href=\"http:\/\/minval.org\/svm\/wp-content\/gallery\/fira_2011\/001a.jpg\"\n\t\t\t\ttitle=\"Preparando los stands\"\n\t\t\t\tdata-src=\"http:\/\/minval.org\/svm\/wp-content\/gallery\/fira_2011\/001a.jpg\"\n\t\t\t\tdata-thumbnail=\"http:\/\/minval.org\/svm\/wp-content\/gallery\/fira_2011\/thumbs\/thumbs_001a.jpg\"\n\t\t\t\tdata-image-id=\"1172\"\n\t\t\t\tdata-title=\"Preparando los stands\"\n\t\t\t\tdata-description=\"Preparando los stands\"\n\t\t\t\tdata-image-slug=\"\"\n\t\t\t\tclass=\"ngg-simplelightbox\" rel=\"edb2ed45afa696e59a7e36976c6bc5b7\">\n\t\t\t\t<img\n\t\t\t\t\ttitle=\"Preparando los stands\"\n\t\t\t\t\talt=\"Preparando los stands\"\n\t\t\t\t\tsrc=\"http:\/\/minval.org\/svm\/wp-content\/gallery\/fira_2011\/thumbs\/thumbs_001a.jpg\"\n\t\t\t\t\twidth=\"100\"\n\t\t\t\t\theight=\"75\"\n\t\t\t\t\tstyle=\"max-width:100%;\"\n\t\t\t\t\/>\n\t\t\t<\/a>\n\t\t<\/div>\n\t\t\t\t\t\t\t<\/div> \n\t\t\t\n\t\t\t\t<div id=\"ngg-image-2\" class=\"ngg-gallery-thumbnail-box \n\t\t\t\t\t\t\t\t\t\t\t\" \n\t\t\t>\n\t\t\t\t\t\t<div class=\"ngg-gallery-thumbnail\">\n\t\t\t<a href=\"http:\/\/minval.org\/svm\/wp-content\/gallery\/fira_2011\/002.jpg\"\n\t\t\t\ttitle=\"Expositor de manuel Mesa donde hab\u00eda una buena representaci\u00f3n de minerales de toda Espa\u00f1a\"\n\t\t\t\tdata-src=\"http:\/\/minval.org\/svm\/wp-content\/gallery\/fira_2011\/002.jpg\"\n\t\t\t\tdata-thumbnail=\"http:\/\/minval.org\/svm\/wp-content\/gallery\/fira_2011\/thumbs\/thumbs_002.jpg\"\n\t\t\t\tdata-image-id=\"1231\"\n\t\t\t\tdata-title=\"Manuel Mesa\"\n\t\t\t\tdata-description=\"Expositor de manuel Mesa donde hab\u00eda una buena representaci\u00f3n de minerales de toda Espa\u00f1a\"\n\t\t\t\tdata-image-slug=\"\"\n\t\t\t\tclass=\"ngg-simplelightbox\" rel=\"edb2ed45afa696e59a7e36976c6bc5b7\">\n\t\t\t\t<img\n\t\t\t\t\ttitle=\"Manuel Mesa\"\n\t\t\t\t\talt=\"Manuel Mesa\"\n\t\t\t\t\tsrc=\"http:\/\/minval.org\/svm\/wp-content\/gallery\/fira_2011\/thumbs\/thumbs_002.jpg\"\n\t\t\t\t\twidth=\"100\"\n\t\t\t\t\theight=\"75\"\n\t\t\t\t\tstyle=\"max-width:100%;\"\n\t\t\t\t\/>\n\t\t\t<\/a>\n\t\t<\/div>\n\t\t\t\t\t\t\t<\/div> \n\t\t\t\n\t\t\t\t<div id=\"ngg-image-3\" class=\"ngg-gallery-thumbnail-box \n\t\t\t\t\t\t\t\t\t\t\t\" \n\t\t\t>\n\t\t\t\t\t\t<div class=\"ngg-gallery-thumbnail\">\n\t\t\t<a href=\"http:\/\/minval.org\/svm\/wp-content\/gallery\/fira_2011\/002a.jpg\"\n\t\t\t\ttitle=\"Destacaban las Epidotas con andradita y cuarzo de la mina Aguablanca de Monesterio\"\n\t\t\t\tdata-src=\"http:\/\/minval.org\/svm\/wp-content\/gallery\/fira_2011\/002a.jpg\"\n\t\t\t\tdata-thumbnail=\"http:\/\/minval.org\/svm\/wp-content\/gallery\/fira_2011\/thumbs\/thumbs_002a.jpg\"\n\t\t\t\tdata-image-id=\"1173\"\n\t\t\t\tdata-title=\"Epidota de Monesterio\"\n\t\t\t\tdata-description=\"Destacaban las Epidotas con andradita y cuarzo de la mina Aguablanca de Monesterio\"\n\t\t\t\tdata-image-slug=\"\"\n\t\t\t\tclass=\"ngg-simplelightbox\" rel=\"edb2ed45afa696e59a7e36976c6bc5b7\">\n\t\t\t\t<img\n\t\t\t\t\ttitle=\"Epidota de Monesterio\"\n\t\t\t\t\talt=\"Epidota de Monesterio\"\n\t\t\t\t\tsrc=\"http:\/\/minval.org\/svm\/wp-content\/gallery\/fira_2011\/thumbs\/thumbs_002a.jpg\"\n\t\t\t\t\twidth=\"100\"\n\t\t\t\t\theight=\"75\"\n\t\t\t\t\tstyle=\"max-width:100%;\"\n\t\t\t\t\/>\n\t\t\t<\/a>\n\t\t<\/div>\n\t\t\t\t\t\t\t<\/div> \n\t\t\t\n\t\t\t\t<div id=\"ngg-image-4\" class=\"ngg-gallery-thumbnail-box \n\t\t\t\t\t\t\t\t\t\t\t\" \n\t\t\t>\n\t\t\t\t\t\t<div class=\"ngg-gallery-thumbnail\">\n\t\t\t<a href=\"http:\/\/minval.org\/svm\/wp-content\/gallery\/fira_2011\/002b.jpg\"\n\t\t\t\ttitle=\"Tambi\u00e9n hab\u00eda unos magn\u00edficos cobres nativos de la Corta Boin\u00e1s\"\n\t\t\t\tdata-src=\"http:\/\/minval.org\/svm\/wp-content\/gallery\/fira_2011\/002b.jpg\"\n\t\t\t\tdata-thumbnail=\"http:\/\/minval.org\/svm\/wp-content\/gallery\/fira_2011\/thumbs\/thumbs_002b.jpg\"\n\t\t\t\tdata-image-id=\"1174\"\n\t\t\t\tdata-title=\"Cobre de Boin\u00e1s\"\n\t\t\t\tdata-description=\"Tambi\u00e9n hab\u00eda unos magn\u00edficos cobres nativos de la Corta Boin\u00e1s\"\n\t\t\t\tdata-image-slug=\"\"\n\t\t\t\tclass=\"ngg-simplelightbox\" rel=\"edb2ed45afa696e59a7e36976c6bc5b7\">\n\t\t\t\t<img\n\t\t\t\t\ttitle=\"Cobre de Boin\u00e1s\"\n\t\t\t\t\talt=\"Cobre de Boin\u00e1s\"\n\t\t\t\t\tsrc=\"http:\/\/minval.org\/svm\/wp-content\/gallery\/fira_2011\/thumbs\/thumbs_002b.jpg\"\n\t\t\t\t\twidth=\"100\"\n\t\t\t\t\theight=\"75\"\n\t\t\t\t\tstyle=\"max-width:100%;\"\n\t\t\t\t\/>\n\t\t\t<\/a>\n\t\t<\/div>\n\t\t\t\t\t\t\t<\/div> \n\t\t\t\n\t\t\t\t<div id=\"ngg-image-5\" class=\"ngg-gallery-thumbnail-box \n\t\t\t\t\t\t\t\t\t\t\t\" \n\t\t\t>\n\t\t\t\t\t\t<div class=\"ngg-gallery-thumbnail\">\n\t\t\t<a href=\"http:\/\/minval.org\/svm\/wp-content\/gallery\/fira_2011\/002c.jpg\"\n\t\t\t\ttitle=\"Jos\u00e9 Ram\u00f3n Pastor en su stand acompa\u00f1ado por su esposa\"\n\t\t\t\tdata-src=\"http:\/\/minval.org\/svm\/wp-content\/gallery\/fira_2011\/002c.jpg\"\n\t\t\t\tdata-thumbnail=\"http:\/\/minval.org\/svm\/wp-content\/gallery\/fira_2011\/thumbs\/thumbs_002c.jpg\"\n\t\t\t\tdata-image-id=\"1175\"\n\t\t\t\tdata-title=\"Jos\u00e9 Ram\u00f3n Pastor en su stand\"\n\t\t\t\tdata-description=\"Jos\u00e9 Ram\u00f3n Pastor en su stand acompa\u00f1ado por su esposa\"\n\t\t\t\tdata-image-slug=\"\"\n\t\t\t\tclass=\"ngg-simplelightbox\" rel=\"edb2ed45afa696e59a7e36976c6bc5b7\">\n\t\t\t\t<img\n\t\t\t\t\ttitle=\"Jos\u00e9 Ram\u00f3n Pastor en su stand\"\n\t\t\t\t\talt=\"Jos\u00e9 Ram\u00f3n Pastor en su stand\"\n\t\t\t\t\tsrc=\"http:\/\/minval.org\/svm\/wp-content\/gallery\/fira_2011\/thumbs\/thumbs_002c.jpg\"\n\t\t\t\t\twidth=\"100\"\n\t\t\t\t\theight=\"75\"\n\t\t\t\t\tstyle=\"max-width:100%;\"\n\t\t\t\t\/>\n\t\t\t<\/a>\n\t\t<\/div>\n\t\t\t\t\t\t\t<\/div> \n\t\t\t\n\t\t\t\t<div id=\"ngg-image-6\" class=\"ngg-gallery-thumbnail-box \n\t\t\t\t\t\t\t\t\t\t\t\" \n\t\t\t>\n\t\t\t\t\t\t<div class=\"ngg-gallery-thumbnail\">\n\t\t\t<a href=\"http:\/\/minval.org\/svm\/wp-content\/gallery\/fira_2011\/002d.jpg\"\n\t\t\t\ttitle=\"Cuarzo verde del r\u00edo Monnegre de Muchamiel (Alicante)\"\n\t\t\t\tdata-src=\"http:\/\/minval.org\/svm\/wp-content\/gallery\/fira_2011\/002d.jpg\"\n\t\t\t\tdata-thumbnail=\"http:\/\/minval.org\/svm\/wp-content\/gallery\/fira_2011\/thumbs\/thumbs_002d.jpg\"\n\t\t\t\tdata-image-id=\"1176\"\n\t\t\t\tdata-title=\"Cuarzo verde de Muchamiel\"\n\t\t\t\tdata-description=\"Cuarzo verde del r\u00edo Monnegre de Muchamiel (Alicante)\"\n\t\t\t\tdata-image-slug=\"\"\n\t\t\t\tclass=\"ngg-simplelightbox\" rel=\"edb2ed45afa696e59a7e36976c6bc5b7\">\n\t\t\t\t<img\n\t\t\t\t\ttitle=\"Cuarzo verde de Muchamiel\"\n\t\t\t\t\talt=\"Cuarzo verde de Muchamiel\"\n\t\t\t\t\tsrc=\"http:\/\/minval.org\/svm\/wp-content\/gallery\/fira_2011\/thumbs\/thumbs_002d.jpg\"\n\t\t\t\t\twidth=\"100\"\n\t\t\t\t\theight=\"75\"\n\t\t\t\t\tstyle=\"max-width:100%;\"\n\t\t\t\t\/>\n\t\t\t<\/a>\n\t\t<\/div>\n\t\t\t\t\t\t\t<\/div> \n\t\t\t\n\t\t\t\t<div id=\"ngg-image-7\" class=\"ngg-gallery-thumbnail-box \n\t\t\t\t\t\t\t\t\t\t\t\" \n\t\t\t>\n\t\t\t\t\t\t<div class=\"ngg-gallery-thumbnail\">\n\t\t\t<a href=\"http:\/\/minval.org\/svm\/wp-content\/gallery\/fira_2011\/002e.jpg\"\n\t\t\t\ttitle=\"En esa parada destacaba un magn\u00edfico lote de estroncianitas de la sierra de Cabe\u00e7o d\\&#039;Or de Busot (Alicante)\"\n\t\t\t\tdata-src=\"http:\/\/minval.org\/svm\/wp-content\/gallery\/fira_2011\/002e.jpg\"\n\t\t\t\tdata-thumbnail=\"http:\/\/minval.org\/svm\/wp-content\/gallery\/fira_2011\/thumbs\/thumbs_002e.jpg\"\n\t\t\t\tdata-image-id=\"1177\"\n\t\t\t\tdata-title=\"Lote de Estroncianitas\"\n\t\t\t\tdata-description=\"En esa parada destacaba un magn\u00edfico lote de estroncianitas de la sierra de Cabe\u00e7o d&#039;Or de Busot (Alicante)\"\n\t\t\t\tdata-image-slug=\"\"\n\t\t\t\tclass=\"ngg-simplelightbox\" rel=\"edb2ed45afa696e59a7e36976c6bc5b7\">\n\t\t\t\t<img\n\t\t\t\t\ttitle=\"Lote de Estroncianitas\"\n\t\t\t\t\talt=\"Lote de Estroncianitas\"\n\t\t\t\t\tsrc=\"http:\/\/minval.org\/svm\/wp-content\/gallery\/fira_2011\/thumbs\/thumbs_002e.jpg\"\n\t\t\t\t\twidth=\"100\"\n\t\t\t\t\theight=\"75\"\n\t\t\t\t\tstyle=\"max-width:100%;\"\n\t\t\t\t\/>\n\t\t\t<\/a>\n\t\t<\/div>\n\t\t\t\t\t\t\t<\/div> \n\t\t\t\n\t\t\t\t<div id=\"ngg-image-8\" class=\"ngg-gallery-thumbnail-box \n\t\t\t\t\t\t\t\t\t\t\t\" \n\t\t\t>\n\t\t\t\t\t\t<div class=\"ngg-gallery-thumbnail\">\n\t\t\t<a href=\"http:\/\/minval.org\/svm\/wp-content\/gallery\/fira_2011\/003.jpg\"\n\t\t\t\ttitle=\"Naim en su parada\"\n\t\t\t\tdata-src=\"http:\/\/minval.org\/svm\/wp-content\/gallery\/fira_2011\/003.jpg\"\n\t\t\t\tdata-thumbnail=\"http:\/\/minval.org\/svm\/wp-content\/gallery\/fira_2011\/thumbs\/thumbs_003.jpg\"\n\t\t\t\tdata-image-id=\"1178\"\n\t\t\t\tdata-title=\"Naim en su parada\"\n\t\t\t\tdata-description=\"Naim en su parada\"\n\t\t\t\tdata-image-slug=\"\"\n\t\t\t\tclass=\"ngg-simplelightbox\" rel=\"edb2ed45afa696e59a7e36976c6bc5b7\">\n\t\t\t\t<img\n\t\t\t\t\ttitle=\"Naim en su parada\"\n\t\t\t\t\talt=\"Naim en su parada\"\n\t\t\t\t\tsrc=\"http:\/\/minval.org\/svm\/wp-content\/gallery\/fira_2011\/thumbs\/thumbs_003.jpg\"\n\t\t\t\t\twidth=\"100\"\n\t\t\t\t\theight=\"75\"\n\t\t\t\t\tstyle=\"max-width:100%;\"\n\t\t\t\t\/>\n\t\t\t<\/a>\n\t\t<\/div>\n\t\t\t\t\t\t\t<\/div> \n\t\t\t\n\t\t\t\t<div id=\"ngg-image-9\" class=\"ngg-gallery-thumbnail-box \n\t\t\t\t\t\t\t\t\t\t\t\" \n\t\t\t>\n\t\t\t\t\t\t<div class=\"ngg-gallery-thumbnail\">\n\t\t\t<a href=\"http:\/\/minval.org\/svm\/wp-content\/gallery\/fira_2011\/003a.jpg\"\n\t\t\t\ttitle=\"En ese stand destacaba una asociaciones de cuarzo con fluorita y unos buenos lotes de material procedente de China\"\n\t\t\t\tdata-src=\"http:\/\/minval.org\/svm\/wp-content\/gallery\/fira_2011\/003a.jpg\"\n\t\t\t\tdata-thumbnail=\"http:\/\/minval.org\/svm\/wp-content\/gallery\/fira_2011\/thumbs\/thumbs_003a.jpg\"\n\t\t\t\tdata-image-id=\"1179\"\n\t\t\t\tdata-title=\"Calcita China\"\n\t\t\t\tdata-description=\"En ese stand destacaba una asociaciones de cuarzo con fluorita y unos buenos lotes de material procedente de China\"\n\t\t\t\tdata-image-slug=\"\"\n\t\t\t\tclass=\"ngg-simplelightbox\" rel=\"edb2ed45afa696e59a7e36976c6bc5b7\">\n\t\t\t\t<img\n\t\t\t\t\ttitle=\"Calcita China\"\n\t\t\t\t\talt=\"Calcita China\"\n\t\t\t\t\tsrc=\"http:\/\/minval.org\/svm\/wp-content\/gallery\/fira_2011\/thumbs\/thumbs_003a.jpg\"\n\t\t\t\t\twidth=\"100\"\n\t\t\t\t\theight=\"75\"\n\t\t\t\t\tstyle=\"max-width:100%;\"\n\t\t\t\t\/>\n\t\t\t<\/a>\n\t\t<\/div>\n\t\t\t\t\t\t\t<\/div> \n\t\t\t\n\t\t\t\t<div id=\"ngg-image-10\" class=\"ngg-gallery-thumbnail-box \n\t\t\t\t\t\t\t\t\t\t\t\" \n\t\t\t>\n\t\t\t\t\t\t<div class=\"ngg-gallery-thumbnail\">\n\t\t\t<a href=\"http:\/\/minval.org\/svm\/wp-content\/gallery\/fira_2011\/004.jpg\"\n\t\t\t\ttitle=\"Roc\u00edo y Javier en su stand\"\n\t\t\t\tdata-src=\"http:\/\/minval.org\/svm\/wp-content\/gallery\/fira_2011\/004.jpg\"\n\t\t\t\tdata-thumbnail=\"http:\/\/minval.org\/svm\/wp-content\/gallery\/fira_2011\/thumbs\/thumbs_004.jpg\"\n\t\t\t\tdata-image-id=\"1180\"\n\t\t\t\tdata-title=\"Roc\u00edo y Javier en su stand\"\n\t\t\t\tdata-description=\"Roc\u00edo y Javier en su stand\"\n\t\t\t\tdata-image-slug=\"\"\n\t\t\t\tclass=\"ngg-simplelightbox\" rel=\"edb2ed45afa696e59a7e36976c6bc5b7\">\n\t\t\t\t<img\n\t\t\t\t\ttitle=\"Roc\u00edo y Javier en su stand\"\n\t\t\t\t\talt=\"Roc\u00edo y Javier en su stand\"\n\t\t\t\t\tsrc=\"http:\/\/minval.org\/svm\/wp-content\/gallery\/fira_2011\/thumbs\/thumbs_004.jpg\"\n\t\t\t\t\twidth=\"100\"\n\t\t\t\t\theight=\"75\"\n\t\t\t\t\tstyle=\"max-width:100%;\"\n\t\t\t\t\/>\n\t\t\t<\/a>\n\t\t<\/div>\n\t\t\t\t\t\t\t<\/div> \n\t\t\t\n\t\t\t\t<div id=\"ngg-image-11\" class=\"ngg-gallery-thumbnail-box \n\t\t\t\t\t\t\t\t\t\t\t\" \n\t\t\t>\n\t\t\t\t\t\t<div class=\"ngg-gallery-thumbnail\">\n\t\t\t<a href=\"http:\/\/minval.org\/svm\/wp-content\/gallery\/fira_2011\/004a.jpg\"\n\t\t\t\ttitle=\"Parada multicolor\"\n\t\t\t\tdata-src=\"http:\/\/minval.org\/svm\/wp-content\/gallery\/fira_2011\/004a.jpg\"\n\t\t\t\tdata-thumbnail=\"http:\/\/minval.org\/svm\/wp-content\/gallery\/fira_2011\/thumbs\/thumbs_004a.jpg\"\n\t\t\t\tdata-image-id=\"1181\"\n\t\t\t\tdata-title=\"Parada multicolor\"\n\t\t\t\tdata-description=\"Parada multicolor\"\n\t\t\t\tdata-image-slug=\"\"\n\t\t\t\tclass=\"ngg-simplelightbox\" rel=\"edb2ed45afa696e59a7e36976c6bc5b7\">\n\t\t\t\t<img\n\t\t\t\t\ttitle=\"Parada multicolor\"\n\t\t\t\t\talt=\"Parada multicolor\"\n\t\t\t\t\tsrc=\"http:\/\/minval.org\/svm\/wp-content\/gallery\/fira_2011\/thumbs\/thumbs_004a.jpg\"\n\t\t\t\t\twidth=\"100\"\n\t\t\t\t\theight=\"75\"\n\t\t\t\t\tstyle=\"max-width:100%;\"\n\t\t\t\t\/>\n\t\t\t<\/a>\n\t\t<\/div>\n\t\t\t\t\t\t\t<\/div> \n\t\t\t\n\t\t\t\t<div id=\"ngg-image-12\" class=\"ngg-gallery-thumbnail-box \n\t\t\t\t\t\t\t\t\t\t\t\" \n\t\t\t>\n\t\t\t\t\t\t<div class=\"ngg-gallery-thumbnail\">\n\t\t\t<a href=\"http:\/\/minval.org\/svm\/wp-content\/gallery\/fira_2011\/004b.jpg\"\n\t\t\t\ttitle=\"Baikal como siempre tra\u00eda muy buenos ejemplares entre los que destacamos fluoritas de La Collada, malaquitas de Marruecos y alabanditas peruanas\"\n\t\t\t\tdata-src=\"http:\/\/minval.org\/svm\/wp-content\/gallery\/fira_2011\/004b.jpg\"\n\t\t\t\tdata-thumbnail=\"http:\/\/minval.org\/svm\/wp-content\/gallery\/fira_2011\/thumbs\/thumbs_004b.jpg\"\n\t\t\t\tdata-image-id=\"1182\"\n\t\t\t\tdata-title=\"Stand de Baikal\"\n\t\t\t\tdata-description=\"Baikal como siempre tra\u00eda muy buenos ejemplares entre los que destacamos fluoritas de La Collada, malaquitas de Marruecos y alabanditas peruanas\"\n\t\t\t\tdata-image-slug=\"\"\n\t\t\t\tclass=\"ngg-simplelightbox\" rel=\"edb2ed45afa696e59a7e36976c6bc5b7\">\n\t\t\t\t<img\n\t\t\t\t\ttitle=\"Stand de Baikal\"\n\t\t\t\t\talt=\"Stand de Baikal\"\n\t\t\t\t\tsrc=\"http:\/\/minval.org\/svm\/wp-content\/gallery\/fira_2011\/thumbs\/thumbs_004b.jpg\"\n\t\t\t\t\twidth=\"100\"\n\t\t\t\t\theight=\"75\"\n\t\t\t\t\tstyle=\"max-width:100%;\"\n\t\t\t\t\/>\n\t\t\t<\/a>\n\t\t<\/div>\n\t\t\t\t\t\t\t<\/div> \n\t\t\t\n\t\t\t\t<div id=\"ngg-image-13\" class=\"ngg-gallery-thumbnail-box \n\t\t\t\t\t\t\t\t\t\t\t\" \n\t\t\t>\n\t\t\t\t\t\t<div class=\"ngg-gallery-thumbnail\">\n\t\t\t<a href=\"http:\/\/minval.org\/svm\/wp-content\/gallery\/fira_2011\/005.jpg\"\n\t\t\t\ttitle=\"Malaquita\"\n\t\t\t\tdata-src=\"http:\/\/minval.org\/svm\/wp-content\/gallery\/fira_2011\/005.jpg\"\n\t\t\t\tdata-thumbnail=\"http:\/\/minval.org\/svm\/wp-content\/gallery\/fira_2011\/thumbs\/thumbs_005.jpg\"\n\t\t\t\tdata-image-id=\"1183\"\n\t\t\t\tdata-title=\"Malaquita\"\n\t\t\t\tdata-description=\"Malaquita\"\n\t\t\t\tdata-image-slug=\"\"\n\t\t\t\tclass=\"ngg-simplelightbox\" rel=\"edb2ed45afa696e59a7e36976c6bc5b7\">\n\t\t\t\t<img\n\t\t\t\t\ttitle=\"Malaquita\"\n\t\t\t\t\talt=\"Malaquita\"\n\t\t\t\t\tsrc=\"http:\/\/minval.org\/svm\/wp-content\/gallery\/fira_2011\/thumbs\/thumbs_005.jpg\"\n\t\t\t\t\twidth=\"100\"\n\t\t\t\t\theight=\"75\"\n\t\t\t\t\tstyle=\"max-width:100%;\"\n\t\t\t\t\/>\n\t\t\t<\/a>\n\t\t<\/div>\n\t\t\t\t\t\t\t<\/div> \n\t\t\t\n\t\t\t\t<div id=\"ngg-image-14\" class=\"ngg-gallery-thumbnail-box \n\t\t\t\t\t\t\t\t\t\t\t\" \n\t\t\t>\n\t\t\t\t\t\t<div class=\"ngg-gallery-thumbnail\">\n\t\t\t<a href=\"http:\/\/minval.org\/svm\/wp-content\/gallery\/fira_2011\/006.jpg\"\n\t\t\t\ttitle=\"Gran ejemplar de fluorita de la Collada\"\n\t\t\t\tdata-src=\"http:\/\/minval.org\/svm\/wp-content\/gallery\/fira_2011\/006.jpg\"\n\t\t\t\tdata-thumbnail=\"http:\/\/minval.org\/svm\/wp-content\/gallery\/fira_2011\/thumbs\/thumbs_006.jpg\"\n\t\t\t\tdata-image-id=\"1184\"\n\t\t\t\tdata-title=\"Fluorita de la Collada\"\n\t\t\t\tdata-description=\"Gran ejemplar de fluorita de la Collada\"\n\t\t\t\tdata-image-slug=\"\"\n\t\t\t\tclass=\"ngg-simplelightbox\" rel=\"edb2ed45afa696e59a7e36976c6bc5b7\">\n\t\t\t\t<img\n\t\t\t\t\ttitle=\"Fluorita de la Collada\"\n\t\t\t\t\talt=\"Fluorita de la Collada\"\n\t\t\t\t\tsrc=\"http:\/\/minval.org\/svm\/wp-content\/gallery\/fira_2011\/thumbs\/thumbs_006.jpg\"\n\t\t\t\t\twidth=\"100\"\n\t\t\t\t\theight=\"75\"\n\t\t\t\t\tstyle=\"max-width:100%;\"\n\t\t\t\t\/>\n\t\t\t<\/a>\n\t\t<\/div>\n\t\t\t\t\t\t\t<\/div> \n\t\t\t\n\t\t\t\t<div id=\"ngg-image-15\" class=\"ngg-gallery-thumbnail-box \n\t\t\t\t\t\t\t\t\t\t\t\" \n\t\t\t>\n\t\t\t\t\t\t<div class=\"ngg-gallery-thumbnail\">\n\t\t\t<a href=\"http:\/\/minval.org\/svm\/wp-content\/gallery\/fira_2011\/006a.jpg\"\n\t\t\t\ttitle=\"Juan Antonio D\u00edaz en su parada\"\n\t\t\t\tdata-src=\"http:\/\/minval.org\/svm\/wp-content\/gallery\/fira_2011\/006a.jpg\"\n\t\t\t\tdata-thumbnail=\"http:\/\/minval.org\/svm\/wp-content\/gallery\/fira_2011\/thumbs\/thumbs_006a.jpg\"\n\t\t\t\tdata-image-id=\"1185\"\n\t\t\t\tdata-title=\"Juan Antonio D\u00edaz\"\n\t\t\t\tdata-description=\"Juan Antonio D\u00edaz en su parada\"\n\t\t\t\tdata-image-slug=\"\"\n\t\t\t\tclass=\"ngg-simplelightbox\" rel=\"edb2ed45afa696e59a7e36976c6bc5b7\">\n\t\t\t\t<img\n\t\t\t\t\ttitle=\"Juan Antonio D\u00edaz\"\n\t\t\t\t\talt=\"Juan Antonio D\u00edaz\"\n\t\t\t\t\tsrc=\"http:\/\/minval.org\/svm\/wp-content\/gallery\/fira_2011\/thumbs\/thumbs_006a.jpg\"\n\t\t\t\t\twidth=\"100\"\n\t\t\t\t\theight=\"75\"\n\t\t\t\t\tstyle=\"max-width:100%;\"\n\t\t\t\t\/>\n\t\t\t<\/a>\n\t\t<\/div>\n\t\t\t\t\t\t\t<\/div> \n\t\t\t\n\t\t\t\t<div id=\"ngg-image-16\" class=\"ngg-gallery-thumbnail-box \n\t\t\t\t\t\t\t\t\t\t\t\" \n\t\t\t>\n\t\t\t\t\t\t<div class=\"ngg-gallery-thumbnail\">\n\t\t\t<a href=\"http:\/\/minval.org\/svm\/wp-content\/gallery\/fira_2011\/009.jpg\"\n\t\t\t\ttitle=\"Este a\u00f1o como novedad expon\u00eda unos aragonitos de Viver (Castell\u00f3n)\"\n\t\t\t\tdata-src=\"http:\/\/minval.org\/svm\/wp-content\/gallery\/fira_2011\/009.jpg\"\n\t\t\t\tdata-thumbnail=\"http:\/\/minval.org\/svm\/wp-content\/gallery\/fira_2011\/thumbs\/thumbs_009.jpg\"\n\t\t\t\tdata-image-id=\"1186\"\n\t\t\t\tdata-title=\"Aragonitos de Viver \"\n\t\t\t\tdata-description=\"Este a\u00f1o como novedad expon\u00eda unos aragonitos de Viver (Castell\u00f3n)\"\n\t\t\t\tdata-image-slug=\"\"\n\t\t\t\tclass=\"ngg-simplelightbox\" rel=\"edb2ed45afa696e59a7e36976c6bc5b7\">\n\t\t\t\t<img\n\t\t\t\t\ttitle=\"Aragonitos de Viver \"\n\t\t\t\t\talt=\"Aragonitos de Viver \"\n\t\t\t\t\tsrc=\"http:\/\/minval.org\/svm\/wp-content\/gallery\/fira_2011\/thumbs\/thumbs_009.jpg\"\n\t\t\t\t\twidth=\"100\"\n\t\t\t\t\theight=\"75\"\n\t\t\t\t\tstyle=\"max-width:100%;\"\n\t\t\t\t\/>\n\t\t\t<\/a>\n\t\t<\/div>\n\t\t\t\t\t\t\t<\/div> \n\t\t\t\n\t\t\t\t<div id=\"ngg-image-17\" class=\"ngg-gallery-thumbnail-box \n\t\t\t\t\t\t\t\t\t\t\t\" \n\t\t\t>\n\t\t\t\t\t\t<div class=\"ngg-gallery-thumbnail\">\n\t\t\t<a href=\"http:\/\/minval.org\/svm\/wp-content\/gallery\/fira_2011\/009a.jpg\"\n\t\t\t\ttitle=\"Stand de Adri\u00e1n Pesudo\"\n\t\t\t\tdata-src=\"http:\/\/minval.org\/svm\/wp-content\/gallery\/fira_2011\/009a.jpg\"\n\t\t\t\tdata-thumbnail=\"http:\/\/minval.org\/svm\/wp-content\/gallery\/fira_2011\/thumbs\/thumbs_009a.jpg\"\n\t\t\t\tdata-image-id=\"1187\"\n\t\t\t\tdata-title=\"Stand de Adri\u00e1n Pesudo\"\n\t\t\t\tdata-description=\"Stand de Adri\u00e1n Pesudo\"\n\t\t\t\tdata-image-slug=\"\"\n\t\t\t\tclass=\"ngg-simplelightbox\" rel=\"edb2ed45afa696e59a7e36976c6bc5b7\">\n\t\t\t\t<img\n\t\t\t\t\ttitle=\"Stand de Adri\u00e1n Pesudo\"\n\t\t\t\t\talt=\"Stand de Adri\u00e1n Pesudo\"\n\t\t\t\t\tsrc=\"http:\/\/minval.org\/svm\/wp-content\/gallery\/fira_2011\/thumbs\/thumbs_009a.jpg\"\n\t\t\t\t\twidth=\"100\"\n\t\t\t\t\theight=\"75\"\n\t\t\t\t\tstyle=\"max-width:100%;\"\n\t\t\t\t\/>\n\t\t\t<\/a>\n\t\t<\/div>\n\t\t\t\t\t\t\t<\/div> \n\t\t\t\n\t\t\t\t<div id=\"ngg-image-18\" class=\"ngg-gallery-thumbnail-box \n\t\t\t\t\t\t\t\t\t\t\t\" \n\t\t\t>\n\t\t\t\t\t\t<div class=\"ngg-gallery-thumbnail\">\n\t\t\t<a href=\"http:\/\/minval.org\/svm\/wp-content\/gallery\/fira_2011\/009b.jpg\"\n\t\t\t\ttitle=\"En el stand de Adri\u00e1n hab\u00eda una completa representaci\u00f3n de minerales de la provincia de Castell\u00f3n de la cual es un referente\"\n\t\t\t\tdata-src=\"http:\/\/minval.org\/svm\/wp-content\/gallery\/fira_2011\/009b.jpg\"\n\t\t\t\tdata-thumbnail=\"http:\/\/minval.org\/svm\/wp-content\/gallery\/fira_2011\/thumbs\/thumbs_009b.jpg\"\n\t\t\t\tdata-image-id=\"1188\"\n\t\t\t\tdata-title=\"Adri\u00e1n atendiendo a los aficionados\"\n\t\t\t\tdata-description=\"En el stand de Adri\u00e1n hab\u00eda una completa representaci\u00f3n de minerales de la provincia de Castell\u00f3n de la cual es un referente\"\n\t\t\t\tdata-image-slug=\"\"\n\t\t\t\tclass=\"ngg-simplelightbox\" rel=\"edb2ed45afa696e59a7e36976c6bc5b7\">\n\t\t\t\t<img\n\t\t\t\t\ttitle=\"Adri\u00e1n atendiendo a los aficionados\"\n\t\t\t\t\talt=\"Adri\u00e1n atendiendo a los aficionados\"\n\t\t\t\t\tsrc=\"http:\/\/minval.org\/svm\/wp-content\/gallery\/fira_2011\/thumbs\/thumbs_009b.jpg\"\n\t\t\t\t\twidth=\"100\"\n\t\t\t\t\theight=\"75\"\n\t\t\t\t\tstyle=\"max-width:100%;\"\n\t\t\t\t\/>\n\t\t\t<\/a>\n\t\t<\/div>\n\t\t\t\t\t\t\t<\/div> \n\t\t\t\n\t\t\t\t<div id=\"ngg-image-19\" class=\"ngg-gallery-thumbnail-box \n\t\t\t\t\t\t\t\t\t\t\t\" \n\t\t\t>\n\t\t\t\t\t\t<div class=\"ngg-gallery-thumbnail\">\n\t\t\t<a href=\"http:\/\/minval.org\/svm\/wp-content\/gallery\/fira_2011\/010.jpg\"\n\t\t\t\ttitle=\"Destacaba una representaci\u00f3n de minerales de Christian Rewitzer\"\n\t\t\t\tdata-src=\"http:\/\/minval.org\/svm\/wp-content\/gallery\/fira_2011\/010.jpg\"\n\t\t\t\tdata-thumbnail=\"http:\/\/minval.org\/svm\/wp-content\/gallery\/fira_2011\/thumbs\/thumbs_010.jpg\"\n\t\t\t\tdata-image-id=\"1189\"\n\t\t\t\tdata-title=\"Minerales de Christian Rewitzer\"\n\t\t\t\tdata-description=\"Destacaba una representaci\u00f3n de minerales de Christian Rewitzer\"\n\t\t\t\tdata-image-slug=\"\"\n\t\t\t\tclass=\"ngg-simplelightbox\" rel=\"edb2ed45afa696e59a7e36976c6bc5b7\">\n\t\t\t\t<img\n\t\t\t\t\ttitle=\"Minerales de Christian Rewitzer\"\n\t\t\t\t\talt=\"Minerales de Christian Rewitzer\"\n\t\t\t\t\tsrc=\"http:\/\/minval.org\/svm\/wp-content\/gallery\/fira_2011\/thumbs\/thumbs_010.jpg\"\n\t\t\t\t\twidth=\"100\"\n\t\t\t\t\theight=\"75\"\n\t\t\t\t\tstyle=\"max-width:100%;\"\n\t\t\t\t\/>\n\t\t\t<\/a>\n\t\t<\/div>\n\t\t\t\t\t\t\t<\/div> \n\t\t\t\n\t\t\t\t<div id=\"ngg-image-20\" class=\"ngg-gallery-thumbnail-box \n\t\t\t\t\t\t\t\t\t\t\t\" \n\t\t\t>\n\t\t\t\t\t\t<div class=\"ngg-gallery-thumbnail\">\n\t\t\t<a href=\"http:\/\/minval.org\/svm\/wp-content\/gallery\/fira_2011\/010a.jpg\"\n\t\t\t\ttitle=\"En la parada de Emilio Tomico destacaban por su color y brillo una magn\u00edficas H\u00fcbneritas de Per\u00fa \"\n\t\t\t\tdata-src=\"http:\/\/minval.org\/svm\/wp-content\/gallery\/fira_2011\/010a.jpg\"\n\t\t\t\tdata-thumbnail=\"http:\/\/minval.org\/svm\/wp-content\/gallery\/fira_2011\/thumbs\/thumbs_010a.jpg\"\n\t\t\t\tdata-image-id=\"1190\"\n\t\t\t\tdata-title=\"Emilio Tomico en su stand\"\n\t\t\t\tdata-description=\"En la parada de Emilio Tomico destacaban por su color y brillo una magn\u00edficas H\u00fcbneritas de Per\u00fa \"\n\t\t\t\tdata-image-slug=\"\"\n\t\t\t\tclass=\"ngg-simplelightbox\" rel=\"edb2ed45afa696e59a7e36976c6bc5b7\">\n\t\t\t\t<img\n\t\t\t\t\ttitle=\"Emilio Tomico en su stand\"\n\t\t\t\t\talt=\"Emilio Tomico en su stand\"\n\t\t\t\t\tsrc=\"http:\/\/minval.org\/svm\/wp-content\/gallery\/fira_2011\/thumbs\/thumbs_010a.jpg\"\n\t\t\t\t\twidth=\"100\"\n\t\t\t\t\theight=\"75\"\n\t\t\t\t\tstyle=\"max-width:100%;\"\n\t\t\t\t\/>\n\t\t\t<\/a>\n\t\t<\/div>\n\t\t\t\t\t\t\t<\/div> \n\t\t\t\n\t\t\t\t<div id=\"ngg-image-21\" class=\"ngg-gallery-thumbnail-box \n\t\t\t\t\t\t\t\t\t\t\t\" \n\t\t\t>\n\t\t\t\t\t\t<div class=\"ngg-gallery-thumbnail\">\n\t\t\t<a href=\"http:\/\/minval.org\/svm\/wp-content\/gallery\/fira_2011\/010c.jpg\"\n\t\t\t\ttitle=\"Antonio \u00c1lvarez en su parada\"\n\t\t\t\tdata-src=\"http:\/\/minval.org\/svm\/wp-content\/gallery\/fira_2011\/010c.jpg\"\n\t\t\t\tdata-thumbnail=\"http:\/\/minval.org\/svm\/wp-content\/gallery\/fira_2011\/thumbs\/thumbs_010c.jpg\"\n\t\t\t\tdata-image-id=\"1191\"\n\t\t\t\tdata-title=\"Antonio \u00c1lvarez en su parada\"\n\t\t\t\tdata-description=\"Antonio \u00c1lvarez en su parada\"\n\t\t\t\tdata-image-slug=\"\"\n\t\t\t\tclass=\"ngg-simplelightbox\" rel=\"edb2ed45afa696e59a7e36976c6bc5b7\">\n\t\t\t\t<img\n\t\t\t\t\ttitle=\"Antonio \u00c1lvarez en su parada\"\n\t\t\t\t\talt=\"Antonio \u00c1lvarez en su parada\"\n\t\t\t\t\tsrc=\"http:\/\/minval.org\/svm\/wp-content\/gallery\/fira_2011\/thumbs\/thumbs_010c.jpg\"\n\t\t\t\t\twidth=\"100\"\n\t\t\t\t\theight=\"75\"\n\t\t\t\t\tstyle=\"max-width:100%;\"\n\t\t\t\t\/>\n\t\t\t<\/a>\n\t\t<\/div>\n\t\t\t\t\t\t\t<\/div> \n\t\t\t\n\t\t\t\t<div id=\"ngg-image-22\" class=\"ngg-gallery-thumbnail-box \n\t\t\t\t\t\t\t\t\t\t\t\" \n\t\t\t>\n\t\t\t\t\t\t<div class=\"ngg-gallery-thumbnail\">\n\t\t\t<a href=\"http:\/\/minval.org\/svm\/wp-content\/gallery\/fira_2011\/012.jpg\"\n\t\t\t\ttitle=\"Antonio expon\u00eda lotes de mineral espa\u00f1ol, entre el que destacaban las esfaleritas de la mina Troya y las calcosinas cristalizadas de Las Cruces de Gerena (Sevilla)\"\n\t\t\t\tdata-src=\"http:\/\/minval.org\/svm\/wp-content\/gallery\/fira_2011\/012.jpg\"\n\t\t\t\tdata-thumbnail=\"http:\/\/minval.org\/svm\/wp-content\/gallery\/fira_2011\/thumbs\/thumbs_012.jpg\"\n\t\t\t\tdata-image-id=\"1192\"\n\t\t\t\tdata-title=\"Lote de esfaleritas de la mina Troya\"\n\t\t\t\tdata-description=\"Antonio expon\u00eda lotes de mineral espa\u00f1ol, entre el que destacaban las esfaleritas de la mina Troya y las calcosinas cristalizadas de Las Cruces de Gerena (Sevilla)\"\n\t\t\t\tdata-image-slug=\"\"\n\t\t\t\tclass=\"ngg-simplelightbox\" rel=\"edb2ed45afa696e59a7e36976c6bc5b7\">\n\t\t\t\t<img\n\t\t\t\t\ttitle=\"Lote de esfaleritas de la mina Troya\"\n\t\t\t\t\talt=\"Lote de esfaleritas de la mina Troya\"\n\t\t\t\t\tsrc=\"http:\/\/minval.org\/svm\/wp-content\/gallery\/fira_2011\/thumbs\/thumbs_012.jpg\"\n\t\t\t\t\twidth=\"100\"\n\t\t\t\t\theight=\"75\"\n\t\t\t\t\tstyle=\"max-width:100%;\"\n\t\t\t\t\/>\n\t\t\t<\/a>\n\t\t<\/div>\n\t\t\t\t\t\t\t<\/div> \n\t\t\t\n\t\t\t\t<div id=\"ngg-image-23\" class=\"ngg-gallery-thumbnail-box \n\t\t\t\t\t\t\t\t\t\t\t\" \n\t\t\t>\n\t\t\t\t\t\t<div class=\"ngg-gallery-thumbnail\">\n\t\t\t<a href=\"http:\/\/minval.org\/svm\/wp-content\/gallery\/fira_2011\/015.jpg\"\n\t\t\t\ttitle=\"Miembros del grupo organizador Diego Ramia, Magdalena Ramos y Amalia Monfort\"\n\t\t\t\tdata-src=\"http:\/\/minval.org\/svm\/wp-content\/gallery\/fira_2011\/015.jpg\"\n\t\t\t\tdata-thumbnail=\"http:\/\/minval.org\/svm\/wp-content\/gallery\/fira_2011\/thumbs\/thumbs_015.jpg\"\n\t\t\t\tdata-image-id=\"1193\"\n\t\t\t\tdata-title=\"Miembros del grupo organizador Diego Ramia, Magdalena Ramos y Amalia Monfort\"\n\t\t\t\tdata-description=\"Miembros del grupo organizador Diego Ramia, Magdalena Ramos y Amalia Monfort\"\n\t\t\t\tdata-image-slug=\"\"\n\t\t\t\tclass=\"ngg-simplelightbox\" rel=\"edb2ed45afa696e59a7e36976c6bc5b7\">\n\t\t\t\t<img\n\t\t\t\t\ttitle=\"Miembros del grupo organizador Diego Ramia, Magdalena Ramos y Amalia Monfort\"\n\t\t\t\t\talt=\"Miembros del grupo organizador Diego Ramia, Magdalena Ramos y Amalia Monfort\"\n\t\t\t\t\tsrc=\"http:\/\/minval.org\/svm\/wp-content\/gallery\/fira_2011\/thumbs\/thumbs_015.jpg\"\n\t\t\t\t\twidth=\"100\"\n\t\t\t\t\theight=\"75\"\n\t\t\t\t\tstyle=\"max-width:100%;\"\n\t\t\t\t\/>\n\t\t\t<\/a>\n\t\t<\/div>\n\t\t\t\t\t\t\t<\/div> \n\t\t\t\n\t\n\t<br style=\"clear: both\" \/>\n\n\t\n\t\t<!-- Pagination -->\n\t\t<div class='ngg-navigation'><span class='current'>1<\/span>\n<a class='page-numbers' data-pageid='2' href='http:\/\/minval.org\/svm\/index.php\/nggallery\/page\/2?p=2889'>2<\/a>\n<a class='page-numbers' data-pageid='3' href='http:\/\/minval.org\/svm\/index.php\/nggallery\/page\/3?p=2889'>3<\/a>\n<a class='prev' href='http:\/\/minval.org\/svm\/index.php\/nggallery\/page\/2?p=2889' data-pageid=2>&#9658;<\/a><\/div>\t<\/div>\n<!--:--><!--:ca--><\/p>\n<\/p>\n<p><!--:--><!--:en--><\/p>\n<\/p>\n<p><!--:--><\/p>\n","protected":false},"excerpt":{"rendered":"<p>Cr\u00f3nica gr\u00e1fica de la XXIV feria de minerales de Castell\u00f3n celebrada los d\u00edas 26 y 27 de febrero de 2011 en la Plaza de Santa Clara de esa ciudad. Para verlo en presentaci\u00f3n panor\u00e1mica pulsar en [View with PicLens] y&#8230;<\/p>\n","protected":false},"author":2,"featured_media":0,"comment_status":"closed","ping_status":"closed","sticky":false,"template":"","format":"standard","meta":{"ngg_post_thumbnail":0,"footnotes":""},"categories":[5],"tags":[],"_links":{"self":[{"href":"http:\/\/minval.org\/svm\/index.php?rest_route=\/wp\/v2\/posts\/2889"}],"collection":[{"href":"http:\/\/minval.org\/svm\/index.php?rest_route=\/wp\/v2\/posts"}],"about":[{"href":"http:\/\/minval.org\/svm\/index.php?rest_route=\/wp\/v2\/types\/post"}],"author":[{"embeddable":true,"href":"http:\/\/minval.org\/svm\/index.php?rest_route=\/wp\/v2\/users\/2"}],"replies":[{"embeddable":true,"href":"http:\/\/minval.org\/svm\/index.php?rest_route=%2Fwp%2Fv2%2Fcomments&post=2889"}],"version-history":[{"count":0,"href":"http:\/\/minval.org\/svm\/index.php?rest_route=\/wp\/v2\/posts\/2889\/revisions"}],"wp:attachment":[{"href":"http:\/\/minval.org\/svm\/index.php?rest_route=%2Fwp%2Fv2%2Fmedia&parent=2889"}],"wp:term":[{"taxonomy":"category","embeddable":true,"href":"http:\/\/minval.org\/svm\/index.php?rest_route=%2Fwp%2Fv2%2Fcategories&post=2889"},{"taxonomy":"post_tag","embeddable":true,"href":"http:\/\/minval.org\/svm\/index.php?rest_route=%2Fwp%2Fv2%2Ftags&post=2889"}],"curies":[{"name":"wp","href":"https:\/\/api.w.org\/{rel}","templated":true}]}}