{"id":2899,"date":"2011-03-01T20:54:50","date_gmt":"2011-03-01T18:54:50","guid":{"rendered":"http:\/\/minval.org\/svm\/?p=2899"},"modified":"2011-03-01T20:54:50","modified_gmt":"2011-03-01T18:54:50","slug":"fiesta-de-la-sociedad","status":"publish","type":"post","link":"http:\/\/minval.org\/svm\/?p=2899","title":{"rendered":"Fiesta de la Sociedad"},"content":{"rendered":"<p><!--:es--><\/p>\n<h2><span style=\"font-family: Arial; font-size: x-small;\"><\/p>\n<div><span style=\"font-family: Arial; font-size: x-small;\">Estimados compa\u00f1eros y compa\u00f1eras.<\/span><\/div>\n<div><span style=\"font-family: Arial; font-size: x-small;\">Siguiendo la tradici\u00f3n de\u00a0celebrar peri\u00f3dicamente  el d\u00eda de la Sociedad, hemos pensado organizarlo esta vez, el domingo\u00a0uno de  mayo, en el parage de la Ermita de Vila-real (Castell\u00f3n),\u00a0en donde\u00a0lo hicimos la  primera vez. El objetivo ser\u00eda volvernos a ver sin las prisas de las ferias,  intercambiar minerales, degustar juntos una paella y otras viandas y pasar un  buen d\u00eda. Un lugar donde los ni\u00f1os (los que los tengan) puedan correr a sus  anchas sin peligro.<\/span><\/div>\n<div><span style=\"font-family: Arial; font-size: x-small;\">En principio el men\u00fa ser\u00eda<\/span><\/div>\n<div><span style=\"font-family: Arial; font-size: x-small;\">Aperitivos (p<\/span>apas, cacahuetes, altramuces,  entremeses del Maestrazgo)<\/div>\n<div>Paella (de Ram\u00f3n naturalmente)<\/div>\n<div>Postre (naranjas) y bebidas<\/div>\n<div>El precio ser\u00eda<\/div>\n<div>Miembros de la Societat Valenciana de Mineralogia y menores de 6  a\u00f1os,\u00a0gratis<\/div>\n<div>Acompa\u00f1antes y simpatizantes adultos, 6 euros<\/div>\n<div>J\u00f3venes (de 6 a 18 a\u00f1os), 4 euros<\/div>\n<div>Aunque falta bastante tiempo, hacemos esta primera convocatoria para que  guard\u00e9is ese d\u00eda en vuestra agenda. Conforme se acerque la fecha ya  concretaremos plazas y enviaremos un plano del lugar.<\/div>\n<p><\/span><\/h2>\n<h2><span style=\"font-family: Arial; font-size: x-small;\"><\/p>\n<p><\/span><\/h2>\n<p><!--:--><!--:ca--><\/p>\n<p><h3>Estimats companys i companyes.<\/h3>\n<h3>Seguint la tradici\u00f3 de celebrar peri\u00f2dicament el dia de la Societat, hem pensat organitzar-ho aquesta vegada, el diumenge un de maig, en el parage de l&#8217;ermita de Vila-real (Castell\u00f3), on ho vam fer la primera vegada. L&#8217;objectiu seria tornar-nos a veure sense les presses de les fires, intercanviar minerals, degustar junts una paella i altres viandes i passar un bon dia. Un lloc on els xiquets i xiquetes (els que els tinguen) puguen c\u00f3rrer a gust sense perill.<\/h3>\n<h3>En principi el men\u00fa seria<\/h3>\n<h3>Aperitius (papes, cacauets, tramussos, entremesos del Maestrat)<\/h3>\n<h3>Paella (de Ram\u00f3n naturalment)<\/h3>\n<h3>Postres (taronges) i begudes<\/h3>\n<h3>El preu seria<\/h3>\n<h3>Membres de la Societat Valenciana de Mineralogia i menors de 6 anys, de bades<\/h3>\n<h3>Acompanyants i simpatitzants adults, 6 euros<\/h3>\n<h3>J\u00f3vens (de 6 a 18 anys), 4 euros<\/h3>\n<h3>Encara que falta prou de temps, fem esta primera convocat\u00f2ria perqu\u00e8 guardeu eixe dia en la vostra agenda. Conforme s&#8217;acoste la data ja concretarem places i enviarem un pla del lloc.<\/h3>\n<\/p>\n<p><!--:--><!--:en--><\/p>\n<\/p>\n<p><!--:--><\/p>\n","protected":false},"excerpt":{"rendered":"<p>Estimados compa\u00f1eros y compa\u00f1eras. Siguiendo la tradici\u00f3n de\u00a0celebrar peri\u00f3dicamente el d\u00eda de la Sociedad, hemos pensado organizarlo esta vez, el domingo\u00a0uno de mayo, en el parage de la Ermita de Vila-real (Castell\u00f3n),\u00a0en donde\u00a0lo hicimos la primera vez. El objetivo ser\u00eda&#8230;<\/p>\n","protected":false},"author":2,"featured_media":0,"comment_status":"closed","ping_status":"closed","sticky":false,"template":"","format":"standard","meta":{"ngg_post_thumbnail":0,"footnotes":""},"categories":[5],"tags":[],"_links":{"self":[{"href":"http:\/\/minval.org\/svm\/index.php?rest_route=\/wp\/v2\/posts\/2899"}],"collection":[{"href":"http:\/\/minval.org\/svm\/index.php?rest_route=\/wp\/v2\/posts"}],"about":[{"href":"http:\/\/minval.org\/svm\/index.php?rest_route=\/wp\/v2\/types\/post"}],"author":[{"embeddable":true,"href":"http:\/\/minval.org\/svm\/index.php?rest_route=\/wp\/v2\/users\/2"}],"replies":[{"embeddable":true,"href":"http:\/\/minval.org\/svm\/index.php?rest_route=%2Fwp%2Fv2%2Fcomments&post=2899"}],"version-history":[{"count":0,"href":"http:\/\/minval.org\/svm\/index.php?rest_route=\/wp\/v2\/posts\/2899\/revisions"}],"wp:attachment":[{"href":"http:\/\/minval.org\/svm\/index.php?rest_route=%2Fwp%2Fv2%2Fmedia&parent=2899"}],"wp:term":[{"taxonomy":"category","embeddable":true,"href":"http:\/\/minval.org\/svm\/index.php?rest_route=%2Fwp%2Fv2%2Fcategories&post=2899"},{"taxonomy":"post_tag","embeddable":true,"href":"http:\/\/minval.org\/svm\/index.php?rest_route=%2Fwp%2Fv2%2Ftags&post=2899"}],"curies":[{"name":"wp","href":"https:\/\/api.w.org\/{rel}","templated":true}]}}