{"id":2967,"date":"2011-10-05T20:14:43","date_gmt":"2011-10-05T18:14:43","guid":{"rendered":"http:\/\/minval.org\/svm\/?p=2967"},"modified":"2011-10-05T20:14:43","modified_gmt":"2011-10-05T18:14:43","slug":"acta-numero-4","status":"publish","type":"post","link":"http:\/\/minval.org\/svm\/?p=2967","title":{"rendered":"Acta n\u00famero 4"},"content":{"rendered":"<p><!--:es--><\/p>\n<h3 style=\"text-align: justify;\">A las 16:00 horas del d\u00eda 2 de octubre de 2011, se re\u00fanen en el domicilio de Calixto Mesa, en la Ca\u00f1ada del Fenollar de Alicante, miembros de la Sociedad Valenciana de Mineralog\u00eda, con el siguiente orden del d\u00eda:<\/h3>\n<ol style=\"text-align: justify;\">\n<li>\n<h3>Lectura por parte del secretario del acta anterior, y aprobaci\u00f3n      si procede<\/h3>\n<\/li>\n<li>\n<h3>Estado de cuentas. Descripci\u00f3n de ingresos y gastos por el      tesorero<\/h3>\n<\/li>\n<li>\n<h3>Nuevas iniciativas. Por ejemplo. Exposici\u00f3n permanente de      minerales en el planetario de Castell\u00f3n por parte de la SVM<\/h3>\n<\/li>\n<li>\n<h3>Ruegos y preguntas<\/h3>\n<\/li>\n<\/ol>\n<h3 style=\"text-align: justify;\">Una vez le\u00edda el acta de la sesi\u00f3n anterior por el Secretario, fue aprobada por unanimidad.<\/h3>\n<h3 style=\"text-align: justify;\">En el segundo punto del orden del d\u00eda, el tesorero inform\u00f3 de las cuentas de la Sociedad que a d\u00eda de hoy cuenta con 4.442,64 euros.<\/h3>\n<h3 style=\"text-align: justify;\">En el tercer punto, se anunci\u00f3 la exposici\u00f3n de gemolog\u00eda que nuestra compa\u00f1era Mar\u00eda Jos\u00e9 Laguna tiene en el Planetario de Castell\u00f3n, se anim\u00f3 a su visita pues merece la pena y se la felicit\u00f3 por su trabajo. Tambi\u00e9n se propuso la posibilidad de realizar una exposici\u00f3n permanente en el mismo lugar, de Minerales de la Comunidad donados o cedidos por los socios o simpatizantes de nuestra Sociedad, indicando que en cada ficha figurar\u00eda la identidad del o la donante, en el caso que no advirtiera lo contrario y en todo caso se le librar\u00eda un documento de agradecimiento.<\/h3>\n<h3 style=\"text-align: justify;\">En el cap\u00edtulo de ruegos y preguntas D. Joan Rosell que adem\u00e1s de ser miembro de nuestra Societat lo es del Grup Mineral\u00f2gic Catal\u00e0, volvi\u00f3 a ofrecer la posibilidad de colaboraci\u00f3n con la revista Infom\u00edner que ahora se har\u00e1 a imprenta y repartirla entre nuestros socios. La propuesta fue aceptada por unanimidad y se acord\u00f3 que se reunir\u00e1n miembros de las dos sociedades para concretar los t\u00e9rminos.<\/h3>\n<h3 style=\"text-align: justify;\">El vicepresidente de la AMPSVR sugiri\u00f3 que se estudiara la posibilidad de realizar una exposici\u00f3n permanente en el Planetario de Castell\u00f3n semejante a la mencionada en el segundo punto del orden del d\u00eda pero de f\u00f3siles. Se qued\u00f3 que se estudiar\u00eda primero la parte legal y una vez aclarada se contactar\u00eda con la direcci\u00f3n de esa instituci\u00f3n.<\/h3>\n<h3 style=\"text-align: justify;\">Por \u00faltimo y por unanimidad se agradeci\u00f3 a nuestro socio Calixto Mesa el haber cedido las magn\u00edficas instalaciones de su vivienda para realizar la asamblea.<\/h3>\n<h3 style=\"text-align: justify;\">Sin m\u00e1s asuntos que tratar se cerr\u00f3 la sesi\u00f3n a las 17:15 horas del d\u00eda se\u00f1alado de la cual, como secretario, manifiesto.<\/h3>\n<h3 style=\"text-align: justify;\">Manuel Canseco Caball\u00e9<\/h3>\n<p><!--:--><!--:ca--><\/p>\n<\/p>\n<p><!--:--><!--:en--><\/p>\n<\/p>\n<p><!--:--><\/p>\n","protected":false},"excerpt":{"rendered":"<p>A las 16:00 horas del d\u00eda 2 de octubre de 2011, se re\u00fanen en el domicilio de Calixto Mesa, en la Ca\u00f1ada del Fenollar de Alicante, miembros de la Sociedad Valenciana de Mineralog\u00eda, con el siguiente orden del d\u00eda: Lectura&#8230;<\/p>\n","protected":false},"author":2,"featured_media":0,"comment_status":"closed","ping_status":"closed","sticky":false,"template":"","format":"standard","meta":{"ngg_post_thumbnail":0,"footnotes":""},"categories":[2],"tags":[],"_links":{"self":[{"href":"http:\/\/minval.org\/svm\/index.php?rest_route=\/wp\/v2\/posts\/2967"}],"collection":[{"href":"http:\/\/minval.org\/svm\/index.php?rest_route=\/wp\/v2\/posts"}],"about":[{"href":"http:\/\/minval.org\/svm\/index.php?rest_route=\/wp\/v2\/types\/post"}],"author":[{"embeddable":true,"href":"http:\/\/minval.org\/svm\/index.php?rest_route=\/wp\/v2\/users\/2"}],"replies":[{"embeddable":true,"href":"http:\/\/minval.org\/svm\/index.php?rest_route=%2Fwp%2Fv2%2Fcomments&post=2967"}],"version-history":[{"count":0,"href":"http:\/\/minval.org\/svm\/index.php?rest_route=\/wp\/v2\/posts\/2967\/revisions"}],"wp:attachment":[{"href":"http:\/\/minval.org\/svm\/index.php?rest_route=%2Fwp%2Fv2%2Fmedia&parent=2967"}],"wp:term":[{"taxonomy":"category","embeddable":true,"href":"http:\/\/minval.org\/svm\/index.php?rest_route=%2Fwp%2Fv2%2Fcategories&post=2967"},{"taxonomy":"post_tag","embeddable":true,"href":"http:\/\/minval.org\/svm\/index.php?rest_route=%2Fwp%2Fv2%2Ftags&post=2967"}],"curies":[{"name":"wp","href":"https:\/\/api.w.org\/{rel}","templated":true}]}}