{"id":2986,"date":"2012-03-19T23:04:15","date_gmt":"2012-03-19T21:04:15","guid":{"rendered":"http:\/\/minval.org\/svm\/?p=2986"},"modified":"2012-03-19T23:04:15","modified_gmt":"2012-03-19T21:04:15","slug":"cronica-de-la-xxv-feria-de-minerales-de-castellon","status":"publish","type":"post","link":"http:\/\/minval.org\/svm\/?p=2986","title":{"rendered":"Cr\u00f3nica de la XXV Feria de Minerales de Castell\u00f3n (2012)"},"content":{"rendered":"<p><!--:es-->Cr\u00f3nica gr\u00e1fica de la XXV feria de minerales de Castell\u00f3n celebrada  los d\u00edas 25 y 26 de febrero de 2012 en la Plaza de Santa Clara de esa  ciudad.<\/p>\n<p>Para verlo en presentaci\u00f3n panor\u00e1mica pulsar en [View with PicLens] y  luego elegir pantalla completa.<\/p>\n<p><!-- default-view.php -->\n<div\n\tclass=\"ngg-galleryoverview default-view \n\t\t\"\n\tid=\"ngg-gallery-b879ad439398ea90300232749230169e-1\">\n\n\t\t<!-- Thumbnails -->\n\t\t\t\t<div id=\"ngg-image-0\" class=\"ngg-gallery-thumbnail-box \n\t\t\t\t\t\t\t\t\t\t\t\" \n\t\t\t>\n\t\t\t\t\t\t<div class=\"ngg-gallery-thumbnail\">\n\t\t\t<a href=\"http:\/\/minval.org\/svm\/wp-content\/gallery\/fira_2012\/cartell-fira-2012.jpg\"\n\t\t\t\ttitle=\"Cartel de la  XXV Feria de Minerales. Zeunerita. Mina Estrella Verde. Ch\u00f3var\"\n\t\t\t\tdata-src=\"http:\/\/minval.org\/svm\/wp-content\/gallery\/fira_2012\/cartell-fira-2012.jpg\"\n\t\t\t\tdata-thumbnail=\"http:\/\/minval.org\/svm\/wp-content\/gallery\/fira_2012\/thumbs\/thumbs_cartell-fira-2012.jpg\"\n\t\t\t\tdata-image-id=\"1555\"\n\t\t\t\tdata-title=\"Cartel de la  XXV Feria de Minerales\"\n\t\t\t\tdata-description=\"Cartel de la  XXV Feria de Minerales. Zeunerita. Mina Estrella Verde. Ch\u00f3var\"\n\t\t\t\tdata-image-slug=\"\"\n\t\t\t\tclass=\"ngg-simplelightbox\" rel=\"b879ad439398ea90300232749230169e\">\n\t\t\t\t<img\n\t\t\t\t\ttitle=\"Cartel de la  XXV Feria de Minerales\"\n\t\t\t\t\talt=\"Cartel de la  XXV Feria de Minerales\"\n\t\t\t\t\tsrc=\"http:\/\/minval.org\/svm\/wp-content\/gallery\/fira_2012\/thumbs\/thumbs_cartell-fira-2012.jpg\"\n\t\t\t\t\twidth=\"52\"\n\t\t\t\t\theight=\"75\"\n\t\t\t\t\tstyle=\"max-width:100%;\"\n\t\t\t\t\/>\n\t\t\t<\/a>\n\t\t<\/div>\n\t\t\t\t\t\t\t<\/div> \n\t\t\t\n\t\t\t\t<div id=\"ngg-image-1\" class=\"ngg-gallery-thumbnail-box \n\t\t\t\t\t\t\t\t\t\t\t\" \n\t\t\t>\n\t\t\t\t\t\t<div class=\"ngg-gallery-thumbnail\">\n\t\t\t<a href=\"http:\/\/minval.org\/svm\/wp-content\/gallery\/fira_2012\/001.jpg\"\n\t\t\t\ttitle=\"Primera hora de la ma\u00f1ana del s\u00e1bado. Montaje de los puestos. Foto. Manuel Canseco\"\n\t\t\t\tdata-src=\"http:\/\/minval.org\/svm\/wp-content\/gallery\/fira_2012\/001.jpg\"\n\t\t\t\tdata-thumbnail=\"http:\/\/minval.org\/svm\/wp-content\/gallery\/fira_2012\/thumbs\/thumbs_001.jpg\"\n\t\t\t\tdata-image-id=\"1471\"\n\t\t\t\tdata-title=\"Primera hora de la ma\u00f1ana del s\u00e1bado\"\n\t\t\t\tdata-description=\"Primera hora de la ma\u00f1ana del s\u00e1bado. Montaje de los puestos. Foto. Manuel Canseco\"\n\t\t\t\tdata-image-slug=\"\"\n\t\t\t\tclass=\"ngg-simplelightbox\" rel=\"b879ad439398ea90300232749230169e\">\n\t\t\t\t<img\n\t\t\t\t\ttitle=\"Primera hora de la ma\u00f1ana del s\u00e1bado\"\n\t\t\t\t\talt=\"Primera hora de la ma\u00f1ana del s\u00e1bado\"\n\t\t\t\t\tsrc=\"http:\/\/minval.org\/svm\/wp-content\/gallery\/fira_2012\/thumbs\/thumbs_001.jpg\"\n\t\t\t\t\twidth=\"100\"\n\t\t\t\t\theight=\"75\"\n\t\t\t\t\tstyle=\"max-width:100%;\"\n\t\t\t\t\/>\n\t\t\t<\/a>\n\t\t<\/div>\n\t\t\t\t\t\t\t<\/div> \n\t\t\t\n\t\t\t\t<div id=\"ngg-image-2\" class=\"ngg-gallery-thumbnail-box \n\t\t\t\t\t\t\t\t\t\t\t\" \n\t\t\t>\n\t\t\t\t\t\t<div class=\"ngg-gallery-thumbnail\">\n\t\t\t<a href=\"http:\/\/minval.org\/svm\/wp-content\/gallery\/fira_2012\/002.jpg\"\n\t\t\t\ttitle=\"Primera hora de la ma\u00f1ana del s\u00e1bado. Montaje de los puestos. Foto. Manuel Canseco\"\n\t\t\t\tdata-src=\"http:\/\/minval.org\/svm\/wp-content\/gallery\/fira_2012\/002.jpg\"\n\t\t\t\tdata-thumbnail=\"http:\/\/minval.org\/svm\/wp-content\/gallery\/fira_2012\/thumbs\/thumbs_002.jpg\"\n\t\t\t\tdata-image-id=\"1472\"\n\t\t\t\tdata-title=\"Primera hora de la ma\u00f1ana del s\u00e1bado\"\n\t\t\t\tdata-description=\"Primera hora de la ma\u00f1ana del s\u00e1bado. Montaje de los puestos. Foto. Manuel Canseco\"\n\t\t\t\tdata-image-slug=\"\"\n\t\t\t\tclass=\"ngg-simplelightbox\" rel=\"b879ad439398ea90300232749230169e\">\n\t\t\t\t<img\n\t\t\t\t\ttitle=\"Primera hora de la ma\u00f1ana del s\u00e1bado\"\n\t\t\t\t\talt=\"Primera hora de la ma\u00f1ana del s\u00e1bado\"\n\t\t\t\t\tsrc=\"http:\/\/minval.org\/svm\/wp-content\/gallery\/fira_2012\/thumbs\/thumbs_002.jpg\"\n\t\t\t\t\twidth=\"100\"\n\t\t\t\t\theight=\"75\"\n\t\t\t\t\tstyle=\"max-width:100%;\"\n\t\t\t\t\/>\n\t\t\t<\/a>\n\t\t<\/div>\n\t\t\t\t\t\t\t<\/div> \n\t\t\t\n\t\t\t\t<div id=\"ngg-image-3\" class=\"ngg-gallery-thumbnail-box \n\t\t\t\t\t\t\t\t\t\t\t\" \n\t\t\t>\n\t\t\t\t\t\t<div class=\"ngg-gallery-thumbnail\">\n\t\t\t<a href=\"http:\/\/minval.org\/svm\/wp-content\/gallery\/fira_2012\/003.jpg\"\n\t\t\t\ttitle=\"Primera hora de la ma\u00f1ana del s\u00e1bado. Montaje de los puestos. Foto. Manuel Canseco\"\n\t\t\t\tdata-src=\"http:\/\/minval.org\/svm\/wp-content\/gallery\/fira_2012\/003.jpg\"\n\t\t\t\tdata-thumbnail=\"http:\/\/minval.org\/svm\/wp-content\/gallery\/fira_2012\/thumbs\/thumbs_003.jpg\"\n\t\t\t\tdata-image-id=\"1473\"\n\t\t\t\tdata-title=\"Primera hora de la ma\u00f1ana del s\u00e1bado\"\n\t\t\t\tdata-description=\"Primera hora de la ma\u00f1ana del s\u00e1bado. Montaje de los puestos. Foto. Manuel Canseco\"\n\t\t\t\tdata-image-slug=\"\"\n\t\t\t\tclass=\"ngg-simplelightbox\" rel=\"b879ad439398ea90300232749230169e\">\n\t\t\t\t<img\n\t\t\t\t\ttitle=\"Primera hora de la ma\u00f1ana del s\u00e1bado\"\n\t\t\t\t\talt=\"Primera hora de la ma\u00f1ana del s\u00e1bado\"\n\t\t\t\t\tsrc=\"http:\/\/minval.org\/svm\/wp-content\/gallery\/fira_2012\/thumbs\/thumbs_003.jpg\"\n\t\t\t\t\twidth=\"100\"\n\t\t\t\t\theight=\"75\"\n\t\t\t\t\tstyle=\"max-width:100%;\"\n\t\t\t\t\/>\n\t\t\t<\/a>\n\t\t<\/div>\n\t\t\t\t\t\t\t<\/div> \n\t\t\t\n\t\t\t\t<div id=\"ngg-image-4\" class=\"ngg-gallery-thumbnail-box \n\t\t\t\t\t\t\t\t\t\t\t\" \n\t\t\t>\n\t\t\t\t\t\t<div class=\"ngg-gallery-thumbnail\">\n\t\t\t<a href=\"http:\/\/minval.org\/svm\/wp-content\/gallery\/fira_2012\/004-gines.jpg\"\n\t\t\t\ttitle=\"Inauguraci\u00f3n por parte del alcalde de la ciudad Alfonso Bataller. Foto: Vicent Gin\u00e9s\"\n\t\t\t\tdata-src=\"http:\/\/minval.org\/svm\/wp-content\/gallery\/fira_2012\/004-gines.jpg\"\n\t\t\t\tdata-thumbnail=\"http:\/\/minval.org\/svm\/wp-content\/gallery\/fira_2012\/thumbs\/thumbs_004-gines.jpg\"\n\t\t\t\tdata-image-id=\"1474\"\n\t\t\t\tdata-title=\"Inauguraci\u00f3n\"\n\t\t\t\tdata-description=\"Inauguraci\u00f3n por parte del alcalde de la ciudad Alfonso Bataller. Foto: Vicent Gin\u00e9s\"\n\t\t\t\tdata-image-slug=\"\"\n\t\t\t\tclass=\"ngg-simplelightbox\" rel=\"b879ad439398ea90300232749230169e\">\n\t\t\t\t<img\n\t\t\t\t\ttitle=\"Inauguraci\u00f3n\"\n\t\t\t\t\talt=\"Inauguraci\u00f3n\"\n\t\t\t\t\tsrc=\"http:\/\/minval.org\/svm\/wp-content\/gallery\/fira_2012\/thumbs\/thumbs_004-gines.jpg\"\n\t\t\t\t\twidth=\"100\"\n\t\t\t\t\theight=\"66\"\n\t\t\t\t\tstyle=\"max-width:100%;\"\n\t\t\t\t\/>\n\t\t\t<\/a>\n\t\t<\/div>\n\t\t\t\t\t\t\t<\/div> \n\t\t\t\n\t\t\t\t<div id=\"ngg-image-5\" class=\"ngg-gallery-thumbnail-box \n\t\t\t\t\t\t\t\t\t\t\t\" \n\t\t\t>\n\t\t\t\t\t\t<div class=\"ngg-gallery-thumbnail\">\n\t\t\t<a href=\"http:\/\/minval.org\/svm\/wp-content\/gallery\/fira_2012\/005-gines.jpg\"\n\t\t\t\ttitle=\"El alcalde y las autoridades junto con miembros del Grup Geoda visitando los stands. Foto: Vicent Gin\u00e9s\"\n\t\t\t\tdata-src=\"http:\/\/minval.org\/svm\/wp-content\/gallery\/fira_2012\/005-gines.jpg\"\n\t\t\t\tdata-thumbnail=\"http:\/\/minval.org\/svm\/wp-content\/gallery\/fira_2012\/thumbs\/thumbs_005-gines.jpg\"\n\t\t\t\tdata-image-id=\"1475\"\n\t\t\t\tdata-title=\"El alcalde y las autoridades junto con miembros del Grup Geoda visitando los stands\"\n\t\t\t\tdata-description=\"El alcalde y las autoridades junto con miembros del Grup Geoda visitando los stands. Foto: Vicent Gin\u00e9s\"\n\t\t\t\tdata-image-slug=\"\"\n\t\t\t\tclass=\"ngg-simplelightbox\" rel=\"b879ad439398ea90300232749230169e\">\n\t\t\t\t<img\n\t\t\t\t\ttitle=\"El alcalde y las autoridades junto con miembros del Grup Geoda visitando los stands\"\n\t\t\t\t\talt=\"El alcalde y las autoridades junto con miembros del Grup Geoda visitando los stands\"\n\t\t\t\t\tsrc=\"http:\/\/minval.org\/svm\/wp-content\/gallery\/fira_2012\/thumbs\/thumbs_005-gines.jpg\"\n\t\t\t\t\twidth=\"100\"\n\t\t\t\t\theight=\"66\"\n\t\t\t\t\tstyle=\"max-width:100%;\"\n\t\t\t\t\/>\n\t\t\t<\/a>\n\t\t<\/div>\n\t\t\t\t\t\t\t<\/div> \n\t\t\t\n\t\t\t\t<div id=\"ngg-image-6\" class=\"ngg-gallery-thumbnail-box \n\t\t\t\t\t\t\t\t\t\t\t\" \n\t\t\t>\n\t\t\t\t\t\t<div class=\"ngg-gallery-thumbnail\">\n\t\t\t<a href=\"http:\/\/minval.org\/svm\/wp-content\/gallery\/fira_2012\/006-gines.jpg\"\n\t\t\t\ttitle=\"El alcalde y las autoridades junto con miembros del Grup Geoda visitando los stands. Foto: Vicent Gin\u00e9s. Foto: Vicent Gin\u00e9s\"\n\t\t\t\tdata-src=\"http:\/\/minval.org\/svm\/wp-content\/gallery\/fira_2012\/006-gines.jpg\"\n\t\t\t\tdata-thumbnail=\"http:\/\/minval.org\/svm\/wp-content\/gallery\/fira_2012\/thumbs\/thumbs_006-gines.jpg\"\n\t\t\t\tdata-image-id=\"1476\"\n\t\t\t\tdata-title=\"El alcalde y las autoridades junto con miembros del Grup Geoda visitando los stands\"\n\t\t\t\tdata-description=\"El alcalde y las autoridades junto con miembros del Grup Geoda visitando los stands. Foto: Vicent Gin\u00e9s. Foto: Vicent Gin\u00e9s\"\n\t\t\t\tdata-image-slug=\"\"\n\t\t\t\tclass=\"ngg-simplelightbox\" rel=\"b879ad439398ea90300232749230169e\">\n\t\t\t\t<img\n\t\t\t\t\ttitle=\"El alcalde y las autoridades junto con miembros del Grup Geoda visitando los stands\"\n\t\t\t\t\talt=\"El alcalde y las autoridades junto con miembros del Grup Geoda visitando los stands\"\n\t\t\t\t\tsrc=\"http:\/\/minval.org\/svm\/wp-content\/gallery\/fira_2012\/thumbs\/thumbs_006-gines.jpg\"\n\t\t\t\t\twidth=\"100\"\n\t\t\t\t\theight=\"66\"\n\t\t\t\t\tstyle=\"max-width:100%;\"\n\t\t\t\t\/>\n\t\t\t<\/a>\n\t\t<\/div>\n\t\t\t\t\t\t\t<\/div> \n\t\t\t\n\t\t\t\t<div id=\"ngg-image-7\" class=\"ngg-gallery-thumbnail-box \n\t\t\t\t\t\t\t\t\t\t\t\" \n\t\t\t>\n\t\t\t\t\t\t<div class=\"ngg-gallery-thumbnail\">\n\t\t\t<a href=\"http:\/\/minval.org\/svm\/wp-content\/gallery\/fira_2012\/007-gines.jpg\"\n\t\t\t\ttitle=\"El alcalde y las autoridades junto con miembros del Grup Geoda visitando los stands. Foto: Vicent Gin\u00e9s. Foto: Vicent Gin\u00e9s\"\n\t\t\t\tdata-src=\"http:\/\/minval.org\/svm\/wp-content\/gallery\/fira_2012\/007-gines.jpg\"\n\t\t\t\tdata-thumbnail=\"http:\/\/minval.org\/svm\/wp-content\/gallery\/fira_2012\/thumbs\/thumbs_007-gines.jpg\"\n\t\t\t\tdata-image-id=\"1477\"\n\t\t\t\tdata-title=\"El alcalde y las autoridades junto con miembros del Grup Geoda visitando los stands\"\n\t\t\t\tdata-description=\"El alcalde y las autoridades junto con miembros del Grup Geoda visitando los stands. Foto: Vicent Gin\u00e9s. Foto: Vicent Gin\u00e9s\"\n\t\t\t\tdata-image-slug=\"\"\n\t\t\t\tclass=\"ngg-simplelightbox\" rel=\"b879ad439398ea90300232749230169e\">\n\t\t\t\t<img\n\t\t\t\t\ttitle=\"El alcalde y las autoridades junto con miembros del Grup Geoda visitando los stands\"\n\t\t\t\t\talt=\"El alcalde y las autoridades junto con miembros del Grup Geoda visitando los stands\"\n\t\t\t\t\tsrc=\"http:\/\/minval.org\/svm\/wp-content\/gallery\/fira_2012\/thumbs\/thumbs_007-gines.jpg\"\n\t\t\t\t\twidth=\"100\"\n\t\t\t\t\theight=\"66\"\n\t\t\t\t\tstyle=\"max-width:100%;\"\n\t\t\t\t\/>\n\t\t\t<\/a>\n\t\t<\/div>\n\t\t\t\t\t\t\t<\/div> \n\t\t\t\n\t\t\t\t<div id=\"ngg-image-8\" class=\"ngg-gallery-thumbnail-box \n\t\t\t\t\t\t\t\t\t\t\t\" \n\t\t\t>\n\t\t\t\t\t\t<div class=\"ngg-gallery-thumbnail\">\n\t\t\t<a href=\"http:\/\/minval.org\/svm\/wp-content\/gallery\/fira_2012\/008-gines.jpg\"\n\t\t\t\ttitle=\"El alcalde y las autoridades junto con miembros del Grup Geoda visitando los stands. Foto: Vicent Gin\u00e9s. Foto: Vicent Gin\u00e9s\"\n\t\t\t\tdata-src=\"http:\/\/minval.org\/svm\/wp-content\/gallery\/fira_2012\/008-gines.jpg\"\n\t\t\t\tdata-thumbnail=\"http:\/\/minval.org\/svm\/wp-content\/gallery\/fira_2012\/thumbs\/thumbs_008-gines.jpg\"\n\t\t\t\tdata-image-id=\"1478\"\n\t\t\t\tdata-title=\"El alcalde y las autoridades junto con miembros del Grup Geoda visitando los stands\"\n\t\t\t\tdata-description=\"El alcalde y las autoridades junto con miembros del Grup Geoda visitando los stands. Foto: Vicent Gin\u00e9s. Foto: Vicent Gin\u00e9s\"\n\t\t\t\tdata-image-slug=\"\"\n\t\t\t\tclass=\"ngg-simplelightbox\" rel=\"b879ad439398ea90300232749230169e\">\n\t\t\t\t<img\n\t\t\t\t\ttitle=\"El alcalde y las autoridades junto con miembros del Grup Geoda visitando los stands\"\n\t\t\t\t\talt=\"El alcalde y las autoridades junto con miembros del Grup Geoda visitando los stands\"\n\t\t\t\t\tsrc=\"http:\/\/minval.org\/svm\/wp-content\/gallery\/fira_2012\/thumbs\/thumbs_008-gines.jpg\"\n\t\t\t\t\twidth=\"100\"\n\t\t\t\t\theight=\"66\"\n\t\t\t\t\tstyle=\"max-width:100%;\"\n\t\t\t\t\/>\n\t\t\t<\/a>\n\t\t<\/div>\n\t\t\t\t\t\t\t<\/div> \n\t\t\t\n\t\t\t\t<div id=\"ngg-image-9\" class=\"ngg-gallery-thumbnail-box \n\t\t\t\t\t\t\t\t\t\t\t\" \n\t\t\t>\n\t\t\t\t\t\t<div class=\"ngg-gallery-thumbnail\">\n\t\t\t<a href=\"http:\/\/minval.org\/svm\/wp-content\/gallery\/fira_2012\/009-gines.jpg\"\n\t\t\t\ttitle=\"El alcalde y las autoridades junto con miembros del Grup Geoda visitando los stands. Foto: Vicent Gin\u00e9s. Foto: Vicent Gin\u00e9s\"\n\t\t\t\tdata-src=\"http:\/\/minval.org\/svm\/wp-content\/gallery\/fira_2012\/009-gines.jpg\"\n\t\t\t\tdata-thumbnail=\"http:\/\/minval.org\/svm\/wp-content\/gallery\/fira_2012\/thumbs\/thumbs_009-gines.jpg\"\n\t\t\t\tdata-image-id=\"1479\"\n\t\t\t\tdata-title=\"El alcalde y las autoridades junto con miembros del Grup Geoda visitando los stands\"\n\t\t\t\tdata-description=\"El alcalde y las autoridades junto con miembros del Grup Geoda visitando los stands. Foto: Vicent Gin\u00e9s. Foto: Vicent Gin\u00e9s\"\n\t\t\t\tdata-image-slug=\"\"\n\t\t\t\tclass=\"ngg-simplelightbox\" rel=\"b879ad439398ea90300232749230169e\">\n\t\t\t\t<img\n\t\t\t\t\ttitle=\"El alcalde y las autoridades junto con miembros del Grup Geoda visitando los stands\"\n\t\t\t\t\talt=\"El alcalde y las autoridades junto con miembros del Grup Geoda visitando los stands\"\n\t\t\t\t\tsrc=\"http:\/\/minval.org\/svm\/wp-content\/gallery\/fira_2012\/thumbs\/thumbs_009-gines.jpg\"\n\t\t\t\t\twidth=\"100\"\n\t\t\t\t\theight=\"66\"\n\t\t\t\t\tstyle=\"max-width:100%;\"\n\t\t\t\t\/>\n\t\t\t<\/a>\n\t\t<\/div>\n\t\t\t\t\t\t\t<\/div> \n\t\t\t\n\t\t\t\t<div id=\"ngg-image-10\" class=\"ngg-gallery-thumbnail-box \n\t\t\t\t\t\t\t\t\t\t\t\" \n\t\t\t>\n\t\t\t\t\t\t<div class=\"ngg-gallery-thumbnail\">\n\t\t\t<a href=\"http:\/\/minval.org\/svm\/wp-content\/gallery\/fira_2012\/010-gines.jpg\"\n\t\t\t\ttitle=\"Miembros del Grup Geoda. Foto: Vicent Gin\u00e9s\"\n\t\t\t\tdata-src=\"http:\/\/minval.org\/svm\/wp-content\/gallery\/fira_2012\/010-gines.jpg\"\n\t\t\t\tdata-thumbnail=\"http:\/\/minval.org\/svm\/wp-content\/gallery\/fira_2012\/thumbs\/thumbs_010-gines.jpg\"\n\t\t\t\tdata-image-id=\"1480\"\n\t\t\t\tdata-title=\"Miembros del Grup Geoda\"\n\t\t\t\tdata-description=\"Miembros del Grup Geoda. Foto: Vicent Gin\u00e9s\"\n\t\t\t\tdata-image-slug=\"\"\n\t\t\t\tclass=\"ngg-simplelightbox\" rel=\"b879ad439398ea90300232749230169e\">\n\t\t\t\t<img\n\t\t\t\t\ttitle=\"Miembros del Grup Geoda\"\n\t\t\t\t\talt=\"Miembros del Grup Geoda\"\n\t\t\t\t\tsrc=\"http:\/\/minval.org\/svm\/wp-content\/gallery\/fira_2012\/thumbs\/thumbs_010-gines.jpg\"\n\t\t\t\t\twidth=\"49\"\n\t\t\t\t\theight=\"75\"\n\t\t\t\t\tstyle=\"max-width:100%;\"\n\t\t\t\t\/>\n\t\t\t<\/a>\n\t\t<\/div>\n\t\t\t\t\t\t\t<\/div> \n\t\t\t\n\t\t\t\t<div id=\"ngg-image-11\" class=\"ngg-gallery-thumbnail-box \n\t\t\t\t\t\t\t\t\t\t\t\" \n\t\t\t>\n\t\t\t\t\t\t<div class=\"ngg-gallery-thumbnail\">\n\t\t\t<a href=\"http:\/\/minval.org\/svm\/wp-content\/gallery\/fira_2012\/011-gines.jpg\"\n\t\t\t\ttitle=\"Vista de la Feria. Foto: Vicent Gin\u00e9s\"\n\t\t\t\tdata-src=\"http:\/\/minval.org\/svm\/wp-content\/gallery\/fira_2012\/011-gines.jpg\"\n\t\t\t\tdata-thumbnail=\"http:\/\/minval.org\/svm\/wp-content\/gallery\/fira_2012\/thumbs\/thumbs_011-gines.jpg\"\n\t\t\t\tdata-image-id=\"1481\"\n\t\t\t\tdata-title=\"Vista de la Feria\"\n\t\t\t\tdata-description=\"Vista de la Feria. Foto: Vicent Gin\u00e9s\"\n\t\t\t\tdata-image-slug=\"\"\n\t\t\t\tclass=\"ngg-simplelightbox\" rel=\"b879ad439398ea90300232749230169e\">\n\t\t\t\t<img\n\t\t\t\t\ttitle=\"Vista de la Feria\"\n\t\t\t\t\talt=\"Vista de la Feria\"\n\t\t\t\t\tsrc=\"http:\/\/minval.org\/svm\/wp-content\/gallery\/fira_2012\/thumbs\/thumbs_011-gines.jpg\"\n\t\t\t\t\twidth=\"100\"\n\t\t\t\t\theight=\"66\"\n\t\t\t\t\tstyle=\"max-width:100%;\"\n\t\t\t\t\/>\n\t\t\t<\/a>\n\t\t<\/div>\n\t\t\t\t\t\t\t<\/div> \n\t\t\t\n\t\t\t\t<div id=\"ngg-image-12\" class=\"ngg-gallery-thumbnail-box \n\t\t\t\t\t\t\t\t\t\t\t\" \n\t\t\t>\n\t\t\t\t\t\t<div class=\"ngg-gallery-thumbnail\">\n\t\t\t<a href=\"http:\/\/minval.org\/svm\/wp-content\/gallery\/fira_2012\/012-gines.jpg\"\n\t\t\t\ttitle=\"Vista de la Feria. Foto: Vicent Gin\u00e9s\"\n\t\t\t\tdata-src=\"http:\/\/minval.org\/svm\/wp-content\/gallery\/fira_2012\/012-gines.jpg\"\n\t\t\t\tdata-thumbnail=\"http:\/\/minval.org\/svm\/wp-content\/gallery\/fira_2012\/thumbs\/thumbs_012-gines.jpg\"\n\t\t\t\tdata-image-id=\"1482\"\n\t\t\t\tdata-title=\"Vista de la Feria\"\n\t\t\t\tdata-description=\"Vista de la Feria. Foto: Vicent Gin\u00e9s\"\n\t\t\t\tdata-image-slug=\"\"\n\t\t\t\tclass=\"ngg-simplelightbox\" rel=\"b879ad439398ea90300232749230169e\">\n\t\t\t\t<img\n\t\t\t\t\ttitle=\"Vista de la Feria\"\n\t\t\t\t\talt=\"Vista de la Feria\"\n\t\t\t\t\tsrc=\"http:\/\/minval.org\/svm\/wp-content\/gallery\/fira_2012\/thumbs\/thumbs_012-gines.jpg\"\n\t\t\t\t\twidth=\"100\"\n\t\t\t\t\theight=\"66\"\n\t\t\t\t\tstyle=\"max-width:100%;\"\n\t\t\t\t\/>\n\t\t\t<\/a>\n\t\t<\/div>\n\t\t\t\t\t\t\t<\/div> \n\t\t\t\n\t\t\t\t<div id=\"ngg-image-13\" class=\"ngg-gallery-thumbnail-box \n\t\t\t\t\t\t\t\t\t\t\t\" \n\t\t\t>\n\t\t\t\t\t\t<div class=\"ngg-gallery-thumbnail\">\n\t\t\t<a href=\"http:\/\/minval.org\/svm\/wp-content\/gallery\/fira_2012\/013-gines.jpg\"\n\t\t\t\ttitle=\"Vista de la Feria. Foto: Vicent Gin\u00e9s\"\n\t\t\t\tdata-src=\"http:\/\/minval.org\/svm\/wp-content\/gallery\/fira_2012\/013-gines.jpg\"\n\t\t\t\tdata-thumbnail=\"http:\/\/minval.org\/svm\/wp-content\/gallery\/fira_2012\/thumbs\/thumbs_013-gines.jpg\"\n\t\t\t\tdata-image-id=\"1483\"\n\t\t\t\tdata-title=\"Vista de la Feria\"\n\t\t\t\tdata-description=\"Vista de la Feria. Foto: Vicent Gin\u00e9s\"\n\t\t\t\tdata-image-slug=\"\"\n\t\t\t\tclass=\"ngg-simplelightbox\" rel=\"b879ad439398ea90300232749230169e\">\n\t\t\t\t<img\n\t\t\t\t\ttitle=\"Vista de la Feria\"\n\t\t\t\t\talt=\"Vista de la Feria\"\n\t\t\t\t\tsrc=\"http:\/\/minval.org\/svm\/wp-content\/gallery\/fira_2012\/thumbs\/thumbs_013-gines.jpg\"\n\t\t\t\t\twidth=\"100\"\n\t\t\t\t\theight=\"66\"\n\t\t\t\t\tstyle=\"max-width:100%;\"\n\t\t\t\t\/>\n\t\t\t<\/a>\n\t\t<\/div>\n\t\t\t\t\t\t\t<\/div> \n\t\t\t\n\t\t\t\t<div id=\"ngg-image-14\" class=\"ngg-gallery-thumbnail-box \n\t\t\t\t\t\t\t\t\t\t\t\" \n\t\t\t>\n\t\t\t\t\t\t<div class=\"ngg-gallery-thumbnail\">\n\t\t\t<a href=\"http:\/\/minval.org\/svm\/wp-content\/gallery\/fira_2012\/014-gines.jpg\"\n\t\t\t\ttitle=\"Vista de la Feria. Foto: Vicent Gin\u00e9s\"\n\t\t\t\tdata-src=\"http:\/\/minval.org\/svm\/wp-content\/gallery\/fira_2012\/014-gines.jpg\"\n\t\t\t\tdata-thumbnail=\"http:\/\/minval.org\/svm\/wp-content\/gallery\/fira_2012\/thumbs\/thumbs_014-gines.jpg\"\n\t\t\t\tdata-image-id=\"1484\"\n\t\t\t\tdata-title=\"Vista de la Feria\"\n\t\t\t\tdata-description=\"Vista de la Feria. Foto: Vicent Gin\u00e9s\"\n\t\t\t\tdata-image-slug=\"\"\n\t\t\t\tclass=\"ngg-simplelightbox\" rel=\"b879ad439398ea90300232749230169e\">\n\t\t\t\t<img\n\t\t\t\t\ttitle=\"Vista de la Feria\"\n\t\t\t\t\talt=\"Vista de la Feria\"\n\t\t\t\t\tsrc=\"http:\/\/minval.org\/svm\/wp-content\/gallery\/fira_2012\/thumbs\/thumbs_014-gines.jpg\"\n\t\t\t\t\twidth=\"100\"\n\t\t\t\t\theight=\"66\"\n\t\t\t\t\tstyle=\"max-width:100%;\"\n\t\t\t\t\/>\n\t\t\t<\/a>\n\t\t<\/div>\n\t\t\t\t\t\t\t<\/div> \n\t\t\t\n\t\t\t\t<div id=\"ngg-image-15\" class=\"ngg-gallery-thumbnail-box \n\t\t\t\t\t\t\t\t\t\t\t\" \n\t\t\t>\n\t\t\t\t\t\t<div class=\"ngg-gallery-thumbnail\">\n\t\t\t<a href=\"http:\/\/minval.org\/svm\/wp-content\/gallery\/fira_2012\/015-gines.jpg\"\n\t\t\t\ttitle=\"Vista de la Feria. Foto: Vicent Gin\u00e9s\"\n\t\t\t\tdata-src=\"http:\/\/minval.org\/svm\/wp-content\/gallery\/fira_2012\/015-gines.jpg\"\n\t\t\t\tdata-thumbnail=\"http:\/\/minval.org\/svm\/wp-content\/gallery\/fira_2012\/thumbs\/thumbs_015-gines.jpg\"\n\t\t\t\tdata-image-id=\"1485\"\n\t\t\t\tdata-title=\"Vista de la Feria\"\n\t\t\t\tdata-description=\"Vista de la Feria. Foto: Vicent Gin\u00e9s\"\n\t\t\t\tdata-image-slug=\"\"\n\t\t\t\tclass=\"ngg-simplelightbox\" rel=\"b879ad439398ea90300232749230169e\">\n\t\t\t\t<img\n\t\t\t\t\ttitle=\"Vista de la Feria\"\n\t\t\t\t\talt=\"Vista de la Feria\"\n\t\t\t\t\tsrc=\"http:\/\/minval.org\/svm\/wp-content\/gallery\/fira_2012\/thumbs\/thumbs_015-gines.jpg\"\n\t\t\t\t\twidth=\"100\"\n\t\t\t\t\theight=\"66\"\n\t\t\t\t\tstyle=\"max-width:100%;\"\n\t\t\t\t\/>\n\t\t\t<\/a>\n\t\t<\/div>\n\t\t\t\t\t\t\t<\/div> \n\t\t\t\n\t\t\t\t<div id=\"ngg-image-16\" class=\"ngg-gallery-thumbnail-box \n\t\t\t\t\t\t\t\t\t\t\t\" \n\t\t\t>\n\t\t\t\t\t\t<div class=\"ngg-gallery-thumbnail\">\n\t\t\t<a href=\"http:\/\/minval.org\/svm\/wp-content\/gallery\/fira_2012\/016-gines.jpg\"\n\t\t\t\ttitle=\"Vista de la Feria. Foto: Vicent Gin\u00e9s\"\n\t\t\t\tdata-src=\"http:\/\/minval.org\/svm\/wp-content\/gallery\/fira_2012\/016-gines.jpg\"\n\t\t\t\tdata-thumbnail=\"http:\/\/minval.org\/svm\/wp-content\/gallery\/fira_2012\/thumbs\/thumbs_016-gines.jpg\"\n\t\t\t\tdata-image-id=\"1486\"\n\t\t\t\tdata-title=\"Vista de la Feria\"\n\t\t\t\tdata-description=\"Vista de la Feria. Foto: Vicent Gin\u00e9s\"\n\t\t\t\tdata-image-slug=\"\"\n\t\t\t\tclass=\"ngg-simplelightbox\" rel=\"b879ad439398ea90300232749230169e\">\n\t\t\t\t<img\n\t\t\t\t\ttitle=\"Vista de la Feria\"\n\t\t\t\t\talt=\"Vista de la Feria\"\n\t\t\t\t\tsrc=\"http:\/\/minval.org\/svm\/wp-content\/gallery\/fira_2012\/thumbs\/thumbs_016-gines.jpg\"\n\t\t\t\t\twidth=\"49\"\n\t\t\t\t\theight=\"75\"\n\t\t\t\t\tstyle=\"max-width:100%;\"\n\t\t\t\t\/>\n\t\t\t<\/a>\n\t\t<\/div>\n\t\t\t\t\t\t\t<\/div> \n\t\t\t\n\t\t\t\t<div id=\"ngg-image-17\" class=\"ngg-gallery-thumbnail-box \n\t\t\t\t\t\t\t\t\t\t\t\" \n\t\t\t>\n\t\t\t\t\t\t<div class=\"ngg-gallery-thumbnail\">\n\t\t\t<a href=\"http:\/\/minval.org\/svm\/wp-content\/gallery\/fira_2012\/017-gines.jpg\"\n\t\t\t\ttitle=\"Vista de la Feria. Foto: Vicent Gin\u00e9s\"\n\t\t\t\tdata-src=\"http:\/\/minval.org\/svm\/wp-content\/gallery\/fira_2012\/017-gines.jpg\"\n\t\t\t\tdata-thumbnail=\"http:\/\/minval.org\/svm\/wp-content\/gallery\/fira_2012\/thumbs\/thumbs_017-gines.jpg\"\n\t\t\t\tdata-image-id=\"1487\"\n\t\t\t\tdata-title=\"Vista de la Feria\"\n\t\t\t\tdata-description=\"Vista de la Feria. Foto: Vicent Gin\u00e9s\"\n\t\t\t\tdata-image-slug=\"\"\n\t\t\t\tclass=\"ngg-simplelightbox\" rel=\"b879ad439398ea90300232749230169e\">\n\t\t\t\t<img\n\t\t\t\t\ttitle=\"Vista de la Feria\"\n\t\t\t\t\talt=\"Vista de la Feria\"\n\t\t\t\t\tsrc=\"http:\/\/minval.org\/svm\/wp-content\/gallery\/fira_2012\/thumbs\/thumbs_017-gines.jpg\"\n\t\t\t\t\twidth=\"49\"\n\t\t\t\t\theight=\"75\"\n\t\t\t\t\tstyle=\"max-width:100%;\"\n\t\t\t\t\/>\n\t\t\t<\/a>\n\t\t<\/div>\n\t\t\t\t\t\t\t<\/div> \n\t\t\t\n\t\t\t\t<div id=\"ngg-image-18\" class=\"ngg-gallery-thumbnail-box \n\t\t\t\t\t\t\t\t\t\t\t\" \n\t\t\t>\n\t\t\t\t\t\t<div class=\"ngg-gallery-thumbnail\">\n\t\t\t<a href=\"http:\/\/minval.org\/svm\/wp-content\/gallery\/fira_2012\/018-gines.jpg\"\n\t\t\t\ttitle=\"Vista de la Feria. Foto: Vicent Gin\u00e9s\"\n\t\t\t\tdata-src=\"http:\/\/minval.org\/svm\/wp-content\/gallery\/fira_2012\/018-gines.jpg\"\n\t\t\t\tdata-thumbnail=\"http:\/\/minval.org\/svm\/wp-content\/gallery\/fira_2012\/thumbs\/thumbs_018-gines.jpg\"\n\t\t\t\tdata-image-id=\"1488\"\n\t\t\t\tdata-title=\"Vista de la Feria\"\n\t\t\t\tdata-description=\"Vista de la Feria. Foto: Vicent Gin\u00e9s\"\n\t\t\t\tdata-image-slug=\"\"\n\t\t\t\tclass=\"ngg-simplelightbox\" rel=\"b879ad439398ea90300232749230169e\">\n\t\t\t\t<img\n\t\t\t\t\ttitle=\"Vista de la Feria\"\n\t\t\t\t\talt=\"Vista de la Feria\"\n\t\t\t\t\tsrc=\"http:\/\/minval.org\/svm\/wp-content\/gallery\/fira_2012\/thumbs\/thumbs_018-gines.jpg\"\n\t\t\t\t\twidth=\"49\"\n\t\t\t\t\theight=\"75\"\n\t\t\t\t\tstyle=\"max-width:100%;\"\n\t\t\t\t\/>\n\t\t\t<\/a>\n\t\t<\/div>\n\t\t\t\t\t\t\t<\/div> \n\t\t\t\n\t\t\t\t<div id=\"ngg-image-19\" class=\"ngg-gallery-thumbnail-box \n\t\t\t\t\t\t\t\t\t\t\t\" \n\t\t\t>\n\t\t\t\t\t\t<div class=\"ngg-gallery-thumbnail\">\n\t\t\t<a href=\"http:\/\/minval.org\/svm\/wp-content\/gallery\/fira_2012\/019-gines.jpg\"\n\t\t\t\ttitle=\"Vista de la Feria. Foto: Vicent Gin\u00e9s\"\n\t\t\t\tdata-src=\"http:\/\/minval.org\/svm\/wp-content\/gallery\/fira_2012\/019-gines.jpg\"\n\t\t\t\tdata-thumbnail=\"http:\/\/minval.org\/svm\/wp-content\/gallery\/fira_2012\/thumbs\/thumbs_019-gines.jpg\"\n\t\t\t\tdata-image-id=\"1489\"\n\t\t\t\tdata-title=\"Vista de la Feria\"\n\t\t\t\tdata-description=\"Vista de la Feria. Foto: Vicent Gin\u00e9s\"\n\t\t\t\tdata-image-slug=\"\"\n\t\t\t\tclass=\"ngg-simplelightbox\" rel=\"b879ad439398ea90300232749230169e\">\n\t\t\t\t<img\n\t\t\t\t\ttitle=\"Vista de la Feria\"\n\t\t\t\t\talt=\"Vista de la Feria\"\n\t\t\t\t\tsrc=\"http:\/\/minval.org\/svm\/wp-content\/gallery\/fira_2012\/thumbs\/thumbs_019-gines.jpg\"\n\t\t\t\t\twidth=\"49\"\n\t\t\t\t\theight=\"75\"\n\t\t\t\t\tstyle=\"max-width:100%;\"\n\t\t\t\t\/>\n\t\t\t<\/a>\n\t\t<\/div>\n\t\t\t\t\t\t\t<\/div> \n\t\t\t\n\t\t\t\t<div id=\"ngg-image-20\" class=\"ngg-gallery-thumbnail-box \n\t\t\t\t\t\t\t\t\t\t\t\" \n\t\t\t>\n\t\t\t\t\t\t<div class=\"ngg-gallery-thumbnail\">\n\t\t\t<a href=\"http:\/\/minval.org\/svm\/wp-content\/gallery\/fira_2012\/020-manolo.jpg\"\n\t\t\t\ttitle=\"Ilustres visitantes. Foto: Manuel Canseco\"\n\t\t\t\tdata-src=\"http:\/\/minval.org\/svm\/wp-content\/gallery\/fira_2012\/020-manolo.jpg\"\n\t\t\t\tdata-thumbnail=\"http:\/\/minval.org\/svm\/wp-content\/gallery\/fira_2012\/thumbs\/thumbs_020-manolo.jpg\"\n\t\t\t\tdata-image-id=\"1490\"\n\t\t\t\tdata-title=\"Ilustres visitantes\"\n\t\t\t\tdata-description=\"Ilustres visitantes. Foto: Manuel Canseco\"\n\t\t\t\tdata-image-slug=\"\"\n\t\t\t\tclass=\"ngg-simplelightbox\" rel=\"b879ad439398ea90300232749230169e\">\n\t\t\t\t<img\n\t\t\t\t\ttitle=\"Ilustres visitantes\"\n\t\t\t\t\talt=\"Ilustres visitantes\"\n\t\t\t\t\tsrc=\"http:\/\/minval.org\/svm\/wp-content\/gallery\/fira_2012\/thumbs\/thumbs_020-manolo.jpg\"\n\t\t\t\t\twidth=\"100\"\n\t\t\t\t\theight=\"75\"\n\t\t\t\t\tstyle=\"max-width:100%;\"\n\t\t\t\t\/>\n\t\t\t<\/a>\n\t\t<\/div>\n\t\t\t\t\t\t\t<\/div> \n\t\t\t\n\t\t\t\t<div id=\"ngg-image-21\" class=\"ngg-gallery-thumbnail-box \n\t\t\t\t\t\t\t\t\t\t\t\" \n\t\t\t>\n\t\t\t\t\t\t<div class=\"ngg-gallery-thumbnail\">\n\t\t\t<a href=\"http:\/\/minval.org\/svm\/wp-content\/gallery\/fira_2012\/021-manolo.jpg\"\n\t\t\t\ttitle=\"Ilustres visitantes. Foto: Manuel Canseco\"\n\t\t\t\tdata-src=\"http:\/\/minval.org\/svm\/wp-content\/gallery\/fira_2012\/021-manolo.jpg\"\n\t\t\t\tdata-thumbnail=\"http:\/\/minval.org\/svm\/wp-content\/gallery\/fira_2012\/thumbs\/thumbs_021-manolo.jpg\"\n\t\t\t\tdata-image-id=\"1491\"\n\t\t\t\tdata-title=\"Ilustres visitantes\"\n\t\t\t\tdata-description=\"Ilustres visitantes. Foto: Manuel Canseco\"\n\t\t\t\tdata-image-slug=\"\"\n\t\t\t\tclass=\"ngg-simplelightbox\" rel=\"b879ad439398ea90300232749230169e\">\n\t\t\t\t<img\n\t\t\t\t\ttitle=\"Ilustres visitantes\"\n\t\t\t\t\talt=\"Ilustres visitantes\"\n\t\t\t\t\tsrc=\"http:\/\/minval.org\/svm\/wp-content\/gallery\/fira_2012\/thumbs\/thumbs_021-manolo.jpg\"\n\t\t\t\t\twidth=\"100\"\n\t\t\t\t\theight=\"75\"\n\t\t\t\t\tstyle=\"max-width:100%;\"\n\t\t\t\t\/>\n\t\t\t<\/a>\n\t\t<\/div>\n\t\t\t\t\t\t\t<\/div> \n\t\t\t\n\t\t\t\t<div id=\"ngg-image-22\" class=\"ngg-gallery-thumbnail-box \n\t\t\t\t\t\t\t\t\t\t\t\" \n\t\t\t>\n\t\t\t\t\t\t<div class=\"ngg-gallery-thumbnail\">\n\t\t\t<a href=\"http:\/\/minval.org\/svm\/wp-content\/gallery\/fira_2012\/022-manolo.jpg\"\n\t\t\t\ttitle=\"Miembros del Grup Geoda. Foto: Manuel Canseco\"\n\t\t\t\tdata-src=\"http:\/\/minval.org\/svm\/wp-content\/gallery\/fira_2012\/022-manolo.jpg\"\n\t\t\t\tdata-thumbnail=\"http:\/\/minval.org\/svm\/wp-content\/gallery\/fira_2012\/thumbs\/thumbs_022-manolo.jpg\"\n\t\t\t\tdata-image-id=\"1492\"\n\t\t\t\tdata-title=\"Miembros del Grup Geoda\"\n\t\t\t\tdata-description=\"Miembros del Grup Geoda. Foto: Manuel Canseco\"\n\t\t\t\tdata-image-slug=\"\"\n\t\t\t\tclass=\"ngg-simplelightbox\" rel=\"b879ad439398ea90300232749230169e\">\n\t\t\t\t<img\n\t\t\t\t\ttitle=\"Miembros del Grup Geoda\"\n\t\t\t\t\talt=\"Miembros del Grup Geoda\"\n\t\t\t\t\tsrc=\"http:\/\/minval.org\/svm\/wp-content\/gallery\/fira_2012\/thumbs\/thumbs_022-manolo.jpg\"\n\t\t\t\t\twidth=\"100\"\n\t\t\t\t\theight=\"75\"\n\t\t\t\t\tstyle=\"max-width:100%;\"\n\t\t\t\t\/>\n\t\t\t<\/a>\n\t\t<\/div>\n\t\t\t\t\t\t\t<\/div> \n\t\t\t\n\t\t\t\t<div id=\"ngg-image-23\" class=\"ngg-gallery-thumbnail-box \n\t\t\t\t\t\t\t\t\t\t\t\" \n\t\t\t>\n\t\t\t\t\t\t<div class=\"ngg-gallery-thumbnail\">\n\t\t\t<a href=\"http:\/\/minval.org\/svm\/wp-content\/gallery\/fira_2012\/023-manolo.jpg\"\n\t\t\t\ttitle=\"Vista de la Feria. Foto: Manuel Canseco\"\n\t\t\t\tdata-src=\"http:\/\/minval.org\/svm\/wp-content\/gallery\/fira_2012\/023-manolo.jpg\"\n\t\t\t\tdata-thumbnail=\"http:\/\/minval.org\/svm\/wp-content\/gallery\/fira_2012\/thumbs\/thumbs_023-manolo.jpg\"\n\t\t\t\tdata-image-id=\"1493\"\n\t\t\t\tdata-title=\"Vista de la Feria\"\n\t\t\t\tdata-description=\"Vista de la Feria. Foto: Manuel Canseco\"\n\t\t\t\tdata-image-slug=\"\"\n\t\t\t\tclass=\"ngg-simplelightbox\" rel=\"b879ad439398ea90300232749230169e\">\n\t\t\t\t<img\n\t\t\t\t\ttitle=\"Vista de la Feria\"\n\t\t\t\t\talt=\"Vista de la Feria\"\n\t\t\t\t\tsrc=\"http:\/\/minval.org\/svm\/wp-content\/gallery\/fira_2012\/thumbs\/thumbs_023-manolo.jpg\"\n\t\t\t\t\twidth=\"100\"\n\t\t\t\t\theight=\"75\"\n\t\t\t\t\tstyle=\"max-width:100%;\"\n\t\t\t\t\/>\n\t\t\t<\/a>\n\t\t<\/div>\n\t\t\t\t\t\t\t<\/div> \n\t\t\t\n\t\n\t<br style=\"clear: both\" \/>\n\n\t\n\t\t<!-- Pagination -->\n\t\t<div class='ngg-navigation'><span class='current'>1<\/span>\n<a class='page-numbers' data-pageid='2' href='http:\/\/minval.org\/svm\/index.php\/nggallery\/page\/2?p=2986'>2<\/a>\n<span class='ellipsis'>...<\/span>\n<a class='page-numbers' data-pageid='4' href='http:\/\/minval.org\/svm\/index.php\/nggallery\/page\/4?p=2986'>4<\/a>\n<a class='prev' href='http:\/\/minval.org\/svm\/index.php\/nggallery\/page\/2?p=2986' data-pageid=2>&#9658;<\/a><\/div>\t<\/div>\n<!--:--><!--:ca--><\/p>\n<p><!--:--><!--:en--><\/p>\n<p><!--:--><\/p>\n","protected":false},"excerpt":{"rendered":"<p>Cr\u00f3nica gr\u00e1fica de la XXV feria de minerales de Castell\u00f3n celebrada los d\u00edas 25 y 26 de febrero de 2012 en la Plaza de Santa Clara de esa ciudad. Para verlo en presentaci\u00f3n panor\u00e1mica pulsar en [View with PicLens] y&#8230;<\/p>\n","protected":false},"author":2,"featured_media":0,"comment_status":"closed","ping_status":"closed","sticky":false,"template":"","format":"standard","meta":{"ngg_post_thumbnail":0,"footnotes":""},"categories":[5],"tags":[],"_links":{"self":[{"href":"http:\/\/minval.org\/svm\/index.php?rest_route=\/wp\/v2\/posts\/2986"}],"collection":[{"href":"http:\/\/minval.org\/svm\/index.php?rest_route=\/wp\/v2\/posts"}],"about":[{"href":"http:\/\/minval.org\/svm\/index.php?rest_route=\/wp\/v2\/types\/post"}],"author":[{"embeddable":true,"href":"http:\/\/minval.org\/svm\/index.php?rest_route=\/wp\/v2\/users\/2"}],"replies":[{"embeddable":true,"href":"http:\/\/minval.org\/svm\/index.php?rest_route=%2Fwp%2Fv2%2Fcomments&post=2986"}],"version-history":[{"count":0,"href":"http:\/\/minval.org\/svm\/index.php?rest_route=\/wp\/v2\/posts\/2986\/revisions"}],"wp:attachment":[{"href":"http:\/\/minval.org\/svm\/index.php?rest_route=%2Fwp%2Fv2%2Fmedia&parent=2986"}],"wp:term":[{"taxonomy":"category","embeddable":true,"href":"http:\/\/minval.org\/svm\/index.php?rest_route=%2Fwp%2Fv2%2Fcategories&post=2986"},{"taxonomy":"post_tag","embeddable":true,"href":"http:\/\/minval.org\/svm\/index.php?rest_route=%2Fwp%2Fv2%2Ftags&post=2986"}],"curies":[{"name":"wp","href":"https:\/\/api.w.org\/{rel}","templated":true}]}}