{"id":3003,"date":"2012-10-04T18:55:14","date_gmt":"2012-10-04T16:55:14","guid":{"rendered":"http:\/\/minval.org\/svm\/?p=3003"},"modified":"2012-10-04T18:55:14","modified_gmt":"2012-10-04T16:55:14","slug":"canada-del-fenollar-casa-de-calixto-mesa-23102012","status":"publish","type":"post","link":"http:\/\/minval.org\/svm\/?p=3003","title":{"rendered":"Ca\u00f1ada del Fenollar (casa de Calixto Mesa) 23\/09\/2012"},"content":{"rendered":"<p><!--:es--><\/p>\n<h3>Siguiendo la costumbre del a\u00f1o pasado, el dia  23 de septiembre de 2012, aprovechando la realizaci\u00f3n de la feria de Minerales y F\u00f3siles de Sant Vicent del Raspeig y la mesa de intercambio, nos reunimos miembros y simpatizantes de nuestra asociaci\u00f3n en casa de Calixto Mesa para celebrar la fiesta de oto\u00f1o de la  Societat Valenciana de Mineralogia.<\/h3>\n<p>Para ver el reportaje en presentaci\u00f3n pinchar en [View  with PicLens]<\/p>\n<p><!-- default-view.php -->\n<div\n\tclass=\"ngg-galleryoverview default-view \n\t\t\"\n\tid=\"ngg-gallery-62eaf56ce2a867a09cb38a4471f8698d-1\">\n\n\t\t<!-- Thumbnails -->\n\t\t\t\t<div id=\"ngg-image-0\" class=\"ngg-gallery-thumbnail-box \n\t\t\t\t\t\t\t\t\t\t\t\" \n\t\t\t>\n\t\t\t\t\t\t<div class=\"ngg-gallery-thumbnail\">\n\t\t\t<a href=\"http:\/\/minval.org\/svm\/wp-content\/gallery\/trobada-2012\/sant-vicent-1.jpg\"\n\t\t\t\ttitle=\"Llegada de los primeros comensales\"\n\t\t\t\tdata-src=\"http:\/\/minval.org\/svm\/wp-content\/gallery\/trobada-2012\/sant-vicent-1.jpg\"\n\t\t\t\tdata-thumbnail=\"http:\/\/minval.org\/svm\/wp-content\/gallery\/trobada-2012\/thumbs\/thumbs_sant-vicent-1.jpg\"\n\t\t\t\tdata-image-id=\"1594\"\n\t\t\t\tdata-title=\"Llegada de los primeros comensales\"\n\t\t\t\tdata-description=\"Llegada de los primeros comensales\"\n\t\t\t\tdata-image-slug=\"\"\n\t\t\t\tclass=\"ngg-simplelightbox\" rel=\"62eaf56ce2a867a09cb38a4471f8698d\">\n\t\t\t\t<img\n\t\t\t\t\ttitle=\"Llegada de los primeros comensales\"\n\t\t\t\t\talt=\"Llegada de los primeros comensales\"\n\t\t\t\t\tsrc=\"http:\/\/minval.org\/svm\/wp-content\/gallery\/trobada-2012\/thumbs\/thumbs_sant-vicent-1.jpg\"\n\t\t\t\t\twidth=\"100\"\n\t\t\t\t\theight=\"75\"\n\t\t\t\t\tstyle=\"max-width:100%;\"\n\t\t\t\t\/>\n\t\t\t<\/a>\n\t\t<\/div>\n\t\t\t\t\t\t\t<\/div> \n\t\t\t\n\t\t\t\t<div id=\"ngg-image-1\" class=\"ngg-gallery-thumbnail-box \n\t\t\t\t\t\t\t\t\t\t\t\" \n\t\t\t>\n\t\t\t\t\t\t<div class=\"ngg-gallery-thumbnail\">\n\t\t\t<a href=\"http:\/\/minval.org\/svm\/wp-content\/gallery\/trobada-2012\/sant-vicent-2.jpg\"\n\t\t\t\ttitle=\"Preparando la paella de carne y verduras\"\n\t\t\t\tdata-src=\"http:\/\/minval.org\/svm\/wp-content\/gallery\/trobada-2012\/sant-vicent-2.jpg\"\n\t\t\t\tdata-thumbnail=\"http:\/\/minval.org\/svm\/wp-content\/gallery\/trobada-2012\/thumbs\/thumbs_sant-vicent-2.jpg\"\n\t\t\t\tdata-image-id=\"1601\"\n\t\t\t\tdata-title=\"Preparando la paella de carne y verduras\"\n\t\t\t\tdata-description=\"Preparando la paella de carne y verduras\"\n\t\t\t\tdata-image-slug=\"\"\n\t\t\t\tclass=\"ngg-simplelightbox\" rel=\"62eaf56ce2a867a09cb38a4471f8698d\">\n\t\t\t\t<img\n\t\t\t\t\ttitle=\"Preparando la paella de carne y verduras\"\n\t\t\t\t\talt=\"Preparando la paella de carne y verduras\"\n\t\t\t\t\tsrc=\"http:\/\/minval.org\/svm\/wp-content\/gallery\/trobada-2012\/thumbs\/thumbs_sant-vicent-2.jpg\"\n\t\t\t\t\twidth=\"100\"\n\t\t\t\t\theight=\"75\"\n\t\t\t\t\tstyle=\"max-width:100%;\"\n\t\t\t\t\/>\n\t\t\t<\/a>\n\t\t<\/div>\n\t\t\t\t\t\t\t<\/div> \n\t\t\t\n\t\t\t\t<div id=\"ngg-image-2\" class=\"ngg-gallery-thumbnail-box \n\t\t\t\t\t\t\t\t\t\t\t\" \n\t\t\t>\n\t\t\t\t\t\t<div class=\"ngg-gallery-thumbnail\">\n\t\t\t<a href=\"http:\/\/minval.org\/svm\/wp-content\/gallery\/trobada-2012\/sant-vicent-3.jpg\"\n\t\t\t\ttitle=\"Expedicionarios de la mesa de intercambio\"\n\t\t\t\tdata-src=\"http:\/\/minval.org\/svm\/wp-content\/gallery\/trobada-2012\/sant-vicent-3.jpg\"\n\t\t\t\tdata-thumbnail=\"http:\/\/minval.org\/svm\/wp-content\/gallery\/trobada-2012\/thumbs\/thumbs_sant-vicent-3.jpg\"\n\t\t\t\tdata-image-id=\"1602\"\n\t\t\t\tdata-title=\"Expedicionarios de la mesa de intercambio\"\n\t\t\t\tdata-description=\"Expedicionarios de la mesa de intercambio\"\n\t\t\t\tdata-image-slug=\"\"\n\t\t\t\tclass=\"ngg-simplelightbox\" rel=\"62eaf56ce2a867a09cb38a4471f8698d\">\n\t\t\t\t<img\n\t\t\t\t\ttitle=\"Expedicionarios de la mesa de intercambio\"\n\t\t\t\t\talt=\"Expedicionarios de la mesa de intercambio\"\n\t\t\t\t\tsrc=\"http:\/\/minval.org\/svm\/wp-content\/gallery\/trobada-2012\/thumbs\/thumbs_sant-vicent-3.jpg\"\n\t\t\t\t\twidth=\"100\"\n\t\t\t\t\theight=\"75\"\n\t\t\t\t\tstyle=\"max-width:100%;\"\n\t\t\t\t\/>\n\t\t\t<\/a>\n\t\t<\/div>\n\t\t\t\t\t\t\t<\/div> \n\t\t\t\n\t\t\t\t<div id=\"ngg-image-3\" class=\"ngg-gallery-thumbnail-box \n\t\t\t\t\t\t\t\t\t\t\t\" \n\t\t\t>\n\t\t\t\t\t\t<div class=\"ngg-gallery-thumbnail\">\n\t\t\t<a href=\"http:\/\/minval.org\/svm\/wp-content\/gallery\/trobada-2012\/sant-vicent-4.jpg\"\n\t\t\t\ttitle=\"Las mesas preparadas\"\n\t\t\t\tdata-src=\"http:\/\/minval.org\/svm\/wp-content\/gallery\/trobada-2012\/sant-vicent-4.jpg\"\n\t\t\t\tdata-thumbnail=\"http:\/\/minval.org\/svm\/wp-content\/gallery\/trobada-2012\/thumbs\/thumbs_sant-vicent-4.jpg\"\n\t\t\t\tdata-image-id=\"1603\"\n\t\t\t\tdata-title=\"Las mesas preparadas\"\n\t\t\t\tdata-description=\"Las mesas preparadas\"\n\t\t\t\tdata-image-slug=\"\"\n\t\t\t\tclass=\"ngg-simplelightbox\" rel=\"62eaf56ce2a867a09cb38a4471f8698d\">\n\t\t\t\t<img\n\t\t\t\t\ttitle=\"Las mesas preparadas\"\n\t\t\t\t\talt=\"Las mesas preparadas\"\n\t\t\t\t\tsrc=\"http:\/\/minval.org\/svm\/wp-content\/gallery\/trobada-2012\/thumbs\/thumbs_sant-vicent-4.jpg\"\n\t\t\t\t\twidth=\"100\"\n\t\t\t\t\theight=\"75\"\n\t\t\t\t\tstyle=\"max-width:100%;\"\n\t\t\t\t\/>\n\t\t\t<\/a>\n\t\t<\/div>\n\t\t\t\t\t\t\t<\/div> \n\t\t\t\n\t\t\t\t<div id=\"ngg-image-4\" class=\"ngg-gallery-thumbnail-box \n\t\t\t\t\t\t\t\t\t\t\t\" \n\t\t\t>\n\t\t\t\t\t\t<div class=\"ngg-gallery-thumbnail\">\n\t\t\t<a href=\"http:\/\/minval.org\/svm\/wp-content\/gallery\/trobada-2012\/sant-vicent-5.jpg\"\n\t\t\t\ttitle=\"Preparando la paella de marisco\"\n\t\t\t\tdata-src=\"http:\/\/minval.org\/svm\/wp-content\/gallery\/trobada-2012\/sant-vicent-5.jpg\"\n\t\t\t\tdata-thumbnail=\"http:\/\/minval.org\/svm\/wp-content\/gallery\/trobada-2012\/thumbs\/thumbs_sant-vicent-5.jpg\"\n\t\t\t\tdata-image-id=\"1604\"\n\t\t\t\tdata-title=\"Preparando la paella de marisco\"\n\t\t\t\tdata-description=\"Preparando la paella de marisco\"\n\t\t\t\tdata-image-slug=\"\"\n\t\t\t\tclass=\"ngg-simplelightbox\" rel=\"62eaf56ce2a867a09cb38a4471f8698d\">\n\t\t\t\t<img\n\t\t\t\t\ttitle=\"Preparando la paella de marisco\"\n\t\t\t\t\talt=\"Preparando la paella de marisco\"\n\t\t\t\t\tsrc=\"http:\/\/minval.org\/svm\/wp-content\/gallery\/trobada-2012\/thumbs\/thumbs_sant-vicent-5.jpg\"\n\t\t\t\t\twidth=\"100\"\n\t\t\t\t\theight=\"75\"\n\t\t\t\t\tstyle=\"max-width:100%;\"\n\t\t\t\t\/>\n\t\t\t<\/a>\n\t\t<\/div>\n\t\t\t\t\t\t\t<\/div> \n\t\t\t\n\t\t\t\t<div id=\"ngg-image-5\" class=\"ngg-gallery-thumbnail-box \n\t\t\t\t\t\t\t\t\t\t\t\" \n\t\t\t>\n\t\t\t\t\t\t<div class=\"ngg-gallery-thumbnail\">\n\t\t\t<a href=\"http:\/\/minval.org\/svm\/wp-content\/gallery\/trobada-2012\/sant-vicent-6.jpg\"\n\t\t\t\ttitle=\"El director de paellas Ram\u00f3n L\u00f3pez a\u00f1adiendo condimentos\"\n\t\t\t\tdata-src=\"http:\/\/minval.org\/svm\/wp-content\/gallery\/trobada-2012\/sant-vicent-6.jpg\"\n\t\t\t\tdata-thumbnail=\"http:\/\/minval.org\/svm\/wp-content\/gallery\/trobada-2012\/thumbs\/thumbs_sant-vicent-6.jpg\"\n\t\t\t\tdata-image-id=\"1605\"\n\t\t\t\tdata-title=\"El director de paellas Ram\u00f3n L\u00f3pez a\u00f1adiendo condimentos\"\n\t\t\t\tdata-description=\"El director de paellas Ram\u00f3n L\u00f3pez a\u00f1adiendo condimentos\"\n\t\t\t\tdata-image-slug=\"\"\n\t\t\t\tclass=\"ngg-simplelightbox\" rel=\"62eaf56ce2a867a09cb38a4471f8698d\">\n\t\t\t\t<img\n\t\t\t\t\ttitle=\"El director de paellas Ram\u00f3n L\u00f3pez a\u00f1adiendo condimentos\"\n\t\t\t\t\talt=\"El director de paellas Ram\u00f3n L\u00f3pez a\u00f1adiendo condimentos\"\n\t\t\t\t\tsrc=\"http:\/\/minval.org\/svm\/wp-content\/gallery\/trobada-2012\/thumbs\/thumbs_sant-vicent-6.jpg\"\n\t\t\t\t\twidth=\"100\"\n\t\t\t\t\theight=\"75\"\n\t\t\t\t\tstyle=\"max-width:100%;\"\n\t\t\t\t\/>\n\t\t\t<\/a>\n\t\t<\/div>\n\t\t\t\t\t\t\t<\/div> \n\t\t\t\n\t\t\t\t<div id=\"ngg-image-6\" class=\"ngg-gallery-thumbnail-box \n\t\t\t\t\t\t\t\t\t\t\t\" \n\t\t\t>\n\t\t\t\t\t\t<div class=\"ngg-gallery-thumbnail\">\n\t\t\t<a href=\"http:\/\/minval.org\/svm\/wp-content\/gallery\/trobada-2012\/sant-vicent-7.jpg\"\n\t\t\t\ttitle=\"Coleccionistas valencianos\"\n\t\t\t\tdata-src=\"http:\/\/minval.org\/svm\/wp-content\/gallery\/trobada-2012\/sant-vicent-7.jpg\"\n\t\t\t\tdata-thumbnail=\"http:\/\/minval.org\/svm\/wp-content\/gallery\/trobada-2012\/thumbs\/thumbs_sant-vicent-7.jpg\"\n\t\t\t\tdata-image-id=\"1606\"\n\t\t\t\tdata-title=\"Coleccionistas valencianos\"\n\t\t\t\tdata-description=\"Coleccionistas valencianos\"\n\t\t\t\tdata-image-slug=\"\"\n\t\t\t\tclass=\"ngg-simplelightbox\" rel=\"62eaf56ce2a867a09cb38a4471f8698d\">\n\t\t\t\t<img\n\t\t\t\t\ttitle=\"Coleccionistas valencianos\"\n\t\t\t\t\talt=\"Coleccionistas valencianos\"\n\t\t\t\t\tsrc=\"http:\/\/minval.org\/svm\/wp-content\/gallery\/trobada-2012\/thumbs\/thumbs_sant-vicent-7.jpg\"\n\t\t\t\t\twidth=\"100\"\n\t\t\t\t\theight=\"75\"\n\t\t\t\t\tstyle=\"max-width:100%;\"\n\t\t\t\t\/>\n\t\t\t<\/a>\n\t\t<\/div>\n\t\t\t\t\t\t\t<\/div> \n\t\t\t\n\t\t\t\t<div id=\"ngg-image-7\" class=\"ngg-gallery-thumbnail-box \n\t\t\t\t\t\t\t\t\t\t\t\" \n\t\t\t>\n\t\t\t\t\t\t<div class=\"ngg-gallery-thumbnail\">\n\t\t\t<a href=\"http:\/\/minval.org\/svm\/wp-content\/gallery\/trobada-2012\/sant-vicent-9.jpg\"\n\t\t\t\ttitle=\"Tomando el aperitivo\"\n\t\t\t\tdata-src=\"http:\/\/minval.org\/svm\/wp-content\/gallery\/trobada-2012\/sant-vicent-9.jpg\"\n\t\t\t\tdata-thumbnail=\"http:\/\/minval.org\/svm\/wp-content\/gallery\/trobada-2012\/thumbs\/thumbs_sant-vicent-9.jpg\"\n\t\t\t\tdata-image-id=\"1608\"\n\t\t\t\tdata-title=\"Tomando el aperitivo\"\n\t\t\t\tdata-description=\"Tomando el aperitivo\"\n\t\t\t\tdata-image-slug=\"\"\n\t\t\t\tclass=\"ngg-simplelightbox\" rel=\"62eaf56ce2a867a09cb38a4471f8698d\">\n\t\t\t\t<img\n\t\t\t\t\ttitle=\"Tomando el aperitivo\"\n\t\t\t\t\talt=\"Tomando el aperitivo\"\n\t\t\t\t\tsrc=\"http:\/\/minval.org\/svm\/wp-content\/gallery\/trobada-2012\/thumbs\/thumbs_sant-vicent-9.jpg\"\n\t\t\t\t\twidth=\"100\"\n\t\t\t\t\theight=\"75\"\n\t\t\t\t\tstyle=\"max-width:100%;\"\n\t\t\t\t\/>\n\t\t\t<\/a>\n\t\t<\/div>\n\t\t\t\t\t\t\t<\/div> \n\t\t\t\n\t\t\t\t<div id=\"ngg-image-8\" class=\"ngg-gallery-thumbnail-box \n\t\t\t\t\t\t\t\t\t\t\t\" \n\t\t\t>\n\t\t\t\t\t\t<div class=\"ngg-gallery-thumbnail\">\n\t\t\t<a href=\"http:\/\/minval.org\/svm\/wp-content\/gallery\/trobada-2012\/sant-vicent-8.jpg\"\n\t\t\t\ttitle=\"Tomando el aperitivo\"\n\t\t\t\tdata-src=\"http:\/\/minval.org\/svm\/wp-content\/gallery\/trobada-2012\/sant-vicent-8.jpg\"\n\t\t\t\tdata-thumbnail=\"http:\/\/minval.org\/svm\/wp-content\/gallery\/trobada-2012\/thumbs\/thumbs_sant-vicent-8.jpg\"\n\t\t\t\tdata-image-id=\"1607\"\n\t\t\t\tdata-title=\"Tomando el aperitivo\"\n\t\t\t\tdata-description=\"Tomando el aperitivo\"\n\t\t\t\tdata-image-slug=\"\"\n\t\t\t\tclass=\"ngg-simplelightbox\" rel=\"62eaf56ce2a867a09cb38a4471f8698d\">\n\t\t\t\t<img\n\t\t\t\t\ttitle=\"Tomando el aperitivo\"\n\t\t\t\t\talt=\"Tomando el aperitivo\"\n\t\t\t\t\tsrc=\"http:\/\/minval.org\/svm\/wp-content\/gallery\/trobada-2012\/thumbs\/thumbs_sant-vicent-8.jpg\"\n\t\t\t\t\twidth=\"100\"\n\t\t\t\t\theight=\"75\"\n\t\t\t\t\tstyle=\"max-width:100%;\"\n\t\t\t\t\/>\n\t\t\t<\/a>\n\t\t<\/div>\n\t\t\t\t\t\t\t<\/div> \n\t\t\t\n\t\t\t\t<div id=\"ngg-image-9\" class=\"ngg-gallery-thumbnail-box \n\t\t\t\t\t\t\t\t\t\t\t\" \n\t\t\t>\n\t\t\t\t\t\t<div class=\"ngg-gallery-thumbnail\">\n\t\t\t<a href=\"http:\/\/minval.org\/svm\/wp-content\/gallery\/trobada-2012\/sant-vicent-10.jpg\"\n\t\t\t\ttitle=\"Tomando el aperitivo\"\n\t\t\t\tdata-src=\"http:\/\/minval.org\/svm\/wp-content\/gallery\/trobada-2012\/sant-vicent-10.jpg\"\n\t\t\t\tdata-thumbnail=\"http:\/\/minval.org\/svm\/wp-content\/gallery\/trobada-2012\/thumbs\/thumbs_sant-vicent-10.jpg\"\n\t\t\t\tdata-image-id=\"1595\"\n\t\t\t\tdata-title=\"Tomando el aperitivo\"\n\t\t\t\tdata-description=\"Tomando el aperitivo\"\n\t\t\t\tdata-image-slug=\"\"\n\t\t\t\tclass=\"ngg-simplelightbox\" rel=\"62eaf56ce2a867a09cb38a4471f8698d\">\n\t\t\t\t<img\n\t\t\t\t\ttitle=\"Tomando el aperitivo\"\n\t\t\t\t\talt=\"Tomando el aperitivo\"\n\t\t\t\t\tsrc=\"http:\/\/minval.org\/svm\/wp-content\/gallery\/trobada-2012\/thumbs\/thumbs_sant-vicent-10.jpg\"\n\t\t\t\t\twidth=\"100\"\n\t\t\t\t\theight=\"75\"\n\t\t\t\t\tstyle=\"max-width:100%;\"\n\t\t\t\t\/>\n\t\t\t<\/a>\n\t\t<\/div>\n\t\t\t\t\t\t\t<\/div> \n\t\t\t\n\t\t\t\t<div id=\"ngg-image-10\" class=\"ngg-gallery-thumbnail-box \n\t\t\t\t\t\t\t\t\t\t\t\" \n\t\t\t>\n\t\t\t\t\t\t<div class=\"ngg-gallery-thumbnail\">\n\t\t\t<a href=\"http:\/\/minval.org\/svm\/wp-content\/gallery\/trobada-2012\/sant-vicent-11.jpg\"\n\t\t\t\ttitle=\"Tomando el aperitivo\"\n\t\t\t\tdata-src=\"http:\/\/minval.org\/svm\/wp-content\/gallery\/trobada-2012\/sant-vicent-11.jpg\"\n\t\t\t\tdata-thumbnail=\"http:\/\/minval.org\/svm\/wp-content\/gallery\/trobada-2012\/thumbs\/thumbs_sant-vicent-11.jpg\"\n\t\t\t\tdata-image-id=\"1596\"\n\t\t\t\tdata-title=\"Tomando el aperitivo\"\n\t\t\t\tdata-description=\"Tomando el aperitivo\"\n\t\t\t\tdata-image-slug=\"\"\n\t\t\t\tclass=\"ngg-simplelightbox\" rel=\"62eaf56ce2a867a09cb38a4471f8698d\">\n\t\t\t\t<img\n\t\t\t\t\ttitle=\"Tomando el aperitivo\"\n\t\t\t\t\talt=\"Tomando el aperitivo\"\n\t\t\t\t\tsrc=\"http:\/\/minval.org\/svm\/wp-content\/gallery\/trobada-2012\/thumbs\/thumbs_sant-vicent-11.jpg\"\n\t\t\t\t\twidth=\"100\"\n\t\t\t\t\theight=\"75\"\n\t\t\t\t\tstyle=\"max-width:100%;\"\n\t\t\t\t\/>\n\t\t\t<\/a>\n\t\t<\/div>\n\t\t\t\t\t\t\t<\/div> \n\t\t\t\n\t\t\t\t<div id=\"ngg-image-11\" class=\"ngg-gallery-thumbnail-box \n\t\t\t\t\t\t\t\t\t\t\t\" \n\t\t\t>\n\t\t\t\t\t\t<div class=\"ngg-gallery-thumbnail\">\n\t\t\t<a href=\"http:\/\/minval.org\/svm\/wp-content\/gallery\/trobada-2012\/sant-vicent-12.jpg\"\n\t\t\t\ttitle=\"De las paellas no qued\u00f3 nada\"\n\t\t\t\tdata-src=\"http:\/\/minval.org\/svm\/wp-content\/gallery\/trobada-2012\/sant-vicent-12.jpg\"\n\t\t\t\tdata-thumbnail=\"http:\/\/minval.org\/svm\/wp-content\/gallery\/trobada-2012\/thumbs\/thumbs_sant-vicent-12.jpg\"\n\t\t\t\tdata-image-id=\"1597\"\n\t\t\t\tdata-title=\"De las paellas no qued\u00f3 nada\"\n\t\t\t\tdata-description=\"De las paellas no qued\u00f3 nada\"\n\t\t\t\tdata-image-slug=\"\"\n\t\t\t\tclass=\"ngg-simplelightbox\" rel=\"62eaf56ce2a867a09cb38a4471f8698d\">\n\t\t\t\t<img\n\t\t\t\t\ttitle=\"De las paellas no qued\u00f3 nada\"\n\t\t\t\t\talt=\"De las paellas no qued\u00f3 nada\"\n\t\t\t\t\tsrc=\"http:\/\/minval.org\/svm\/wp-content\/gallery\/trobada-2012\/thumbs\/thumbs_sant-vicent-12.jpg\"\n\t\t\t\t\twidth=\"100\"\n\t\t\t\t\theight=\"75\"\n\t\t\t\t\tstyle=\"max-width:100%;\"\n\t\t\t\t\/>\n\t\t\t<\/a>\n\t\t<\/div>\n\t\t\t\t\t\t\t<\/div> \n\t\t\t\n\t\t\t\t<div id=\"ngg-image-12\" class=\"ngg-gallery-thumbnail-box \n\t\t\t\t\t\t\t\t\t\t\t\" \n\t\t\t>\n\t\t\t\t\t\t<div class=\"ngg-gallery-thumbnail\">\n\t\t\t<a href=\"http:\/\/minval.org\/svm\/wp-content\/gallery\/trobada-2012\/sant-vicent-13.jpg\"\n\t\t\t\ttitle=\"Degustando las paellas\"\n\t\t\t\tdata-src=\"http:\/\/minval.org\/svm\/wp-content\/gallery\/trobada-2012\/sant-vicent-13.jpg\"\n\t\t\t\tdata-thumbnail=\"http:\/\/minval.org\/svm\/wp-content\/gallery\/trobada-2012\/thumbs\/thumbs_sant-vicent-13.jpg\"\n\t\t\t\tdata-image-id=\"1598\"\n\t\t\t\tdata-title=\"Degustando las paellas\"\n\t\t\t\tdata-description=\"Degustando las paellas\"\n\t\t\t\tdata-image-slug=\"\"\n\t\t\t\tclass=\"ngg-simplelightbox\" rel=\"62eaf56ce2a867a09cb38a4471f8698d\">\n\t\t\t\t<img\n\t\t\t\t\ttitle=\"Degustando las paellas\"\n\t\t\t\t\talt=\"Degustando las paellas\"\n\t\t\t\t\tsrc=\"http:\/\/minval.org\/svm\/wp-content\/gallery\/trobada-2012\/thumbs\/thumbs_sant-vicent-13.jpg\"\n\t\t\t\t\twidth=\"100\"\n\t\t\t\t\theight=\"75\"\n\t\t\t\t\tstyle=\"max-width:100%;\"\n\t\t\t\t\/>\n\t\t\t<\/a>\n\t\t<\/div>\n\t\t\t\t\t\t\t<\/div> \n\t\t\t\n\t\t\t\t<div id=\"ngg-image-13\" class=\"ngg-gallery-thumbnail-box \n\t\t\t\t\t\t\t\t\t\t\t\" \n\t\t\t>\n\t\t\t\t\t\t<div class=\"ngg-gallery-thumbnail\">\n\t\t\t<a href=\"http:\/\/minval.org\/svm\/wp-content\/gallery\/trobada-2012\/sant-vicent-14.jpg\"\n\t\t\t\ttitle=\"Degustando las paellas\"\n\t\t\t\tdata-src=\"http:\/\/minval.org\/svm\/wp-content\/gallery\/trobada-2012\/sant-vicent-14.jpg\"\n\t\t\t\tdata-thumbnail=\"http:\/\/minval.org\/svm\/wp-content\/gallery\/trobada-2012\/thumbs\/thumbs_sant-vicent-14.jpg\"\n\t\t\t\tdata-image-id=\"1599\"\n\t\t\t\tdata-title=\"Degustando las paellas\"\n\t\t\t\tdata-description=\"Degustando las paellas\"\n\t\t\t\tdata-image-slug=\"\"\n\t\t\t\tclass=\"ngg-simplelightbox\" rel=\"62eaf56ce2a867a09cb38a4471f8698d\">\n\t\t\t\t<img\n\t\t\t\t\ttitle=\"Degustando las paellas\"\n\t\t\t\t\talt=\"Degustando las paellas\"\n\t\t\t\t\tsrc=\"http:\/\/minval.org\/svm\/wp-content\/gallery\/trobada-2012\/thumbs\/thumbs_sant-vicent-14.jpg\"\n\t\t\t\t\twidth=\"100\"\n\t\t\t\t\theight=\"75\"\n\t\t\t\t\tstyle=\"max-width:100%;\"\n\t\t\t\t\/>\n\t\t\t<\/a>\n\t\t<\/div>\n\t\t\t\t\t\t\t<\/div> \n\t\t\t\n\t\t\t\t<div id=\"ngg-image-14\" class=\"ngg-gallery-thumbnail-box \n\t\t\t\t\t\t\t\t\t\t\t\" \n\t\t\t>\n\t\t\t\t\t\t<div class=\"ngg-gallery-thumbnail\">\n\t\t\t<a href=\"http:\/\/minval.org\/svm\/wp-content\/gallery\/trobada-2012\/sant-vicent-15.jpg\"\n\t\t\t\ttitle=\"Degustando las paellas\"\n\t\t\t\tdata-src=\"http:\/\/minval.org\/svm\/wp-content\/gallery\/trobada-2012\/sant-vicent-15.jpg\"\n\t\t\t\tdata-thumbnail=\"http:\/\/minval.org\/svm\/wp-content\/gallery\/trobada-2012\/thumbs\/thumbs_sant-vicent-15.jpg\"\n\t\t\t\tdata-image-id=\"1600\"\n\t\t\t\tdata-title=\"Degustando las paellas\"\n\t\t\t\tdata-description=\"Degustando las paellas\"\n\t\t\t\tdata-image-slug=\"\"\n\t\t\t\tclass=\"ngg-simplelightbox\" rel=\"62eaf56ce2a867a09cb38a4471f8698d\">\n\t\t\t\t<img\n\t\t\t\t\ttitle=\"Degustando las paellas\"\n\t\t\t\t\talt=\"Degustando las paellas\"\n\t\t\t\t\tsrc=\"http:\/\/minval.org\/svm\/wp-content\/gallery\/trobada-2012\/thumbs\/thumbs_sant-vicent-15.jpg\"\n\t\t\t\t\twidth=\"100\"\n\t\t\t\t\theight=\"75\"\n\t\t\t\t\tstyle=\"max-width:100%;\"\n\t\t\t\t\/>\n\t\t\t<\/a>\n\t\t<\/div>\n\t\t\t\t\t\t\t<\/div> \n\t\t\t\n\t\n\t<br style=\"clear: both\" \/>\n\n\t\n\t\t<!-- Pagination -->\n\t\t<div class='ngg-clear'><\/div>\t<\/div>\n<!--:--><!--:ca--><\/p>\n<p><!--:--><!--:en--><\/p>\n<p><!--:--><\/p>\n","protected":false},"excerpt":{"rendered":"<p>Siguiendo la costumbre del a\u00f1o pasado, el dia 23 de septiembre de 2012, aprovechando la realizaci\u00f3n de la feria de Minerales y F\u00f3siles de Sant Vicent del Raspeig y la mesa de intercambio, nos reunimos miembros y simpatizantes de nuestra&#8230;<\/p>\n","protected":false},"author":2,"featured_media":0,"comment_status":"closed","ping_status":"closed","sticky":false,"template":"","format":"standard","meta":{"ngg_post_thumbnail":0,"footnotes":""},"categories":[5],"tags":[],"_links":{"self":[{"href":"http:\/\/minval.org\/svm\/index.php?rest_route=\/wp\/v2\/posts\/3003"}],"collection":[{"href":"http:\/\/minval.org\/svm\/index.php?rest_route=\/wp\/v2\/posts"}],"about":[{"href":"http:\/\/minval.org\/svm\/index.php?rest_route=\/wp\/v2\/types\/post"}],"author":[{"embeddable":true,"href":"http:\/\/minval.org\/svm\/index.php?rest_route=\/wp\/v2\/users\/2"}],"replies":[{"embeddable":true,"href":"http:\/\/minval.org\/svm\/index.php?rest_route=%2Fwp%2Fv2%2Fcomments&post=3003"}],"version-history":[{"count":0,"href":"http:\/\/minval.org\/svm\/index.php?rest_route=\/wp\/v2\/posts\/3003\/revisions"}],"wp:attachment":[{"href":"http:\/\/minval.org\/svm\/index.php?rest_route=%2Fwp%2Fv2%2Fmedia&parent=3003"}],"wp:term":[{"taxonomy":"category","embeddable":true,"href":"http:\/\/minval.org\/svm\/index.php?rest_route=%2Fwp%2Fv2%2Fcategories&post=3003"},{"taxonomy":"post_tag","embeddable":true,"href":"http:\/\/minval.org\/svm\/index.php?rest_route=%2Fwp%2Fv2%2Ftags&post=3003"}],"curies":[{"name":"wp","href":"https:\/\/api.w.org\/{rel}","templated":true}]}}