{"id":3014,"date":"2013-01-25T21:04:27","date_gmt":"2013-01-25T19:04:27","guid":{"rendered":"http:\/\/minval.org\/svm\/?p=3014"},"modified":"2013-01-25T21:04:27","modified_gmt":"2013-01-25T19:04:27","slug":"xxvi-feria-de-minerales-de-castellon","status":"publish","type":"post","link":"http:\/\/minval.org\/svm\/?p=3014","title":{"rendered":"XXVI feria de Minerales de Castell\u00f3n"},"content":{"rendered":"<p><!--:es--><\/p>\n<h3><strong><a href=\"http:\/\/minval.org\/svm\/wp-content\/uploads\/2013\/01\/XXVI-Fira-de-Minerals-de-Castello1.jpg\"><img loading=\"lazy\" decoding=\"async\" class=\"alignleft size-full wp-image-3017\" title=\"XXVI Fira de Minerals de Castello\" src=\"http:\/\/minval.org\/svm\/wp-content\/uploads\/2013\/01\/XXVI-Fira-de-Minerals-de-Castello1.jpg\" alt=\"\" width=\"290\" height=\"412\" \/><\/a> Los d\u00edas 23 y 24 de febrero de 2013, se celebrar\u00e1 en la Plaza Santa Clara  de Castell\u00f3n la XXVI feria de Minerales con horario de 10 a 22 horas.  La feria est\u00e1 organizada por el GRUP GEODA y patrocinada por el Exmo.  Ayuntamiento de la ciudad.<\/strong><\/h3>\n<h3><strong>Esperemos que el tiempo nos acompa\u00f1e y podamos pasar unos d\u00edas en un buen ambiente mineral\u00f3gico.<\/strong><\/h3>\n<h3><strong>La Asociaci\u00f3n Mineral\u00f3gica y Paleontol\u00f3gica de Sant Vicent del Raspeig aprovechar\u00e1 el evento para presentar la revista PALEOMINA correspondiente a este a\u00f1o.<\/strong><\/h3>\n<h3><strong>Os esperamos.<\/strong><\/h3>\n<p><!--:--><!--:ca--><\/p>\n<\/p>\n<p><!--:--><!--:en--><\/p>\n<\/p>\n<p><!--:--><\/p>\n","protected":false},"excerpt":{"rendered":"<p>Los d\u00edas 23 y 24 de febrero de 2013, se celebrar\u00e1 en la Plaza Santa Clara de Castell\u00f3n la XXVI feria de Minerales con horario de 10 a 22 horas. La feria est\u00e1 organizada por el GRUP GEODA y patrocinada&#8230;<\/p>\n","protected":false},"author":2,"featured_media":0,"comment_status":"closed","ping_status":"closed","sticky":false,"template":"","format":"standard","meta":{"ngg_post_thumbnail":0,"footnotes":""},"categories":[5],"tags":[],"_links":{"self":[{"href":"http:\/\/minval.org\/svm\/index.php?rest_route=\/wp\/v2\/posts\/3014"}],"collection":[{"href":"http:\/\/minval.org\/svm\/index.php?rest_route=\/wp\/v2\/posts"}],"about":[{"href":"http:\/\/minval.org\/svm\/index.php?rest_route=\/wp\/v2\/types\/post"}],"author":[{"embeddable":true,"href":"http:\/\/minval.org\/svm\/index.php?rest_route=\/wp\/v2\/users\/2"}],"replies":[{"embeddable":true,"href":"http:\/\/minval.org\/svm\/index.php?rest_route=%2Fwp%2Fv2%2Fcomments&post=3014"}],"version-history":[{"count":0,"href":"http:\/\/minval.org\/svm\/index.php?rest_route=\/wp\/v2\/posts\/3014\/revisions"}],"wp:attachment":[{"href":"http:\/\/minval.org\/svm\/index.php?rest_route=%2Fwp%2Fv2%2Fmedia&parent=3014"}],"wp:term":[{"taxonomy":"category","embeddable":true,"href":"http:\/\/minval.org\/svm\/index.php?rest_route=%2Fwp%2Fv2%2Fcategories&post=3014"},{"taxonomy":"post_tag","embeddable":true,"href":"http:\/\/minval.org\/svm\/index.php?rest_route=%2Fwp%2Fv2%2Ftags&post=3014"}],"curies":[{"name":"wp","href":"https:\/\/api.w.org\/{rel}","templated":true}]}}