{"id":3033,"date":"2014-02-04T19:30:28","date_gmt":"2014-02-04T17:30:28","guid":{"rendered":"http:\/\/minval.org\/svm\/?p=3033"},"modified":"2014-02-04T19:30:28","modified_gmt":"2014-02-04T17:30:28","slug":"publicacion-del-magnifico-trabajo-sobre-los-jacintos-de-canales-de-nuestro-socio-jenaro-gil-marco","status":"publish","type":"post","link":"http:\/\/minval.org\/svm\/?p=3033","title":{"rendered":"Los jacintos de Canales. Excelente trabajo de nuestro socio Jenaro Gil Marco"},"content":{"rendered":"<p><!--:es--><a href=\"http:\/\/minval.org\/svm\/wp-content\/uploads\/2013\/06\/Jacintos-Canales-portada.jpg\"><img loading=\"lazy\" decoding=\"async\" class=\"alignleft size-medium wp-image-3043\" title=\"Jacintos Canales portada\" src=\"http:\/\/minval.org\/svm\/wp-content\/uploads\/2013\/06\/Jacintos-Canales-portada-212x300.jpg\" alt=\"\" width=\"212\" height=\"300\" srcset=\"http:\/\/minval.org\/svm\/wp-content\/uploads\/2013\/06\/Jacintos-Canales-portada-212x300.jpg 212w, http:\/\/minval.org\/svm\/wp-content\/uploads\/2013\/06\/Jacintos-Canales-portada.jpg 573w\" sizes=\"(max-width: 212px) 100vw, 212px\" \/><\/a><\/p>\n<p>Recientemente la revista Acopios ha publicado el trabajo sobre los Jacintos de Canales de nuestro socio Jenaro Gil Marco. Se trata de un profundo estudio sobre la g\u00e9nesis, yacimientos, forma, inclusiones y otras propiedades de los jacintos de esta desconocida parte de la provincia de Castell\u00f3n. Una obra que seguro ser\u00e1 un referente sobre jacintos en Espa\u00f1a y a partir de ahora cita obligada de cualquier estudio posterior.<\/p>\n<p>Lo mejor es que la pod\u00e9is bajar en PDF en <a href=\"http:\/\/revistas.ojs.es\/index.php\/acopios\/article\/view\/1563\">http:\/\/revistas.ojs.es\/index.php\/acopios\/article\/view\/1563<\/a><\/p>\n<p>Esperamos la disfrut\u00e9is.<!--:--><!--:ca--><\/p>\n<\/p>\n<p><!--:--><!--:en--><\/p>\n<\/p>\n<p><!--:--><\/p>\n","protected":false},"excerpt":{"rendered":"<p>Recientemente la revista Acopios ha publicado el trabajo sobre los Jacintos de Canales de nuestro socio Jenaro Gil Marco. Se trata de un profundo estudio sobre la g\u00e9nesis, yacimientos, forma, inclusiones y otras propiedades de los jacintos de esta desconocida&#8230;<\/p>\n","protected":false},"author":2,"featured_media":0,"comment_status":"open","ping_status":"open","sticky":false,"template":"","format":"standard","meta":{"ngg_post_thumbnail":0,"footnotes":""},"categories":[3],"tags":[],"_links":{"self":[{"href":"http:\/\/minval.org\/svm\/index.php?rest_route=\/wp\/v2\/posts\/3033"}],"collection":[{"href":"http:\/\/minval.org\/svm\/index.php?rest_route=\/wp\/v2\/posts"}],"about":[{"href":"http:\/\/minval.org\/svm\/index.php?rest_route=\/wp\/v2\/types\/post"}],"author":[{"embeddable":true,"href":"http:\/\/minval.org\/svm\/index.php?rest_route=\/wp\/v2\/users\/2"}],"replies":[{"embeddable":true,"href":"http:\/\/minval.org\/svm\/index.php?rest_route=%2Fwp%2Fv2%2Fcomments&post=3033"}],"version-history":[{"count":0,"href":"http:\/\/minval.org\/svm\/index.php?rest_route=\/wp\/v2\/posts\/3033\/revisions"}],"wp:attachment":[{"href":"http:\/\/minval.org\/svm\/index.php?rest_route=%2Fwp%2Fv2%2Fmedia&parent=3033"}],"wp:term":[{"taxonomy":"category","embeddable":true,"href":"http:\/\/minval.org\/svm\/index.php?rest_route=%2Fwp%2Fv2%2Fcategories&post=3033"},{"taxonomy":"post_tag","embeddable":true,"href":"http:\/\/minval.org\/svm\/index.php?rest_route=%2Fwp%2Fv2%2Ftags&post=3033"}],"curies":[{"name":"wp","href":"https:\/\/api.w.org\/{rel}","templated":true}]}}