{"id":3047,"date":"2013-10-08T17:51:42","date_gmt":"2013-10-08T15:51:42","guid":{"rendered":"http:\/\/minval.org\/svm\/?p=3047"},"modified":"2013-10-08T17:51:42","modified_gmt":"2013-10-08T15:51:42","slug":"fiesta-de-la-societat-valenciana-de-mineralogia-2013","status":"publish","type":"post","link":"http:\/\/minval.org\/svm\/?p=3047","title":{"rendered":"Fiesta de la Societat Valenciana de Mineralogia 2013"},"content":{"rendered":"<p><!--:es--><\/p>\n<h3>Como en a\u00f1os anteriores, el d\u00eda 22 de septiembre de 2013, aprovechando la realizaci\u00f3n de la X Feria de Minerales y F\u00f3siles de Sant Vicent del Raspeig y la mesa de intercambio, nos reunimos miembros y simpatizantes de nuestra asociaci\u00f3n en casa de Calixto Mesa para celebrar la fiesta de oto\u00f1o de la Societat Valenciana de Mineralogia.<\/h3>\n<h3>Como ha ocurrido en los tres \u00faltimos a\u00f1os, la fiesta la hemos compartido con miembros de la AMPSVR y este a\u00f1o adem\u00e1s con los de la AMYP, que han aprovechado estos d\u00edas para realizar su quincuag\u00e9simo encuentro. Con este motivo, el s\u00e1bado d\u00eda 21 visitaron diversos yacimientos de la provincia de Alicante entre los que destacaremos la cantera de Los Serranos de Albatera y el yacimiento de magnesitas de la Sierra de Crevillente.<\/h3>\n<p>Pinchar en <a>[View with PicLens] para verlo como presentaci\u00f3n<br \/>\n<\/a><\/p>\n<p><!-- default-view.php -->\n<div\n\tclass=\"ngg-galleryoverview default-view \n\t\t\"\n\tid=\"ngg-gallery-ebf85e0b51701ba90372a4951fb4a4b1-1\">\n\n\t\t<!-- Thumbnails -->\n\t\t\t\t<div id=\"ngg-image-0\" class=\"ngg-gallery-thumbnail-box \n\t\t\t\t\t\t\t\t\t\t\t\" \n\t\t\t>\n\t\t\t\t\t\t<div class=\"ngg-gallery-thumbnail\">\n\t\t\t<a href=\"http:\/\/minval.org\/svm\/wp-content\/gallery\/fira-sant-vicent-2013\/actividades-1.jpg\"\n\t\t\t\ttitle=\"\"\n\t\t\t\tdata-src=\"http:\/\/minval.org\/svm\/wp-content\/gallery\/fira-sant-vicent-2013\/actividades-1.jpg\"\n\t\t\t\tdata-thumbnail=\"http:\/\/minval.org\/svm\/wp-content\/gallery\/fira-sant-vicent-2013\/thumbs\/thumbs_actividades-1.jpg\"\n\t\t\t\tdata-image-id=\"1709\"\n\t\t\t\tdata-title=\"actividades-1\"\n\t\t\t\tdata-description=\"\"\n\t\t\t\tdata-image-slug=\"\"\n\t\t\t\tclass=\"ngg-simplelightbox\" rel=\"ebf85e0b51701ba90372a4951fb4a4b1\">\n\t\t\t\t<img\n\t\t\t\t\ttitle=\"actividades-1\"\n\t\t\t\t\talt=\"actividades-1\"\n\t\t\t\t\tsrc=\"http:\/\/minval.org\/svm\/wp-content\/gallery\/fira-sant-vicent-2013\/thumbs\/thumbs_actividades-1.jpg\"\n\t\t\t\t\twidth=\"100\"\n\t\t\t\t\theight=\"75\"\n\t\t\t\t\tstyle=\"max-width:100%;\"\n\t\t\t\t\/>\n\t\t\t<\/a>\n\t\t<\/div>\n\t\t\t\t\t\t\t<\/div> \n\t\t\t\n\t\t\t\t<div id=\"ngg-image-1\" class=\"ngg-gallery-thumbnail-box \n\t\t\t\t\t\t\t\t\t\t\t\" \n\t\t\t>\n\t\t\t\t\t\t<div class=\"ngg-gallery-thumbnail\">\n\t\t\t<a href=\"http:\/\/minval.org\/svm\/wp-content\/gallery\/fira-sant-vicent-2013\/actividades-2.jpg\"\n\t\t\t\ttitle=\"\"\n\t\t\t\tdata-src=\"http:\/\/minval.org\/svm\/wp-content\/gallery\/fira-sant-vicent-2013\/actividades-2.jpg\"\n\t\t\t\tdata-thumbnail=\"http:\/\/minval.org\/svm\/wp-content\/gallery\/fira-sant-vicent-2013\/thumbs\/thumbs_actividades-2.jpg\"\n\t\t\t\tdata-image-id=\"1710\"\n\t\t\t\tdata-title=\"actividades-2\"\n\t\t\t\tdata-description=\"\"\n\t\t\t\tdata-image-slug=\"\"\n\t\t\t\tclass=\"ngg-simplelightbox\" rel=\"ebf85e0b51701ba90372a4951fb4a4b1\">\n\t\t\t\t<img\n\t\t\t\t\ttitle=\"actividades-2\"\n\t\t\t\t\talt=\"actividades-2\"\n\t\t\t\t\tsrc=\"http:\/\/minval.org\/svm\/wp-content\/gallery\/fira-sant-vicent-2013\/thumbs\/thumbs_actividades-2.jpg\"\n\t\t\t\t\twidth=\"100\"\n\t\t\t\t\theight=\"75\"\n\t\t\t\t\tstyle=\"max-width:100%;\"\n\t\t\t\t\/>\n\t\t\t<\/a>\n\t\t<\/div>\n\t\t\t\t\t\t\t<\/div> \n\t\t\t\n\t\t\t\t<div id=\"ngg-image-2\" class=\"ngg-gallery-thumbnail-box \n\t\t\t\t\t\t\t\t\t\t\t\" \n\t\t\t>\n\t\t\t\t\t\t<div class=\"ngg-gallery-thumbnail\">\n\t\t\t<a href=\"http:\/\/minval.org\/svm\/wp-content\/gallery\/fira-sant-vicent-2013\/comida-domingo-1.jpg\"\n\t\t\t\ttitle=\"\"\n\t\t\t\tdata-src=\"http:\/\/minval.org\/svm\/wp-content\/gallery\/fira-sant-vicent-2013\/comida-domingo-1.jpg\"\n\t\t\t\tdata-thumbnail=\"http:\/\/minval.org\/svm\/wp-content\/gallery\/fira-sant-vicent-2013\/thumbs\/thumbs_comida-domingo-1.jpg\"\n\t\t\t\tdata-image-id=\"1711\"\n\t\t\t\tdata-title=\"comida-domingo-1\"\n\t\t\t\tdata-description=\"\"\n\t\t\t\tdata-image-slug=\"\"\n\t\t\t\tclass=\"ngg-simplelightbox\" rel=\"ebf85e0b51701ba90372a4951fb4a4b1\">\n\t\t\t\t<img\n\t\t\t\t\ttitle=\"comida-domingo-1\"\n\t\t\t\t\talt=\"comida-domingo-1\"\n\t\t\t\t\tsrc=\"http:\/\/minval.org\/svm\/wp-content\/gallery\/fira-sant-vicent-2013\/thumbs\/thumbs_comida-domingo-1.jpg\"\n\t\t\t\t\twidth=\"100\"\n\t\t\t\t\theight=\"66\"\n\t\t\t\t\tstyle=\"max-width:100%;\"\n\t\t\t\t\/>\n\t\t\t<\/a>\n\t\t<\/div>\n\t\t\t\t\t\t\t<\/div> \n\t\t\t\n\t\t\t\t<div id=\"ngg-image-3\" class=\"ngg-gallery-thumbnail-box \n\t\t\t\t\t\t\t\t\t\t\t\" \n\t\t\t>\n\t\t\t\t\t\t<div class=\"ngg-gallery-thumbnail\">\n\t\t\t<a href=\"http:\/\/minval.org\/svm\/wp-content\/gallery\/fira-sant-vicent-2013\/comida-domingo-10.jpg\"\n\t\t\t\ttitle=\"\"\n\t\t\t\tdata-src=\"http:\/\/minval.org\/svm\/wp-content\/gallery\/fira-sant-vicent-2013\/comida-domingo-10.jpg\"\n\t\t\t\tdata-thumbnail=\"http:\/\/minval.org\/svm\/wp-content\/gallery\/fira-sant-vicent-2013\/thumbs\/thumbs_comida-domingo-10.jpg\"\n\t\t\t\tdata-image-id=\"1712\"\n\t\t\t\tdata-title=\"comida-domingo-10\"\n\t\t\t\tdata-description=\"\"\n\t\t\t\tdata-image-slug=\"\"\n\t\t\t\tclass=\"ngg-simplelightbox\" rel=\"ebf85e0b51701ba90372a4951fb4a4b1\">\n\t\t\t\t<img\n\t\t\t\t\ttitle=\"comida-domingo-10\"\n\t\t\t\t\talt=\"comida-domingo-10\"\n\t\t\t\t\tsrc=\"http:\/\/minval.org\/svm\/wp-content\/gallery\/fira-sant-vicent-2013\/thumbs\/thumbs_comida-domingo-10.jpg\"\n\t\t\t\t\twidth=\"100\"\n\t\t\t\t\theight=\"66\"\n\t\t\t\t\tstyle=\"max-width:100%;\"\n\t\t\t\t\/>\n\t\t\t<\/a>\n\t\t<\/div>\n\t\t\t\t\t\t\t<\/div> \n\t\t\t\n\t\t\t\t<div id=\"ngg-image-4\" class=\"ngg-gallery-thumbnail-box \n\t\t\t\t\t\t\t\t\t\t\t\" \n\t\t\t>\n\t\t\t\t\t\t<div class=\"ngg-gallery-thumbnail\">\n\t\t\t<a href=\"http:\/\/minval.org\/svm\/wp-content\/gallery\/fira-sant-vicent-2013\/comida-domingo-11.jpg\"\n\t\t\t\ttitle=\"\"\n\t\t\t\tdata-src=\"http:\/\/minval.org\/svm\/wp-content\/gallery\/fira-sant-vicent-2013\/comida-domingo-11.jpg\"\n\t\t\t\tdata-thumbnail=\"http:\/\/minval.org\/svm\/wp-content\/gallery\/fira-sant-vicent-2013\/thumbs\/thumbs_comida-domingo-11.jpg\"\n\t\t\t\tdata-image-id=\"1713\"\n\t\t\t\tdata-title=\"comida-domingo-11\"\n\t\t\t\tdata-description=\"\"\n\t\t\t\tdata-image-slug=\"\"\n\t\t\t\tclass=\"ngg-simplelightbox\" rel=\"ebf85e0b51701ba90372a4951fb4a4b1\">\n\t\t\t\t<img\n\t\t\t\t\ttitle=\"comida-domingo-11\"\n\t\t\t\t\talt=\"comida-domingo-11\"\n\t\t\t\t\tsrc=\"http:\/\/minval.org\/svm\/wp-content\/gallery\/fira-sant-vicent-2013\/thumbs\/thumbs_comida-domingo-11.jpg\"\n\t\t\t\t\twidth=\"100\"\n\t\t\t\t\theight=\"66\"\n\t\t\t\t\tstyle=\"max-width:100%;\"\n\t\t\t\t\/>\n\t\t\t<\/a>\n\t\t<\/div>\n\t\t\t\t\t\t\t<\/div> \n\t\t\t\n\t\t\t\t<div id=\"ngg-image-5\" class=\"ngg-gallery-thumbnail-box \n\t\t\t\t\t\t\t\t\t\t\t\" \n\t\t\t>\n\t\t\t\t\t\t<div class=\"ngg-gallery-thumbnail\">\n\t\t\t<a href=\"http:\/\/minval.org\/svm\/wp-content\/gallery\/fira-sant-vicent-2013\/comida-domingo-12.jpg\"\n\t\t\t\ttitle=\"\"\n\t\t\t\tdata-src=\"http:\/\/minval.org\/svm\/wp-content\/gallery\/fira-sant-vicent-2013\/comida-domingo-12.jpg\"\n\t\t\t\tdata-thumbnail=\"http:\/\/minval.org\/svm\/wp-content\/gallery\/fira-sant-vicent-2013\/thumbs\/thumbs_comida-domingo-12.jpg\"\n\t\t\t\tdata-image-id=\"1714\"\n\t\t\t\tdata-title=\"comida-domingo-12\"\n\t\t\t\tdata-description=\"\"\n\t\t\t\tdata-image-slug=\"\"\n\t\t\t\tclass=\"ngg-simplelightbox\" rel=\"ebf85e0b51701ba90372a4951fb4a4b1\">\n\t\t\t\t<img\n\t\t\t\t\ttitle=\"comida-domingo-12\"\n\t\t\t\t\talt=\"comida-domingo-12\"\n\t\t\t\t\tsrc=\"http:\/\/minval.org\/svm\/wp-content\/gallery\/fira-sant-vicent-2013\/thumbs\/thumbs_comida-domingo-12.jpg\"\n\t\t\t\t\twidth=\"100\"\n\t\t\t\t\theight=\"66\"\n\t\t\t\t\tstyle=\"max-width:100%;\"\n\t\t\t\t\/>\n\t\t\t<\/a>\n\t\t<\/div>\n\t\t\t\t\t\t\t<\/div> \n\t\t\t\n\t\t\t\t<div id=\"ngg-image-6\" class=\"ngg-gallery-thumbnail-box \n\t\t\t\t\t\t\t\t\t\t\t\" \n\t\t\t>\n\t\t\t\t\t\t<div class=\"ngg-gallery-thumbnail\">\n\t\t\t<a href=\"http:\/\/minval.org\/svm\/wp-content\/gallery\/fira-sant-vicent-2013\/comida-domingo-13.jpg\"\n\t\t\t\ttitle=\"\"\n\t\t\t\tdata-src=\"http:\/\/minval.org\/svm\/wp-content\/gallery\/fira-sant-vicent-2013\/comida-domingo-13.jpg\"\n\t\t\t\tdata-thumbnail=\"http:\/\/minval.org\/svm\/wp-content\/gallery\/fira-sant-vicent-2013\/thumbs\/thumbs_comida-domingo-13.jpg\"\n\t\t\t\tdata-image-id=\"1715\"\n\t\t\t\tdata-title=\"comida-domingo-13\"\n\t\t\t\tdata-description=\"\"\n\t\t\t\tdata-image-slug=\"\"\n\t\t\t\tclass=\"ngg-simplelightbox\" rel=\"ebf85e0b51701ba90372a4951fb4a4b1\">\n\t\t\t\t<img\n\t\t\t\t\ttitle=\"comida-domingo-13\"\n\t\t\t\t\talt=\"comida-domingo-13\"\n\t\t\t\t\tsrc=\"http:\/\/minval.org\/svm\/wp-content\/gallery\/fira-sant-vicent-2013\/thumbs\/thumbs_comida-domingo-13.jpg\"\n\t\t\t\t\twidth=\"100\"\n\t\t\t\t\theight=\"66\"\n\t\t\t\t\tstyle=\"max-width:100%;\"\n\t\t\t\t\/>\n\t\t\t<\/a>\n\t\t<\/div>\n\t\t\t\t\t\t\t<\/div> \n\t\t\t\n\t\t\t\t<div id=\"ngg-image-7\" class=\"ngg-gallery-thumbnail-box \n\t\t\t\t\t\t\t\t\t\t\t\" \n\t\t\t>\n\t\t\t\t\t\t<div class=\"ngg-gallery-thumbnail\">\n\t\t\t<a href=\"http:\/\/minval.org\/svm\/wp-content\/gallery\/fira-sant-vicent-2013\/comida-domingo-2.jpg\"\n\t\t\t\ttitle=\"\"\n\t\t\t\tdata-src=\"http:\/\/minval.org\/svm\/wp-content\/gallery\/fira-sant-vicent-2013\/comida-domingo-2.jpg\"\n\t\t\t\tdata-thumbnail=\"http:\/\/minval.org\/svm\/wp-content\/gallery\/fira-sant-vicent-2013\/thumbs\/thumbs_comida-domingo-2.jpg\"\n\t\t\t\tdata-image-id=\"1716\"\n\t\t\t\tdata-title=\"comida-domingo-2\"\n\t\t\t\tdata-description=\"\"\n\t\t\t\tdata-image-slug=\"\"\n\t\t\t\tclass=\"ngg-simplelightbox\" rel=\"ebf85e0b51701ba90372a4951fb4a4b1\">\n\t\t\t\t<img\n\t\t\t\t\ttitle=\"comida-domingo-2\"\n\t\t\t\t\talt=\"comida-domingo-2\"\n\t\t\t\t\tsrc=\"http:\/\/minval.org\/svm\/wp-content\/gallery\/fira-sant-vicent-2013\/thumbs\/thumbs_comida-domingo-2.jpg\"\n\t\t\t\t\twidth=\"100\"\n\t\t\t\t\theight=\"66\"\n\t\t\t\t\tstyle=\"max-width:100%;\"\n\t\t\t\t\/>\n\t\t\t<\/a>\n\t\t<\/div>\n\t\t\t\t\t\t\t<\/div> \n\t\t\t\n\t\t\t\t<div id=\"ngg-image-8\" class=\"ngg-gallery-thumbnail-box \n\t\t\t\t\t\t\t\t\t\t\t\" \n\t\t\t>\n\t\t\t\t\t\t<div class=\"ngg-gallery-thumbnail\">\n\t\t\t<a href=\"http:\/\/minval.org\/svm\/wp-content\/gallery\/fira-sant-vicent-2013\/comida-domingo-3.jpg\"\n\t\t\t\ttitle=\"\"\n\t\t\t\tdata-src=\"http:\/\/minval.org\/svm\/wp-content\/gallery\/fira-sant-vicent-2013\/comida-domingo-3.jpg\"\n\t\t\t\tdata-thumbnail=\"http:\/\/minval.org\/svm\/wp-content\/gallery\/fira-sant-vicent-2013\/thumbs\/thumbs_comida-domingo-3.jpg\"\n\t\t\t\tdata-image-id=\"1717\"\n\t\t\t\tdata-title=\"comida-domingo-3\"\n\t\t\t\tdata-description=\"\"\n\t\t\t\tdata-image-slug=\"\"\n\t\t\t\tclass=\"ngg-simplelightbox\" rel=\"ebf85e0b51701ba90372a4951fb4a4b1\">\n\t\t\t\t<img\n\t\t\t\t\ttitle=\"comida-domingo-3\"\n\t\t\t\t\talt=\"comida-domingo-3\"\n\t\t\t\t\tsrc=\"http:\/\/minval.org\/svm\/wp-content\/gallery\/fira-sant-vicent-2013\/thumbs\/thumbs_comida-domingo-3.jpg\"\n\t\t\t\t\twidth=\"100\"\n\t\t\t\t\theight=\"66\"\n\t\t\t\t\tstyle=\"max-width:100%;\"\n\t\t\t\t\/>\n\t\t\t<\/a>\n\t\t<\/div>\n\t\t\t\t\t\t\t<\/div> \n\t\t\t\n\t\t\t\t<div id=\"ngg-image-9\" class=\"ngg-gallery-thumbnail-box \n\t\t\t\t\t\t\t\t\t\t\t\" \n\t\t\t>\n\t\t\t\t\t\t<div class=\"ngg-gallery-thumbnail\">\n\t\t\t<a href=\"http:\/\/minval.org\/svm\/wp-content\/gallery\/fira-sant-vicent-2013\/comida-domingo-4.jpg\"\n\t\t\t\ttitle=\"\"\n\t\t\t\tdata-src=\"http:\/\/minval.org\/svm\/wp-content\/gallery\/fira-sant-vicent-2013\/comida-domingo-4.jpg\"\n\t\t\t\tdata-thumbnail=\"http:\/\/minval.org\/svm\/wp-content\/gallery\/fira-sant-vicent-2013\/thumbs\/thumbs_comida-domingo-4.jpg\"\n\t\t\t\tdata-image-id=\"1718\"\n\t\t\t\tdata-title=\"comida-domingo-4\"\n\t\t\t\tdata-description=\"\"\n\t\t\t\tdata-image-slug=\"\"\n\t\t\t\tclass=\"ngg-simplelightbox\" rel=\"ebf85e0b51701ba90372a4951fb4a4b1\">\n\t\t\t\t<img\n\t\t\t\t\ttitle=\"comida-domingo-4\"\n\t\t\t\t\talt=\"comida-domingo-4\"\n\t\t\t\t\tsrc=\"http:\/\/minval.org\/svm\/wp-content\/gallery\/fira-sant-vicent-2013\/thumbs\/thumbs_comida-domingo-4.jpg\"\n\t\t\t\t\twidth=\"100\"\n\t\t\t\t\theight=\"66\"\n\t\t\t\t\tstyle=\"max-width:100%;\"\n\t\t\t\t\/>\n\t\t\t<\/a>\n\t\t<\/div>\n\t\t\t\t\t\t\t<\/div> \n\t\t\t\n\t\t\t\t<div id=\"ngg-image-10\" class=\"ngg-gallery-thumbnail-box \n\t\t\t\t\t\t\t\t\t\t\t\" \n\t\t\t>\n\t\t\t\t\t\t<div class=\"ngg-gallery-thumbnail\">\n\t\t\t<a href=\"http:\/\/minval.org\/svm\/wp-content\/gallery\/fira-sant-vicent-2013\/comida-domingo-5.jpg\"\n\t\t\t\ttitle=\"\"\n\t\t\t\tdata-src=\"http:\/\/minval.org\/svm\/wp-content\/gallery\/fira-sant-vicent-2013\/comida-domingo-5.jpg\"\n\t\t\t\tdata-thumbnail=\"http:\/\/minval.org\/svm\/wp-content\/gallery\/fira-sant-vicent-2013\/thumbs\/thumbs_comida-domingo-5.jpg\"\n\t\t\t\tdata-image-id=\"1719\"\n\t\t\t\tdata-title=\"comida-domingo-5\"\n\t\t\t\tdata-description=\"\"\n\t\t\t\tdata-image-slug=\"\"\n\t\t\t\tclass=\"ngg-simplelightbox\" rel=\"ebf85e0b51701ba90372a4951fb4a4b1\">\n\t\t\t\t<img\n\t\t\t\t\ttitle=\"comida-domingo-5\"\n\t\t\t\t\talt=\"comida-domingo-5\"\n\t\t\t\t\tsrc=\"http:\/\/minval.org\/svm\/wp-content\/gallery\/fira-sant-vicent-2013\/thumbs\/thumbs_comida-domingo-5.jpg\"\n\t\t\t\t\twidth=\"100\"\n\t\t\t\t\theight=\"66\"\n\t\t\t\t\tstyle=\"max-width:100%;\"\n\t\t\t\t\/>\n\t\t\t<\/a>\n\t\t<\/div>\n\t\t\t\t\t\t\t<\/div> \n\t\t\t\n\t\t\t\t<div id=\"ngg-image-11\" class=\"ngg-gallery-thumbnail-box \n\t\t\t\t\t\t\t\t\t\t\t\" \n\t\t\t>\n\t\t\t\t\t\t<div class=\"ngg-gallery-thumbnail\">\n\t\t\t<a href=\"http:\/\/minval.org\/svm\/wp-content\/gallery\/fira-sant-vicent-2013\/comida-domingo-6.jpg\"\n\t\t\t\ttitle=\"\"\n\t\t\t\tdata-src=\"http:\/\/minval.org\/svm\/wp-content\/gallery\/fira-sant-vicent-2013\/comida-domingo-6.jpg\"\n\t\t\t\tdata-thumbnail=\"http:\/\/minval.org\/svm\/wp-content\/gallery\/fira-sant-vicent-2013\/thumbs\/thumbs_comida-domingo-6.jpg\"\n\t\t\t\tdata-image-id=\"1720\"\n\t\t\t\tdata-title=\"comida-domingo-6\"\n\t\t\t\tdata-description=\"\"\n\t\t\t\tdata-image-slug=\"\"\n\t\t\t\tclass=\"ngg-simplelightbox\" rel=\"ebf85e0b51701ba90372a4951fb4a4b1\">\n\t\t\t\t<img\n\t\t\t\t\ttitle=\"comida-domingo-6\"\n\t\t\t\t\talt=\"comida-domingo-6\"\n\t\t\t\t\tsrc=\"http:\/\/minval.org\/svm\/wp-content\/gallery\/fira-sant-vicent-2013\/thumbs\/thumbs_comida-domingo-6.jpg\"\n\t\t\t\t\twidth=\"100\"\n\t\t\t\t\theight=\"66\"\n\t\t\t\t\tstyle=\"max-width:100%;\"\n\t\t\t\t\/>\n\t\t\t<\/a>\n\t\t<\/div>\n\t\t\t\t\t\t\t<\/div> \n\t\t\t\n\t\t\t\t<div id=\"ngg-image-12\" class=\"ngg-gallery-thumbnail-box \n\t\t\t\t\t\t\t\t\t\t\t\" \n\t\t\t>\n\t\t\t\t\t\t<div class=\"ngg-gallery-thumbnail\">\n\t\t\t<a href=\"http:\/\/minval.org\/svm\/wp-content\/gallery\/fira-sant-vicent-2013\/comida-domingo-7.jpg\"\n\t\t\t\ttitle=\"\"\n\t\t\t\tdata-src=\"http:\/\/minval.org\/svm\/wp-content\/gallery\/fira-sant-vicent-2013\/comida-domingo-7.jpg\"\n\t\t\t\tdata-thumbnail=\"http:\/\/minval.org\/svm\/wp-content\/gallery\/fira-sant-vicent-2013\/thumbs\/thumbs_comida-domingo-7.jpg\"\n\t\t\t\tdata-image-id=\"1721\"\n\t\t\t\tdata-title=\"comida-domingo-7\"\n\t\t\t\tdata-description=\"\"\n\t\t\t\tdata-image-slug=\"\"\n\t\t\t\tclass=\"ngg-simplelightbox\" rel=\"ebf85e0b51701ba90372a4951fb4a4b1\">\n\t\t\t\t<img\n\t\t\t\t\ttitle=\"comida-domingo-7\"\n\t\t\t\t\talt=\"comida-domingo-7\"\n\t\t\t\t\tsrc=\"http:\/\/minval.org\/svm\/wp-content\/gallery\/fira-sant-vicent-2013\/thumbs\/thumbs_comida-domingo-7.jpg\"\n\t\t\t\t\twidth=\"100\"\n\t\t\t\t\theight=\"66\"\n\t\t\t\t\tstyle=\"max-width:100%;\"\n\t\t\t\t\/>\n\t\t\t<\/a>\n\t\t<\/div>\n\t\t\t\t\t\t\t<\/div> \n\t\t\t\n\t\t\t\t<div id=\"ngg-image-13\" class=\"ngg-gallery-thumbnail-box \n\t\t\t\t\t\t\t\t\t\t\t\" \n\t\t\t>\n\t\t\t\t\t\t<div class=\"ngg-gallery-thumbnail\">\n\t\t\t<a href=\"http:\/\/minval.org\/svm\/wp-content\/gallery\/fira-sant-vicent-2013\/comida-domingo-8.jpg\"\n\t\t\t\ttitle=\"\"\n\t\t\t\tdata-src=\"http:\/\/minval.org\/svm\/wp-content\/gallery\/fira-sant-vicent-2013\/comida-domingo-8.jpg\"\n\t\t\t\tdata-thumbnail=\"http:\/\/minval.org\/svm\/wp-content\/gallery\/fira-sant-vicent-2013\/thumbs\/thumbs_comida-domingo-8.jpg\"\n\t\t\t\tdata-image-id=\"1722\"\n\t\t\t\tdata-title=\"comida-domingo-8\"\n\t\t\t\tdata-description=\"\"\n\t\t\t\tdata-image-slug=\"\"\n\t\t\t\tclass=\"ngg-simplelightbox\" rel=\"ebf85e0b51701ba90372a4951fb4a4b1\">\n\t\t\t\t<img\n\t\t\t\t\ttitle=\"comida-domingo-8\"\n\t\t\t\t\talt=\"comida-domingo-8\"\n\t\t\t\t\tsrc=\"http:\/\/minval.org\/svm\/wp-content\/gallery\/fira-sant-vicent-2013\/thumbs\/thumbs_comida-domingo-8.jpg\"\n\t\t\t\t\twidth=\"100\"\n\t\t\t\t\theight=\"66\"\n\t\t\t\t\tstyle=\"max-width:100%;\"\n\t\t\t\t\/>\n\t\t\t<\/a>\n\t\t<\/div>\n\t\t\t\t\t\t\t<\/div> \n\t\t\t\n\t\t\t\t<div id=\"ngg-image-14\" class=\"ngg-gallery-thumbnail-box \n\t\t\t\t\t\t\t\t\t\t\t\" \n\t\t\t>\n\t\t\t\t\t\t<div class=\"ngg-gallery-thumbnail\">\n\t\t\t<a href=\"http:\/\/minval.org\/svm\/wp-content\/gallery\/fira-sant-vicent-2013\/comida-domingo-9.jpg\"\n\t\t\t\ttitle=\"\"\n\t\t\t\tdata-src=\"http:\/\/minval.org\/svm\/wp-content\/gallery\/fira-sant-vicent-2013\/comida-domingo-9.jpg\"\n\t\t\t\tdata-thumbnail=\"http:\/\/minval.org\/svm\/wp-content\/gallery\/fira-sant-vicent-2013\/thumbs\/thumbs_comida-domingo-9.jpg\"\n\t\t\t\tdata-image-id=\"1723\"\n\t\t\t\tdata-title=\"comida-domingo-9\"\n\t\t\t\tdata-description=\"\"\n\t\t\t\tdata-image-slug=\"\"\n\t\t\t\tclass=\"ngg-simplelightbox\" rel=\"ebf85e0b51701ba90372a4951fb4a4b1\">\n\t\t\t\t<img\n\t\t\t\t\ttitle=\"comida-domingo-9\"\n\t\t\t\t\talt=\"comida-domingo-9\"\n\t\t\t\t\tsrc=\"http:\/\/minval.org\/svm\/wp-content\/gallery\/fira-sant-vicent-2013\/thumbs\/thumbs_comida-domingo-9.jpg\"\n\t\t\t\t\twidth=\"100\"\n\t\t\t\t\theight=\"66\"\n\t\t\t\t\tstyle=\"max-width:100%;\"\n\t\t\t\t\/>\n\t\t\t<\/a>\n\t\t<\/div>\n\t\t\t\t\t\t\t<\/div> \n\t\t\t\n\t\t\t\t<div id=\"ngg-image-15\" class=\"ngg-gallery-thumbnail-box \n\t\t\t\t\t\t\t\t\t\t\t\" \n\t\t\t>\n\t\t\t\t\t\t<div class=\"ngg-gallery-thumbnail\">\n\t\t\t<a href=\"http:\/\/minval.org\/svm\/wp-content\/gallery\/fira-sant-vicent-2013\/comida-domingo-14.jpg\"\n\t\t\t\ttitle=\"\"\n\t\t\t\tdata-src=\"http:\/\/minval.org\/svm\/wp-content\/gallery\/fira-sant-vicent-2013\/comida-domingo-14.jpg\"\n\t\t\t\tdata-thumbnail=\"http:\/\/minval.org\/svm\/wp-content\/gallery\/fira-sant-vicent-2013\/thumbs\/thumbs_comida-domingo-14.jpg\"\n\t\t\t\tdata-image-id=\"1724\"\n\t\t\t\tdata-title=\"comida-domingo-14\"\n\t\t\t\tdata-description=\"\"\n\t\t\t\tdata-image-slug=\"\"\n\t\t\t\tclass=\"ngg-simplelightbox\" rel=\"ebf85e0b51701ba90372a4951fb4a4b1\">\n\t\t\t\t<img\n\t\t\t\t\ttitle=\"comida-domingo-14\"\n\t\t\t\t\talt=\"comida-domingo-14\"\n\t\t\t\t\tsrc=\"http:\/\/minval.org\/svm\/wp-content\/gallery\/fira-sant-vicent-2013\/thumbs\/thumbs_comida-domingo-14.jpg\"\n\t\t\t\t\twidth=\"100\"\n\t\t\t\t\theight=\"66\"\n\t\t\t\t\tstyle=\"max-width:100%;\"\n\t\t\t\t\/>\n\t\t\t<\/a>\n\t\t<\/div>\n\t\t\t\t\t\t\t<\/div> \n\t\t\t\n\t\t\t\t<div id=\"ngg-image-16\" class=\"ngg-gallery-thumbnail-box \n\t\t\t\t\t\t\t\t\t\t\t\" \n\t\t\t>\n\t\t\t\t\t\t<div class=\"ngg-gallery-thumbnail\">\n\t\t\t<a href=\"http:\/\/minval.org\/svm\/wp-content\/gallery\/fira-sant-vicent-2013\/comida-domingo-15.jpg\"\n\t\t\t\ttitle=\"\"\n\t\t\t\tdata-src=\"http:\/\/minval.org\/svm\/wp-content\/gallery\/fira-sant-vicent-2013\/comida-domingo-15.jpg\"\n\t\t\t\tdata-thumbnail=\"http:\/\/minval.org\/svm\/wp-content\/gallery\/fira-sant-vicent-2013\/thumbs\/thumbs_comida-domingo-15.jpg\"\n\t\t\t\tdata-image-id=\"1725\"\n\t\t\t\tdata-title=\"comida-domingo-15\"\n\t\t\t\tdata-description=\"\"\n\t\t\t\tdata-image-slug=\"\"\n\t\t\t\tclass=\"ngg-simplelightbox\" rel=\"ebf85e0b51701ba90372a4951fb4a4b1\">\n\t\t\t\t<img\n\t\t\t\t\ttitle=\"comida-domingo-15\"\n\t\t\t\t\talt=\"comida-domingo-15\"\n\t\t\t\t\tsrc=\"http:\/\/minval.org\/svm\/wp-content\/gallery\/fira-sant-vicent-2013\/thumbs\/thumbs_comida-domingo-15.jpg\"\n\t\t\t\t\twidth=\"100\"\n\t\t\t\t\theight=\"66\"\n\t\t\t\t\tstyle=\"max-width:100%;\"\n\t\t\t\t\/>\n\t\t\t<\/a>\n\t\t<\/div>\n\t\t\t\t\t\t\t<\/div> \n\t\t\t\n\t\t\t\t<div id=\"ngg-image-17\" class=\"ngg-gallery-thumbnail-box \n\t\t\t\t\t\t\t\t\t\t\t\" \n\t\t\t>\n\t\t\t\t\t\t<div class=\"ngg-gallery-thumbnail\">\n\t\t\t<a href=\"http:\/\/minval.org\/svm\/wp-content\/gallery\/fira-sant-vicent-2013\/comida-domingo-16.jpg\"\n\t\t\t\ttitle=\"\"\n\t\t\t\tdata-src=\"http:\/\/minval.org\/svm\/wp-content\/gallery\/fira-sant-vicent-2013\/comida-domingo-16.jpg\"\n\t\t\t\tdata-thumbnail=\"http:\/\/minval.org\/svm\/wp-content\/gallery\/fira-sant-vicent-2013\/thumbs\/thumbs_comida-domingo-16.jpg\"\n\t\t\t\tdata-image-id=\"1726\"\n\t\t\t\tdata-title=\"comida-domingo-16\"\n\t\t\t\tdata-description=\"\"\n\t\t\t\tdata-image-slug=\"\"\n\t\t\t\tclass=\"ngg-simplelightbox\" rel=\"ebf85e0b51701ba90372a4951fb4a4b1\">\n\t\t\t\t<img\n\t\t\t\t\ttitle=\"comida-domingo-16\"\n\t\t\t\t\talt=\"comida-domingo-16\"\n\t\t\t\t\tsrc=\"http:\/\/minval.org\/svm\/wp-content\/gallery\/fira-sant-vicent-2013\/thumbs\/thumbs_comida-domingo-16.jpg\"\n\t\t\t\t\twidth=\"100\"\n\t\t\t\t\theight=\"66\"\n\t\t\t\t\tstyle=\"max-width:100%;\"\n\t\t\t\t\/>\n\t\t\t<\/a>\n\t\t<\/div>\n\t\t\t\t\t\t\t<\/div> \n\t\t\t\n\t\t\t\t<div id=\"ngg-image-18\" class=\"ngg-gallery-thumbnail-box \n\t\t\t\t\t\t\t\t\t\t\t\" \n\t\t\t>\n\t\t\t\t\t\t<div class=\"ngg-gallery-thumbnail\">\n\t\t\t<a href=\"http:\/\/minval.org\/svm\/wp-content\/gallery\/fira-sant-vicent-2013\/comida-domingo-17.jpg\"\n\t\t\t\ttitle=\"\"\n\t\t\t\tdata-src=\"http:\/\/minval.org\/svm\/wp-content\/gallery\/fira-sant-vicent-2013\/comida-domingo-17.jpg\"\n\t\t\t\tdata-thumbnail=\"http:\/\/minval.org\/svm\/wp-content\/gallery\/fira-sant-vicent-2013\/thumbs\/thumbs_comida-domingo-17.jpg\"\n\t\t\t\tdata-image-id=\"1727\"\n\t\t\t\tdata-title=\"comida-domingo-17\"\n\t\t\t\tdata-description=\"\"\n\t\t\t\tdata-image-slug=\"\"\n\t\t\t\tclass=\"ngg-simplelightbox\" rel=\"ebf85e0b51701ba90372a4951fb4a4b1\">\n\t\t\t\t<img\n\t\t\t\t\ttitle=\"comida-domingo-17\"\n\t\t\t\t\talt=\"comida-domingo-17\"\n\t\t\t\t\tsrc=\"http:\/\/minval.org\/svm\/wp-content\/gallery\/fira-sant-vicent-2013\/thumbs\/thumbs_comida-domingo-17.jpg\"\n\t\t\t\t\twidth=\"100\"\n\t\t\t\t\theight=\"66\"\n\t\t\t\t\tstyle=\"max-width:100%;\"\n\t\t\t\t\/>\n\t\t\t<\/a>\n\t\t<\/div>\n\t\t\t\t\t\t\t<\/div> \n\t\t\t\n\t\t\t\t<div id=\"ngg-image-19\" class=\"ngg-gallery-thumbnail-box \n\t\t\t\t\t\t\t\t\t\t\t\" \n\t\t\t>\n\t\t\t\t\t\t<div class=\"ngg-gallery-thumbnail\">\n\t\t\t<a href=\"http:\/\/minval.org\/svm\/wp-content\/gallery\/fira-sant-vicent-2013\/comida-domingo-18.jpg\"\n\t\t\t\ttitle=\"\"\n\t\t\t\tdata-src=\"http:\/\/minval.org\/svm\/wp-content\/gallery\/fira-sant-vicent-2013\/comida-domingo-18.jpg\"\n\t\t\t\tdata-thumbnail=\"http:\/\/minval.org\/svm\/wp-content\/gallery\/fira-sant-vicent-2013\/thumbs\/thumbs_comida-domingo-18.jpg\"\n\t\t\t\tdata-image-id=\"1728\"\n\t\t\t\tdata-title=\"comida-domingo-18\"\n\t\t\t\tdata-description=\"\"\n\t\t\t\tdata-image-slug=\"\"\n\t\t\t\tclass=\"ngg-simplelightbox\" rel=\"ebf85e0b51701ba90372a4951fb4a4b1\">\n\t\t\t\t<img\n\t\t\t\t\ttitle=\"comida-domingo-18\"\n\t\t\t\t\talt=\"comida-domingo-18\"\n\t\t\t\t\tsrc=\"http:\/\/minval.org\/svm\/wp-content\/gallery\/fira-sant-vicent-2013\/thumbs\/thumbs_comida-domingo-18.jpg\"\n\t\t\t\t\twidth=\"100\"\n\t\t\t\t\theight=\"66\"\n\t\t\t\t\tstyle=\"max-width:100%;\"\n\t\t\t\t\/>\n\t\t\t<\/a>\n\t\t<\/div>\n\t\t\t\t\t\t\t<\/div> \n\t\t\t\n\t\t\t\t<div id=\"ngg-image-20\" class=\"ngg-gallery-thumbnail-box \n\t\t\t\t\t\t\t\t\t\t\t\" \n\t\t\t>\n\t\t\t\t\t\t<div class=\"ngg-gallery-thumbnail\">\n\t\t\t<a href=\"http:\/\/minval.org\/svm\/wp-content\/gallery\/fira-sant-vicent-2013\/comida-domingo-20.jpg\"\n\t\t\t\ttitle=\"\"\n\t\t\t\tdata-src=\"http:\/\/minval.org\/svm\/wp-content\/gallery\/fira-sant-vicent-2013\/comida-domingo-20.jpg\"\n\t\t\t\tdata-thumbnail=\"http:\/\/minval.org\/svm\/wp-content\/gallery\/fira-sant-vicent-2013\/thumbs\/thumbs_comida-domingo-20.jpg\"\n\t\t\t\tdata-image-id=\"1729\"\n\t\t\t\tdata-title=\"comida-domingo-20\"\n\t\t\t\tdata-description=\"\"\n\t\t\t\tdata-image-slug=\"\"\n\t\t\t\tclass=\"ngg-simplelightbox\" rel=\"ebf85e0b51701ba90372a4951fb4a4b1\">\n\t\t\t\t<img\n\t\t\t\t\ttitle=\"comida-domingo-20\"\n\t\t\t\t\talt=\"comida-domingo-20\"\n\t\t\t\t\tsrc=\"http:\/\/minval.org\/svm\/wp-content\/gallery\/fira-sant-vicent-2013\/thumbs\/thumbs_comida-domingo-20.jpg\"\n\t\t\t\t\twidth=\"100\"\n\t\t\t\t\theight=\"66\"\n\t\t\t\t\tstyle=\"max-width:100%;\"\n\t\t\t\t\/>\n\t\t\t<\/a>\n\t\t<\/div>\n\t\t\t\t\t\t\t<\/div> \n\t\t\t\n\t\t\t\t<div id=\"ngg-image-21\" class=\"ngg-gallery-thumbnail-box \n\t\t\t\t\t\t\t\t\t\t\t\" \n\t\t\t>\n\t\t\t\t\t\t<div class=\"ngg-gallery-thumbnail\">\n\t\t\t<a href=\"http:\/\/minval.org\/svm\/wp-content\/gallery\/fira-sant-vicent-2013\/comida-domingo-21.jpg\"\n\t\t\t\ttitle=\"\"\n\t\t\t\tdata-src=\"http:\/\/minval.org\/svm\/wp-content\/gallery\/fira-sant-vicent-2013\/comida-domingo-21.jpg\"\n\t\t\t\tdata-thumbnail=\"http:\/\/minval.org\/svm\/wp-content\/gallery\/fira-sant-vicent-2013\/thumbs\/thumbs_comida-domingo-21.jpg\"\n\t\t\t\tdata-image-id=\"1730\"\n\t\t\t\tdata-title=\"comida-domingo-21\"\n\t\t\t\tdata-description=\"\"\n\t\t\t\tdata-image-slug=\"\"\n\t\t\t\tclass=\"ngg-simplelightbox\" rel=\"ebf85e0b51701ba90372a4951fb4a4b1\">\n\t\t\t\t<img\n\t\t\t\t\ttitle=\"comida-domingo-21\"\n\t\t\t\t\talt=\"comida-domingo-21\"\n\t\t\t\t\tsrc=\"http:\/\/minval.org\/svm\/wp-content\/gallery\/fira-sant-vicent-2013\/thumbs\/thumbs_comida-domingo-21.jpg\"\n\t\t\t\t\twidth=\"100\"\n\t\t\t\t\theight=\"66\"\n\t\t\t\t\tstyle=\"max-width:100%;\"\n\t\t\t\t\/>\n\t\t\t<\/a>\n\t\t<\/div>\n\t\t\t\t\t\t\t<\/div> \n\t\t\t\n\t\t\t\t<div id=\"ngg-image-22\" class=\"ngg-gallery-thumbnail-box \n\t\t\t\t\t\t\t\t\t\t\t\" \n\t\t\t>\n\t\t\t\t\t\t<div class=\"ngg-gallery-thumbnail\">\n\t\t\t<a href=\"http:\/\/minval.org\/svm\/wp-content\/gallery\/fira-sant-vicent-2013\/comida-domingo-22.jpg\"\n\t\t\t\ttitle=\"\"\n\t\t\t\tdata-src=\"http:\/\/minval.org\/svm\/wp-content\/gallery\/fira-sant-vicent-2013\/comida-domingo-22.jpg\"\n\t\t\t\tdata-thumbnail=\"http:\/\/minval.org\/svm\/wp-content\/gallery\/fira-sant-vicent-2013\/thumbs\/thumbs_comida-domingo-22.jpg\"\n\t\t\t\tdata-image-id=\"1731\"\n\t\t\t\tdata-title=\"comida-domingo-22\"\n\t\t\t\tdata-description=\"\"\n\t\t\t\tdata-image-slug=\"\"\n\t\t\t\tclass=\"ngg-simplelightbox\" rel=\"ebf85e0b51701ba90372a4951fb4a4b1\">\n\t\t\t\t<img\n\t\t\t\t\ttitle=\"comida-domingo-22\"\n\t\t\t\t\talt=\"comida-domingo-22\"\n\t\t\t\t\tsrc=\"http:\/\/minval.org\/svm\/wp-content\/gallery\/fira-sant-vicent-2013\/thumbs\/thumbs_comida-domingo-22.jpg\"\n\t\t\t\t\twidth=\"100\"\n\t\t\t\t\theight=\"66\"\n\t\t\t\t\tstyle=\"max-width:100%;\"\n\t\t\t\t\/>\n\t\t\t<\/a>\n\t\t<\/div>\n\t\t\t\t\t\t\t<\/div> \n\t\t\t\n\t\t\t\t<div id=\"ngg-image-23\" class=\"ngg-gallery-thumbnail-box \n\t\t\t\t\t\t\t\t\t\t\t\" \n\t\t\t>\n\t\t\t\t\t\t<div class=\"ngg-gallery-thumbnail\">\n\t\t\t<a href=\"http:\/\/minval.org\/svm\/wp-content\/gallery\/fira-sant-vicent-2013\/comida-domingo-23.jpg\"\n\t\t\t\ttitle=\"\"\n\t\t\t\tdata-src=\"http:\/\/minval.org\/svm\/wp-content\/gallery\/fira-sant-vicent-2013\/comida-domingo-23.jpg\"\n\t\t\t\tdata-thumbnail=\"http:\/\/minval.org\/svm\/wp-content\/gallery\/fira-sant-vicent-2013\/thumbs\/thumbs_comida-domingo-23.jpg\"\n\t\t\t\tdata-image-id=\"1732\"\n\t\t\t\tdata-title=\"comida-domingo-23\"\n\t\t\t\tdata-description=\"\"\n\t\t\t\tdata-image-slug=\"\"\n\t\t\t\tclass=\"ngg-simplelightbox\" rel=\"ebf85e0b51701ba90372a4951fb4a4b1\">\n\t\t\t\t<img\n\t\t\t\t\ttitle=\"comida-domingo-23\"\n\t\t\t\t\talt=\"comida-domingo-23\"\n\t\t\t\t\tsrc=\"http:\/\/minval.org\/svm\/wp-content\/gallery\/fira-sant-vicent-2013\/thumbs\/thumbs_comida-domingo-23.jpg\"\n\t\t\t\t\twidth=\"100\"\n\t\t\t\t\theight=\"66\"\n\t\t\t\t\tstyle=\"max-width:100%;\"\n\t\t\t\t\/>\n\t\t\t<\/a>\n\t\t<\/div>\n\t\t\t\t\t\t\t<\/div> \n\t\t\t\n\t\n\t<br style=\"clear: both\" \/>\n\n\t\n\t\t<!-- Pagination -->\n\t\t<div class='ngg-navigation'><span class='current'>1<\/span>\n<a class='page-numbers' data-pageid='2' href='http:\/\/minval.org\/svm\/index.php\/nggallery\/page\/2?p=3047'>2<\/a>\n<span class='ellipsis'>...<\/span>\n<a class='page-numbers' data-pageid='12' href='http:\/\/minval.org\/svm\/index.php\/nggallery\/page\/12?p=3047'>12<\/a>\n<a class='prev' href='http:\/\/minval.org\/svm\/index.php\/nggallery\/page\/2?p=3047' data-pageid=2>&#9658;<\/a><\/div>\t<\/div>\n<!--:--><!--:ca--><\/p>\n<\/p>\n<p><!--:--><!--:en--><\/p>\n<\/p>\n<p><!--:--><\/p>\n","protected":false},"excerpt":{"rendered":"<p>Como en a\u00f1os anteriores, el d\u00eda 22 de septiembre de 2013, aprovechando la realizaci\u00f3n de la X Feria de Minerales y F\u00f3siles de Sant Vicent del Raspeig y la mesa de intercambio, nos reunimos miembros y simpatizantes de nuestra asociaci\u00f3n&#8230;<\/p>\n","protected":false},"author":2,"featured_media":0,"comment_status":"closed","ping_status":"closed","sticky":false,"template":"","format":"standard","meta":{"ngg_post_thumbnail":0,"footnotes":""},"categories":[5],"tags":[],"_links":{"self":[{"href":"http:\/\/minval.org\/svm\/index.php?rest_route=\/wp\/v2\/posts\/3047"}],"collection":[{"href":"http:\/\/minval.org\/svm\/index.php?rest_route=\/wp\/v2\/posts"}],"about":[{"href":"http:\/\/minval.org\/svm\/index.php?rest_route=\/wp\/v2\/types\/post"}],"author":[{"embeddable":true,"href":"http:\/\/minval.org\/svm\/index.php?rest_route=\/wp\/v2\/users\/2"}],"replies":[{"embeddable":true,"href":"http:\/\/minval.org\/svm\/index.php?rest_route=%2Fwp%2Fv2%2Fcomments&post=3047"}],"version-history":[{"count":0,"href":"http:\/\/minval.org\/svm\/index.php?rest_route=\/wp\/v2\/posts\/3047\/revisions"}],"wp:attachment":[{"href":"http:\/\/minval.org\/svm\/index.php?rest_route=%2Fwp%2Fv2%2Fmedia&parent=3047"}],"wp:term":[{"taxonomy":"category","embeddable":true,"href":"http:\/\/minval.org\/svm\/index.php?rest_route=%2Fwp%2Fv2%2Fcategories&post=3047"},{"taxonomy":"post_tag","embeddable":true,"href":"http:\/\/minval.org\/svm\/index.php?rest_route=%2Fwp%2Fv2%2Ftags&post=3047"}],"curies":[{"name":"wp","href":"https:\/\/api.w.org\/{rel}","templated":true}]}}