{"id":3059,"date":"2013-10-31T19:46:21","date_gmt":"2013-10-31T17:46:21","guid":{"rendered":"http:\/\/minval.org\/svm\/?p=3059"},"modified":"2013-10-31T19:46:21","modified_gmt":"2013-10-31T17:46:21","slug":"minerval-2013-27-feria-de-minerales-de-valencia","status":"publish","type":"post","link":"http:\/\/minval.org\/svm\/?p=3059","title":{"rendered":"XXVII Fira de Minerals de Castell\u00f3. Edici\u00f3n a\u00f1o 2014"},"content":{"rendered":"<p><!--:es--><\/p>\n<h3 style=\"text-align: justify;\"><a href=\"http:\/\/minval.org\/svm\/wp-content\/uploads\/2013\/10\/Cartell-Fira-2014.jpg\"><img loading=\"lazy\" decoding=\"async\" class=\"alignleft size-medium wp-image-3070\" title=\"Cartell Fira 2014\" src=\"http:\/\/minval.org\/svm\/wp-content\/uploads\/2013\/10\/Cartell-Fira-2014-222x300.jpg\" alt=\"\" width=\"222\" height=\"300\" \/><\/a>Los d\u00edas 22 y 23 de febrero de 2014 se celebrar\u00e1 en la plaza Santa Clara de Castell\u00f3n, la vig\u00e9simo s\u00e9ptima Feria de Minerales de Castell\u00f3n, organizada por el GRUP GEODA Castell\u00f3 y patrocinada por el Exmo. Ayuntamiento de la Ciudad.<\/h3>\n<h3 style=\"text-align: justify;\">Este a\u00f1o sentiremos la p\u00e9rdida de un expositor que desde hace m\u00e1s de veinte a\u00f1os era habitual en nuestra feria. Se trata de nuestro estimado amigo y admirado investigador el Dr. Joan Vi\u00f1als. Todos los que tuvimos la suerte de tratarlo pudimos enriquecernos con sus conocimientos, que con su extraordinario car\u00e1cter, divulgaba generosamente, indiferentemente de la persona que se los ped\u00eda. Se nos ha ido una excelente persona que nunca olvidaremos.<\/h3>\n<h3 style=\"text-align: justify;\">En atenci\u00f3n a la estimaci\u00f3n que el Dr. Vi\u00f1als ten\u00eda por la feria de Castell\u00f3n, su familia la ha elegido para exponer sus ejemplares mineral\u00f3gicos que los aficionados podr\u00e1n adquirir, siendo la \u00fanica del Estado donde se podr\u00e1 gozar de esta oportunidad.<\/h3>\n<h3>El horario ser\u00e1 de 10 a 22 horas.<\/h3>\n<h3>Os esperamos.<\/h3>\n<p><!--:--><!--:ca--><\/p>\n<\/p>\n<p><!--:--><!--:en--><\/p>\n<\/p>\n<p><!--:--><\/p>\n","protected":false},"excerpt":{"rendered":"<p>Los d\u00edas 22 y 23 de febrero de 2014 se celebrar\u00e1 en la plaza Santa Clara de Castell\u00f3n, la vig\u00e9simo s\u00e9ptima Feria de Minerales de Castell\u00f3n, organizada por el GRUP GEODA Castell\u00f3 y patrocinada por el Exmo. Ayuntamiento de la&#8230;<\/p>\n","protected":false},"author":2,"featured_media":0,"comment_status":"closed","ping_status":"closed","sticky":false,"template":"","format":"standard","meta":{"ngg_post_thumbnail":0,"footnotes":""},"categories":[5],"tags":[],"_links":{"self":[{"href":"http:\/\/minval.org\/svm\/index.php?rest_route=\/wp\/v2\/posts\/3059"}],"collection":[{"href":"http:\/\/minval.org\/svm\/index.php?rest_route=\/wp\/v2\/posts"}],"about":[{"href":"http:\/\/minval.org\/svm\/index.php?rest_route=\/wp\/v2\/types\/post"}],"author":[{"embeddable":true,"href":"http:\/\/minval.org\/svm\/index.php?rest_route=\/wp\/v2\/users\/2"}],"replies":[{"embeddable":true,"href":"http:\/\/minval.org\/svm\/index.php?rest_route=%2Fwp%2Fv2%2Fcomments&post=3059"}],"version-history":[{"count":0,"href":"http:\/\/minval.org\/svm\/index.php?rest_route=\/wp\/v2\/posts\/3059\/revisions"}],"wp:attachment":[{"href":"http:\/\/minval.org\/svm\/index.php?rest_route=%2Fwp%2Fv2%2Fmedia&parent=3059"}],"wp:term":[{"taxonomy":"category","embeddable":true,"href":"http:\/\/minval.org\/svm\/index.php?rest_route=%2Fwp%2Fv2%2Fcategories&post=3059"},{"taxonomy":"post_tag","embeddable":true,"href":"http:\/\/minval.org\/svm\/index.php?rest_route=%2Fwp%2Fv2%2Ftags&post=3059"}],"curies":[{"name":"wp","href":"https:\/\/api.w.org\/{rel}","templated":true}]}}