{"id":3093,"date":"2014-10-25T13:01:01","date_gmt":"2014-10-25T11:01:01","guid":{"rendered":"http:\/\/minval.org\/svm\/?p=3093"},"modified":"2014-10-25T13:01:01","modified_gmt":"2014-10-25T11:01:01","slug":"coleccion-canseco-suarez","status":"publish","type":"post","link":"http:\/\/minval.org\/svm\/?p=3093","title":{"rendered":"Colecci\u00f3n Canseco-Su\u00e1rez"},"content":{"rendered":"<p><!--:es--><a> <\/a><!-- default-view.php -->\n<div\n\tclass=\"ngg-galleryoverview default-view \n\t\t\"\n\tid=\"ngg-gallery-64da3b798d49a7aa6759186702ffd513-1\">\n\n\t\t<!-- Thumbnails -->\n\t\t\t\t<div id=\"ngg-image-0\" class=\"ngg-gallery-thumbnail-box \n\t\t\t\t\t\t\t\t\t\t\t\" \n\t\t\t>\n\t\t\t\t\t\t<div class=\"ngg-gallery-thumbnail\">\n\t\t\t<a href=\"http:\/\/minval.org\/svm\/wp-content\/gallery\/canseco-suarez\/acantita-marruecos-2.jpg\"\n\t\t\t\ttitle=\"Acantita. Imiter Mine, Boumaine-Dad\u00e8s. Ouarzazate. Souss-Massa-Dr\u00e2a. Marruecos. Fotograf\u00eda Xavier Canseco\"\n\t\t\t\tdata-src=\"http:\/\/minval.org\/svm\/wp-content\/gallery\/canseco-suarez\/acantita-marruecos-2.jpg\"\n\t\t\t\tdata-thumbnail=\"http:\/\/minval.org\/svm\/wp-content\/gallery\/canseco-suarez\/thumbs\/thumbs_acantita-marruecos-2.jpg\"\n\t\t\t\tdata-image-id=\"2381\"\n\t\t\t\tdata-title=\"Acantita\"\n\t\t\t\tdata-description=\"Acantita. Imiter Mine, Boumaine-Dad\u00e8s. Ouarzazate. Souss-Massa-Dr\u00e2a. Marruecos. Fotograf\u00eda Xavier Canseco\"\n\t\t\t\tdata-image-slug=\"acantita\"\n\t\t\t\tclass=\"ngg-simplelightbox\" rel=\"64da3b798d49a7aa6759186702ffd513\">\n\t\t\t\t<img\n\t\t\t\t\ttitle=\"Acantita\"\n\t\t\t\t\talt=\"Acantita\"\n\t\t\t\t\tsrc=\"http:\/\/minval.org\/svm\/wp-content\/gallery\/canseco-suarez\/thumbs\/thumbs_acantita-marruecos-2.jpg\"\n\t\t\t\t\twidth=\"100\"\n\t\t\t\t\theight=\"66\"\n\t\t\t\t\tstyle=\"max-width:100%;\"\n\t\t\t\t\/>\n\t\t\t<\/a>\n\t\t<\/div>\n\t\t\t\t\t\t\t<\/div> \n\t\t\t\n\t\t\t\t<div id=\"ngg-image-1\" class=\"ngg-gallery-thumbnail-box \n\t\t\t\t\t\t\t\t\t\t\t\" \n\t\t\t>\n\t\t\t\t\t\t<div class=\"ngg-gallery-thumbnail\">\n\t\t\t<a href=\"http:\/\/minval.org\/svm\/wp-content\/gallery\/canseco-suarez\/acantita-peru.jpg\"\n\t\t\t\ttitle=\"Acantita. Mina Rayas, Guanajuato. M\u00e9xico. Fotograf\u00eda Xavier Canseco\"\n\t\t\t\tdata-src=\"http:\/\/minval.org\/svm\/wp-content\/gallery\/canseco-suarez\/acantita-peru.jpg\"\n\t\t\t\tdata-thumbnail=\"http:\/\/minval.org\/svm\/wp-content\/gallery\/canseco-suarez\/thumbs\/thumbs_acantita-peru.jpg\"\n\t\t\t\tdata-image-id=\"2382\"\n\t\t\t\tdata-title=\"Acantita\"\n\t\t\t\tdata-description=\"Acantita. Mina Rayas, Guanajuato. M\u00e9xico. Fotograf\u00eda Xavier Canseco\"\n\t\t\t\tdata-image-slug=\"acantita-1\"\n\t\t\t\tclass=\"ngg-simplelightbox\" rel=\"64da3b798d49a7aa6759186702ffd513\">\n\t\t\t\t<img\n\t\t\t\t\ttitle=\"Acantita\"\n\t\t\t\t\talt=\"Acantita\"\n\t\t\t\t\tsrc=\"http:\/\/minval.org\/svm\/wp-content\/gallery\/canseco-suarez\/thumbs\/thumbs_acantita-peru.jpg\"\n\t\t\t\t\twidth=\"100\"\n\t\t\t\t\theight=\"66\"\n\t\t\t\t\tstyle=\"max-width:100%;\"\n\t\t\t\t\/>\n\t\t\t<\/a>\n\t\t<\/div>\n\t\t\t\t\t\t\t<\/div> \n\t\t\t\n\t\t\t\t<div id=\"ngg-image-2\" class=\"ngg-gallery-thumbnail-box \n\t\t\t\t\t\t\t\t\t\t\t\" \n\t\t\t>\n\t\t\t\t\t\t<div class=\"ngg-gallery-thumbnail\">\n\t\t\t<a href=\"http:\/\/minval.org\/svm\/wp-content\/gallery\/canseco-suarez\/acantita.jpg\"\n\t\t\t\ttitle=\"Acantita. 66 Mine Line, Gaoliangchun , Lingqiu Co. , Datong Prefectura (China). Fotograf\u00eda Xavier Canseco\"\n\t\t\t\tdata-src=\"http:\/\/minval.org\/svm\/wp-content\/gallery\/canseco-suarez\/acantita.jpg\"\n\t\t\t\tdata-thumbnail=\"http:\/\/minval.org\/svm\/wp-content\/gallery\/canseco-suarez\/thumbs\/thumbs_acantita.jpg\"\n\t\t\t\tdata-image-id=\"2423\"\n\t\t\t\tdata-title=\"Acantita\"\n\t\t\t\tdata-description=\"Acantita. 66 Mine Line, Gaoliangchun , Lingqiu Co. , Datong Prefectura (China). Fotograf\u00eda Xavier Canseco\"\n\t\t\t\tdata-image-slug=\"acantita-2\"\n\t\t\t\tclass=\"ngg-simplelightbox\" rel=\"64da3b798d49a7aa6759186702ffd513\">\n\t\t\t\t<img\n\t\t\t\t\ttitle=\"Acantita\"\n\t\t\t\t\talt=\"Acantita\"\n\t\t\t\t\tsrc=\"http:\/\/minval.org\/svm\/wp-content\/gallery\/canseco-suarez\/thumbs\/thumbs_acantita.jpg\"\n\t\t\t\t\twidth=\"100\"\n\t\t\t\t\theight=\"66\"\n\t\t\t\t\tstyle=\"max-width:100%;\"\n\t\t\t\t\/>\n\t\t\t<\/a>\n\t\t<\/div>\n\t\t\t\t\t\t\t<\/div> \n\t\t\t\n\t\t\t\t<div id=\"ngg-image-3\" class=\"ngg-gallery-thumbnail-box \n\t\t\t\t\t\t\t\t\t\t\t\" \n\t\t\t>\n\t\t\t\t\t\t<div class=\"ngg-gallery-thumbnail\">\n\t\t\t<a href=\"http:\/\/minval.org\/svm\/wp-content\/gallery\/canseco-suarez\/afganita.jpg\"\n\t\t\t\ttitle=\"Afganita. Sar-e Sang. Koksha Valley. Khash &amp; Kuran Wa Munjan Districts. Badakhshan. (Afganistan). Fotograf\u00eda Xavier Canseco\"\n\t\t\t\tdata-src=\"http:\/\/minval.org\/svm\/wp-content\/gallery\/canseco-suarez\/afganita.jpg\"\n\t\t\t\tdata-thumbnail=\"http:\/\/minval.org\/svm\/wp-content\/gallery\/canseco-suarez\/thumbs\/thumbs_afganita.jpg\"\n\t\t\t\tdata-image-id=\"2424\"\n\t\t\t\tdata-title=\"Afganita\"\n\t\t\t\tdata-description=\"Afganita. Sar-e Sang. Koksha Valley. Khash &amp; Kuran Wa Munjan Districts. Badakhshan. (Afganistan). Fotograf\u00eda Xavier Canseco\"\n\t\t\t\tdata-image-slug=\"afganita\"\n\t\t\t\tclass=\"ngg-simplelightbox\" rel=\"64da3b798d49a7aa6759186702ffd513\">\n\t\t\t\t<img\n\t\t\t\t\ttitle=\"Afganita\"\n\t\t\t\t\talt=\"Afganita\"\n\t\t\t\t\tsrc=\"http:\/\/minval.org\/svm\/wp-content\/gallery\/canseco-suarez\/thumbs\/thumbs_afganita.jpg\"\n\t\t\t\t\twidth=\"100\"\n\t\t\t\t\theight=\"66\"\n\t\t\t\t\tstyle=\"max-width:100%;\"\n\t\t\t\t\/>\n\t\t\t<\/a>\n\t\t<\/div>\n\t\t\t\t\t\t\t<\/div> \n\t\t\t\n\t\t\t\t<div id=\"ngg-image-4\" class=\"ngg-gallery-thumbnail-box \n\t\t\t\t\t\t\t\t\t\t\t\" \n\t\t\t>\n\t\t\t\t\t\t<div class=\"ngg-gallery-thumbnail\">\n\t\t\t<a href=\"http:\/\/minval.org\/svm\/wp-content\/gallery\/canseco-suarez\/aiguamarina-brasil.jpg\"\n\t\t\t\ttitle=\"Berilo aguamarina. Serra da Carna\u00edba. Brasil. Fotograf\u00eda Xavier Canseco\"\n\t\t\t\tdata-src=\"http:\/\/minval.org\/svm\/wp-content\/gallery\/canseco-suarez\/aiguamarina-brasil.jpg\"\n\t\t\t\tdata-thumbnail=\"http:\/\/minval.org\/svm\/wp-content\/gallery\/canseco-suarez\/thumbs\/thumbs_aiguamarina-brasil.jpg\"\n\t\t\t\tdata-image-id=\"2181\"\n\t\t\t\tdata-title=\"Berilo aguamarina\"\n\t\t\t\tdata-description=\"Berilo aguamarina. Serra da Carna\u00edba. Brasil. Fotograf\u00eda Xavier Canseco\"\n\t\t\t\tdata-image-slug=\"berilo-aguamarina\"\n\t\t\t\tclass=\"ngg-simplelightbox\" rel=\"64da3b798d49a7aa6759186702ffd513\">\n\t\t\t\t<img\n\t\t\t\t\ttitle=\"Berilo aguamarina\"\n\t\t\t\t\talt=\"Berilo aguamarina\"\n\t\t\t\t\tsrc=\"http:\/\/minval.org\/svm\/wp-content\/gallery\/canseco-suarez\/thumbs\/thumbs_aiguamarina-brasil.jpg\"\n\t\t\t\t\twidth=\"99\"\n\t\t\t\t\theight=\"75\"\n\t\t\t\t\tstyle=\"max-width:100%;\"\n\t\t\t\t\/>\n\t\t\t<\/a>\n\t\t<\/div>\n\t\t\t\t\t\t\t<\/div> \n\t\t\t\n\t\t\t\t<div id=\"ngg-image-5\" class=\"ngg-gallery-thumbnail-box \n\t\t\t\t\t\t\t\t\t\t\t\" \n\t\t\t>\n\t\t\t\t\t\t<div class=\"ngg-gallery-thumbnail\">\n\t\t\t<a href=\"http:\/\/minval.org\/svm\/wp-content\/gallery\/canseco-suarez\/alejandrita-def.jpg\"\n\t\t\t\ttitle=\"Crisoberilo. Alejandrita. Medidas 6 x 6 mm. A Franqueira, A Ca\u00f1iza, Pontevedra. Fotograf\u00eda Ram\u00f3n L\u00f3pez\"\n\t\t\t\tdata-src=\"http:\/\/minval.org\/svm\/wp-content\/gallery\/canseco-suarez\/alejandrita-def.jpg\"\n\t\t\t\tdata-thumbnail=\"http:\/\/minval.org\/svm\/wp-content\/gallery\/canseco-suarez\/thumbs\/thumbs_alejandrita-def.jpg\"\n\t\t\t\tdata-image-id=\"2037\"\n\t\t\t\tdata-title=\"Crisoberilo. Alejandrita\"\n\t\t\t\tdata-description=\"Crisoberilo. Alejandrita. Medidas 6 x 6 mm. A Franqueira, A Ca\u00f1iza, Pontevedra. Fotograf\u00eda Ram\u00f3n L\u00f3pez\"\n\t\t\t\tdata-image-slug=\"crisoberilo-alejandrita\"\n\t\t\t\tclass=\"ngg-simplelightbox\" rel=\"64da3b798d49a7aa6759186702ffd513\">\n\t\t\t\t<img\n\t\t\t\t\ttitle=\"Crisoberilo. Alejandrita\"\n\t\t\t\t\talt=\"Crisoberilo. Alejandrita\"\n\t\t\t\t\tsrc=\"http:\/\/minval.org\/svm\/wp-content\/gallery\/canseco-suarez\/thumbs\/thumbs_alejandrita-def.jpg\"\n\t\t\t\t\twidth=\"61\"\n\t\t\t\t\theight=\"75\"\n\t\t\t\t\tstyle=\"max-width:100%;\"\n\t\t\t\t\/>\n\t\t\t<\/a>\n\t\t<\/div>\n\t\t\t\t\t\t\t<\/div> \n\t\t\t\n\t\t\t\t<div id=\"ngg-image-6\" class=\"ngg-gallery-thumbnail-box \n\t\t\t\t\t\t\t\t\t\t\t\" \n\t\t\t>\n\t\t\t\t\t\t<div class=\"ngg-gallery-thumbnail\">\n\t\t\t<a href=\"http:\/\/minval.org\/svm\/wp-content\/gallery\/canseco-suarez\/alejandrita-r.jpg\"\n\t\t\t\ttitle=\"Crisoberilo variedad alejandrita (luz c\u00e1lida). Mina Novello. Fort Victoria. Masvingo (Zimbabwe). Fotograf\u00eda Xavier Canseco\"\n\t\t\t\tdata-src=\"http:\/\/minval.org\/svm\/wp-content\/gallery\/canseco-suarez\/alejandrita-r.jpg\"\n\t\t\t\tdata-thumbnail=\"http:\/\/minval.org\/svm\/wp-content\/gallery\/canseco-suarez\/thumbs\/thumbs_alejandrita-r.jpg\"\n\t\t\t\tdata-image-id=\"2438\"\n\t\t\t\tdata-title=\"Crisoberilo variedad alejandrita (luz c\u00e1lida)\"\n\t\t\t\tdata-description=\"Crisoberilo variedad alejandrita (luz c\u00e1lida). Mina Novello. Fort Victoria. Masvingo (Zimbabwe). Fotograf\u00eda Xavier Canseco\"\n\t\t\t\tdata-image-slug=\"crisoberilo-variedad-alejandrita-luz-c%c3%a1lida\"\n\t\t\t\tclass=\"ngg-simplelightbox\" rel=\"64da3b798d49a7aa6759186702ffd513\">\n\t\t\t\t<img\n\t\t\t\t\ttitle=\"Crisoberilo variedad alejandrita (luz c\u00e1lida)\"\n\t\t\t\t\talt=\"Crisoberilo variedad alejandrita (luz c\u00e1lida)\"\n\t\t\t\t\tsrc=\"http:\/\/minval.org\/svm\/wp-content\/gallery\/canseco-suarez\/thumbs\/thumbs_alejandrita-r.jpg\"\n\t\t\t\t\twidth=\"100\"\n\t\t\t\t\theight=\"66\"\n\t\t\t\t\tstyle=\"max-width:100%;\"\n\t\t\t\t\/>\n\t\t\t<\/a>\n\t\t<\/div>\n\t\t\t\t\t\t\t<\/div> \n\t\t\t\n\t\t\t\t<div id=\"ngg-image-7\" class=\"ngg-gallery-thumbnail-box \n\t\t\t\t\t\t\t\t\t\t\t\" \n\t\t\t>\n\t\t\t\t\t\t<div class=\"ngg-gallery-thumbnail\">\n\t\t\t<a href=\"http:\/\/minval.org\/svm\/wp-content\/gallery\/canseco-suarez\/alejandrita-v.jpg\"\n\t\t\t\ttitle=\"Crisoberilo variedad alejandrita (luz fr\u00eda). Mina Novello. Fort Victoria. Masvingo (Zimbabwe). Fotograf\u00eda Xavier Canseco\"\n\t\t\t\tdata-src=\"http:\/\/minval.org\/svm\/wp-content\/gallery\/canseco-suarez\/alejandrita-v.jpg\"\n\t\t\t\tdata-thumbnail=\"http:\/\/minval.org\/svm\/wp-content\/gallery\/canseco-suarez\/thumbs\/thumbs_alejandrita-v.jpg\"\n\t\t\t\tdata-image-id=\"2439\"\n\t\t\t\tdata-title=\"Crisoberilo variedad alejandrita (luz fr\u00eda)\"\n\t\t\t\tdata-description=\"Crisoberilo variedad alejandrita (luz fr\u00eda). Mina Novello. Fort Victoria. Masvingo (Zimbabwe). Fotograf\u00eda Xavier Canseco\"\n\t\t\t\tdata-image-slug=\"crisoberilo-variedad-alejandrita-luz-fr%c3%ada\"\n\t\t\t\tclass=\"ngg-simplelightbox\" rel=\"64da3b798d49a7aa6759186702ffd513\">\n\t\t\t\t<img\n\t\t\t\t\ttitle=\"Crisoberilo variedad alejandrita (luz fr\u00eda)\"\n\t\t\t\t\talt=\"Crisoberilo variedad alejandrita (luz fr\u00eda)\"\n\t\t\t\t\tsrc=\"http:\/\/minval.org\/svm\/wp-content\/gallery\/canseco-suarez\/thumbs\/thumbs_alejandrita-v.jpg\"\n\t\t\t\t\twidth=\"100\"\n\t\t\t\t\theight=\"66\"\n\t\t\t\t\tstyle=\"max-width:100%;\"\n\t\t\t\t\/>\n\t\t\t<\/a>\n\t\t<\/div>\n\t\t\t\t\t\t\t<\/div> \n\t\t\t\n\t\t\t\t<div id=\"ngg-image-8\" class=\"ngg-gallery-thumbnail-box \n\t\t\t\t\t\t\t\t\t\t\t\" \n\t\t\t>\n\t\t\t\t\t\t<div class=\"ngg-gallery-thumbnail\">\n\t\t\t<a href=\"http:\/\/minval.org\/svm\/wp-content\/gallery\/canseco-suarez\/allanita-luzenac.jpg\"\n\t\t\t\ttitle=\"Allanita (Ce). Trimouns Talc Mine, Luzenac, Ari\u00e8ge, Midi-Pyr\u00e9n\u00e9es. Francia. Fotograf\u00eda Xavier Canseco\"\n\t\t\t\tdata-src=\"http:\/\/minval.org\/svm\/wp-content\/gallery\/canseco-suarez\/allanita-luzenac.jpg\"\n\t\t\t\tdata-thumbnail=\"http:\/\/minval.org\/svm\/wp-content\/gallery\/canseco-suarez\/thumbs\/thumbs_allanita-luzenac.jpg\"\n\t\t\t\tdata-image-id=\"2182\"\n\t\t\t\tdata-title=\"Allanita (Ce)\"\n\t\t\t\tdata-description=\"Allanita (Ce). Trimouns Talc Mine, Luzenac, Ari\u00e8ge, Midi-Pyr\u00e9n\u00e9es. Francia. Fotograf\u00eda Xavier Canseco\"\n\t\t\t\tdata-image-slug=\"allanita-ce\"\n\t\t\t\tclass=\"ngg-simplelightbox\" rel=\"64da3b798d49a7aa6759186702ffd513\">\n\t\t\t\t<img\n\t\t\t\t\ttitle=\"Allanita (Ce)\"\n\t\t\t\t\talt=\"Allanita (Ce)\"\n\t\t\t\t\tsrc=\"http:\/\/minval.org\/svm\/wp-content\/gallery\/canseco-suarez\/thumbs\/thumbs_allanita-luzenac.jpg\"\n\t\t\t\t\twidth=\"85\"\n\t\t\t\t\theight=\"75\"\n\t\t\t\t\tstyle=\"max-width:100%;\"\n\t\t\t\t\/>\n\t\t\t<\/a>\n\t\t<\/div>\n\t\t\t\t\t\t\t<\/div> \n\t\t\t\n\t\t\t\t<div id=\"ngg-image-9\" class=\"ngg-gallery-thumbnail-box \n\t\t\t\t\t\t\t\t\t\t\t\" \n\t\t\t>\n\t\t\t\t\t\t<div class=\"ngg-gallery-thumbnail\">\n\t\t\t<a href=\"http:\/\/minval.org\/svm\/wp-content\/gallery\/canseco-suarez\/amatista-ossilo-2.jpg\"\n\t\t\t\ttitle=\"Cuarzo amatista. Cava Capurru. Osilo. Sassari. Cerde\u00f1a. Italia. Fotograf\u00eda Xavier Canseco\"\n\t\t\t\tdata-src=\"http:\/\/minval.org\/svm\/wp-content\/gallery\/canseco-suarez\/amatista-ossilo-2.jpg\"\n\t\t\t\tdata-thumbnail=\"http:\/\/minval.org\/svm\/wp-content\/gallery\/canseco-suarez\/thumbs\/thumbs_amatista-ossilo-2.jpg\"\n\t\t\t\tdata-image-id=\"2383\"\n\t\t\t\tdata-title=\"Cuarzo amatista\"\n\t\t\t\tdata-description=\"Cuarzo amatista. Cava Capurru. Osilo. Sassari. Cerde\u00f1a. Italia. Fotograf\u00eda Xavier Canseco\"\n\t\t\t\tdata-image-slug=\"cuarzo-amatista\"\n\t\t\t\tclass=\"ngg-simplelightbox\" rel=\"64da3b798d49a7aa6759186702ffd513\">\n\t\t\t\t<img\n\t\t\t\t\ttitle=\"Cuarzo amatista\"\n\t\t\t\t\talt=\"Cuarzo amatista\"\n\t\t\t\t\tsrc=\"http:\/\/minval.org\/svm\/wp-content\/gallery\/canseco-suarez\/thumbs\/thumbs_amatista-ossilo-2.jpg\"\n\t\t\t\t\twidth=\"100\"\n\t\t\t\t\theight=\"66\"\n\t\t\t\t\tstyle=\"max-width:100%;\"\n\t\t\t\t\/>\n\t\t\t<\/a>\n\t\t<\/div>\n\t\t\t\t\t\t\t<\/div> \n\t\t\t\n\t\t\t\t<div id=\"ngg-image-10\" class=\"ngg-gallery-thumbnail-box \n\t\t\t\t\t\t\t\t\t\t\t\" \n\t\t\t>\n\t\t\t\t\t\t<div class=\"ngg-gallery-thumbnail\">\n\t\t\t<a href=\"http:\/\/minval.org\/svm\/wp-content\/gallery\/canseco-suarez\/amazonita-peekes-peek.jpg\"\n\t\t\t\ttitle=\"Microclina amazonita. Crystal Peak. Park County. Colorado. USA. Fotograf\u00eda Xavier Canseco\"\n\t\t\t\tdata-src=\"http:\/\/minval.org\/svm\/wp-content\/gallery\/canseco-suarez\/amazonita-peekes-peek.jpg\"\n\t\t\t\tdata-thumbnail=\"http:\/\/minval.org\/svm\/wp-content\/gallery\/canseco-suarez\/thumbs\/thumbs_amazonita-peekes-peek.jpg\"\n\t\t\t\tdata-image-id=\"2384\"\n\t\t\t\tdata-title=\"Microclina amazonita\"\n\t\t\t\tdata-description=\"Microclina amazonita. Crystal Peak. Park County. Colorado. USA. Fotograf\u00eda Xavier Canseco\"\n\t\t\t\tdata-image-slug=\"microclina-amazonita\"\n\t\t\t\tclass=\"ngg-simplelightbox\" rel=\"64da3b798d49a7aa6759186702ffd513\">\n\t\t\t\t<img\n\t\t\t\t\ttitle=\"Microclina amazonita\"\n\t\t\t\t\talt=\"Microclina amazonita\"\n\t\t\t\t\tsrc=\"http:\/\/minval.org\/svm\/wp-content\/gallery\/canseco-suarez\/thumbs\/thumbs_amazonita-peekes-peek.jpg\"\n\t\t\t\t\twidth=\"100\"\n\t\t\t\t\theight=\"66\"\n\t\t\t\t\tstyle=\"max-width:100%;\"\n\t\t\t\t\/>\n\t\t\t<\/a>\n\t\t<\/div>\n\t\t\t\t\t\t\t<\/div> \n\t\t\t\n\t\t\t\t<div id=\"ngg-image-11\" class=\"ngg-gallery-thumbnail-box \n\t\t\t\t\t\t\t\t\t\t\t\" \n\t\t\t>\n\t\t\t\t\t\t<div class=\"ngg-gallery-thumbnail\">\n\t\t\t<a href=\"http:\/\/minval.org\/svm\/wp-content\/gallery\/canseco-suarez\/analcima-enecuri_0.jpg\"\n\t\t\t\ttitle=\"Analcima. Enekuri, Bilbao, Vizcaya. Fotograf\u00eda Xavier Canseco\"\n\t\t\t\tdata-src=\"http:\/\/minval.org\/svm\/wp-content\/gallery\/canseco-suarez\/analcima-enecuri_0.jpg\"\n\t\t\t\tdata-thumbnail=\"http:\/\/minval.org\/svm\/wp-content\/gallery\/canseco-suarez\/thumbs\/thumbs_analcima-enecuri_0.jpg\"\n\t\t\t\tdata-image-id=\"2236\"\n\t\t\t\tdata-title=\"Analcima\"\n\t\t\t\tdata-description=\"Analcima. Enekuri, Bilbao, Vizcaya. Fotograf\u00eda Xavier Canseco\"\n\t\t\t\tdata-image-slug=\"analcima\"\n\t\t\t\tclass=\"ngg-simplelightbox\" rel=\"64da3b798d49a7aa6759186702ffd513\">\n\t\t\t\t<img\n\t\t\t\t\ttitle=\"Analcima\"\n\t\t\t\t\talt=\"Analcima\"\n\t\t\t\t\tsrc=\"http:\/\/minval.org\/svm\/wp-content\/gallery\/canseco-suarez\/thumbs\/thumbs_analcima-enecuri_0.jpg\"\n\t\t\t\t\twidth=\"100\"\n\t\t\t\t\theight=\"66\"\n\t\t\t\t\tstyle=\"max-width:100%;\"\n\t\t\t\t\/>\n\t\t\t<\/a>\n\t\t<\/div>\n\t\t\t\t\t\t\t<\/div> \n\t\t\t\n\t\t\t\t<div id=\"ngg-image-12\" class=\"ngg-gallery-thumbnail-box \n\t\t\t\t\t\t\t\t\t\t\t\" \n\t\t\t>\n\t\t\t\t\t\t<div class=\"ngg-gallery-thumbnail\">\n\t\t\t<a href=\"http:\/\/minval.org\/svm\/wp-content\/gallery\/canseco-suarez\/analcima-escocia.jpg\"\n\t\t\t\ttitle=\"Analcima. The Hoe, Moonen Bay, Isle of Skye. Escocia. Fotograf\u00eda Xavier Canseco\"\n\t\t\t\tdata-src=\"http:\/\/minval.org\/svm\/wp-content\/gallery\/canseco-suarez\/analcima-escocia.jpg\"\n\t\t\t\tdata-thumbnail=\"http:\/\/minval.org\/svm\/wp-content\/gallery\/canseco-suarez\/thumbs\/thumbs_analcima-escocia.jpg\"\n\t\t\t\tdata-image-id=\"2184\"\n\t\t\t\tdata-title=\"Analcima\"\n\t\t\t\tdata-description=\"Analcima. The Hoe, Moonen Bay, Isle of Skye. Escocia. Fotograf\u00eda Xavier Canseco\"\n\t\t\t\tdata-image-slug=\"analcima-1\"\n\t\t\t\tclass=\"ngg-simplelightbox\" rel=\"64da3b798d49a7aa6759186702ffd513\">\n\t\t\t\t<img\n\t\t\t\t\ttitle=\"Analcima\"\n\t\t\t\t\talt=\"Analcima\"\n\t\t\t\t\tsrc=\"http:\/\/minval.org\/svm\/wp-content\/gallery\/canseco-suarez\/thumbs\/thumbs_analcima-escocia.jpg\"\n\t\t\t\t\twidth=\"100\"\n\t\t\t\t\theight=\"66\"\n\t\t\t\t\tstyle=\"max-width:100%;\"\n\t\t\t\t\/>\n\t\t\t<\/a>\n\t\t<\/div>\n\t\t\t\t\t\t\t<\/div> \n\t\t\t\n\t\t\t\t<div id=\"ngg-image-13\" class=\"ngg-gallery-thumbnail-box \n\t\t\t\t\t\t\t\t\t\t\t\" \n\t\t\t>\n\t\t\t\t\t\t<div class=\"ngg-gallery-thumbnail\">\n\t\t\t<a href=\"http:\/\/minval.org\/svm\/wp-content\/gallery\/canseco-suarez\/anatasa-noruega.jpg\"\n\t\t\t\ttitle=\"Anatasa. Kharan mine, Baluchistan. Pakist\u00e1n. Fotograf\u00eda Xavier Canseco\"\n\t\t\t\tdata-src=\"http:\/\/minval.org\/svm\/wp-content\/gallery\/canseco-suarez\/anatasa-noruega.jpg\"\n\t\t\t\tdata-thumbnail=\"http:\/\/minval.org\/svm\/wp-content\/gallery\/canseco-suarez\/thumbs\/thumbs_anatasa-noruega.jpg\"\n\t\t\t\tdata-image-id=\"2185\"\n\t\t\t\tdata-title=\"Anatasa\"\n\t\t\t\tdata-description=\"Anatasa. Kharan mine, Baluchistan. Pakist\u00e1n. Fotograf\u00eda Xavier Canseco\"\n\t\t\t\tdata-image-slug=\"anatasa\"\n\t\t\t\tclass=\"ngg-simplelightbox\" rel=\"64da3b798d49a7aa6759186702ffd513\">\n\t\t\t\t<img\n\t\t\t\t\ttitle=\"Anatasa\"\n\t\t\t\t\talt=\"Anatasa\"\n\t\t\t\t\tsrc=\"http:\/\/minval.org\/svm\/wp-content\/gallery\/canseco-suarez\/thumbs\/thumbs_anatasa-noruega.jpg\"\n\t\t\t\t\twidth=\"100\"\n\t\t\t\t\theight=\"66\"\n\t\t\t\t\tstyle=\"max-width:100%;\"\n\t\t\t\t\/>\n\t\t\t<\/a>\n\t\t<\/div>\n\t\t\t\t\t\t\t<\/div> \n\t\t\t\n\t\t\t\t<div id=\"ngg-image-14\" class=\"ngg-gallery-thumbnail-box \n\t\t\t\t\t\t\t\t\t\t\t\" \n\t\t\t>\n\t\t\t\t\t\t<div class=\"ngg-gallery-thumbnail\">\n\t\t\t<a href=\"http:\/\/minval.org\/svm\/wp-content\/gallery\/canseco-suarez\/anglesita-linares.jpg\"\n\t\t\t\ttitle=\"Anglesita. Fil\u00f3n &quot;El Cobre&quot;. Linares. Ja\u00e9n. Me la regal\u00f3 Juan Navas. Fotograf\u00eda Xavier Canseco\"\n\t\t\t\tdata-src=\"http:\/\/minval.org\/svm\/wp-content\/gallery\/canseco-suarez\/anglesita-linares.jpg\"\n\t\t\t\tdata-thumbnail=\"http:\/\/minval.org\/svm\/wp-content\/gallery\/canseco-suarez\/thumbs\/thumbs_anglesita-linares.jpg\"\n\t\t\t\tdata-image-id=\"2237\"\n\t\t\t\tdata-title=\"Anglesita\"\n\t\t\t\tdata-description=\"Anglesita. Fil\u00f3n &quot;El Cobre&quot;. Linares. Ja\u00e9n. Me la regal\u00f3 Juan Navas. Fotograf\u00eda Xavier Canseco\"\n\t\t\t\tdata-image-slug=\"anglesita\"\n\t\t\t\tclass=\"ngg-simplelightbox\" rel=\"64da3b798d49a7aa6759186702ffd513\">\n\t\t\t\t<img\n\t\t\t\t\ttitle=\"Anglesita\"\n\t\t\t\t\talt=\"Anglesita\"\n\t\t\t\t\tsrc=\"http:\/\/minval.org\/svm\/wp-content\/gallery\/canseco-suarez\/thumbs\/thumbs_anglesita-linares.jpg\"\n\t\t\t\t\twidth=\"100\"\n\t\t\t\t\theight=\"66\"\n\t\t\t\t\tstyle=\"max-width:100%;\"\n\t\t\t\t\/>\n\t\t\t<\/a>\n\t\t<\/div>\n\t\t\t\t\t\t\t<\/div> \n\t\t\t\n\t\t\t\t<div id=\"ngg-image-15\" class=\"ngg-gallery-thumbnail-box \n\t\t\t\t\t\t\t\t\t\t\t\" \n\t\t\t>\n\t\t\t\t\t\t<div class=\"ngg-gallery-thumbnail\">\n\t\t\t<a href=\"http:\/\/minval.org\/svm\/wp-content\/gallery\/canseco-suarez\/anglesita-marroc.jpg\"\n\t\t\t\ttitle=\"Anglesita. Touissit, Touissit District, Jerada Province, Oriental Region. Marruecos. Fotograf\u00eda Xavier Canseco\"\n\t\t\t\tdata-src=\"http:\/\/minval.org\/svm\/wp-content\/gallery\/canseco-suarez\/anglesita-marroc.jpg\"\n\t\t\t\tdata-thumbnail=\"http:\/\/minval.org\/svm\/wp-content\/gallery\/canseco-suarez\/thumbs\/thumbs_anglesita-marroc.jpg\"\n\t\t\t\tdata-image-id=\"2186\"\n\t\t\t\tdata-title=\"Anglesita\"\n\t\t\t\tdata-description=\"Anglesita. Touissit, Touissit District, Jerada Province, Oriental Region. Marruecos. Fotograf\u00eda Xavier Canseco\"\n\t\t\t\tdata-image-slug=\"anglesita-1\"\n\t\t\t\tclass=\"ngg-simplelightbox\" rel=\"64da3b798d49a7aa6759186702ffd513\">\n\t\t\t\t<img\n\t\t\t\t\ttitle=\"Anglesita\"\n\t\t\t\t\talt=\"Anglesita\"\n\t\t\t\t\tsrc=\"http:\/\/minval.org\/svm\/wp-content\/gallery\/canseco-suarez\/thumbs\/thumbs_anglesita-marroc.jpg\"\n\t\t\t\t\twidth=\"100\"\n\t\t\t\t\theight=\"66\"\n\t\t\t\t\tstyle=\"max-width:100%;\"\n\t\t\t\t\/>\n\t\t\t<\/a>\n\t\t<\/div>\n\t\t\t\t\t\t\t<\/div> \n\t\t\t\n\t\t\t\t<div id=\"ngg-image-16\" class=\"ngg-gallery-thumbnail-box \n\t\t\t\t\t\t\t\t\t\t\t\" \n\t\t\t>\n\t\t\t\t\t\t<div class=\"ngg-gallery-thumbnail\">\n\t\t\t<a href=\"http:\/\/minval.org\/svm\/wp-content\/gallery\/canseco-suarez\/anglesita-reducida.jpg\"\n\t\t\t\ttitle=\"Anglesita. Mina San Valent\u00edn. Sancti Spiritu, Sierra Minera de Cartagena-La Uni\u00f3n. La Union. Murcia. Fotograf\u00eda Xavier Canseco\"\n\t\t\t\tdata-src=\"http:\/\/minval.org\/svm\/wp-content\/gallery\/canseco-suarez\/anglesita-reducida.jpg\"\n\t\t\t\tdata-thumbnail=\"http:\/\/minval.org\/svm\/wp-content\/gallery\/canseco-suarez\/thumbs\/thumbs_anglesita-reducida.jpg\"\n\t\t\t\tdata-image-id=\"2385\"\n\t\t\t\tdata-title=\"Anglesita\"\n\t\t\t\tdata-description=\"Anglesita. Mina San Valent\u00edn. Sancti Spiritu, Sierra Minera de Cartagena-La Uni\u00f3n. La Union. Murcia. Fotograf\u00eda Xavier Canseco\"\n\t\t\t\tdata-image-slug=\"anglesita-2\"\n\t\t\t\tclass=\"ngg-simplelightbox\" rel=\"64da3b798d49a7aa6759186702ffd513\">\n\t\t\t\t<img\n\t\t\t\t\ttitle=\"Anglesita\"\n\t\t\t\t\talt=\"Anglesita\"\n\t\t\t\t\tsrc=\"http:\/\/minval.org\/svm\/wp-content\/gallery\/canseco-suarez\/thumbs\/thumbs_anglesita-reducida.jpg\"\n\t\t\t\t\twidth=\"100\"\n\t\t\t\t\theight=\"66\"\n\t\t\t\t\tstyle=\"max-width:100%;\"\n\t\t\t\t\/>\n\t\t\t<\/a>\n\t\t<\/div>\n\t\t\t\t\t\t\t<\/div> \n\t\t\t\n\t\t\t\t<div id=\"ngg-image-17\" class=\"ngg-gallery-thumbnail-box \n\t\t\t\t\t\t\t\t\t\t\t\" \n\t\t\t>\n\t\t\t\t\t\t<div class=\"ngg-gallery-thumbnail\">\n\t\t\t<a href=\"http:\/\/minval.org\/svm\/wp-content\/gallery\/canseco-suarez\/antimonita-rumana.jpg\"\n\t\t\t\ttitle=\"Antimonita. Baia Sprie mine, Baia Sprie, Maramure\u0219 Co., Ruman\u00eda. Fotograf\u00eda Xavier Canseco\"\n\t\t\t\tdata-src=\"http:\/\/minval.org\/svm\/wp-content\/gallery\/canseco-suarez\/antimonita-rumana.jpg\"\n\t\t\t\tdata-thumbnail=\"http:\/\/minval.org\/svm\/wp-content\/gallery\/canseco-suarez\/thumbs\/thumbs_antimonita-rumana.jpg\"\n\t\t\t\tdata-image-id=\"2262\"\n\t\t\t\tdata-title=\"Antimonita\"\n\t\t\t\tdata-description=\"Antimonita. Baia Sprie mine, Baia Sprie, Maramure\u0219 Co., Ruman\u00eda. Fotograf\u00eda Xavier Canseco\"\n\t\t\t\tdata-image-slug=\"antimonita\"\n\t\t\t\tclass=\"ngg-simplelightbox\" rel=\"64da3b798d49a7aa6759186702ffd513\">\n\t\t\t\t<img\n\t\t\t\t\ttitle=\"Antimonita\"\n\t\t\t\t\talt=\"Antimonita\"\n\t\t\t\t\tsrc=\"http:\/\/minval.org\/svm\/wp-content\/gallery\/canseco-suarez\/thumbs\/thumbs_antimonita-rumana.jpg\"\n\t\t\t\t\twidth=\"100\"\n\t\t\t\t\theight=\"66\"\n\t\t\t\t\tstyle=\"max-width:100%;\"\n\t\t\t\t\/>\n\t\t\t<\/a>\n\t\t<\/div>\n\t\t\t\t\t\t\t<\/div> \n\t\t\t\n\t\t\t\t<div id=\"ngg-image-18\" class=\"ngg-gallery-thumbnail-box \n\t\t\t\t\t\t\t\t\t\t\t\" \n\t\t\t>\n\t\t\t\t\t\t<div class=\"ngg-gallery-thumbnail\">\n\t\t\t<a href=\"http:\/\/minval.org\/svm\/wp-content\/gallery\/canseco-suarez\/antimonita-sustituir.jpg\"\n\t\t\t\ttitle=\"Antimonita. Yaogangxian Mine, Yizhang Co., Chenzhou Prefecture. Hunan. China. Fotograf\u00eda Xavier Canseco\"\n\t\t\t\tdata-src=\"http:\/\/minval.org\/svm\/wp-content\/gallery\/canseco-suarez\/antimonita-sustituir.jpg\"\n\t\t\t\tdata-thumbnail=\"http:\/\/minval.org\/svm\/wp-content\/gallery\/canseco-suarez\/thumbs\/thumbs_antimonita-sustituir.jpg\"\n\t\t\t\tdata-image-id=\"2263\"\n\t\t\t\tdata-title=\"Antimonita\"\n\t\t\t\tdata-description=\"Antimonita. Yaogangxian Mine, Yizhang Co., Chenzhou Prefecture. Hunan. China. Fotograf\u00eda Xavier Canseco\"\n\t\t\t\tdata-image-slug=\"antimonita-1\"\n\t\t\t\tclass=\"ngg-simplelightbox\" rel=\"64da3b798d49a7aa6759186702ffd513\">\n\t\t\t\t<img\n\t\t\t\t\ttitle=\"Antimonita\"\n\t\t\t\t\talt=\"Antimonita\"\n\t\t\t\t\tsrc=\"http:\/\/minval.org\/svm\/wp-content\/gallery\/canseco-suarez\/thumbs\/thumbs_antimonita-sustituir.jpg\"\n\t\t\t\t\twidth=\"100\"\n\t\t\t\t\theight=\"66\"\n\t\t\t\t\tstyle=\"max-width:100%;\"\n\t\t\t\t\/>\n\t\t\t<\/a>\n\t\t<\/div>\n\t\t\t\t\t\t\t<\/div> \n\t\t\t\n\t\t\t\t<div id=\"ngg-image-19\" class=\"ngg-gallery-thumbnail-box \n\t\t\t\t\t\t\t\t\t\t\t\" \n\t\t\t>\n\t\t\t\t\t\t<div class=\"ngg-gallery-thumbnail\">\n\t\t\t<a href=\"http:\/\/minval.org\/svm\/wp-content\/gallery\/canseco-suarez\/apatita-1.jpg\"\n\t\t\t\ttitle=\"Fluorapatita. Bom Sucesso No. 4 quarry, Ch\u00e3s de Tavares, Mangualde. Viseu. (Portugal). Fotografia Xavier Canseco\"\n\t\t\t\tdata-src=\"http:\/\/minval.org\/svm\/wp-content\/gallery\/canseco-suarez\/apatita-1.jpg\"\n\t\t\t\tdata-thumbnail=\"http:\/\/minval.org\/svm\/wp-content\/gallery\/canseco-suarez\/thumbs\/thumbs_apatita-1.jpg\"\n\t\t\t\tdata-image-id=\"2444\"\n\t\t\t\tdata-title=\"Fluorapatita\"\n\t\t\t\tdata-description=\"Fluorapatita. Bom Sucesso No. 4 quarry, Ch\u00e3s de Tavares, Mangualde. Viseu. (Portugal). Fotografia Xavier Canseco\"\n\t\t\t\tdata-image-slug=\"fluorapatita\"\n\t\t\t\tclass=\"ngg-simplelightbox\" rel=\"64da3b798d49a7aa6759186702ffd513\">\n\t\t\t\t<img\n\t\t\t\t\ttitle=\"Fluorapatita\"\n\t\t\t\t\talt=\"Fluorapatita\"\n\t\t\t\t\tsrc=\"http:\/\/minval.org\/svm\/wp-content\/gallery\/canseco-suarez\/thumbs\/thumbs_apatita-1.jpg\"\n\t\t\t\t\twidth=\"100\"\n\t\t\t\t\theight=\"66\"\n\t\t\t\t\tstyle=\"max-width:100%;\"\n\t\t\t\t\/>\n\t\t\t<\/a>\n\t\t<\/div>\n\t\t\t\t\t\t\t<\/div> \n\t\t\t\n\t\t\t\t<div id=\"ngg-image-20\" class=\"ngg-gallery-thumbnail-box \n\t\t\t\t\t\t\t\t\t\t\t\" \n\t\t\t>\n\t\t\t\t\t\t<div class=\"ngg-gallery-thumbnail\">\n\t\t\t<a href=\"http:\/\/minval.org\/svm\/wp-content\/gallery\/canseco-suarez\/apatita-jumilla_0.jpg\"\n\t\t\t\ttitle=\"Fluorapatita. Minas de Nuestra Se\u00f1ora del Carmen. La Celia. Jumilla. (Murcia). Fotografia Xavier Canseco\"\n\t\t\t\tdata-src=\"http:\/\/minval.org\/svm\/wp-content\/gallery\/canseco-suarez\/apatita-jumilla_0.jpg\"\n\t\t\t\tdata-thumbnail=\"http:\/\/minval.org\/svm\/wp-content\/gallery\/canseco-suarez\/thumbs\/thumbs_apatita-jumilla_0.jpg\"\n\t\t\t\tdata-image-id=\"2459\"\n\t\t\t\tdata-title=\"Fluorapatita\"\n\t\t\t\tdata-description=\"Fluorapatita. Minas de Nuestra Se\u00f1ora del Carmen. La Celia. Jumilla. (Murcia). Fotografia Xavier Canseco\"\n\t\t\t\tdata-image-slug=\"fluorapatita-1\"\n\t\t\t\tclass=\"ngg-simplelightbox\" rel=\"64da3b798d49a7aa6759186702ffd513\">\n\t\t\t\t<img\n\t\t\t\t\ttitle=\"Fluorapatita\"\n\t\t\t\t\talt=\"Fluorapatita\"\n\t\t\t\t\tsrc=\"http:\/\/minval.org\/svm\/wp-content\/gallery\/canseco-suarez\/thumbs\/thumbs_apatita-jumilla_0.jpg\"\n\t\t\t\t\twidth=\"100\"\n\t\t\t\t\theight=\"66\"\n\t\t\t\t\tstyle=\"max-width:100%;\"\n\t\t\t\t\/>\n\t\t\t<\/a>\n\t\t<\/div>\n\t\t\t\t\t\t\t<\/div> \n\t\t\t\n\t\t\t\t<div id=\"ngg-image-21\" class=\"ngg-gallery-thumbnail-box \n\t\t\t\t\t\t\t\t\t\t\t\" \n\t\t\t>\n\t\t\t\t\t\t<div class=\"ngg-gallery-thumbnail\">\n\t\t\t<a href=\"http:\/\/minval.org\/svm\/wp-content\/gallery\/canseco-suarez\/apatita-jumilla.jpg\"\n\t\t\t\ttitle=\"Fluorapatita. Minas de Nuestra Se\u00f1ora del Carmen. La Celia. Jumilla. (Murcia). Fotografia Xavier Canseco\"\n\t\t\t\tdata-src=\"http:\/\/minval.org\/svm\/wp-content\/gallery\/canseco-suarez\/apatita-jumilla.jpg\"\n\t\t\t\tdata-thumbnail=\"http:\/\/minval.org\/svm\/wp-content\/gallery\/canseco-suarez\/thumbs\/thumbs_apatita-jumilla.jpg\"\n\t\t\t\tdata-image-id=\"2445\"\n\t\t\t\tdata-title=\"Fluorapatita\"\n\t\t\t\tdata-description=\"Fluorapatita. Minas de Nuestra Se\u00f1ora del Carmen. La Celia. Jumilla. (Murcia). Fotografia Xavier Canseco\"\n\t\t\t\tdata-image-slug=\"fluorapatita-2\"\n\t\t\t\tclass=\"ngg-simplelightbox\" rel=\"64da3b798d49a7aa6759186702ffd513\">\n\t\t\t\t<img\n\t\t\t\t\ttitle=\"Fluorapatita\"\n\t\t\t\t\talt=\"Fluorapatita\"\n\t\t\t\t\tsrc=\"http:\/\/minval.org\/svm\/wp-content\/gallery\/canseco-suarez\/thumbs\/thumbs_apatita-jumilla.jpg\"\n\t\t\t\t\twidth=\"100\"\n\t\t\t\t\theight=\"66\"\n\t\t\t\t\tstyle=\"max-width:100%;\"\n\t\t\t\t\/>\n\t\t\t<\/a>\n\t\t<\/div>\n\t\t\t\t\t\t\t<\/div> \n\t\t\t\n\t\t\t\t<div id=\"ngg-image-22\" class=\"ngg-gallery-thumbnail-box \n\t\t\t\t\t\t\t\t\t\t\t\" \n\t\t\t>\n\t\t\t\t\t\t<div class=\"ngg-gallery-thumbnail\">\n\t\t\t<a href=\"http:\/\/minval.org\/svm\/wp-content\/gallery\/canseco-suarez\/apatito-marruecos.jpg\"\n\t\t\t\ttitle=\"Fluorapatito. Tizi-n-Inazane, Imilchil, Er Rachidia. Meknes -Tafilalt. Marruecos. Fotograf\u00eda Xavier Canseco\"\n\t\t\t\tdata-src=\"http:\/\/minval.org\/svm\/wp-content\/gallery\/canseco-suarez\/apatito-marruecos.jpg\"\n\t\t\t\tdata-thumbnail=\"http:\/\/minval.org\/svm\/wp-content\/gallery\/canseco-suarez\/thumbs\/thumbs_apatito-marruecos.jpg\"\n\t\t\t\tdata-image-id=\"2386\"\n\t\t\t\tdata-title=\"Fluorapatito\"\n\t\t\t\tdata-description=\"Fluorapatito. Tizi-n-Inazane, Imilchil, Er Rachidia. Meknes -Tafilalt. Marruecos. Fotograf\u00eda Xavier Canseco\"\n\t\t\t\tdata-image-slug=\"fluorapatito\"\n\t\t\t\tclass=\"ngg-simplelightbox\" rel=\"64da3b798d49a7aa6759186702ffd513\">\n\t\t\t\t<img\n\t\t\t\t\ttitle=\"Fluorapatito\"\n\t\t\t\t\talt=\"Fluorapatito\"\n\t\t\t\t\tsrc=\"http:\/\/minval.org\/svm\/wp-content\/gallery\/canseco-suarez\/thumbs\/thumbs_apatito-marruecos.jpg\"\n\t\t\t\t\twidth=\"100\"\n\t\t\t\t\theight=\"66\"\n\t\t\t\t\tstyle=\"max-width:100%;\"\n\t\t\t\t\/>\n\t\t\t<\/a>\n\t\t<\/div>\n\t\t\t\t\t\t\t<\/div> \n\t\t\t\n\t\t\t\t<div id=\"ngg-image-23\" class=\"ngg-gallery-thumbnail-box \n\t\t\t\t\t\t\t\t\t\t\t\" \n\t\t\t>\n\t\t\t\t\t\t<div class=\"ngg-gallery-thumbnail\">\n\t\t\t<a href=\"http:\/\/minval.org\/svm\/wp-content\/gallery\/canseco-suarez\/apatito-minera.jpg\"\n\t\t\t\ttitle=\"Apatito. RSA n\u00ba 382 &quot;Minera I&quot;. Cerro de los Serranos. Lebrija. Sevilla. Fotograf\u00eda Xavier Canseco\"\n\t\t\t\tdata-src=\"http:\/\/minval.org\/svm\/wp-content\/gallery\/canseco-suarez\/apatito-minera.jpg\"\n\t\t\t\tdata-thumbnail=\"http:\/\/minval.org\/svm\/wp-content\/gallery\/canseco-suarez\/thumbs\/thumbs_apatito-minera.jpg\"\n\t\t\t\tdata-image-id=\"2387\"\n\t\t\t\tdata-title=\"Apatito\"\n\t\t\t\tdata-description=\"Apatito. RSA n\u00ba 382 &quot;Minera I&quot;. Cerro de los Serranos. Lebrija. Sevilla. Fotograf\u00eda Xavier Canseco\"\n\t\t\t\tdata-image-slug=\"apatito\"\n\t\t\t\tclass=\"ngg-simplelightbox\" rel=\"64da3b798d49a7aa6759186702ffd513\">\n\t\t\t\t<img\n\t\t\t\t\ttitle=\"Apatito\"\n\t\t\t\t\talt=\"Apatito\"\n\t\t\t\t\tsrc=\"http:\/\/minval.org\/svm\/wp-content\/gallery\/canseco-suarez\/thumbs\/thumbs_apatito-minera.jpg\"\n\t\t\t\t\twidth=\"100\"\n\t\t\t\t\theight=\"66\"\n\t\t\t\t\tstyle=\"max-width:100%;\"\n\t\t\t\t\/>\n\t\t\t<\/a>\n\t\t<\/div>\n\t\t\t\t\t\t\t<\/div> \n\t\t\t\n\t\n\t<br style=\"clear: both\" \/>\n\n\t\n\t\t<!-- Pagination -->\n\t\t<div class='ngg-navigation'><span class='current'>1<\/span>\n<a class='page-numbers' data-pageid='2' href='http:\/\/minval.org\/svm\/index.php\/nggallery\/page\/2?p=3093'>2<\/a>\n<span class='ellipsis'>...<\/span>\n<a class='page-numbers' data-pageid='10' href='http:\/\/minval.org\/svm\/index.php\/nggallery\/page\/10?p=3093'>10<\/a>\n<a class='prev' href='http:\/\/minval.org\/svm\/index.php\/nggallery\/page\/2?p=3093' data-pageid=2>&#9658;<\/a><\/div>\t<\/div>\n<!--:--><!--:ca--><\/p>\n<\/p>\n<p><!--:--><!--:en--><\/p>\n<\/p>\n<p><!--:--><\/p>\n","protected":false},"excerpt":{"rendered":"","protected":false},"author":2,"featured_media":0,"comment_status":"closed","ping_status":"closed","sticky":false,"template":"","format":"standard","meta":{"ngg_post_thumbnail":0,"footnotes":""},"categories":[5],"tags":[],"_links":{"self":[{"href":"http:\/\/minval.org\/svm\/index.php?rest_route=\/wp\/v2\/posts\/3093"}],"collection":[{"href":"http:\/\/minval.org\/svm\/index.php?rest_route=\/wp\/v2\/posts"}],"about":[{"href":"http:\/\/minval.org\/svm\/index.php?rest_route=\/wp\/v2\/types\/post"}],"author":[{"embeddable":true,"href":"http:\/\/minval.org\/svm\/index.php?rest_route=\/wp\/v2\/users\/2"}],"replies":[{"embeddable":true,"href":"http:\/\/minval.org\/svm\/index.php?rest_route=%2Fwp%2Fv2%2Fcomments&post=3093"}],"version-history":[{"count":0,"href":"http:\/\/minval.org\/svm\/index.php?rest_route=\/wp\/v2\/posts\/3093\/revisions"}],"wp:attachment":[{"href":"http:\/\/minval.org\/svm\/index.php?rest_route=%2Fwp%2Fv2%2Fmedia&parent=3093"}],"wp:term":[{"taxonomy":"category","embeddable":true,"href":"http:\/\/minval.org\/svm\/index.php?rest_route=%2Fwp%2Fv2%2Fcategories&post=3093"},{"taxonomy":"post_tag","embeddable":true,"href":"http:\/\/minval.org\/svm\/index.php?rest_route=%2Fwp%2Fv2%2Ftags&post=3093"}],"curies":[{"name":"wp","href":"https:\/\/api.w.org\/{rel}","templated":true}]}}